{"id":99845,"date":"2024-04-25T15:35:39","date_gmt":"2024-04-25T19:35:39","guid":{"rendered":"https:\/\/editionap.ca\/?p=99845"},"modified":"2025-12-16T04:30:19","modified_gmt":"2025-12-16T03:30:19","slug":"la-nation-ouvre-six-mini-bibliotheques-a-limoges","status":"publish","type":"post","link":"https:\/\/refletnews.ca\/en\/culture\/la-nation-ouvre-six-mini-bibliotheques-a-limoges\/","title":{"rendered":"La Nation ouvre six mini-biblioth\u00e8ques \u00e0 Limoges"},"content":{"rendered":"<p><b><span data-contrast=\"none\">Gr\u00e2ce \u00e0 l&#8217;effort des b\u00e9n\u00e9voles et aux dons de la communaut\u00e9, Limoges a ouvert six mini-biblioth\u00e8ques pour permettre aux habitants d&#8217;\u00e9changer et de profiter gratuitement des livres.<\/span><\/b><span data-ccp-props=\"{&quot;201341983&quot;:0,&quot;335551550&quot;:6,&quot;335551620&quot;:6,&quot;335559739&quot;:0,&quot;335559740&quot;:276}\">\u00a0<\/span><\/p>\n<p><span data-contrast=\"none\">L&#8217;id\u00e9e est simple : apporter un livre, en prendre un autre. Le conseil de la biblioth\u00e8que de la municipalit\u00e9 de La Nation a lanc\u00e9 son projet de mini-biblioth\u00e8ques pour les habitants de Limoges. Six petites bo\u00eetes ont \u00e9t\u00e9 install\u00e9es dans le village pour \u00eatre remplies de livres et seront disponibles tout au long de l&#8217;ann\u00e9e.<\/span><span data-ccp-props=\"{&quot;201341983&quot;:2,&quot;335551550&quot;:6,&quot;335551620&quot;:6,&quot;335559731&quot;:240,&quot;335559739&quot;:0,&quot;335559740&quot;:240}\">\u00a0<\/span><\/p>\n<p><span data-contrast=\"none\">Les mini-biblioth\u00e8ques ont \u00e9t\u00e9 install\u00e9es pour la premi\u00e8re fois \u00e0 la fin de l&#8217;ann\u00e9e derni\u00e8re. Elles n&#8217;ont pas \u00e9t\u00e9 ouvertes longtemps car l&#8217;hiver est arriv\u00e9 et elles ont d\u00fb fermer. Mais depuis la semaine derni\u00e8re, elles sont ouvertes pour la premi\u00e8re saison compl\u00e8te.<\/span><span data-ccp-props=\"{&quot;201341983&quot;:2,&quot;335551550&quot;:6,&quot;335551620&quot;:6,&quot;335559731&quot;:240,&quot;335559739&quot;:0,&quot;335559740&quot;:240}\">\u00a0<\/span><\/p>\n<p><span data-contrast=\"none\">La biblioth\u00e8que de Limoges a pris les devants et a d\u00e9j\u00e0 mis \u00e0 disposition des habitants des livres d\u00e9j\u00e0 donn\u00e9s. Les bo\u00eetes sont install\u00e9es pr\u00e8s de l&#8217;\u00e9tang de la promenade South Indian (apr\u00e8s le croissant Honor\u00e9), au parc Rodolphe Latreille, au parc Giroux (pr\u00e8s de l&#8217;extr\u00e9mit\u00e9 de la rue Giroux), \u00e0 l&#8217;\u00e9glise Paroisse St-Viateur et au parc Lavigne sur Beaver Lane dans le Cambridge Forest Estate.<\/span><span data-ccp-props=\"{&quot;201341983&quot;:2,&quot;335551550&quot;:6,&quot;335551620&quot;:6,&quot;335559731&quot;:240,&quot;335559739&quot;:0,&quot;335559740&quot;:240}\">\u00a0<\/span><\/p>\n<p><span data-contrast=\"none\">L&#8217;objectif du projet est de recycler les livres. Le projet est en cours depuis un an. Dans l&#8217;esprit du recyclage, les bo\u00eetes ont \u00e9t\u00e9 construites \u00e0 partir de bois recycl\u00e9 et de dons des habitants<\/span><span data-ccp-props=\"{&quot;201341983&quot;:2,&quot;335551550&quot;:6,&quot;335551620&quot;:6,&quot;335559731&quot;:240,&quot;335559739&quot;:0,&quot;335559740&quot;:240}\">\u00a0<\/span><\/p>\n<p><span data-contrast=\"none\">\u00a0\u00ab\u202fNous avons ensuite assembl\u00e9 le tout. C&#8217;est pourquoi nous n&#8217;en avons fait que six, parce que nous avions juste assez de mat\u00e9riel pour les six\u202f\u00bb, a expliqu\u00e9 Jeanne Leroux, directrice g\u00e9n\u00e9rale de la biblioth\u00e8que de la municipalit\u00e9 de La Nation.\u00a0<\/span><span data-ccp-props=\"{&quot;201341983&quot;:2,&quot;335551550&quot;:6,&quot;335551620&quot;:6,&quot;335559731&quot;:240,&quot;335559739&quot;:0,&quot;335559740&quot;:240}\">\u00a0<\/span><\/p>\n<p><span data-contrast=\"none\">\u00a0Les bo\u00eetes ne sont pas laiss\u00e9es sans surveillance. Sarena Thompson s&#8217;est port\u00e9e volontaire pour veiller \u00e0 ce que les six bo\u00eetes soient toujours remplies de livres.<\/span><span data-ccp-props=\"{&quot;201341983&quot;:2,&quot;335551550&quot;:6,&quot;335551620&quot;:6,&quot;335559731&quot;:240,&quot;335559739&quot;:0,&quot;335559740&quot;:240}\">\u00a0<\/span><\/p>\n","protected":false},"excerpt":{"rendered":"<p>Gr\u00e2ce \u00e0 l&#8217;effort des b\u00e9n\u00e9voles et aux dons de la communaut\u00e9, Limoges a ouvert six mini-biblioth\u00e8ques pour permettre aux habitants d&#8217;\u00e9changer et de profiter gratuitement des livres.\u00a0 L&#8217;id\u00e9e est simple : apporter un livre, en prendre un autre. Le conseil de la biblioth\u00e8que de la municipalit\u00e9 de La Nation a lanc\u00e9 son projet de mini-biblioth\u00e8ques [&hellip;]<\/p>\n","protected":false},"author":24,"featured_media":99846,"comment_status":"closed","ping_status":"open","sticky":false,"template":"","format":"standard","meta":{"_acf_changed":false,"footnotes":""},"categories":[42],"tags":[],"class_list":["post-99845","post","type-post","status-publish","format-standard","has-post-thumbnail","hentry","category-culture"],"acf":[],"featured_media_global":[],"yoast_head":"<!-- This site is optimized with the Yoast SEO plugin v27.4 - https:\/\/yoast.com\/product\/yoast-seo-wordpress\/ -->\n<title>La Nation ouvre six mini-biblioth\u00e8ques \u00e0 Limoges - Le Reflet \/ The News<\/title>\n<meta name=\"description\" content=\"Gr\u00e2ce \u00e0 l&#039;effort des b\u00e9n\u00e9voles et aux dons de la communaut\u00e9, Limoges a ouvert six mini-biblioth\u00e8ques pour permettre aux habitants d&#039;\u00e9changer et de profiter gratuitement des livres.\" \/>\n<meta name=\"robots\" content=\"index, follow, max-snippet:-1, max-image-preview:large, max-video-preview:-1\" \/>\n<link rel=\"canonical\" href=\"https:\/\/refletnews.ca\/en\/culture\/la-nation-ouvre-six-mini-bibliotheques-a-limoges\/\" \/>\n<meta property=\"og:locale\" content=\"en_US\" \/>\n<meta property=\"og:type\" content=\"article\" \/>\n<meta property=\"og:title\" content=\"La Nation ouvre six mini-biblioth\u00e8ques \u00e0 Limoges - Le Reflet \/ The News\" \/>\n<meta property=\"og:description\" content=\"Gr\u00e2ce \u00e0 l&#039;effort des b\u00e9n\u00e9voles et aux dons de la communaut\u00e9, Limoges a ouvert six mini-biblioth\u00e8ques pour permettre aux habitants d&#039;\u00e9changer et de profiter gratuitement des livres.\" \/>\n<meta property=\"og:url\" content=\"https:\/\/refletnews.ca\/en\/culture\/la-nation-ouvre-six-mini-bibliotheques-a-limoges\/\" \/>\n<meta property=\"og:site_name\" content=\"Le Reflet \/ The News\" \/>\n<meta property=\"article:published_time\" content=\"2024-04-25T19:35:39+00:00\" \/>\n<meta property=\"article:modified_time\" content=\"2025-12-16T03:30:19+00:00\" \/>\n<meta property=\"og:image\" content=\"https:\/\/cdn.editionap.ca\/wp-content\/uploads\/sites\/3\/2024\/04\/Mini-Libraries.jpg\" \/>\n\t<meta property=\"og:image:width\" content=\"1536\" \/>\n\t<meta property=\"og:image:height\" content=\"2048\" \/>\n\t<meta property=\"og:image:type\" content=\"image\/jpeg\" \/>\n<meta name=\"author\" content=\"Gabrielle Vinette\" \/>\n<meta name=\"twitter:card\" content=\"summary_large_image\" \/>\n<meta name=\"twitter:label1\" content=\"Written by\" \/>\n\t<meta name=\"twitter:data1\" content=\"Gabrielle Vinette\" \/>\n\t<meta name=\"twitter:label2\" content=\"Est. reading time\" \/>\n\t<meta name=\"twitter:data2\" content=\"2 minutes\" \/>\n<script type=\"application\/ld+json\" class=\"yoast-schema-graph\">{\"@context\":\"https:\\\/\\\/schema.org\",\"@graph\":[{\"@type\":\"Article\",\"@id\":\"https:\\\/\\\/refletnews.ca\\\/en\\\/culture\\\/la-nation-ouvre-six-mini-bibliotheques-a-limoges\\\/#article\",\"isPartOf\":{\"@id\":\"https:\\\/\\\/refletnews.ca\\\/en\\\/culture\\\/la-nation-ouvre-six-mini-bibliotheques-a-limoges\\\/\"},\"author\":{\"name\":\"Gabrielle Vinette\",\"@id\":\"https:\\\/\\\/refletnews.ca\\\/en\\\/#\\\/schema\\\/person\\\/13779c6008921447beb2d2d257daa3f0\"},\"headline\":\"La Nation ouvre six mini-biblioth\u00e8ques \u00e0 Limoges\",\"datePublished\":\"2024-04-25T19:35:39+00:00\",\"dateModified\":\"2025-12-16T03:30:19+00:00\",\"mainEntityOfPage\":{\"@id\":\"https:\\\/\\\/refletnews.ca\\\/en\\\/culture\\\/la-nation-ouvre-six-mini-bibliotheques-a-limoges\\\/\"},\"wordCount\":344,\"image\":{\"@id\":\"https:\\\/\\\/refletnews.ca\\\/en\\\/culture\\\/la-nation-ouvre-six-mini-bibliotheques-a-limoges\\\/#primaryimage\"},\"thumbnailUrl\":\"https:\\\/\\\/cdn.editionap.ca\\\/wp-content\\\/uploads\\\/sites\\\/3\\\/2024\\\/04\\\/Mini-Libraries.jpg\",\"articleSection\":[\"Culture\"],\"inLanguage\":\"en-CA\"},{\"@type\":\"WebPage\",\"@id\":\"https:\\\/\\\/refletnews.ca\\\/en\\\/culture\\\/la-nation-ouvre-six-mini-bibliotheques-a-limoges\\\/\",\"url\":\"https:\\\/\\\/refletnews.ca\\\/en\\\/culture\\\/la-nation-ouvre-six-mini-bibliotheques-a-limoges\\\/\",\"name\":\"La Nation ouvre six mini-biblioth\u00e8ques \u00e0 Limoges - Le Reflet \\\/ The News\",\"isPartOf\":{\"@id\":\"https:\\\/\\\/refletnews.ca\\\/en\\\/#website\"},\"primaryImageOfPage\":{\"@id\":\"https:\\\/\\\/refletnews.ca\\\/en\\\/culture\\\/la-nation-ouvre-six-mini-bibliotheques-a-limoges\\\/#primaryimage\"},\"image\":{\"@id\":\"https:\\\/\\\/refletnews.ca\\\/en\\\/culture\\\/la-nation-ouvre-six-mini-bibliotheques-a-limoges\\\/#primaryimage\"},\"thumbnailUrl\":\"https:\\\/\\\/cdn.editionap.ca\\\/wp-content\\\/uploads\\\/sites\\\/3\\\/2024\\\/04\\\/Mini-Libraries.jpg\",\"datePublished\":\"2024-04-25T19:35:39+00:00\",\"dateModified\":\"2025-12-16T03:30:19+00:00\",\"author\":{\"@id\":\"https:\\\/\\\/refletnews.ca\\\/en\\\/#\\\/schema\\\/person\\\/13779c6008921447beb2d2d257daa3f0\"},\"description\":\"Gr\u00e2ce \u00e0 l'effort des b\u00e9n\u00e9voles et aux dons de la communaut\u00e9, Limoges a ouvert six mini-biblioth\u00e8ques pour permettre aux habitants d'\u00e9changer et de profiter gratuitement des livres.\",\"breadcrumb\":{\"@id\":\"https:\\\/\\\/refletnews.ca\\\/en\\\/culture\\\/la-nation-ouvre-six-mini-bibliotheques-a-limoges\\\/#breadcrumb\"},\"inLanguage\":\"en-CA\",\"potentialAction\":[{\"@type\":\"ReadAction\",\"target\":[\"https:\\\/\\\/refletnews.ca\\\/en\\\/culture\\\/la-nation-ouvre-six-mini-bibliotheques-a-limoges\\\/\"]}]},{\"@type\":\"ImageObject\",\"inLanguage\":\"en-CA\",\"@id\":\"https:\\\/\\\/refletnews.ca\\\/en\\\/culture\\\/la-nation-ouvre-six-mini-bibliotheques-a-limoges\\\/#primaryimage\",\"url\":\"https:\\\/\\\/cdn.editionap.ca\\\/wp-content\\\/uploads\\\/sites\\\/3\\\/2024\\\/04\\\/Mini-Libraries.jpg\",\"contentUrl\":\"https:\\\/\\\/cdn.editionap.ca\\\/wp-content\\\/uploads\\\/sites\\\/3\\\/2024\\\/04\\\/Mini-Libraries.jpg\",\"width\":1536,\"height\":2048,\"caption\":\"Pour la premi\u00e8re fois, Limoges a inaugur\u00e9 six mini-biblioth\u00e8ques \u00e0 travers la municipalit\u00e9, permettant aux r\u00e9sidents d'\u00e9changer des livres et d'en profiter gratuitement.\"},{\"@type\":\"BreadcrumbList\",\"@id\":\"https:\\\/\\\/refletnews.ca\\\/en\\\/culture\\\/la-nation-ouvre-six-mini-bibliotheques-a-limoges\\\/#breadcrumb\",\"itemListElement\":[{\"@type\":\"ListItem\",\"position\":1,\"name\":\"Accueil\",\"item\":\"https:\\\/\\\/refletnews.ca\\\/en\\\/\"},{\"@type\":\"ListItem\",\"position\":2,\"name\":\"La Nation ouvre six mini-biblioth\u00e8ques \u00e0 Limoges\"}]},{\"@type\":\"WebSite\",\"@id\":\"https:\\\/\\\/refletnews.ca\\\/en\\\/#website\",\"url\":\"https:\\\/\\\/refletnews.ca\\\/en\\\/\",\"name\":\"Le Reflet \\\/ The News\",\"description\":\"\",\"potentialAction\":[{\"@type\":\"SearchAction\",\"target\":{\"@type\":\"EntryPoint\",\"urlTemplate\":\"https:\\\/\\\/refletnews.ca\\\/en\\\/?s={search_term_string}\"},\"query-input\":{\"@type\":\"PropertyValueSpecification\",\"valueRequired\":true,\"valueName\":\"search_term_string\"}}],\"inLanguage\":\"en-CA\"},{\"@type\":\"Person\",\"@id\":\"https:\\\/\\\/refletnews.ca\\\/en\\\/#\\\/schema\\\/person\\\/13779c6008921447beb2d2d257daa3f0\",\"name\":\"Gabrielle Vinette\",\"image\":{\"@type\":\"ImageObject\",\"inLanguage\":\"en-CA\",\"@id\":\"https:\\\/\\\/secure.gravatar.com\\\/avatar\\\/aad6b45732301ea45eccebd26730d0365f5ecc8faa321e59d6858a3caada1c83?s=96&d=mm&r=g\",\"url\":\"https:\\\/\\\/secure.gravatar.com\\\/avatar\\\/aad6b45732301ea45eccebd26730d0365f5ecc8faa321e59d6858a3caada1c83?s=96&d=mm&r=g\",\"contentUrl\":\"https:\\\/\\\/secure.gravatar.com\\\/avatar\\\/aad6b45732301ea45eccebd26730d0365f5ecc8faa321e59d6858a3caada1c83?s=96&d=mm&r=g\",\"caption\":\"Gabrielle Vinette\"}}]}<\/script>\n<!-- \/ Yoast SEO plugin. -->","yoast_head_json":{"title":"La Nation ouvre six mini-biblioth\u00e8ques \u00e0 Limoges - Le Reflet \/ The News","description":"Gr\u00e2ce \u00e0 l'effort des b\u00e9n\u00e9voles et aux dons de la communaut\u00e9, Limoges a ouvert six mini-biblioth\u00e8ques pour permettre aux habitants d'\u00e9changer et de profiter gratuitement des livres.","robots":{"index":"index","follow":"follow","max-snippet":"max-snippet:-1","max-image-preview":"max-image-preview:large","max-video-preview":"max-video-preview:-1"},"canonical":"https:\/\/refletnews.ca\/en\/culture\/la-nation-ouvre-six-mini-bibliotheques-a-limoges\/","og_locale":"en_US","og_type":"article","og_title":"La Nation ouvre six mini-biblioth\u00e8ques \u00e0 Limoges - Le Reflet \/ The News","og_description":"Gr\u00e2ce \u00e0 l'effort des b\u00e9n\u00e9voles et aux dons de la communaut\u00e9, Limoges a ouvert six mini-biblioth\u00e8ques pour permettre aux habitants d'\u00e9changer et de profiter gratuitement des livres.","og_url":"https:\/\/refletnews.ca\/en\/culture\/la-nation-ouvre-six-mini-bibliotheques-a-limoges\/","og_site_name":"Le Reflet \/ The News","article_published_time":"2024-04-25T19:35:39+00:00","article_modified_time":"2025-12-16T03:30:19+00:00","og_image":[{"width":1536,"height":2048,"url":"https:\/\/cdn.editionap.ca\/wp-content\/uploads\/sites\/3\/2024\/04\/Mini-Libraries.jpg","type":"image\/jpeg"}],"author":"Gabrielle Vinette","twitter_card":"summary_large_image","twitter_misc":{"Written by":"Gabrielle Vinette","Est. reading time":"2 minutes"},"schema":{"@context":"https:\/\/schema.org","@graph":[{"@type":"Article","@id":"https:\/\/refletnews.ca\/en\/culture\/la-nation-ouvre-six-mini-bibliotheques-a-limoges\/#article","isPartOf":{"@id":"https:\/\/refletnews.ca\/en\/culture\/la-nation-ouvre-six-mini-bibliotheques-a-limoges\/"},"author":{"name":"Gabrielle Vinette","@id":"https:\/\/refletnews.ca\/en\/#\/schema\/person\/13779c6008921447beb2d2d257daa3f0"},"headline":"La Nation ouvre six mini-biblioth\u00e8ques \u00e0 Limoges","datePublished":"2024-04-25T19:35:39+00:00","dateModified":"2025-12-16T03:30:19+00:00","mainEntityOfPage":{"@id":"https:\/\/refletnews.ca\/en\/culture\/la-nation-ouvre-six-mini-bibliotheques-a-limoges\/"},"wordCount":344,"image":{"@id":"https:\/\/refletnews.ca\/en\/culture\/la-nation-ouvre-six-mini-bibliotheques-a-limoges\/#primaryimage"},"thumbnailUrl":"https:\/\/cdn.editionap.ca\/wp-content\/uploads\/sites\/3\/2024\/04\/Mini-Libraries.jpg","articleSection":["Culture"],"inLanguage":"en-CA"},{"@type":"WebPage","@id":"https:\/\/refletnews.ca\/en\/culture\/la-nation-ouvre-six-mini-bibliotheques-a-limoges\/","url":"https:\/\/refletnews.ca\/en\/culture\/la-nation-ouvre-six-mini-bibliotheques-a-limoges\/","name":"La Nation ouvre six mini-biblioth\u00e8ques \u00e0 Limoges - Le Reflet \/ The News","isPartOf":{"@id":"https:\/\/refletnews.ca\/en\/#website"},"primaryImageOfPage":{"@id":"https:\/\/refletnews.ca\/en\/culture\/la-nation-ouvre-six-mini-bibliotheques-a-limoges\/#primaryimage"},"image":{"@id":"https:\/\/refletnews.ca\/en\/culture\/la-nation-ouvre-six-mini-bibliotheques-a-limoges\/#primaryimage"},"thumbnailUrl":"https:\/\/cdn.editionap.ca\/wp-content\/uploads\/sites\/3\/2024\/04\/Mini-Libraries.jpg","datePublished":"2024-04-25T19:35:39+00:00","dateModified":"2025-12-16T03:30:19+00:00","author":{"@id":"https:\/\/refletnews.ca\/en\/#\/schema\/person\/13779c6008921447beb2d2d257daa3f0"},"description":"Gr\u00e2ce \u00e0 l'effort des b\u00e9n\u00e9voles et aux dons de la communaut\u00e9, Limoges a ouvert six mini-biblioth\u00e8ques pour permettre aux habitants d'\u00e9changer et de profiter gratuitement des livres.","breadcrumb":{"@id":"https:\/\/refletnews.ca\/en\/culture\/la-nation-ouvre-six-mini-bibliotheques-a-limoges\/#breadcrumb"},"inLanguage":"en-CA","potentialAction":[{"@type":"ReadAction","target":["https:\/\/refletnews.ca\/en\/culture\/la-nation-ouvre-six-mini-bibliotheques-a-limoges\/"]}]},{"@type":"ImageObject","inLanguage":"en-CA","@id":"https:\/\/refletnews.ca\/en\/culture\/la-nation-ouvre-six-mini-bibliotheques-a-limoges\/#primaryimage","url":"https:\/\/cdn.editionap.ca\/wp-content\/uploads\/sites\/3\/2024\/04\/Mini-Libraries.jpg","contentUrl":"https:\/\/cdn.editionap.ca\/wp-content\/uploads\/sites\/3\/2024\/04\/Mini-Libraries.jpg","width":1536,"height":2048,"caption":"Pour la premi\u00e8re fois, Limoges a inaugur\u00e9 six mini-biblioth\u00e8ques \u00e0 travers la municipalit\u00e9, permettant aux r\u00e9sidents d'\u00e9changer des livres et d'en profiter gratuitement."},{"@type":"BreadcrumbList","@id":"https:\/\/refletnews.ca\/en\/culture\/la-nation-ouvre-six-mini-bibliotheques-a-limoges\/#breadcrumb","itemListElement":[{"@type":"ListItem","position":1,"name":"Accueil","item":"https:\/\/refletnews.ca\/en\/"},{"@type":"ListItem","position":2,"name":"La Nation ouvre six mini-biblioth\u00e8ques \u00e0 Limoges"}]},{"@type":"WebSite","@id":"https:\/\/refletnews.ca\/en\/#website","url":"https:\/\/refletnews.ca\/en\/","name":"Le Reflet \/ The News","description":"","potentialAction":[{"@type":"SearchAction","target":{"@type":"EntryPoint","urlTemplate":"https:\/\/refletnews.ca\/en\/?s={search_term_string}"},"query-input":{"@type":"PropertyValueSpecification","valueRequired":true,"valueName":"search_term_string"}}],"inLanguage":"en-CA"},{"@type":"Person","@id":"https:\/\/refletnews.ca\/en\/#\/schema\/person\/13779c6008921447beb2d2d257daa3f0","name":"Gabrielle Vinette","image":{"@type":"ImageObject","inLanguage":"en-CA","@id":"https:\/\/secure.gravatar.com\/avatar\/aad6b45732301ea45eccebd26730d0365f5ecc8faa321e59d6858a3caada1c83?s=96&d=mm&r=g","url":"https:\/\/secure.gravatar.com\/avatar\/aad6b45732301ea45eccebd26730d0365f5ecc8faa321e59d6858a3caada1c83?s=96&d=mm&r=g","contentUrl":"https:\/\/secure.gravatar.com\/avatar\/aad6b45732301ea45eccebd26730d0365f5ecc8faa321e59d6858a3caada1c83?s=96&d=mm&r=g","caption":"Gabrielle Vinette"}}]}},"_links":{"self":[{"href":"https:\/\/refletnews.ca\/en\/wp-json\/wp\/v2\/posts\/99845","targetHints":{"allow":["GET"]}}],"collection":[{"href":"https:\/\/refletnews.ca\/en\/wp-json\/wp\/v2\/posts"}],"about":[{"href":"https:\/\/refletnews.ca\/en\/wp-json\/wp\/v2\/types\/post"}],"author":[{"embeddable":true,"href":"https:\/\/refletnews.ca\/en\/wp-json\/wp\/v2\/users\/24"}],"replies":[{"embeddable":true,"href":"https:\/\/refletnews.ca\/en\/wp-json\/wp\/v2\/comments?post=99845"}],"version-history":[{"count":1,"href":"https:\/\/refletnews.ca\/en\/wp-json\/wp\/v2\/posts\/99845\/revisions"}],"predecessor-version":[{"id":129628,"href":"https:\/\/refletnews.ca\/en\/wp-json\/wp\/v2\/posts\/99845\/revisions\/129628"}],"wp:featuredmedia":[{"embeddable":true,"href":"https:\/\/refletnews.ca\/en\/wp-json\/wp\/v2\/media\/99846"}],"wp:attachment":[{"href":"https:\/\/refletnews.ca\/en\/wp-json\/wp\/v2\/media?parent=99845"}],"wp:term":[{"taxonomy":"category","embeddable":true,"href":"https:\/\/refletnews.ca\/en\/wp-json\/wp\/v2\/categories?post=99845"},{"taxonomy":"post_tag","embeddable":true,"href":"https:\/\/refletnews.ca\/en\/wp-json\/wp\/v2\/tags?post=99845"}],"curies":[{"name":"wp","href":"https:\/\/api.w.org\/{rel}","templated":true}]}}