{"id":96397,"date":"2023-07-16T06:02:36","date_gmt":"2023-07-16T10:02:36","guid":{"rendered":"https:\/\/editionap.ca\/?p=96397"},"modified":"2025-12-16T04:33:05","modified_gmt":"2025-12-16T03:33:05","slug":"photo-expo-donne-loccasion-aux-photographes-dexposer-leurs-oeuvres-artistiques","status":"publish","type":"post","link":"https:\/\/refletnews.ca\/en\/culture\/photo-expo-donne-loccasion-aux-photographes-dexposer-leurs-oeuvres-artistiques\/","title":{"rendered":"Photo expo donne l\u2019occasion aux photographes d\u2019exposer leurs \u0153uvres artistiques"},"content":{"rendered":"<p><strong>La photographie d&#8217;art est la possibilit\u00e9, pour un artiste, de communiquer en explorant son potentiel cr\u00e9atif. Elle peut se mat\u00e9rialiser par des paysages, portraits, natures mortes ou images abstraites. <\/strong><\/p>\n<p>Cette fois ci, les photographes amateurs et professionnels sont invit\u00e9s \u00e0 soumettre leurs images pour l&#8217;exposition photographique 2023 de la municipalit\u00e9 de Russell.<\/p>\n<p>Chaque participant verra au moins une de ses \u0153uvres imprim\u00e9e et expos\u00e9e lors de l&#8217;\u00e9v\u00e9nement \u00ab Russell Art at Night \u00bb le samedi 16 septembre, 2023. De plus, ils recevront un ch\u00e8que-cadeau au Centre SPAO pour approfondir leur passion photographique. Un jury ind\u00e9pendant examinera toutes les photos soumises et s\u00e9lectionnera quatre gagnants qui verront leur image imprim\u00e9e et expos\u00e9e en tant qu&#8217;\u0153uvre d&#8217;art publique ext\u00e9rieure dans la municipalit\u00e9.<\/p>\n<p>Le th\u00e8me de cette ann\u00e9e est &#8220;l&#8217;immobilit\u00e9&#8221;. \u00c0 l&#8217;occasion du 125e anniversaire du village de Russell, ils souhaitent se pencher sur les lieux, les moments, les \u00e9motions qui peuvent dispara\u00eetre en un clin d&#8217;\u0153il, et sur les moments qu\u2019ils ram\u00e8nent directement aux souvenirs d&#8217;autrefois.<\/p>\n<p>Les cat\u00e9gories sont les suivantes :<\/p>\n<p>Meilleure photo jeunesse (18 ans et moins)<\/p>\n<p>Meilleur portrait<\/p>\n<p>Meilleur paysage<\/p>\n<p>Meilleure photo g\u00e9n\u00e9rale<\/p>\n<p>Date limite de soumission : Lundi 21 ao\u00fbt 2023 \u00e0 23h59<\/p>\n<p>Exposition : Samedi 16 septembre 2023.<\/p>\n<p>Toute personne du Canada peut participer \u00e0 ce concours, mais toutes les images doivent avoir \u00e9t\u00e9 prises dans les limites de la municipalit\u00e9 de Russell. Vous trouverez une carte des limites de la municipalit\u00e9 \u00e0 l&#8217;adresse www.russell.ca\/cartes.<\/p>\n<p>Les soumissions et la participation \u00e0 cet \u00e9v\u00e9nement sont gratuites. Vous pouvez soumettre jusqu&#8217;\u00e0 5 photos.<\/p>\n<p>Pour soumettre les photos, visitez www.russell.ca\/photoexpo23fr<\/p>\n<p>L&#8217;exposition photo de la municipalit\u00e9 de Russell est un partenariat entre la Soci\u00e9t\u00e9 Agricole de Russell et la municipalit\u00e9 de Russell. L\u2019exposition est rendue possible gr\u00e2ce au soutien du Centre SPAO et de 8 80 villes.<\/p>\n<p>Pour toute question, veuillez envoyer un courriel au service des communications de la municipalit\u00e9 de Russell.<\/p>\n","protected":false},"excerpt":{"rendered":"<p>La photographie d&#8217;art est la possibilit\u00e9, pour un artiste, de communiquer en explorant son potentiel cr\u00e9atif. Elle peut se mat\u00e9rialiser par des paysages, portraits, natures mortes ou images abstraites. Cette fois ci, les photographes amateurs et professionnels sont invit\u00e9s \u00e0 soumettre leurs images pour l&#8217;exposition photographique 2023 de la municipalit\u00e9 de Russell. Chaque participant verra [&hellip;]<\/p>\n","protected":false},"author":18,"featured_media":96398,"comment_status":"closed","ping_status":"open","sticky":false,"template":"","format":"standard","meta":{"_acf_changed":false,"footnotes":""},"categories":[42],"tags":[],"class_list":["post-96397","post","type-post","status-publish","format-standard","has-post-thumbnail","hentry","category-culture"],"acf":[],"featured_media_global":[],"yoast_head":"<!-- This site is optimized with the Yoast SEO plugin v27.4 - https:\/\/yoast.com\/product\/yoast-seo-wordpress\/ -->\n<title>Photo expo donne l\u2019occasion aux photographes d\u2019exposer leurs \u0153uvres artistiques - Le Reflet \/ The News<\/title>\n<meta name=\"robots\" content=\"index, follow, max-snippet:-1, max-image-preview:large, max-video-preview:-1\" \/>\n<link rel=\"canonical\" href=\"https:\/\/refletnews.ca\/en\/culture\/photo-expo-donne-loccasion-aux-photographes-dexposer-leurs-oeuvres-artistiques\/\" \/>\n<meta property=\"og:locale\" content=\"en_US\" \/>\n<meta property=\"og:type\" content=\"article\" \/>\n<meta property=\"og:title\" content=\"Photo expo donne l\u2019occasion aux photographes d\u2019exposer leurs \u0153uvres artistiques - Le Reflet \/ The News\" \/>\n<meta property=\"og:description\" content=\"La photographie d&#8217;art est la possibilit\u00e9, pour un artiste, de communiquer en explorant son potentiel cr\u00e9atif. Elle peut se mat\u00e9rialiser par des paysages, portraits, natures mortes ou images abstraites. Cette fois ci, les photographes amateurs et professionnels sont invit\u00e9s \u00e0 soumettre leurs images pour l&#8217;exposition photographique 2023 de la municipalit\u00e9 de Russell. Chaque participant verra [&hellip;]\" \/>\n<meta property=\"og:url\" content=\"https:\/\/refletnews.ca\/en\/culture\/photo-expo-donne-loccasion-aux-photographes-dexposer-leurs-oeuvres-artistiques\/\" \/>\n<meta property=\"og:site_name\" content=\"Le Reflet \/ The News\" \/>\n<meta property=\"article:published_time\" content=\"2023-07-16T10:02:36+00:00\" \/>\n<meta property=\"article:modified_time\" content=\"2025-12-16T03:33:05+00:00\" \/>\n<meta property=\"og:image\" content=\"https:\/\/cdn.editionap.ca\/wp-content\/uploads\/sites\/3\/2023\/07\/Photo-expo-2023-photo-web.jpg\" \/>\n\t<meta property=\"og:image:width\" content=\"480\" \/>\n\t<meta property=\"og:image:height\" content=\"600\" \/>\n\t<meta property=\"og:image:type\" content=\"image\/jpeg\" \/>\n<meta name=\"author\" content=\"Frederic Hountondji\" \/>\n<meta name=\"twitter:card\" content=\"summary_large_image\" \/>\n<meta name=\"twitter:label1\" content=\"Written by\" \/>\n\t<meta name=\"twitter:data1\" content=\"Frederic Hountondji\" \/>\n\t<meta name=\"twitter:label2\" content=\"Est. reading time\" \/>\n\t<meta name=\"twitter:data2\" content=\"2 minutes\" \/>\n<script type=\"application\/ld+json\" class=\"yoast-schema-graph\">{\"@context\":\"https:\\\/\\\/schema.org\",\"@graph\":[{\"@type\":\"Article\",\"@id\":\"https:\\\/\\\/refletnews.ca\\\/en\\\/culture\\\/photo-expo-donne-loccasion-aux-photographes-dexposer-leurs-oeuvres-artistiques\\\/#article\",\"isPartOf\":{\"@id\":\"https:\\\/\\\/refletnews.ca\\\/en\\\/culture\\\/photo-expo-donne-loccasion-aux-photographes-dexposer-leurs-oeuvres-artistiques\\\/\"},\"author\":{\"name\":\"Frederic Hountondji\",\"@id\":\"https:\\\/\\\/refletnews.ca\\\/en\\\/#\\\/schema\\\/person\\\/1fdf634ca04edc92f3a64c81c93ea93b\"},\"headline\":\"Photo expo donne l\u2019occasion aux photographes d\u2019exposer leurs \u0153uvres artistiques\",\"datePublished\":\"2023-07-16T10:02:36+00:00\",\"dateModified\":\"2025-12-16T03:33:05+00:00\",\"mainEntityOfPage\":{\"@id\":\"https:\\\/\\\/refletnews.ca\\\/en\\\/culture\\\/photo-expo-donne-loccasion-aux-photographes-dexposer-leurs-oeuvres-artistiques\\\/\"},\"wordCount\":345,\"image\":{\"@id\":\"https:\\\/\\\/refletnews.ca\\\/en\\\/culture\\\/photo-expo-donne-loccasion-aux-photographes-dexposer-leurs-oeuvres-artistiques\\\/#primaryimage\"},\"thumbnailUrl\":\"https:\\\/\\\/cdn.editionap.ca\\\/wp-content\\\/uploads\\\/sites\\\/3\\\/2023\\\/07\\\/Photo-expo-2023-photo-web.jpg\",\"articleSection\":[\"Culture\"],\"inLanguage\":\"en-CA\"},{\"@type\":\"WebPage\",\"@id\":\"https:\\\/\\\/refletnews.ca\\\/en\\\/culture\\\/photo-expo-donne-loccasion-aux-photographes-dexposer-leurs-oeuvres-artistiques\\\/\",\"url\":\"https:\\\/\\\/refletnews.ca\\\/en\\\/culture\\\/photo-expo-donne-loccasion-aux-photographes-dexposer-leurs-oeuvres-artistiques\\\/\",\"name\":\"Photo expo donne l\u2019occasion aux photographes d\u2019exposer leurs \u0153uvres artistiques - Le Reflet \\\/ The News\",\"isPartOf\":{\"@id\":\"https:\\\/\\\/refletnews.ca\\\/en\\\/#website\"},\"primaryImageOfPage\":{\"@id\":\"https:\\\/\\\/refletnews.ca\\\/en\\\/culture\\\/photo-expo-donne-loccasion-aux-photographes-dexposer-leurs-oeuvres-artistiques\\\/#primaryimage\"},\"image\":{\"@id\":\"https:\\\/\\\/refletnews.ca\\\/en\\\/culture\\\/photo-expo-donne-loccasion-aux-photographes-dexposer-leurs-oeuvres-artistiques\\\/#primaryimage\"},\"thumbnailUrl\":\"https:\\\/\\\/cdn.editionap.ca\\\/wp-content\\\/uploads\\\/sites\\\/3\\\/2023\\\/07\\\/Photo-expo-2023-photo-web.jpg\",\"datePublished\":\"2023-07-16T10:02:36+00:00\",\"dateModified\":\"2025-12-16T03:33:05+00:00\",\"author\":{\"@id\":\"https:\\\/\\\/refletnews.ca\\\/en\\\/#\\\/schema\\\/person\\\/1fdf634ca04edc92f3a64c81c93ea93b\"},\"breadcrumb\":{\"@id\":\"https:\\\/\\\/refletnews.ca\\\/en\\\/culture\\\/photo-expo-donne-loccasion-aux-photographes-dexposer-leurs-oeuvres-artistiques\\\/#breadcrumb\"},\"inLanguage\":\"en-CA\",\"potentialAction\":[{\"@type\":\"ReadAction\",\"target\":[\"https:\\\/\\\/refletnews.ca\\\/en\\\/culture\\\/photo-expo-donne-loccasion-aux-photographes-dexposer-leurs-oeuvres-artistiques\\\/\"]}]},{\"@type\":\"ImageObject\",\"inLanguage\":\"en-CA\",\"@id\":\"https:\\\/\\\/refletnews.ca\\\/en\\\/culture\\\/photo-expo-donne-loccasion-aux-photographes-dexposer-leurs-oeuvres-artistiques\\\/#primaryimage\",\"url\":\"https:\\\/\\\/cdn.editionap.ca\\\/wp-content\\\/uploads\\\/sites\\\/3\\\/2023\\\/07\\\/Photo-expo-2023-photo-web.jpg\",\"contentUrl\":\"https:\\\/\\\/cdn.editionap.ca\\\/wp-content\\\/uploads\\\/sites\\\/3\\\/2023\\\/07\\\/Photo-expo-2023-photo-web.jpg\",\"width\":480,\"height\":600,\"caption\":\"Photo de la pr\u00e9sentation de l\u2019\u00e9v\u00e8nement photo expo 2023. -photo fournie\"},{\"@type\":\"BreadcrumbList\",\"@id\":\"https:\\\/\\\/refletnews.ca\\\/en\\\/culture\\\/photo-expo-donne-loccasion-aux-photographes-dexposer-leurs-oeuvres-artistiques\\\/#breadcrumb\",\"itemListElement\":[{\"@type\":\"ListItem\",\"position\":1,\"name\":\"Accueil\",\"item\":\"https:\\\/\\\/refletnews.ca\\\/en\\\/\"},{\"@type\":\"ListItem\",\"position\":2,\"name\":\"Photo expo donne l\u2019occasion aux photographes d\u2019exposer leurs \u0153uvres artistiques\"}]},{\"@type\":\"WebSite\",\"@id\":\"https:\\\/\\\/refletnews.ca\\\/en\\\/#website\",\"url\":\"https:\\\/\\\/refletnews.ca\\\/en\\\/\",\"name\":\"Le Reflet \\\/ The News\",\"description\":\"\",\"potentialAction\":[{\"@type\":\"SearchAction\",\"target\":{\"@type\":\"EntryPoint\",\"urlTemplate\":\"https:\\\/\\\/refletnews.ca\\\/en\\\/?s={search_term_string}\"},\"query-input\":{\"@type\":\"PropertyValueSpecification\",\"valueRequired\":true,\"valueName\":\"search_term_string\"}}],\"inLanguage\":\"en-CA\"},{\"@type\":\"Person\",\"@id\":\"https:\\\/\\\/refletnews.ca\\\/en\\\/#\\\/schema\\\/person\\\/1fdf634ca04edc92f3a64c81c93ea93b\",\"name\":\"Frederic Hountondji\",\"image\":{\"@type\":\"ImageObject\",\"inLanguage\":\"en-CA\",\"@id\":\"https:\\\/\\\/secure.gravatar.com\\\/avatar\\\/69c842bf59ae1f3d8745e9531f2f94cd269651585be2e26d84ca44f0bd5ccebf?s=96&d=mm&r=g\",\"url\":\"https:\\\/\\\/secure.gravatar.com\\\/avatar\\\/69c842bf59ae1f3d8745e9531f2f94cd269651585be2e26d84ca44f0bd5ccebf?s=96&d=mm&r=g\",\"contentUrl\":\"https:\\\/\\\/secure.gravatar.com\\\/avatar\\\/69c842bf59ae1f3d8745e9531f2f94cd269651585be2e26d84ca44f0bd5ccebf?s=96&d=mm&r=g\",\"caption\":\"Frederic Hountondji\"}}]}<\/script>\n<!-- \/ Yoast SEO plugin. -->","yoast_head_json":{"title":"Photo expo donne l\u2019occasion aux photographes d\u2019exposer leurs \u0153uvres artistiques - Le Reflet \/ The News","robots":{"index":"index","follow":"follow","max-snippet":"max-snippet:-1","max-image-preview":"max-image-preview:large","max-video-preview":"max-video-preview:-1"},"canonical":"https:\/\/refletnews.ca\/en\/culture\/photo-expo-donne-loccasion-aux-photographes-dexposer-leurs-oeuvres-artistiques\/","og_locale":"en_US","og_type":"article","og_title":"Photo expo donne l\u2019occasion aux photographes d\u2019exposer leurs \u0153uvres artistiques - Le Reflet \/ The News","og_description":"La photographie d&#8217;art est la possibilit\u00e9, pour un artiste, de communiquer en explorant son potentiel cr\u00e9atif. Elle peut se mat\u00e9rialiser par des paysages, portraits, natures mortes ou images abstraites. Cette fois ci, les photographes amateurs et professionnels sont invit\u00e9s \u00e0 soumettre leurs images pour l&#8217;exposition photographique 2023 de la municipalit\u00e9 de Russell. Chaque participant verra [&hellip;]","og_url":"https:\/\/refletnews.ca\/en\/culture\/photo-expo-donne-loccasion-aux-photographes-dexposer-leurs-oeuvres-artistiques\/","og_site_name":"Le Reflet \/ The News","article_published_time":"2023-07-16T10:02:36+00:00","article_modified_time":"2025-12-16T03:33:05+00:00","og_image":[{"width":480,"height":600,"url":"https:\/\/cdn.editionap.ca\/wp-content\/uploads\/sites\/3\/2023\/07\/Photo-expo-2023-photo-web.jpg","type":"image\/jpeg"}],"author":"Frederic Hountondji","twitter_card":"summary_large_image","twitter_misc":{"Written by":"Frederic Hountondji","Est. reading time":"2 minutes"},"schema":{"@context":"https:\/\/schema.org","@graph":[{"@type":"Article","@id":"https:\/\/refletnews.ca\/en\/culture\/photo-expo-donne-loccasion-aux-photographes-dexposer-leurs-oeuvres-artistiques\/#article","isPartOf":{"@id":"https:\/\/refletnews.ca\/en\/culture\/photo-expo-donne-loccasion-aux-photographes-dexposer-leurs-oeuvres-artistiques\/"},"author":{"name":"Frederic Hountondji","@id":"https:\/\/refletnews.ca\/en\/#\/schema\/person\/1fdf634ca04edc92f3a64c81c93ea93b"},"headline":"Photo expo donne l\u2019occasion aux photographes d\u2019exposer leurs \u0153uvres artistiques","datePublished":"2023-07-16T10:02:36+00:00","dateModified":"2025-12-16T03:33:05+00:00","mainEntityOfPage":{"@id":"https:\/\/refletnews.ca\/en\/culture\/photo-expo-donne-loccasion-aux-photographes-dexposer-leurs-oeuvres-artistiques\/"},"wordCount":345,"image":{"@id":"https:\/\/refletnews.ca\/en\/culture\/photo-expo-donne-loccasion-aux-photographes-dexposer-leurs-oeuvres-artistiques\/#primaryimage"},"thumbnailUrl":"https:\/\/cdn.editionap.ca\/wp-content\/uploads\/sites\/3\/2023\/07\/Photo-expo-2023-photo-web.jpg","articleSection":["Culture"],"inLanguage":"en-CA"},{"@type":"WebPage","@id":"https:\/\/refletnews.ca\/en\/culture\/photo-expo-donne-loccasion-aux-photographes-dexposer-leurs-oeuvres-artistiques\/","url":"https:\/\/refletnews.ca\/en\/culture\/photo-expo-donne-loccasion-aux-photographes-dexposer-leurs-oeuvres-artistiques\/","name":"Photo expo donne l\u2019occasion aux photographes d\u2019exposer leurs \u0153uvres artistiques - Le Reflet \/ The News","isPartOf":{"@id":"https:\/\/refletnews.ca\/en\/#website"},"primaryImageOfPage":{"@id":"https:\/\/refletnews.ca\/en\/culture\/photo-expo-donne-loccasion-aux-photographes-dexposer-leurs-oeuvres-artistiques\/#primaryimage"},"image":{"@id":"https:\/\/refletnews.ca\/en\/culture\/photo-expo-donne-loccasion-aux-photographes-dexposer-leurs-oeuvres-artistiques\/#primaryimage"},"thumbnailUrl":"https:\/\/cdn.editionap.ca\/wp-content\/uploads\/sites\/3\/2023\/07\/Photo-expo-2023-photo-web.jpg","datePublished":"2023-07-16T10:02:36+00:00","dateModified":"2025-12-16T03:33:05+00:00","author":{"@id":"https:\/\/refletnews.ca\/en\/#\/schema\/person\/1fdf634ca04edc92f3a64c81c93ea93b"},"breadcrumb":{"@id":"https:\/\/refletnews.ca\/en\/culture\/photo-expo-donne-loccasion-aux-photographes-dexposer-leurs-oeuvres-artistiques\/#breadcrumb"},"inLanguage":"en-CA","potentialAction":[{"@type":"ReadAction","target":["https:\/\/refletnews.ca\/en\/culture\/photo-expo-donne-loccasion-aux-photographes-dexposer-leurs-oeuvres-artistiques\/"]}]},{"@type":"ImageObject","inLanguage":"en-CA","@id":"https:\/\/refletnews.ca\/en\/culture\/photo-expo-donne-loccasion-aux-photographes-dexposer-leurs-oeuvres-artistiques\/#primaryimage","url":"https:\/\/cdn.editionap.ca\/wp-content\/uploads\/sites\/3\/2023\/07\/Photo-expo-2023-photo-web.jpg","contentUrl":"https:\/\/cdn.editionap.ca\/wp-content\/uploads\/sites\/3\/2023\/07\/Photo-expo-2023-photo-web.jpg","width":480,"height":600,"caption":"Photo de la pr\u00e9sentation de l\u2019\u00e9v\u00e8nement photo expo 2023. -photo fournie"},{"@type":"BreadcrumbList","@id":"https:\/\/refletnews.ca\/en\/culture\/photo-expo-donne-loccasion-aux-photographes-dexposer-leurs-oeuvres-artistiques\/#breadcrumb","itemListElement":[{"@type":"ListItem","position":1,"name":"Accueil","item":"https:\/\/refletnews.ca\/en\/"},{"@type":"ListItem","position":2,"name":"Photo expo donne l\u2019occasion aux photographes d\u2019exposer leurs \u0153uvres artistiques"}]},{"@type":"WebSite","@id":"https:\/\/refletnews.ca\/en\/#website","url":"https:\/\/refletnews.ca\/en\/","name":"Le Reflet \/ The News","description":"","potentialAction":[{"@type":"SearchAction","target":{"@type":"EntryPoint","urlTemplate":"https:\/\/refletnews.ca\/en\/?s={search_term_string}"},"query-input":{"@type":"PropertyValueSpecification","valueRequired":true,"valueName":"search_term_string"}}],"inLanguage":"en-CA"},{"@type":"Person","@id":"https:\/\/refletnews.ca\/en\/#\/schema\/person\/1fdf634ca04edc92f3a64c81c93ea93b","name":"Frederic Hountondji","image":{"@type":"ImageObject","inLanguage":"en-CA","@id":"https:\/\/secure.gravatar.com\/avatar\/69c842bf59ae1f3d8745e9531f2f94cd269651585be2e26d84ca44f0bd5ccebf?s=96&d=mm&r=g","url":"https:\/\/secure.gravatar.com\/avatar\/69c842bf59ae1f3d8745e9531f2f94cd269651585be2e26d84ca44f0bd5ccebf?s=96&d=mm&r=g","contentUrl":"https:\/\/secure.gravatar.com\/avatar\/69c842bf59ae1f3d8745e9531f2f94cd269651585be2e26d84ca44f0bd5ccebf?s=96&d=mm&r=g","caption":"Frederic Hountondji"}}]}},"_links":{"self":[{"href":"https:\/\/refletnews.ca\/en\/wp-json\/wp\/v2\/posts\/96397","targetHints":{"allow":["GET"]}}],"collection":[{"href":"https:\/\/refletnews.ca\/en\/wp-json\/wp\/v2\/posts"}],"about":[{"href":"https:\/\/refletnews.ca\/en\/wp-json\/wp\/v2\/types\/post"}],"author":[{"embeddable":true,"href":"https:\/\/refletnews.ca\/en\/wp-json\/wp\/v2\/users\/18"}],"replies":[{"embeddable":true,"href":"https:\/\/refletnews.ca\/en\/wp-json\/wp\/v2\/comments?post=96397"}],"version-history":[{"count":1,"href":"https:\/\/refletnews.ca\/en\/wp-json\/wp\/v2\/posts\/96397\/revisions"}],"predecessor-version":[{"id":129651,"href":"https:\/\/refletnews.ca\/en\/wp-json\/wp\/v2\/posts\/96397\/revisions\/129651"}],"wp:featuredmedia":[{"embeddable":true,"href":"https:\/\/refletnews.ca\/en\/wp-json\/wp\/v2\/media\/96398"}],"wp:attachment":[{"href":"https:\/\/refletnews.ca\/en\/wp-json\/wp\/v2\/media?parent=96397"}],"wp:term":[{"taxonomy":"category","embeddable":true,"href":"https:\/\/refletnews.ca\/en\/wp-json\/wp\/v2\/categories?post=96397"},{"taxonomy":"post_tag","embeddable":true,"href":"https:\/\/refletnews.ca\/en\/wp-json\/wp\/v2\/tags?post=96397"}],"curies":[{"name":"wp","href":"https:\/\/api.w.org\/{rel}","templated":true}]}}