{"id":6097,"date":"2020-09-20T16:43:38","date_gmt":"2020-09-20T16:43:39","guid":{"rendered":"https:\/\/editionap.ca\/2020\/09\/20\/la-capacite-de-depistage-plafonne\/"},"modified":"2025-12-09T22:10:16","modified_gmt":"2025-12-09T21:10:16","slug":"la-capacite-de-depistage-plafonne","status":"publish","type":"post","link":"https:\/\/refletnews.ca\/en\/actualites\/la-capacite-de-depistage-plafonne\/","title":{"rendered":"La capacit\u00e9 de d\u00e9pistage plafonne"},"content":{"rendered":"<p>Devant l\u2019augmentation massive des demandes de d\u00e9pistage de la COVID-19, certains centres de d\u00e9pistage ont d\u00fb cesser les tests pour la journ\u00e9e. Les gouvernements du Qu\u00e9bec et de l\u2019Ontario ont chacun manifest\u00e9, jeudi, la volont\u00e9 d\u2019augmenter la capacit\u00e9 de d\u00e9pistage \u00e0 50 000 tests par jour. En Ontario, les cas asymptomatiques seront envoy\u00e9s dans les pharmacies. Du c\u00f4t\u00e9 du Qu\u00e9bec, on songe \u00e0 des mesures pour limiter le testage aux groupes prioritaires.<\/p>\n","protected":false},"excerpt":{"rendered":"<p>La capacit\u00e9 de d\u00e9pistage de la COVID-19 plafonne dans plusieurs localit\u00e9s, mais la demande augmente.<\/p>\n","protected":false},"author":7,"featured_media":6098,"comment_status":"closed","ping_status":"open","sticky":false,"template":"","format":"standard","meta":{"_acf_changed":false,"footnotes":""},"categories":[37],"tags":[],"class_list":["post-6097","post","type-post","status-publish","format-standard","has-post-thumbnail","hentry","category-actualites"],"acf":[],"featured_media_global":[],"yoast_head":"<!-- This site is optimized with the Yoast SEO plugin v27.4 - https:\/\/yoast.com\/product\/yoast-seo-wordpress\/ -->\n<title>La capacit\u00e9 de d\u00e9pistage plafonne - Le Reflet \/ The News<\/title>\n<meta name=\"robots\" content=\"index, follow, max-snippet:-1, max-image-preview:large, max-video-preview:-1\" \/>\n<link rel=\"canonical\" href=\"https:\/\/refletnews.ca\/en\/actualites\/la-capacite-de-depistage-plafonne\/\" \/>\n<meta property=\"og:locale\" content=\"en_US\" \/>\n<meta property=\"og:type\" content=\"article\" \/>\n<meta property=\"og:title\" content=\"La capacit\u00e9 de d\u00e9pistage plafonne - Le Reflet \/ The News\" \/>\n<meta property=\"og:description\" content=\"La capacit\u00e9 de d\u00e9pistage de la COVID-19 plafonne dans plusieurs localit\u00e9s, mais la demande augmente.\" \/>\n<meta property=\"og:url\" content=\"https:\/\/refletnews.ca\/en\/actualites\/la-capacite-de-depistage-plafonne\/\" \/>\n<meta property=\"og:site_name\" content=\"Le Reflet \/ The News\" \/>\n<meta property=\"article:published_time\" content=\"2020-09-20T16:43:39+00:00\" \/>\n<meta property=\"article:modified_time\" content=\"2025-12-09T21:10:16+00:00\" \/>\n<meta property=\"og:image\" content=\"https:\/\/cdn.editionap.ca\/wp-content\/uploads\/sites\/3\/2020\/09\/19ac5e7f-9de1-4467-83a6-605edc82c701.jpg\" \/>\n\t<meta property=\"og:image:width\" content=\"1600\" \/>\n\t<meta property=\"og:image:height\" content=\"900\" \/>\n\t<meta property=\"og:image:type\" content=\"image\/jpeg\" \/>\n<meta name=\"author\" content=\"ezn2_spadmin\" \/>\n<meta name=\"twitter:card\" content=\"summary_large_image\" \/>\n<meta name=\"twitter:label1\" content=\"Written by\" \/>\n\t<meta name=\"twitter:data1\" content=\"ezn2_spadmin\" \/>\n<script type=\"application\/ld+json\" class=\"yoast-schema-graph\">{\"@context\":\"https:\\\/\\\/schema.org\",\"@graph\":[{\"@type\":\"Article\",\"@id\":\"https:\\\/\\\/refletnews.ca\\\/en\\\/actualites\\\/la-capacite-de-depistage-plafonne\\\/#article\",\"isPartOf\":{\"@id\":\"https:\\\/\\\/refletnews.ca\\\/en\\\/actualites\\\/la-capacite-de-depistage-plafonne\\\/\"},\"author\":{\"name\":\"ezn2_spadmin\",\"@id\":\"https:\\\/\\\/refletnews.ca\\\/en\\\/#\\\/schema\\\/person\\\/ecd8a97c76ea385f3027e987481ea16a\"},\"headline\":\"La capacit\u00e9 de d\u00e9pistage plafonne\",\"datePublished\":\"2020-09-20T16:43:39+00:00\",\"dateModified\":\"2025-12-09T21:10:16+00:00\",\"mainEntityOfPage\":{\"@id\":\"https:\\\/\\\/refletnews.ca\\\/en\\\/actualites\\\/la-capacite-de-depistage-plafonne\\\/\"},\"wordCount\":85,\"image\":{\"@id\":\"https:\\\/\\\/refletnews.ca\\\/en\\\/actualites\\\/la-capacite-de-depistage-plafonne\\\/#primaryimage\"},\"thumbnailUrl\":\"https:\\\/\\\/cdn.editionap.ca\\\/wp-content\\\/uploads\\\/sites\\\/3\\\/2020\\\/09\\\/19ac5e7f-9de1-4467-83a6-605edc82c701.jpg\",\"articleSection\":[\"Actualit\u00e9s\"],\"inLanguage\":\"en-CA\"},{\"@type\":\"WebPage\",\"@id\":\"https:\\\/\\\/refletnews.ca\\\/en\\\/actualites\\\/la-capacite-de-depistage-plafonne\\\/\",\"url\":\"https:\\\/\\\/refletnews.ca\\\/en\\\/actualites\\\/la-capacite-de-depistage-plafonne\\\/\",\"name\":\"La capacit\u00e9 de d\u00e9pistage plafonne - Le Reflet \\\/ The News\",\"isPartOf\":{\"@id\":\"https:\\\/\\\/refletnews.ca\\\/en\\\/#website\"},\"primaryImageOfPage\":{\"@id\":\"https:\\\/\\\/refletnews.ca\\\/en\\\/actualites\\\/la-capacite-de-depistage-plafonne\\\/#primaryimage\"},\"image\":{\"@id\":\"https:\\\/\\\/refletnews.ca\\\/en\\\/actualites\\\/la-capacite-de-depistage-plafonne\\\/#primaryimage\"},\"thumbnailUrl\":\"https:\\\/\\\/cdn.editionap.ca\\\/wp-content\\\/uploads\\\/sites\\\/3\\\/2020\\\/09\\\/19ac5e7f-9de1-4467-83a6-605edc82c701.jpg\",\"datePublished\":\"2020-09-20T16:43:39+00:00\",\"dateModified\":\"2025-12-09T21:10:16+00:00\",\"author\":{\"@id\":\"https:\\\/\\\/refletnews.ca\\\/en\\\/#\\\/schema\\\/person\\\/ecd8a97c76ea385f3027e987481ea16a\"},\"breadcrumb\":{\"@id\":\"https:\\\/\\\/refletnews.ca\\\/en\\\/actualites\\\/la-capacite-de-depistage-plafonne\\\/#breadcrumb\"},\"inLanguage\":\"en-CA\",\"potentialAction\":[{\"@type\":\"ReadAction\",\"target\":[\"https:\\\/\\\/refletnews.ca\\\/en\\\/actualites\\\/la-capacite-de-depistage-plafonne\\\/\"]}]},{\"@type\":\"ImageObject\",\"inLanguage\":\"en-CA\",\"@id\":\"https:\\\/\\\/refletnews.ca\\\/en\\\/actualites\\\/la-capacite-de-depistage-plafonne\\\/#primaryimage\",\"url\":\"https:\\\/\\\/cdn.editionap.ca\\\/wp-content\\\/uploads\\\/sites\\\/3\\\/2020\\\/09\\\/19ac5e7f-9de1-4467-83a6-605edc82c701.jpg\",\"contentUrl\":\"https:\\\/\\\/cdn.editionap.ca\\\/wp-content\\\/uploads\\\/sites\\\/3\\\/2020\\\/09\\\/19ac5e7f-9de1-4467-83a6-605edc82c701.jpg\",\"width\":1600,\"height\":900},{\"@type\":\"BreadcrumbList\",\"@id\":\"https:\\\/\\\/refletnews.ca\\\/en\\\/actualites\\\/la-capacite-de-depistage-plafonne\\\/#breadcrumb\",\"itemListElement\":[{\"@type\":\"ListItem\",\"position\":1,\"name\":\"Accueil\",\"item\":\"https:\\\/\\\/refletnews.ca\\\/en\\\/\"},{\"@type\":\"ListItem\",\"position\":2,\"name\":\"La capacit\u00e9 de d\u00e9pistage plafonne\"}]},{\"@type\":\"WebSite\",\"@id\":\"https:\\\/\\\/refletnews.ca\\\/en\\\/#website\",\"url\":\"https:\\\/\\\/refletnews.ca\\\/en\\\/\",\"name\":\"Le Reflet \\\/ The News\",\"description\":\"\",\"potentialAction\":[{\"@type\":\"SearchAction\",\"target\":{\"@type\":\"EntryPoint\",\"urlTemplate\":\"https:\\\/\\\/refletnews.ca\\\/en\\\/?s={search_term_string}\"},\"query-input\":{\"@type\":\"PropertyValueSpecification\",\"valueRequired\":true,\"valueName\":\"search_term_string\"}}],\"inLanguage\":\"en-CA\"},{\"@type\":\"Person\",\"@id\":\"https:\\\/\\\/refletnews.ca\\\/en\\\/#\\\/schema\\\/person\\\/ecd8a97c76ea385f3027e987481ea16a\",\"name\":\"ezn2_spadmin\",\"image\":{\"@type\":\"ImageObject\",\"inLanguage\":\"en-CA\",\"@id\":\"https:\\\/\\\/secure.gravatar.com\\\/avatar\\\/10a4f0f991cc37cefde2ecf3b88df276159d0bcf256623224d1025086c609a97?s=96&d=mm&r=g\",\"url\":\"https:\\\/\\\/secure.gravatar.com\\\/avatar\\\/10a4f0f991cc37cefde2ecf3b88df276159d0bcf256623224d1025086c609a97?s=96&d=mm&r=g\",\"contentUrl\":\"https:\\\/\\\/secure.gravatar.com\\\/avatar\\\/10a4f0f991cc37cefde2ecf3b88df276159d0bcf256623224d1025086c609a97?s=96&d=mm&r=g\",\"caption\":\"ezn2_spadmin\"}}]}<\/script>\n<!-- \/ Yoast SEO plugin. -->","yoast_head_json":{"title":"La capacit\u00e9 de d\u00e9pistage plafonne - Le Reflet \/ The News","robots":{"index":"index","follow":"follow","max-snippet":"max-snippet:-1","max-image-preview":"max-image-preview:large","max-video-preview":"max-video-preview:-1"},"canonical":"https:\/\/refletnews.ca\/en\/actualites\/la-capacite-de-depistage-plafonne\/","og_locale":"en_US","og_type":"article","og_title":"La capacit\u00e9 de d\u00e9pistage plafonne - Le Reflet \/ The News","og_description":"La capacit\u00e9 de d\u00e9pistage de la COVID-19 plafonne dans plusieurs localit\u00e9s, mais la demande augmente.","og_url":"https:\/\/refletnews.ca\/en\/actualites\/la-capacite-de-depistage-plafonne\/","og_site_name":"Le Reflet \/ The News","article_published_time":"2020-09-20T16:43:39+00:00","article_modified_time":"2025-12-09T21:10:16+00:00","og_image":[{"width":1600,"height":900,"url":"https:\/\/cdn.editionap.ca\/wp-content\/uploads\/sites\/3\/2020\/09\/19ac5e7f-9de1-4467-83a6-605edc82c701.jpg","type":"image\/jpeg"}],"author":"ezn2_spadmin","twitter_card":"summary_large_image","twitter_misc":{"Written by":"ezn2_spadmin"},"schema":{"@context":"https:\/\/schema.org","@graph":[{"@type":"Article","@id":"https:\/\/refletnews.ca\/en\/actualites\/la-capacite-de-depistage-plafonne\/#article","isPartOf":{"@id":"https:\/\/refletnews.ca\/en\/actualites\/la-capacite-de-depistage-plafonne\/"},"author":{"name":"ezn2_spadmin","@id":"https:\/\/refletnews.ca\/en\/#\/schema\/person\/ecd8a97c76ea385f3027e987481ea16a"},"headline":"La capacit\u00e9 de d\u00e9pistage plafonne","datePublished":"2020-09-20T16:43:39+00:00","dateModified":"2025-12-09T21:10:16+00:00","mainEntityOfPage":{"@id":"https:\/\/refletnews.ca\/en\/actualites\/la-capacite-de-depistage-plafonne\/"},"wordCount":85,"image":{"@id":"https:\/\/refletnews.ca\/en\/actualites\/la-capacite-de-depistage-plafonne\/#primaryimage"},"thumbnailUrl":"https:\/\/cdn.editionap.ca\/wp-content\/uploads\/sites\/3\/2020\/09\/19ac5e7f-9de1-4467-83a6-605edc82c701.jpg","articleSection":["Actualit\u00e9s"],"inLanguage":"en-CA"},{"@type":"WebPage","@id":"https:\/\/refletnews.ca\/en\/actualites\/la-capacite-de-depistage-plafonne\/","url":"https:\/\/refletnews.ca\/en\/actualites\/la-capacite-de-depistage-plafonne\/","name":"La capacit\u00e9 de d\u00e9pistage plafonne - Le Reflet \/ The News","isPartOf":{"@id":"https:\/\/refletnews.ca\/en\/#website"},"primaryImageOfPage":{"@id":"https:\/\/refletnews.ca\/en\/actualites\/la-capacite-de-depistage-plafonne\/#primaryimage"},"image":{"@id":"https:\/\/refletnews.ca\/en\/actualites\/la-capacite-de-depistage-plafonne\/#primaryimage"},"thumbnailUrl":"https:\/\/cdn.editionap.ca\/wp-content\/uploads\/sites\/3\/2020\/09\/19ac5e7f-9de1-4467-83a6-605edc82c701.jpg","datePublished":"2020-09-20T16:43:39+00:00","dateModified":"2025-12-09T21:10:16+00:00","author":{"@id":"https:\/\/refletnews.ca\/en\/#\/schema\/person\/ecd8a97c76ea385f3027e987481ea16a"},"breadcrumb":{"@id":"https:\/\/refletnews.ca\/en\/actualites\/la-capacite-de-depistage-plafonne\/#breadcrumb"},"inLanguage":"en-CA","potentialAction":[{"@type":"ReadAction","target":["https:\/\/refletnews.ca\/en\/actualites\/la-capacite-de-depistage-plafonne\/"]}]},{"@type":"ImageObject","inLanguage":"en-CA","@id":"https:\/\/refletnews.ca\/en\/actualites\/la-capacite-de-depistage-plafonne\/#primaryimage","url":"https:\/\/cdn.editionap.ca\/wp-content\/uploads\/sites\/3\/2020\/09\/19ac5e7f-9de1-4467-83a6-605edc82c701.jpg","contentUrl":"https:\/\/cdn.editionap.ca\/wp-content\/uploads\/sites\/3\/2020\/09\/19ac5e7f-9de1-4467-83a6-605edc82c701.jpg","width":1600,"height":900},{"@type":"BreadcrumbList","@id":"https:\/\/refletnews.ca\/en\/actualites\/la-capacite-de-depistage-plafonne\/#breadcrumb","itemListElement":[{"@type":"ListItem","position":1,"name":"Accueil","item":"https:\/\/refletnews.ca\/en\/"},{"@type":"ListItem","position":2,"name":"La capacit\u00e9 de d\u00e9pistage plafonne"}]},{"@type":"WebSite","@id":"https:\/\/refletnews.ca\/en\/#website","url":"https:\/\/refletnews.ca\/en\/","name":"Le Reflet \/ The News","description":"","potentialAction":[{"@type":"SearchAction","target":{"@type":"EntryPoint","urlTemplate":"https:\/\/refletnews.ca\/en\/?s={search_term_string}"},"query-input":{"@type":"PropertyValueSpecification","valueRequired":true,"valueName":"search_term_string"}}],"inLanguage":"en-CA"},{"@type":"Person","@id":"https:\/\/refletnews.ca\/en\/#\/schema\/person\/ecd8a97c76ea385f3027e987481ea16a","name":"ezn2_spadmin","image":{"@type":"ImageObject","inLanguage":"en-CA","@id":"https:\/\/secure.gravatar.com\/avatar\/10a4f0f991cc37cefde2ecf3b88df276159d0bcf256623224d1025086c609a97?s=96&d=mm&r=g","url":"https:\/\/secure.gravatar.com\/avatar\/10a4f0f991cc37cefde2ecf3b88df276159d0bcf256623224d1025086c609a97?s=96&d=mm&r=g","contentUrl":"https:\/\/secure.gravatar.com\/avatar\/10a4f0f991cc37cefde2ecf3b88df276159d0bcf256623224d1025086c609a97?s=96&d=mm&r=g","caption":"ezn2_spadmin"}}]}},"_links":{"self":[{"href":"https:\/\/refletnews.ca\/en\/wp-json\/wp\/v2\/posts\/6097","targetHints":{"allow":["GET"]}}],"collection":[{"href":"https:\/\/refletnews.ca\/en\/wp-json\/wp\/v2\/posts"}],"about":[{"href":"https:\/\/refletnews.ca\/en\/wp-json\/wp\/v2\/types\/post"}],"author":[{"embeddable":true,"href":"https:\/\/refletnews.ca\/en\/wp-json\/wp\/v2\/users\/7"}],"replies":[{"embeddable":true,"href":"https:\/\/refletnews.ca\/en\/wp-json\/wp\/v2\/comments?post=6097"}],"version-history":[{"count":1,"href":"https:\/\/refletnews.ca\/en\/wp-json\/wp\/v2\/posts\/6097\/revisions"}],"predecessor-version":[{"id":129357,"href":"https:\/\/refletnews.ca\/en\/wp-json\/wp\/v2\/posts\/6097\/revisions\/129357"}],"wp:featuredmedia":[{"embeddable":true,"href":"https:\/\/refletnews.ca\/en\/wp-json\/wp\/v2\/media\/6098"}],"wp:attachment":[{"href":"https:\/\/refletnews.ca\/en\/wp-json\/wp\/v2\/media?parent=6097"}],"wp:term":[{"taxonomy":"category","embeddable":true,"href":"https:\/\/refletnews.ca\/en\/wp-json\/wp\/v2\/categories?post=6097"},{"taxonomy":"post_tag","embeddable":true,"href":"https:\/\/refletnews.ca\/en\/wp-json\/wp\/v2\/tags?post=6097"}],"curies":[{"name":"wp","href":"https:\/\/api.w.org\/{rel}","templated":true}]}}