{"id":5925,"date":"2021-08-25T21:40:32","date_gmt":"2021-08-25T21:40:33","guid":{"rendered":"https:\/\/editionap.ca\/2021\/08\/25\/le-vaccin-covid-19-obligatoire-dans-les-milieux-a-haut-risque\/"},"modified":"2025-12-16T04:40:34","modified_gmt":"2025-12-16T03:40:34","slug":"le-vaccin-covid-19-obligatoire-dans-les-milieux-a-haut-risque","status":"publish","type":"post","link":"https:\/\/refletnews.ca\/en\/sante\/le-vaccin-covid-19-obligatoire-dans-les-milieux-a-haut-risque\/","title":{"rendered":"Le vaccin COVID-19 obligatoire dans les milieux \u00e0 haut risque"},"content":{"rendered":"<p>En raison du taux \u00e9lev\u00e9 de transmission du variant Delta, le gouvernement de l&#8217;Ontario et le m\u00e9decin hygi\u00e9niste en chef agissent pour stopper la quatri\u00e8me vague. Les personnes \u00e2g\u00e9es et les personnes dont le syst\u00e8me immunitaire est affaibli recevront une troisi\u00e8me dose de vaccin.&nbsp;<\/p>\n<p>\u00abBien que l&#8217;Ontario reste une juridiction de premier plan pour les premi\u00e8res et deuxi\u00e8mes doses administr\u00e9es et que nous ayons l&#8217;infrastructure en place pour g\u00e9rer les \u00e9pid\u00e9mies, le variant Delta est hautement transmissible et l&#8217;exp\u00e9rience d&#8217;autres juridictions montre que nous devons rester vigilants \u00e0 l&#8217;approche de l&#8217;automne, a d\u00e9clar\u00e9 Christine Elliott, vice-premi\u00e8re ministre et ministre de la Sant\u00e9. En prenant des mesures suppl\u00e9mentaires dans les milieux \u00e0 haut risque, nous prot\u00e9gerons davantage nos personnes les plus vuln\u00e9rables, nous pr\u00e9serverons la capacit\u00e9 des h\u00f4pitaux, nous assurerons un retour \u00e0 l&#8217;\u00e9cole en toute s\u00e9curit\u00e9 et nous garderons l&#8217;Ontario en \u00e9tat de marche.\u00bb&nbsp;<\/p>\n<p>Il est maintenant obligatoire pour toute personne qui travaille dans un milieu \u00e0 haut risque d&#8217;infection de recevoir les deux doses du vaccin. Les milieux \u00e0 haut risque comprennent les \u00e9tablissements postsecondaires, les maisons de retraite, les refuges pour femmes, les foyers de groupe et les centres de traitement pour enfants.&nbsp;<\/p>\n<p>Le nouveau mandat exige la mise en place d&#8217;une politique de vaccination pour les employ\u00e9s, les entrepreneurs, le personnel param\u00e9dical, les \u00e9tudiants et les b\u00e9n\u00e9voles dans tous les milieux \u00e0 risque \u00e9lev\u00e9. Les personnes doivent fournir la preuve d&#8217;une vaccination compl\u00e8te, d&#8217;une raison m\u00e9dicale de ne pas \u00eatre vaccin\u00e9 ou de la r\u00e9ussite d&#8217;une session \u00e9ducative sur la vaccination COVID-19. Les personnes qui ne fournissent pas de preuve de vaccination doivent se soumettre \u00e0 des tests antig\u00e9niques r\u00e9guliers. La politique de vaccination doit entrer en vigueur au plus tard le 7 septembre 2021.&nbsp;<\/p>\n<p>Le minist\u00e8re de l&#8217;\u00c9ducation introduira une politique de divulgation des vaccinations pour les \u00e9coles publiques et priv\u00e9es, ainsi que pour les \u00e9tablissements de garde d&#8217;enfants agr\u00e9\u00e9s. Tous les membres du personnel doivent indiquer s&#8217;ils sont vaccin\u00e9s contre la COVID-19, et ceux qui ne le sont pas subiront un test rapide d&#8217;antig\u00e8ne. Le minist\u00e8re pr\u00e9voit d&#8217;organiser des cliniques de vaccination volontaire pour les \u00e9coles afin de rendre la vaccination plus pratique. Le vaccin Pfizer sera disponible pour les enfants qui atteignent l&#8217;\u00e2ge de 12 ans d&#8217;ici la fin de 2021.&nbsp;<\/p>\n<p>\u00abAvec l&#8217;appui du m\u00e9decin hygi\u00e9niste en chef de l&#8217;Ontario, notre gouvernement prend des mesures pour rendre les \u00e9coles aussi s\u00fbres que possible, a d\u00e9clar\u00e9 Stephen Lecce, ministre de l&#8217;\u00c9ducation. Notre plan prot\u00e9gera nos \u00e9coles, assurera la rapidit\u00e9 de la recherche des contacts, le tout dans l&#8217;intention de les garder ouvertes pour le bien des \u00e9l\u00e8ves de l&#8217;Ontario.\u00bb&nbsp;<\/p>\n<p>La province commencera \u00e9galement \u00e0 offrir des troisi\u00e8mes doses du vaccin COVID-19 aux personnes class\u00e9es comme \u00e9tant \u00e0 haut risque. Il s&#8217;agit des personnes ayant subi une greffe, des personnes atteintes d&#8217;un cancer h\u00e9matologique ou trait\u00e9es pour cette maladie, des personnes ayant re\u00e7u un agent anti-CD20 et des r\u00e9sidents de foyers de soins de longue dur\u00e9e, de maisons de retraite et de foyers pour personnes \u00e2g\u00e9es des Premi\u00e8res Nations.&nbsp;<\/p>\n","protected":false},"excerpt":{"rendered":"<p>Le gouvernement de l&#8217;Ontario prend des mesures pour prot\u00e9ger les citoyens les plus vuln\u00e9rables.<\/p>\n","protected":false},"author":7,"featured_media":5926,"comment_status":"closed","ping_status":"open","sticky":false,"template":"","format":"standard","meta":{"_acf_changed":false,"footnotes":""},"categories":[49],"tags":[],"class_list":["post-5925","post","type-post","status-publish","format-standard","has-post-thumbnail","hentry","category-sante"],"acf":[],"featured_media_global":[],"yoast_head":"<!-- This site is optimized with the Yoast SEO plugin v27.5 - https:\/\/yoast.com\/product\/yoast-seo-wordpress\/ -->\n<title>Le vaccin COVID-19 obligatoire dans les milieux \u00e0 haut risque - Le Reflet \/ The News<\/title>\n<meta name=\"robots\" content=\"index, follow, max-snippet:-1, max-image-preview:large, max-video-preview:-1\" \/>\n<link rel=\"canonical\" href=\"https:\/\/refletnews.ca\/en\/sante\/le-vaccin-covid-19-obligatoire-dans-les-milieux-a-haut-risque\/\" \/>\n<meta property=\"og:locale\" content=\"en_US\" \/>\n<meta property=\"og:type\" content=\"article\" \/>\n<meta property=\"og:title\" content=\"Le vaccin COVID-19 obligatoire dans les milieux \u00e0 haut risque - Le Reflet \/ The News\" \/>\n<meta property=\"og:description\" content=\"Le gouvernement de l&#039;Ontario prend des mesures pour prot\u00e9ger les citoyens les plus vuln\u00e9rables.\" \/>\n<meta property=\"og:url\" content=\"https:\/\/refletnews.ca\/en\/sante\/le-vaccin-covid-19-obligatoire-dans-les-milieux-a-haut-risque\/\" \/>\n<meta property=\"og:site_name\" content=\"Le Reflet \/ The News\" \/>\n<meta property=\"article:published_time\" content=\"2021-08-25T21:40:33+00:00\" \/>\n<meta property=\"article:modified_time\" content=\"2025-12-16T03:40:34+00:00\" \/>\n<meta property=\"og:image\" content=\"https:\/\/cdn.editionap.ca\/wp-content\/uploads\/sites\/3\/2021\/08\/efd19ab2-09d1-42af-ae31-cc96b11ad1ad.jpg\" \/>\n\t<meta property=\"og:image:width\" content=\"973\" \/>\n\t<meta property=\"og:image:height\" content=\"485\" \/>\n\t<meta property=\"og:image:type\" content=\"image\/jpeg\" \/>\n<meta name=\"author\" content=\"ezn2_spadmin\" \/>\n<meta name=\"twitter:card\" content=\"summary_large_image\" \/>\n<meta name=\"twitter:label1\" content=\"Written by\" \/>\n\t<meta name=\"twitter:data1\" content=\"ezn2_spadmin\" \/>\n\t<meta name=\"twitter:label2\" content=\"Est. reading time\" \/>\n\t<meta name=\"twitter:data2\" content=\"3 minutes\" \/>\n<script type=\"application\/ld+json\" class=\"yoast-schema-graph\">{\"@context\":\"https:\\\/\\\/schema.org\",\"@graph\":[{\"@type\":\"Article\",\"@id\":\"https:\\\/\\\/refletnews.ca\\\/en\\\/sante\\\/le-vaccin-covid-19-obligatoire-dans-les-milieux-a-haut-risque\\\/#article\",\"isPartOf\":{\"@id\":\"https:\\\/\\\/refletnews.ca\\\/en\\\/sante\\\/le-vaccin-covid-19-obligatoire-dans-les-milieux-a-haut-risque\\\/\"},\"author\":{\"name\":\"ezn2_spadmin\",\"@id\":\"https:\\\/\\\/refletnews.ca\\\/en\\\/#\\\/schema\\\/person\\\/ecd8a97c76ea385f3027e987481ea16a\"},\"headline\":\"Le vaccin COVID-19 obligatoire dans les milieux \u00e0 haut risque\",\"datePublished\":\"2021-08-25T21:40:33+00:00\",\"dateModified\":\"2025-12-16T03:40:34+00:00\",\"mainEntityOfPage\":{\"@id\":\"https:\\\/\\\/refletnews.ca\\\/en\\\/sante\\\/le-vaccin-covid-19-obligatoire-dans-les-milieux-a-haut-risque\\\/\"},\"wordCount\":585,\"image\":{\"@id\":\"https:\\\/\\\/refletnews.ca\\\/en\\\/sante\\\/le-vaccin-covid-19-obligatoire-dans-les-milieux-a-haut-risque\\\/#primaryimage\"},\"thumbnailUrl\":\"https:\\\/\\\/cdn.editionap.ca\\\/wp-content\\\/uploads\\\/sites\\\/3\\\/2021\\\/08\\\/efd19ab2-09d1-42af-ae31-cc96b11ad1ad.jpg\",\"articleSection\":[\"Sant\u00e9\"],\"inLanguage\":\"en-CA\"},{\"@type\":\"WebPage\",\"@id\":\"https:\\\/\\\/refletnews.ca\\\/en\\\/sante\\\/le-vaccin-covid-19-obligatoire-dans-les-milieux-a-haut-risque\\\/\",\"url\":\"https:\\\/\\\/refletnews.ca\\\/en\\\/sante\\\/le-vaccin-covid-19-obligatoire-dans-les-milieux-a-haut-risque\\\/\",\"name\":\"Le vaccin COVID-19 obligatoire dans les milieux \u00e0 haut risque - Le Reflet \\\/ The News\",\"isPartOf\":{\"@id\":\"https:\\\/\\\/refletnews.ca\\\/en\\\/#website\"},\"primaryImageOfPage\":{\"@id\":\"https:\\\/\\\/refletnews.ca\\\/en\\\/sante\\\/le-vaccin-covid-19-obligatoire-dans-les-milieux-a-haut-risque\\\/#primaryimage\"},\"image\":{\"@id\":\"https:\\\/\\\/refletnews.ca\\\/en\\\/sante\\\/le-vaccin-covid-19-obligatoire-dans-les-milieux-a-haut-risque\\\/#primaryimage\"},\"thumbnailUrl\":\"https:\\\/\\\/cdn.editionap.ca\\\/wp-content\\\/uploads\\\/sites\\\/3\\\/2021\\\/08\\\/efd19ab2-09d1-42af-ae31-cc96b11ad1ad.jpg\",\"datePublished\":\"2021-08-25T21:40:33+00:00\",\"dateModified\":\"2025-12-16T03:40:34+00:00\",\"author\":{\"@id\":\"https:\\\/\\\/refletnews.ca\\\/en\\\/#\\\/schema\\\/person\\\/ecd8a97c76ea385f3027e987481ea16a\"},\"breadcrumb\":{\"@id\":\"https:\\\/\\\/refletnews.ca\\\/en\\\/sante\\\/le-vaccin-covid-19-obligatoire-dans-les-milieux-a-haut-risque\\\/#breadcrumb\"},\"inLanguage\":\"en-CA\",\"potentialAction\":[{\"@type\":\"ReadAction\",\"target\":[\"https:\\\/\\\/refletnews.ca\\\/en\\\/sante\\\/le-vaccin-covid-19-obligatoire-dans-les-milieux-a-haut-risque\\\/\"]}]},{\"@type\":\"ImageObject\",\"inLanguage\":\"en-CA\",\"@id\":\"https:\\\/\\\/refletnews.ca\\\/en\\\/sante\\\/le-vaccin-covid-19-obligatoire-dans-les-milieux-a-haut-risque\\\/#primaryimage\",\"url\":\"https:\\\/\\\/cdn.editionap.ca\\\/wp-content\\\/uploads\\\/sites\\\/3\\\/2021\\\/08\\\/efd19ab2-09d1-42af-ae31-cc96b11ad1ad.jpg\",\"contentUrl\":\"https:\\\/\\\/cdn.editionap.ca\\\/wp-content\\\/uploads\\\/sites\\\/3\\\/2021\\\/08\\\/efd19ab2-09d1-42af-ae31-cc96b11ad1ad.jpg\",\"width\":973,\"height\":485},{\"@type\":\"BreadcrumbList\",\"@id\":\"https:\\\/\\\/refletnews.ca\\\/en\\\/sante\\\/le-vaccin-covid-19-obligatoire-dans-les-milieux-a-haut-risque\\\/#breadcrumb\",\"itemListElement\":[{\"@type\":\"ListItem\",\"position\":1,\"name\":\"Accueil\",\"item\":\"https:\\\/\\\/refletnews.ca\\\/en\\\/\"},{\"@type\":\"ListItem\",\"position\":2,\"name\":\"Le vaccin COVID-19 obligatoire dans les milieux \u00e0 haut risque\"}]},{\"@type\":\"WebSite\",\"@id\":\"https:\\\/\\\/refletnews.ca\\\/en\\\/#website\",\"url\":\"https:\\\/\\\/refletnews.ca\\\/en\\\/\",\"name\":\"Le Reflet \\\/ The News\",\"description\":\"\",\"potentialAction\":[{\"@type\":\"SearchAction\",\"target\":{\"@type\":\"EntryPoint\",\"urlTemplate\":\"https:\\\/\\\/refletnews.ca\\\/en\\\/?s={search_term_string}\"},\"query-input\":{\"@type\":\"PropertyValueSpecification\",\"valueRequired\":true,\"valueName\":\"search_term_string\"}}],\"inLanguage\":\"en-CA\"},{\"@type\":\"Person\",\"@id\":\"https:\\\/\\\/refletnews.ca\\\/en\\\/#\\\/schema\\\/person\\\/ecd8a97c76ea385f3027e987481ea16a\",\"name\":\"ezn2_spadmin\",\"image\":{\"@type\":\"ImageObject\",\"inLanguage\":\"en-CA\",\"@id\":\"https:\\\/\\\/secure.gravatar.com\\\/avatar\\\/10a4f0f991cc37cefde2ecf3b88df276159d0bcf256623224d1025086c609a97?s=96&d=mm&r=g\",\"url\":\"https:\\\/\\\/secure.gravatar.com\\\/avatar\\\/10a4f0f991cc37cefde2ecf3b88df276159d0bcf256623224d1025086c609a97?s=96&d=mm&r=g\",\"contentUrl\":\"https:\\\/\\\/secure.gravatar.com\\\/avatar\\\/10a4f0f991cc37cefde2ecf3b88df276159d0bcf256623224d1025086c609a97?s=96&d=mm&r=g\",\"caption\":\"ezn2_spadmin\"}}]}<\/script>\n<!-- \/ Yoast SEO plugin. -->","yoast_head_json":{"title":"Le vaccin COVID-19 obligatoire dans les milieux \u00e0 haut risque - Le Reflet \/ The News","robots":{"index":"index","follow":"follow","max-snippet":"max-snippet:-1","max-image-preview":"max-image-preview:large","max-video-preview":"max-video-preview:-1"},"canonical":"https:\/\/refletnews.ca\/en\/sante\/le-vaccin-covid-19-obligatoire-dans-les-milieux-a-haut-risque\/","og_locale":"en_US","og_type":"article","og_title":"Le vaccin COVID-19 obligatoire dans les milieux \u00e0 haut risque - Le Reflet \/ The News","og_description":"Le gouvernement de l'Ontario prend des mesures pour prot\u00e9ger les citoyens les plus vuln\u00e9rables.","og_url":"https:\/\/refletnews.ca\/en\/sante\/le-vaccin-covid-19-obligatoire-dans-les-milieux-a-haut-risque\/","og_site_name":"Le Reflet \/ The News","article_published_time":"2021-08-25T21:40:33+00:00","article_modified_time":"2025-12-16T03:40:34+00:00","og_image":[{"width":973,"height":485,"url":"https:\/\/cdn.editionap.ca\/wp-content\/uploads\/sites\/3\/2021\/08\/efd19ab2-09d1-42af-ae31-cc96b11ad1ad.jpg","type":"image\/jpeg"}],"author":"ezn2_spadmin","twitter_card":"summary_large_image","twitter_misc":{"Written by":"ezn2_spadmin","Est. reading time":"3 minutes"},"schema":{"@context":"https:\/\/schema.org","@graph":[{"@type":"Article","@id":"https:\/\/refletnews.ca\/en\/sante\/le-vaccin-covid-19-obligatoire-dans-les-milieux-a-haut-risque\/#article","isPartOf":{"@id":"https:\/\/refletnews.ca\/en\/sante\/le-vaccin-covid-19-obligatoire-dans-les-milieux-a-haut-risque\/"},"author":{"name":"ezn2_spadmin","@id":"https:\/\/refletnews.ca\/en\/#\/schema\/person\/ecd8a97c76ea385f3027e987481ea16a"},"headline":"Le vaccin COVID-19 obligatoire dans les milieux \u00e0 haut risque","datePublished":"2021-08-25T21:40:33+00:00","dateModified":"2025-12-16T03:40:34+00:00","mainEntityOfPage":{"@id":"https:\/\/refletnews.ca\/en\/sante\/le-vaccin-covid-19-obligatoire-dans-les-milieux-a-haut-risque\/"},"wordCount":585,"image":{"@id":"https:\/\/refletnews.ca\/en\/sante\/le-vaccin-covid-19-obligatoire-dans-les-milieux-a-haut-risque\/#primaryimage"},"thumbnailUrl":"https:\/\/cdn.editionap.ca\/wp-content\/uploads\/sites\/3\/2021\/08\/efd19ab2-09d1-42af-ae31-cc96b11ad1ad.jpg","articleSection":["Sant\u00e9"],"inLanguage":"en-CA"},{"@type":"WebPage","@id":"https:\/\/refletnews.ca\/en\/sante\/le-vaccin-covid-19-obligatoire-dans-les-milieux-a-haut-risque\/","url":"https:\/\/refletnews.ca\/en\/sante\/le-vaccin-covid-19-obligatoire-dans-les-milieux-a-haut-risque\/","name":"Le vaccin COVID-19 obligatoire dans les milieux \u00e0 haut risque - Le Reflet \/ The News","isPartOf":{"@id":"https:\/\/refletnews.ca\/en\/#website"},"primaryImageOfPage":{"@id":"https:\/\/refletnews.ca\/en\/sante\/le-vaccin-covid-19-obligatoire-dans-les-milieux-a-haut-risque\/#primaryimage"},"image":{"@id":"https:\/\/refletnews.ca\/en\/sante\/le-vaccin-covid-19-obligatoire-dans-les-milieux-a-haut-risque\/#primaryimage"},"thumbnailUrl":"https:\/\/cdn.editionap.ca\/wp-content\/uploads\/sites\/3\/2021\/08\/efd19ab2-09d1-42af-ae31-cc96b11ad1ad.jpg","datePublished":"2021-08-25T21:40:33+00:00","dateModified":"2025-12-16T03:40:34+00:00","author":{"@id":"https:\/\/refletnews.ca\/en\/#\/schema\/person\/ecd8a97c76ea385f3027e987481ea16a"},"breadcrumb":{"@id":"https:\/\/refletnews.ca\/en\/sante\/le-vaccin-covid-19-obligatoire-dans-les-milieux-a-haut-risque\/#breadcrumb"},"inLanguage":"en-CA","potentialAction":[{"@type":"ReadAction","target":["https:\/\/refletnews.ca\/en\/sante\/le-vaccin-covid-19-obligatoire-dans-les-milieux-a-haut-risque\/"]}]},{"@type":"ImageObject","inLanguage":"en-CA","@id":"https:\/\/refletnews.ca\/en\/sante\/le-vaccin-covid-19-obligatoire-dans-les-milieux-a-haut-risque\/#primaryimage","url":"https:\/\/cdn.editionap.ca\/wp-content\/uploads\/sites\/3\/2021\/08\/efd19ab2-09d1-42af-ae31-cc96b11ad1ad.jpg","contentUrl":"https:\/\/cdn.editionap.ca\/wp-content\/uploads\/sites\/3\/2021\/08\/efd19ab2-09d1-42af-ae31-cc96b11ad1ad.jpg","width":973,"height":485},{"@type":"BreadcrumbList","@id":"https:\/\/refletnews.ca\/en\/sante\/le-vaccin-covid-19-obligatoire-dans-les-milieux-a-haut-risque\/#breadcrumb","itemListElement":[{"@type":"ListItem","position":1,"name":"Accueil","item":"https:\/\/refletnews.ca\/en\/"},{"@type":"ListItem","position":2,"name":"Le vaccin COVID-19 obligatoire dans les milieux \u00e0 haut risque"}]},{"@type":"WebSite","@id":"https:\/\/refletnews.ca\/en\/#website","url":"https:\/\/refletnews.ca\/en\/","name":"Le Reflet \/ The News","description":"","potentialAction":[{"@type":"SearchAction","target":{"@type":"EntryPoint","urlTemplate":"https:\/\/refletnews.ca\/en\/?s={search_term_string}"},"query-input":{"@type":"PropertyValueSpecification","valueRequired":true,"valueName":"search_term_string"}}],"inLanguage":"en-CA"},{"@type":"Person","@id":"https:\/\/refletnews.ca\/en\/#\/schema\/person\/ecd8a97c76ea385f3027e987481ea16a","name":"ezn2_spadmin","image":{"@type":"ImageObject","inLanguage":"en-CA","@id":"https:\/\/secure.gravatar.com\/avatar\/10a4f0f991cc37cefde2ecf3b88df276159d0bcf256623224d1025086c609a97?s=96&d=mm&r=g","url":"https:\/\/secure.gravatar.com\/avatar\/10a4f0f991cc37cefde2ecf3b88df276159d0bcf256623224d1025086c609a97?s=96&d=mm&r=g","contentUrl":"https:\/\/secure.gravatar.com\/avatar\/10a4f0f991cc37cefde2ecf3b88df276159d0bcf256623224d1025086c609a97?s=96&d=mm&r=g","caption":"ezn2_spadmin"}}]}},"_links":{"self":[{"href":"https:\/\/refletnews.ca\/en\/wp-json\/wp\/v2\/posts\/5925","targetHints":{"allow":["GET"]}}],"collection":[{"href":"https:\/\/refletnews.ca\/en\/wp-json\/wp\/v2\/posts"}],"about":[{"href":"https:\/\/refletnews.ca\/en\/wp-json\/wp\/v2\/types\/post"}],"author":[{"embeddable":true,"href":"https:\/\/refletnews.ca\/en\/wp-json\/wp\/v2\/users\/7"}],"replies":[{"embeddable":true,"href":"https:\/\/refletnews.ca\/en\/wp-json\/wp\/v2\/comments?post=5925"}],"version-history":[{"count":1,"href":"https:\/\/refletnews.ca\/en\/wp-json\/wp\/v2\/posts\/5925\/revisions"}],"predecessor-version":[{"id":129668,"href":"https:\/\/refletnews.ca\/en\/wp-json\/wp\/v2\/posts\/5925\/revisions\/129668"}],"wp:featuredmedia":[{"embeddable":true,"href":"https:\/\/refletnews.ca\/en\/wp-json\/wp\/v2\/media\/5926"}],"wp:attachment":[{"href":"https:\/\/refletnews.ca\/en\/wp-json\/wp\/v2\/media?parent=5925"}],"wp:term":[{"taxonomy":"category","embeddable":true,"href":"https:\/\/refletnews.ca\/en\/wp-json\/wp\/v2\/categories?post=5925"},{"taxonomy":"post_tag","embeddable":true,"href":"https:\/\/refletnews.ca\/en\/wp-json\/wp\/v2\/tags?post=5925"}],"curies":[{"name":"wp","href":"https:\/\/api.w.org\/{rel}","templated":true}]}}