{"id":5392,"date":"2019-11-13T22:39:35","date_gmt":"2019-11-13T22:39:35","guid":{"rendered":"https:\/\/editionap.ca\/2019\/11\/13\/un-recueil-sur-25-personnalites-dici\/"},"modified":"2025-12-16T04:30:20","modified_gmt":"2025-12-16T03:30:20","slug":"un-recueil-sur-25-personnalites-dici","status":"publish","type":"post","link":"https:\/\/refletnews.ca\/en\/culture\/un-recueil-sur-25-personnalites-dici\/","title":{"rendered":"Un recueil sur 25 personnalit\u00e9s d\u2019ici"},"content":{"rendered":"<p>C\u2019est en collaboration avec le R\u00e9seau du patrimoine franco-ontarien et par l\u2019entremise d\u2019une \u00e9dition sp\u00e9ciale du Cha\u00eenon que ce recueil sortira sur les tablettes. \u00ab Je voulais faire connaitre ces personnalit\u00e9s et leur rendre hommage, a expliqu\u00e9 Mme Carri\u00e8re-Paris. Je d\u00e9sirais vraiment appuyer la rel\u00e8ve \u00e9mergente \u00e0 la recherche de mod\u00e8les positifs et accessibles. \u00bb<\/p>\n","protected":false},"excerpt":{"rendered":"<p>Elles sont 25. Vingt-cinq personnalit\u00e9s franco-ontariennes qui ont inspir\u00e9 Danielle Carri\u00e8re-Paris \u00e0 leur rendre hommage, dans un livre qui sortira fin novembre.<\/p>\n","protected":false},"author":7,"featured_media":5393,"comment_status":"closed","ping_status":"open","sticky":false,"template":"","format":"standard","meta":{"_acf_changed":false,"footnotes":""},"categories":[42],"tags":[],"class_list":["post-5392","post","type-post","status-publish","format-standard","has-post-thumbnail","hentry","category-culture"],"acf":[],"featured_media_global":[],"yoast_head":"<!-- This site is optimized with the Yoast SEO plugin v27.4 - https:\/\/yoast.com\/product\/yoast-seo-wordpress\/ -->\n<title>Un recueil sur 25 personnalit\u00e9s d\u2019ici - Le Reflet \/ The News<\/title>\n<meta name=\"robots\" content=\"index, follow, max-snippet:-1, max-image-preview:large, max-video-preview:-1\" \/>\n<link rel=\"canonical\" href=\"https:\/\/refletnews.ca\/en\/culture\/un-recueil-sur-25-personnalites-dici\/\" \/>\n<meta property=\"og:locale\" content=\"en_US\" \/>\n<meta property=\"og:type\" content=\"article\" \/>\n<meta property=\"og:title\" content=\"Un recueil sur 25 personnalit\u00e9s d\u2019ici - Le Reflet \/ The News\" \/>\n<meta property=\"og:description\" content=\"Elles sont 25. Vingt-cinq personnalit\u00e9s franco-ontariennes qui ont inspir\u00e9 Danielle Carri\u00e8re-Paris \u00e0 leur rendre hommage, dans un livre qui sortira fin novembre.\" \/>\n<meta property=\"og:url\" content=\"https:\/\/refletnews.ca\/en\/culture\/un-recueil-sur-25-personnalites-dici\/\" \/>\n<meta property=\"og:site_name\" content=\"Le Reflet \/ The News\" \/>\n<meta property=\"article:published_time\" content=\"2019-11-13T22:39:35+00:00\" \/>\n<meta property=\"article:modified_time\" content=\"2025-12-16T03:30:20+00:00\" \/>\n<meta property=\"og:image\" content=\"https:\/\/cdn.editionap.ca\/wp-content\/uploads\/sites\/3\/2019\/11\/024f97be-ac64-43ef-8a2d-9438ea2905e1-scaled-1.jpg\" \/>\n\t<meta property=\"og:image:width\" content=\"2560\" \/>\n\t<meta property=\"og:image:height\" content=\"1368\" \/>\n\t<meta property=\"og:image:type\" content=\"image\/jpeg\" \/>\n<meta name=\"author\" content=\"ezn2_spadmin\" \/>\n<meta name=\"twitter:card\" content=\"summary_large_image\" \/>\n<meta name=\"twitter:label1\" content=\"Written by\" \/>\n\t<meta name=\"twitter:data1\" content=\"ezn2_spadmin\" \/>\n<script type=\"application\/ld+json\" class=\"yoast-schema-graph\">{\"@context\":\"https:\\\/\\\/schema.org\",\"@graph\":[{\"@type\":\"Article\",\"@id\":\"https:\\\/\\\/refletnews.ca\\\/en\\\/culture\\\/un-recueil-sur-25-personnalites-dici\\\/#article\",\"isPartOf\":{\"@id\":\"https:\\\/\\\/refletnews.ca\\\/en\\\/culture\\\/un-recueil-sur-25-personnalites-dici\\\/\"},\"author\":{\"name\":\"ezn2_spadmin\",\"@id\":\"https:\\\/\\\/refletnews.ca\\\/en\\\/#\\\/schema\\\/person\\\/ecd8a97c76ea385f3027e987481ea16a\"},\"headline\":\"Un recueil sur 25 personnalit\u00e9s d\u2019ici\",\"datePublished\":\"2019-11-13T22:39:35+00:00\",\"dateModified\":\"2025-12-16T03:30:20+00:00\",\"mainEntityOfPage\":{\"@id\":\"https:\\\/\\\/refletnews.ca\\\/en\\\/culture\\\/un-recueil-sur-25-personnalites-dici\\\/\"},\"wordCount\":70,\"image\":{\"@id\":\"https:\\\/\\\/refletnews.ca\\\/en\\\/culture\\\/un-recueil-sur-25-personnalites-dici\\\/#primaryimage\"},\"thumbnailUrl\":\"https:\\\/\\\/cdn.editionap.ca\\\/wp-content\\\/uploads\\\/sites\\\/3\\\/2019\\\/11\\\/024f97be-ac64-43ef-8a2d-9438ea2905e1-scaled-1.jpg\",\"articleSection\":[\"Culture\"],\"inLanguage\":\"en-CA\"},{\"@type\":\"WebPage\",\"@id\":\"https:\\\/\\\/refletnews.ca\\\/en\\\/culture\\\/un-recueil-sur-25-personnalites-dici\\\/\",\"url\":\"https:\\\/\\\/refletnews.ca\\\/en\\\/culture\\\/un-recueil-sur-25-personnalites-dici\\\/\",\"name\":\"Un recueil sur 25 personnalit\u00e9s d\u2019ici - Le Reflet \\\/ The News\",\"isPartOf\":{\"@id\":\"https:\\\/\\\/refletnews.ca\\\/en\\\/#website\"},\"primaryImageOfPage\":{\"@id\":\"https:\\\/\\\/refletnews.ca\\\/en\\\/culture\\\/un-recueil-sur-25-personnalites-dici\\\/#primaryimage\"},\"image\":{\"@id\":\"https:\\\/\\\/refletnews.ca\\\/en\\\/culture\\\/un-recueil-sur-25-personnalites-dici\\\/#primaryimage\"},\"thumbnailUrl\":\"https:\\\/\\\/cdn.editionap.ca\\\/wp-content\\\/uploads\\\/sites\\\/3\\\/2019\\\/11\\\/024f97be-ac64-43ef-8a2d-9438ea2905e1-scaled-1.jpg\",\"datePublished\":\"2019-11-13T22:39:35+00:00\",\"dateModified\":\"2025-12-16T03:30:20+00:00\",\"author\":{\"@id\":\"https:\\\/\\\/refletnews.ca\\\/en\\\/#\\\/schema\\\/person\\\/ecd8a97c76ea385f3027e987481ea16a\"},\"breadcrumb\":{\"@id\":\"https:\\\/\\\/refletnews.ca\\\/en\\\/culture\\\/un-recueil-sur-25-personnalites-dici\\\/#breadcrumb\"},\"inLanguage\":\"en-CA\",\"potentialAction\":[{\"@type\":\"ReadAction\",\"target\":[\"https:\\\/\\\/refletnews.ca\\\/en\\\/culture\\\/un-recueil-sur-25-personnalites-dici\\\/\"]}]},{\"@type\":\"ImageObject\",\"inLanguage\":\"en-CA\",\"@id\":\"https:\\\/\\\/refletnews.ca\\\/en\\\/culture\\\/un-recueil-sur-25-personnalites-dici\\\/#primaryimage\",\"url\":\"https:\\\/\\\/cdn.editionap.ca\\\/wp-content\\\/uploads\\\/sites\\\/3\\\/2019\\\/11\\\/024f97be-ac64-43ef-8a2d-9438ea2905e1-scaled-1.jpg\",\"contentUrl\":\"https:\\\/\\\/cdn.editionap.ca\\\/wp-content\\\/uploads\\\/sites\\\/3\\\/2019\\\/11\\\/024f97be-ac64-43ef-8a2d-9438ea2905e1-scaled-1.jpg\",\"width\":2560,\"height\":1368},{\"@type\":\"BreadcrumbList\",\"@id\":\"https:\\\/\\\/refletnews.ca\\\/en\\\/culture\\\/un-recueil-sur-25-personnalites-dici\\\/#breadcrumb\",\"itemListElement\":[{\"@type\":\"ListItem\",\"position\":1,\"name\":\"Accueil\",\"item\":\"https:\\\/\\\/refletnews.ca\\\/en\\\/\"},{\"@type\":\"ListItem\",\"position\":2,\"name\":\"Un recueil sur 25 personnalit\u00e9s d\u2019ici\"}]},{\"@type\":\"WebSite\",\"@id\":\"https:\\\/\\\/refletnews.ca\\\/en\\\/#website\",\"url\":\"https:\\\/\\\/refletnews.ca\\\/en\\\/\",\"name\":\"Le Reflet \\\/ The News\",\"description\":\"\",\"potentialAction\":[{\"@type\":\"SearchAction\",\"target\":{\"@type\":\"EntryPoint\",\"urlTemplate\":\"https:\\\/\\\/refletnews.ca\\\/en\\\/?s={search_term_string}\"},\"query-input\":{\"@type\":\"PropertyValueSpecification\",\"valueRequired\":true,\"valueName\":\"search_term_string\"}}],\"inLanguage\":\"en-CA\"},{\"@type\":\"Person\",\"@id\":\"https:\\\/\\\/refletnews.ca\\\/en\\\/#\\\/schema\\\/person\\\/ecd8a97c76ea385f3027e987481ea16a\",\"name\":\"ezn2_spadmin\",\"image\":{\"@type\":\"ImageObject\",\"inLanguage\":\"en-CA\",\"@id\":\"https:\\\/\\\/secure.gravatar.com\\\/avatar\\\/10a4f0f991cc37cefde2ecf3b88df276159d0bcf256623224d1025086c609a97?s=96&d=mm&r=g\",\"url\":\"https:\\\/\\\/secure.gravatar.com\\\/avatar\\\/10a4f0f991cc37cefde2ecf3b88df276159d0bcf256623224d1025086c609a97?s=96&d=mm&r=g\",\"contentUrl\":\"https:\\\/\\\/secure.gravatar.com\\\/avatar\\\/10a4f0f991cc37cefde2ecf3b88df276159d0bcf256623224d1025086c609a97?s=96&d=mm&r=g\",\"caption\":\"ezn2_spadmin\"}}]}<\/script>\n<!-- \/ Yoast SEO plugin. -->","yoast_head_json":{"title":"Un recueil sur 25 personnalit\u00e9s d\u2019ici - Le Reflet \/ The News","robots":{"index":"index","follow":"follow","max-snippet":"max-snippet:-1","max-image-preview":"max-image-preview:large","max-video-preview":"max-video-preview:-1"},"canonical":"https:\/\/refletnews.ca\/en\/culture\/un-recueil-sur-25-personnalites-dici\/","og_locale":"en_US","og_type":"article","og_title":"Un recueil sur 25 personnalit\u00e9s d\u2019ici - Le Reflet \/ The News","og_description":"Elles sont 25. Vingt-cinq personnalit\u00e9s franco-ontariennes qui ont inspir\u00e9 Danielle Carri\u00e8re-Paris \u00e0 leur rendre hommage, dans un livre qui sortira fin novembre.","og_url":"https:\/\/refletnews.ca\/en\/culture\/un-recueil-sur-25-personnalites-dici\/","og_site_name":"Le Reflet \/ The News","article_published_time":"2019-11-13T22:39:35+00:00","article_modified_time":"2025-12-16T03:30:20+00:00","og_image":[{"width":2560,"height":1368,"url":"https:\/\/cdn.editionap.ca\/wp-content\/uploads\/sites\/3\/2019\/11\/024f97be-ac64-43ef-8a2d-9438ea2905e1-scaled-1.jpg","type":"image\/jpeg"}],"author":"ezn2_spadmin","twitter_card":"summary_large_image","twitter_misc":{"Written by":"ezn2_spadmin"},"schema":{"@context":"https:\/\/schema.org","@graph":[{"@type":"Article","@id":"https:\/\/refletnews.ca\/en\/culture\/un-recueil-sur-25-personnalites-dici\/#article","isPartOf":{"@id":"https:\/\/refletnews.ca\/en\/culture\/un-recueil-sur-25-personnalites-dici\/"},"author":{"name":"ezn2_spadmin","@id":"https:\/\/refletnews.ca\/en\/#\/schema\/person\/ecd8a97c76ea385f3027e987481ea16a"},"headline":"Un recueil sur 25 personnalit\u00e9s d\u2019ici","datePublished":"2019-11-13T22:39:35+00:00","dateModified":"2025-12-16T03:30:20+00:00","mainEntityOfPage":{"@id":"https:\/\/refletnews.ca\/en\/culture\/un-recueil-sur-25-personnalites-dici\/"},"wordCount":70,"image":{"@id":"https:\/\/refletnews.ca\/en\/culture\/un-recueil-sur-25-personnalites-dici\/#primaryimage"},"thumbnailUrl":"https:\/\/cdn.editionap.ca\/wp-content\/uploads\/sites\/3\/2019\/11\/024f97be-ac64-43ef-8a2d-9438ea2905e1-scaled-1.jpg","articleSection":["Culture"],"inLanguage":"en-CA"},{"@type":"WebPage","@id":"https:\/\/refletnews.ca\/en\/culture\/un-recueil-sur-25-personnalites-dici\/","url":"https:\/\/refletnews.ca\/en\/culture\/un-recueil-sur-25-personnalites-dici\/","name":"Un recueil sur 25 personnalit\u00e9s d\u2019ici - Le Reflet \/ The News","isPartOf":{"@id":"https:\/\/refletnews.ca\/en\/#website"},"primaryImageOfPage":{"@id":"https:\/\/refletnews.ca\/en\/culture\/un-recueil-sur-25-personnalites-dici\/#primaryimage"},"image":{"@id":"https:\/\/refletnews.ca\/en\/culture\/un-recueil-sur-25-personnalites-dici\/#primaryimage"},"thumbnailUrl":"https:\/\/cdn.editionap.ca\/wp-content\/uploads\/sites\/3\/2019\/11\/024f97be-ac64-43ef-8a2d-9438ea2905e1-scaled-1.jpg","datePublished":"2019-11-13T22:39:35+00:00","dateModified":"2025-12-16T03:30:20+00:00","author":{"@id":"https:\/\/refletnews.ca\/en\/#\/schema\/person\/ecd8a97c76ea385f3027e987481ea16a"},"breadcrumb":{"@id":"https:\/\/refletnews.ca\/en\/culture\/un-recueil-sur-25-personnalites-dici\/#breadcrumb"},"inLanguage":"en-CA","potentialAction":[{"@type":"ReadAction","target":["https:\/\/refletnews.ca\/en\/culture\/un-recueil-sur-25-personnalites-dici\/"]}]},{"@type":"ImageObject","inLanguage":"en-CA","@id":"https:\/\/refletnews.ca\/en\/culture\/un-recueil-sur-25-personnalites-dici\/#primaryimage","url":"https:\/\/cdn.editionap.ca\/wp-content\/uploads\/sites\/3\/2019\/11\/024f97be-ac64-43ef-8a2d-9438ea2905e1-scaled-1.jpg","contentUrl":"https:\/\/cdn.editionap.ca\/wp-content\/uploads\/sites\/3\/2019\/11\/024f97be-ac64-43ef-8a2d-9438ea2905e1-scaled-1.jpg","width":2560,"height":1368},{"@type":"BreadcrumbList","@id":"https:\/\/refletnews.ca\/en\/culture\/un-recueil-sur-25-personnalites-dici\/#breadcrumb","itemListElement":[{"@type":"ListItem","position":1,"name":"Accueil","item":"https:\/\/refletnews.ca\/en\/"},{"@type":"ListItem","position":2,"name":"Un recueil sur 25 personnalit\u00e9s d\u2019ici"}]},{"@type":"WebSite","@id":"https:\/\/refletnews.ca\/en\/#website","url":"https:\/\/refletnews.ca\/en\/","name":"Le Reflet \/ The News","description":"","potentialAction":[{"@type":"SearchAction","target":{"@type":"EntryPoint","urlTemplate":"https:\/\/refletnews.ca\/en\/?s={search_term_string}"},"query-input":{"@type":"PropertyValueSpecification","valueRequired":true,"valueName":"search_term_string"}}],"inLanguage":"en-CA"},{"@type":"Person","@id":"https:\/\/refletnews.ca\/en\/#\/schema\/person\/ecd8a97c76ea385f3027e987481ea16a","name":"ezn2_spadmin","image":{"@type":"ImageObject","inLanguage":"en-CA","@id":"https:\/\/secure.gravatar.com\/avatar\/10a4f0f991cc37cefde2ecf3b88df276159d0bcf256623224d1025086c609a97?s=96&d=mm&r=g","url":"https:\/\/secure.gravatar.com\/avatar\/10a4f0f991cc37cefde2ecf3b88df276159d0bcf256623224d1025086c609a97?s=96&d=mm&r=g","contentUrl":"https:\/\/secure.gravatar.com\/avatar\/10a4f0f991cc37cefde2ecf3b88df276159d0bcf256623224d1025086c609a97?s=96&d=mm&r=g","caption":"ezn2_spadmin"}}]}},"_links":{"self":[{"href":"https:\/\/refletnews.ca\/en\/wp-json\/wp\/v2\/posts\/5392","targetHints":{"allow":["GET"]}}],"collection":[{"href":"https:\/\/refletnews.ca\/en\/wp-json\/wp\/v2\/posts"}],"about":[{"href":"https:\/\/refletnews.ca\/en\/wp-json\/wp\/v2\/types\/post"}],"author":[{"embeddable":true,"href":"https:\/\/refletnews.ca\/en\/wp-json\/wp\/v2\/users\/7"}],"replies":[{"embeddable":true,"href":"https:\/\/refletnews.ca\/en\/wp-json\/wp\/v2\/comments?post=5392"}],"version-history":[{"count":1,"href":"https:\/\/refletnews.ca\/en\/wp-json\/wp\/v2\/posts\/5392\/revisions"}],"predecessor-version":[{"id":129282,"href":"https:\/\/refletnews.ca\/en\/wp-json\/wp\/v2\/posts\/5392\/revisions\/129282"}],"wp:featuredmedia":[{"embeddable":true,"href":"https:\/\/refletnews.ca\/en\/wp-json\/wp\/v2\/media\/5393"}],"wp:attachment":[{"href":"https:\/\/refletnews.ca\/en\/wp-json\/wp\/v2\/media?parent=5392"}],"wp:term":[{"taxonomy":"category","embeddable":true,"href":"https:\/\/refletnews.ca\/en\/wp-json\/wp\/v2\/categories?post=5392"},{"taxonomy":"post_tag","embeddable":true,"href":"https:\/\/refletnews.ca\/en\/wp-json\/wp\/v2\/tags?post=5392"}],"curies":[{"name":"wp","href":"https:\/\/api.w.org\/{rel}","templated":true}]}}