{"id":5367,"date":"2020-02-11T21:44:25","date_gmt":"2020-02-11T21:44:26","guid":{"rendered":"https:\/\/editionap.ca\/2020\/02\/11\/le-temps-de-lamour-et-de-lentrepreneuriat\/"},"modified":"2025-12-07T21:48:54","modified_gmt":"2025-12-07T20:48:54","slug":"le-temps-de-lamour-et-de-lentrepreneuriat","status":"publish","type":"post","link":"https:\/\/refletnews.ca\/en\/affaires\/le-temps-de-lamour-et-de-lentrepreneuriat\/","title":{"rendered":"Le temps de l\u2019amour et de l\u2019entrepreneuriat"},"content":{"rendered":"<p>\u00abLa sant\u00e9 mentale, c\u2019est tr\u00e8s, tr\u00e8s important pour un entrepreneur. Il y a beaucoup d\u2019isolement dans le lot des entrepreneurs. C\u2019est d\u2019autant plus difficile quand on vit \u00e7a en couple, a-t-elle constat\u00e9. Mon partenaire d\u2019affaires (depuis 20 ans) \u00e9tait mon mari et il n\u2019est pas \u00e9vident de faire l\u2019\u00e9quilibre. On n\u2019en parle pas assez.\u00bb<\/p>\n<p>Forte de plus de 25 ans d\u2019exp\u00e9rience en entrepreneuriat, dont 20 ans aux c\u00f4t\u00e9s de son mari, Mme Ashton s\u2019est reb\u00e2ti une nouvelle identit\u00e9, \u00e0 la suite d\u2019un surmenage, il y a quelques ann\u00e9es. Elle a mentionn\u00e9 le rapport du Centre de toxicomanie et de sant\u00e9 mentale (CAMH), qui cite les entrepreneurs comme ayant un des taux les plus \u00e9lev\u00e9s de suicide, pour mettre en garde les entrepreneurs.<\/p>\n<p>\u00abLa mentalit\u00e9 courante n\u2019est pas saine. Il faut se permettre du repos\u00bb, a-t-elle constat\u00e9.<\/p>\n<p>Pour sa part, elle est all\u00e9e au fond du gouffre, mais elle en est ressortie plus forte, avec une id\u00e9e bien pr\u00e9cise qui la guidera dor\u00e9navant dans sa vie et ses affaires. Avec un peu de recul, elle est arriv\u00e9e \u00e0 se forger une nouvelle identit\u00e9, fond\u00e9e sur trois principes qui guident d\u00e9sormais sa vie: prendre du temps pour soi, du temps pour son couple et travailler judicieusement. C\u2019est ce plan de vie qui l\u2019aide \u00e0 rester en \u00e9quilibre entre l\u2019amour (son amour-propre, son mari, sa famille, ses amis et sa communaut\u00e9) et son entreprise, ce m\u00eame plan qui est son \u00abfilet de s\u00e9curit\u00e9\u00bb, selon Mme Ashton.<\/p>\n<p>Sa nouvelle entreprise, \u00e0 l\u2019image de la recherche de soi qu\u2019elle a entam\u00e9e sur elle-m\u00eame, s\u2019appelle For Love and Business (Pour l\u2019amour et l\u2019entrepreneuriat) et c\u2019est \u00abune communaut\u00e9 pour les femmes entrepreneures qui cherchent \u00e0 mieux \u00e9quilibrer l&#8217;amour (famille, amis et obligations) avec la gestion et le maintien d&#8217;une entreprise\u00bb, selon Mme Ashton. Parmi les services qu\u2019elle offre: de la consultation, du coaching pour les femmes entrepreneures, de la production \u00e9v\u00e8nementielle ainsi que des conf\u00e9rences pour les cons\u0153urs en affaires (voir plus bas).<\/p>\n<p>\u00abJe suis convaincue que l&#8217;AMOUR m\u00e9rite une place permanente \u00e0 la table des affaires\u00bb, pourrait vraiment r\u00e9sumer la motivation principale de Mme Ashton, autant dans sa vie que dans les affaires. Je crois que si seulement nous pouvions admettre plus librement que l&#8217;AMOUR d\u00e9termine ce que nous faisons &#8211; ou devrions faire &#8211; dans les affaires, alors nous serions beaucoup plus avanc\u00e9s. Tant les femmes que les hommes.\u00bb<\/p>\n<p>La communaut\u00e9 repr\u00e9sente, pour Mme Ashton, une famille \u00e9largie, dans un certain sens, un espace puissant, avec l\u2019amour au centre. Sa communaut\u00e9 \u00e0 elle ce sont les femmes entrepreneures, qu\u2019elle d\u00e9sire aider dans leur chemin entrepreneurial. \u00abQuand je me l\u00e8ve le matin, ce que je veux faire, c&#8217;est aider d&#8217;autres femmes dans leur parcours de cr\u00e9ation d&#8217;entreprise\u00bb, a-t-elle observ\u00e9 sur sa page Internet.<\/p>\n<p>C\u2019est un peu cela qui est \u00e0 l\u2019origine des \u00abCons\u0153urs en affaires\u00bb, le titre de ses rencontres cinq \u00e0 sept qu\u2019elle organise \u00e0 travers le territoire de Prescott-Russell et aussi de Stormont Dundas et Glengarry. Son but c\u2019est de r\u00e9unir des femmes entrepreneures de la r\u00e9gion, afin de leur offrir un espace o\u00f9 elles pourront rencontrer et discuter avec d\u2019autres femmes dans une situation similaire, pour comprendre et partager des exp\u00e9riences communes.<\/p>\n<p>L\u2019entrepreneuriat au f\u00e9minin, pour Mme Ashton, c\u2019est habituellement une affaire de c\u0153ur: les femmes vont souvent cr\u00e9er une entreprise autour de la famille, pour \u00eatre plus proches et pouvoir s\u2019en occuper. Si leur travail dans le monde corporatif ne leur laisse pas assez de temps ou de flexibilit\u00e9 pour s\u2019occuper de leur famille, elles choisissent parfois de le quitter (comme ce fut le cas pour Mme Ashton).<\/p>\n<p>\u00abL&#8217;amour \u2014 pas seulement ce que nous aimons, mais qui nous aimons et comment, quand et pour quelles raisons \u2014 est tout ce que nous faisons dans les affaires, que nous aimions l&#8217;admettre ou non. La plupart du temps, on s\u2019arrange autour de notre famille. Alors, quand \u00e7a ne fonctionne plus, quand il y a un manque d\u2019\u00e9quilibre entre nos priorit\u00e9s, c\u2019est \u00e0 ce moment-l\u00e0 qu\u2019on se brule.\u00bb<\/p>\n<p>C\u2019est dans cette perspective qu\u2019elle veut avoir ces conversations avec ses Cons\u0153urs en affaires, pour qu\u2019elles songent d\u00e8s le d\u00e9part \u00e0 connaitre leurs param\u00e8tres, leurs limites, pour qu\u2019elles s\u2019entourent des bonnes personnes, des bonnes ressources et enfin qu\u2019elle puisse les aider \u00e0 se poser les bonnes questions. Les r\u00e9ponses, elles devront les d\u00e9couvrir \u00e0 travers leurs propres exp\u00e9riences, mais au moins, leur d\u00e9marche ne sera pas \u00e0 l\u2019aveuglette. Maintes fois, c\u2019est une question d\u2019avoir quelqu\u2019un qui nous tient le miroir pour voir plus clair, d\u2019apr\u00e8s l\u2019exp\u00e9rience de Mme Ashton.<\/p>\n<p>Dans ses projets d\u2019avenir, elle planifie de mettre sur pied un centre d\u2019aide aux entrepreneurs. \u00abCe serait un espace de travail collaboratif ainsi que certains services d\u2019accompagnement strat\u00e9giques pour les entrepreneurs\u00bb, a-t-elle expliqu\u00e9. Ce projet mettrait \u00e0 profit les \u00e9tudes de ma\u00eetrise multidisciplinaire qu\u2019elle entreprend pr\u00e9sentement, sur le th\u00e8me de l\u2019entrepreneuriat f\u00e9minin dans un contexte rural canadien, rarement abord\u00e9 dans les ouvrages sp\u00e9cialis\u00e9s, selon &nbsp;Mme Ashton.<\/p>\n<p>\u00abUne chose dont je suis sure, c&#8217;est que le fait d&#8217;\u00eatre mari\u00e9e et de faire des affaires avec mon conjoint est quelque chose qui a forg\u00e9 ma personnalit\u00e9. Et cela colore ce qui me passionne le plus et la fa\u00e7on dont je le vois: l&#8217;esprit d&#8217;entreprise. Surtout l&#8217;entrepreneuriat f\u00e9minin\u00bb, a-t-elle conclu rayonnante.<\/p>\n","protected":false},"excerpt":{"rendered":"<p>On sait tous que l\u2019entrepreneuriat constitue l\u2019un des principaux moteurs de croissance \u00e9conomique de l\u2019\u00e9conomie canadienne. Ce que l\u2019on sait moins c\u2019est que les entrepreneurs sont une esp\u00e8ce menac\u00e9e, peut-\u00eatre \u00e0 cause m\u00eame du principal trait de caract\u00e8re qui fait leur force: on ne leur permet pas d\u2019\u00eatre faibles, qu\u2019ils soient des femmes ou des hommes, ils sont toujours cens\u00e9s \u00eatre motiv\u00e9s et travailler tr\u00e8s fort, selon Doreen Ashton Wagner, animatrice de groupe et organisatrice d\u2019\u00e9v\u00e8nements communautaires.<\/p>\n","protected":false},"author":7,"featured_media":5368,"comment_status":"closed","ping_status":"open","sticky":false,"template":"","format":"standard","meta":{"_acf_changed":false,"footnotes":""},"categories":[39],"tags":[],"class_list":["post-5367","post","type-post","status-publish","format-standard","has-post-thumbnail","hentry","category-affaires"],"acf":[],"featured_media_global":[],"yoast_head":"<!-- This site is optimized with the Yoast SEO plugin v27.4 - https:\/\/yoast.com\/product\/yoast-seo-wordpress\/ -->\n<title>Le temps de l\u2019amour et de l\u2019entrepreneuriat - Le Reflet \/ The News<\/title>\n<meta name=\"robots\" content=\"index, follow, max-snippet:-1, max-image-preview:large, max-video-preview:-1\" \/>\n<link rel=\"canonical\" href=\"https:\/\/refletnews.ca\/en\/affaires\/le-temps-de-lamour-et-de-lentrepreneuriat\/\" \/>\n<meta property=\"og:locale\" content=\"en_US\" \/>\n<meta property=\"og:type\" content=\"article\" \/>\n<meta property=\"og:title\" content=\"Le temps de l\u2019amour et de l\u2019entrepreneuriat - Le Reflet \/ The News\" \/>\n<meta property=\"og:description\" content=\"On sait tous que l\u2019entrepreneuriat constitue l\u2019un des principaux moteurs de croissance \u00e9conomique de l\u2019\u00e9conomie canadienne. Ce que l\u2019on sait moins c\u2019est que les entrepreneurs sont une esp\u00e8ce menac\u00e9e, peut-\u00eatre \u00e0 cause m\u00eame du principal trait de caract\u00e8re qui fait leur force: on ne leur permet pas d\u2019\u00eatre faibles, qu\u2019ils soient des femmes ou des hommes, ils sont toujours cens\u00e9s \u00eatre motiv\u00e9s et travailler tr\u00e8s fort, selon Doreen Ashton Wagner, animatrice de groupe et organisatrice d\u2019\u00e9v\u00e8nements communautaires.\" \/>\n<meta property=\"og:url\" content=\"https:\/\/refletnews.ca\/en\/affaires\/le-temps-de-lamour-et-de-lentrepreneuriat\/\" \/>\n<meta property=\"og:site_name\" content=\"Le Reflet \/ The News\" \/>\n<meta property=\"article:published_time\" content=\"2020-02-11T21:44:26+00:00\" \/>\n<meta property=\"article:modified_time\" content=\"2025-12-07T20:48:54+00:00\" \/>\n<meta property=\"og:image\" content=\"https:\/\/cdn.editionap.ca\/wp-content\/uploads\/sites\/3\/2019\/12\/bba2a924-51f3-44cd-aeed-6074e458f635-scaled-1.jpg\" \/>\n\t<meta property=\"og:image:width\" content=\"2560\" \/>\n\t<meta property=\"og:image:height\" content=\"1920\" \/>\n\t<meta property=\"og:image:type\" content=\"image\/jpeg\" \/>\n<meta name=\"author\" content=\"ezn2_spadmin\" \/>\n<meta name=\"twitter:card\" content=\"summary_large_image\" \/>\n<meta name=\"twitter:label1\" content=\"Written by\" \/>\n\t<meta name=\"twitter:data1\" content=\"ezn2_spadmin\" \/>\n\t<meta name=\"twitter:label2\" content=\"Est. reading time\" \/>\n\t<meta name=\"twitter:data2\" content=\"5 minutes\" \/>\n<script type=\"application\/ld+json\" class=\"yoast-schema-graph\">{\"@context\":\"https:\\\/\\\/schema.org\",\"@graph\":[{\"@type\":\"Article\",\"@id\":\"https:\\\/\\\/refletnews.ca\\\/en\\\/affaires\\\/le-temps-de-lamour-et-de-lentrepreneuriat\\\/#article\",\"isPartOf\":{\"@id\":\"https:\\\/\\\/refletnews.ca\\\/en\\\/affaires\\\/le-temps-de-lamour-et-de-lentrepreneuriat\\\/\"},\"author\":{\"name\":\"ezn2_spadmin\",\"@id\":\"https:\\\/\\\/refletnews.ca\\\/en\\\/#\\\/schema\\\/person\\\/ecd8a97c76ea385f3027e987481ea16a\"},\"headline\":\"Le temps de l\u2019amour et de l\u2019entrepreneuriat\",\"datePublished\":\"2020-02-11T21:44:26+00:00\",\"dateModified\":\"2025-12-07T20:48:54+00:00\",\"mainEntityOfPage\":{\"@id\":\"https:\\\/\\\/refletnews.ca\\\/en\\\/affaires\\\/le-temps-de-lamour-et-de-lentrepreneuriat\\\/\"},\"wordCount\":986,\"image\":{\"@id\":\"https:\\\/\\\/refletnews.ca\\\/en\\\/affaires\\\/le-temps-de-lamour-et-de-lentrepreneuriat\\\/#primaryimage\"},\"thumbnailUrl\":\"https:\\\/\\\/cdn.editionap.ca\\\/wp-content\\\/uploads\\\/sites\\\/3\\\/2019\\\/12\\\/bba2a924-51f3-44cd-aeed-6074e458f635-scaled-1.jpg\",\"articleSection\":[\"Affaires\"],\"inLanguage\":\"en-CA\"},{\"@type\":\"WebPage\",\"@id\":\"https:\\\/\\\/refletnews.ca\\\/en\\\/affaires\\\/le-temps-de-lamour-et-de-lentrepreneuriat\\\/\",\"url\":\"https:\\\/\\\/refletnews.ca\\\/en\\\/affaires\\\/le-temps-de-lamour-et-de-lentrepreneuriat\\\/\",\"name\":\"Le temps de l\u2019amour et de l\u2019entrepreneuriat - Le Reflet \\\/ The News\",\"isPartOf\":{\"@id\":\"https:\\\/\\\/refletnews.ca\\\/en\\\/#website\"},\"primaryImageOfPage\":{\"@id\":\"https:\\\/\\\/refletnews.ca\\\/en\\\/affaires\\\/le-temps-de-lamour-et-de-lentrepreneuriat\\\/#primaryimage\"},\"image\":{\"@id\":\"https:\\\/\\\/refletnews.ca\\\/en\\\/affaires\\\/le-temps-de-lamour-et-de-lentrepreneuriat\\\/#primaryimage\"},\"thumbnailUrl\":\"https:\\\/\\\/cdn.editionap.ca\\\/wp-content\\\/uploads\\\/sites\\\/3\\\/2019\\\/12\\\/bba2a924-51f3-44cd-aeed-6074e458f635-scaled-1.jpg\",\"datePublished\":\"2020-02-11T21:44:26+00:00\",\"dateModified\":\"2025-12-07T20:48:54+00:00\",\"author\":{\"@id\":\"https:\\\/\\\/refletnews.ca\\\/en\\\/#\\\/schema\\\/person\\\/ecd8a97c76ea385f3027e987481ea16a\"},\"breadcrumb\":{\"@id\":\"https:\\\/\\\/refletnews.ca\\\/en\\\/affaires\\\/le-temps-de-lamour-et-de-lentrepreneuriat\\\/#breadcrumb\"},\"inLanguage\":\"en-CA\",\"potentialAction\":[{\"@type\":\"ReadAction\",\"target\":[\"https:\\\/\\\/refletnews.ca\\\/en\\\/affaires\\\/le-temps-de-lamour-et-de-lentrepreneuriat\\\/\"]}]},{\"@type\":\"ImageObject\",\"inLanguage\":\"en-CA\",\"@id\":\"https:\\\/\\\/refletnews.ca\\\/en\\\/affaires\\\/le-temps-de-lamour-et-de-lentrepreneuriat\\\/#primaryimage\",\"url\":\"https:\\\/\\\/cdn.editionap.ca\\\/wp-content\\\/uploads\\\/sites\\\/3\\\/2019\\\/12\\\/bba2a924-51f3-44cd-aeed-6074e458f635-scaled-1.jpg\",\"contentUrl\":\"https:\\\/\\\/cdn.editionap.ca\\\/wp-content\\\/uploads\\\/sites\\\/3\\\/2019\\\/12\\\/bba2a924-51f3-44cd-aeed-6074e458f635-scaled-1.jpg\",\"width\":2560,\"height\":1920},{\"@type\":\"BreadcrumbList\",\"@id\":\"https:\\\/\\\/refletnews.ca\\\/en\\\/affaires\\\/le-temps-de-lamour-et-de-lentrepreneuriat\\\/#breadcrumb\",\"itemListElement\":[{\"@type\":\"ListItem\",\"position\":1,\"name\":\"Accueil\",\"item\":\"https:\\\/\\\/refletnews.ca\\\/en\\\/\"},{\"@type\":\"ListItem\",\"position\":2,\"name\":\"Le temps de l\u2019amour et de l\u2019entrepreneuriat\"}]},{\"@type\":\"WebSite\",\"@id\":\"https:\\\/\\\/refletnews.ca\\\/en\\\/#website\",\"url\":\"https:\\\/\\\/refletnews.ca\\\/en\\\/\",\"name\":\"Le Reflet \\\/ The News\",\"description\":\"\",\"potentialAction\":[{\"@type\":\"SearchAction\",\"target\":{\"@type\":\"EntryPoint\",\"urlTemplate\":\"https:\\\/\\\/refletnews.ca\\\/en\\\/?s={search_term_string}\"},\"query-input\":{\"@type\":\"PropertyValueSpecification\",\"valueRequired\":true,\"valueName\":\"search_term_string\"}}],\"inLanguage\":\"en-CA\"},{\"@type\":\"Person\",\"@id\":\"https:\\\/\\\/refletnews.ca\\\/en\\\/#\\\/schema\\\/person\\\/ecd8a97c76ea385f3027e987481ea16a\",\"name\":\"ezn2_spadmin\",\"image\":{\"@type\":\"ImageObject\",\"inLanguage\":\"en-CA\",\"@id\":\"https:\\\/\\\/secure.gravatar.com\\\/avatar\\\/10a4f0f991cc37cefde2ecf3b88df276159d0bcf256623224d1025086c609a97?s=96&d=mm&r=g\",\"url\":\"https:\\\/\\\/secure.gravatar.com\\\/avatar\\\/10a4f0f991cc37cefde2ecf3b88df276159d0bcf256623224d1025086c609a97?s=96&d=mm&r=g\",\"contentUrl\":\"https:\\\/\\\/secure.gravatar.com\\\/avatar\\\/10a4f0f991cc37cefde2ecf3b88df276159d0bcf256623224d1025086c609a97?s=96&d=mm&r=g\",\"caption\":\"ezn2_spadmin\"}}]}<\/script>\n<!-- \/ Yoast SEO plugin. -->","yoast_head_json":{"title":"Le temps de l\u2019amour et de l\u2019entrepreneuriat - Le Reflet \/ The News","robots":{"index":"index","follow":"follow","max-snippet":"max-snippet:-1","max-image-preview":"max-image-preview:large","max-video-preview":"max-video-preview:-1"},"canonical":"https:\/\/refletnews.ca\/en\/affaires\/le-temps-de-lamour-et-de-lentrepreneuriat\/","og_locale":"en_US","og_type":"article","og_title":"Le temps de l\u2019amour et de l\u2019entrepreneuriat - Le Reflet \/ The News","og_description":"On sait tous que l\u2019entrepreneuriat constitue l\u2019un des principaux moteurs de croissance \u00e9conomique de l\u2019\u00e9conomie canadienne. Ce que l\u2019on sait moins c\u2019est que les entrepreneurs sont une esp\u00e8ce menac\u00e9e, peut-\u00eatre \u00e0 cause m\u00eame du principal trait de caract\u00e8re qui fait leur force: on ne leur permet pas d\u2019\u00eatre faibles, qu\u2019ils soient des femmes ou des hommes, ils sont toujours cens\u00e9s \u00eatre motiv\u00e9s et travailler tr\u00e8s fort, selon Doreen Ashton Wagner, animatrice de groupe et organisatrice d\u2019\u00e9v\u00e8nements communautaires.","og_url":"https:\/\/refletnews.ca\/en\/affaires\/le-temps-de-lamour-et-de-lentrepreneuriat\/","og_site_name":"Le Reflet \/ The News","article_published_time":"2020-02-11T21:44:26+00:00","article_modified_time":"2025-12-07T20:48:54+00:00","og_image":[{"width":2560,"height":1920,"url":"https:\/\/cdn.editionap.ca\/wp-content\/uploads\/sites\/3\/2019\/12\/bba2a924-51f3-44cd-aeed-6074e458f635-scaled-1.jpg","type":"image\/jpeg"}],"author":"ezn2_spadmin","twitter_card":"summary_large_image","twitter_misc":{"Written by":"ezn2_spadmin","Est. reading time":"5 minutes"},"schema":{"@context":"https:\/\/schema.org","@graph":[{"@type":"Article","@id":"https:\/\/refletnews.ca\/en\/affaires\/le-temps-de-lamour-et-de-lentrepreneuriat\/#article","isPartOf":{"@id":"https:\/\/refletnews.ca\/en\/affaires\/le-temps-de-lamour-et-de-lentrepreneuriat\/"},"author":{"name":"ezn2_spadmin","@id":"https:\/\/refletnews.ca\/en\/#\/schema\/person\/ecd8a97c76ea385f3027e987481ea16a"},"headline":"Le temps de l\u2019amour et de l\u2019entrepreneuriat","datePublished":"2020-02-11T21:44:26+00:00","dateModified":"2025-12-07T20:48:54+00:00","mainEntityOfPage":{"@id":"https:\/\/refletnews.ca\/en\/affaires\/le-temps-de-lamour-et-de-lentrepreneuriat\/"},"wordCount":986,"image":{"@id":"https:\/\/refletnews.ca\/en\/affaires\/le-temps-de-lamour-et-de-lentrepreneuriat\/#primaryimage"},"thumbnailUrl":"https:\/\/cdn.editionap.ca\/wp-content\/uploads\/sites\/3\/2019\/12\/bba2a924-51f3-44cd-aeed-6074e458f635-scaled-1.jpg","articleSection":["Affaires"],"inLanguage":"en-CA"},{"@type":"WebPage","@id":"https:\/\/refletnews.ca\/en\/affaires\/le-temps-de-lamour-et-de-lentrepreneuriat\/","url":"https:\/\/refletnews.ca\/en\/affaires\/le-temps-de-lamour-et-de-lentrepreneuriat\/","name":"Le temps de l\u2019amour et de l\u2019entrepreneuriat - Le Reflet \/ The News","isPartOf":{"@id":"https:\/\/refletnews.ca\/en\/#website"},"primaryImageOfPage":{"@id":"https:\/\/refletnews.ca\/en\/affaires\/le-temps-de-lamour-et-de-lentrepreneuriat\/#primaryimage"},"image":{"@id":"https:\/\/refletnews.ca\/en\/affaires\/le-temps-de-lamour-et-de-lentrepreneuriat\/#primaryimage"},"thumbnailUrl":"https:\/\/cdn.editionap.ca\/wp-content\/uploads\/sites\/3\/2019\/12\/bba2a924-51f3-44cd-aeed-6074e458f635-scaled-1.jpg","datePublished":"2020-02-11T21:44:26+00:00","dateModified":"2025-12-07T20:48:54+00:00","author":{"@id":"https:\/\/refletnews.ca\/en\/#\/schema\/person\/ecd8a97c76ea385f3027e987481ea16a"},"breadcrumb":{"@id":"https:\/\/refletnews.ca\/en\/affaires\/le-temps-de-lamour-et-de-lentrepreneuriat\/#breadcrumb"},"inLanguage":"en-CA","potentialAction":[{"@type":"ReadAction","target":["https:\/\/refletnews.ca\/en\/affaires\/le-temps-de-lamour-et-de-lentrepreneuriat\/"]}]},{"@type":"ImageObject","inLanguage":"en-CA","@id":"https:\/\/refletnews.ca\/en\/affaires\/le-temps-de-lamour-et-de-lentrepreneuriat\/#primaryimage","url":"https:\/\/cdn.editionap.ca\/wp-content\/uploads\/sites\/3\/2019\/12\/bba2a924-51f3-44cd-aeed-6074e458f635-scaled-1.jpg","contentUrl":"https:\/\/cdn.editionap.ca\/wp-content\/uploads\/sites\/3\/2019\/12\/bba2a924-51f3-44cd-aeed-6074e458f635-scaled-1.jpg","width":2560,"height":1920},{"@type":"BreadcrumbList","@id":"https:\/\/refletnews.ca\/en\/affaires\/le-temps-de-lamour-et-de-lentrepreneuriat\/#breadcrumb","itemListElement":[{"@type":"ListItem","position":1,"name":"Accueil","item":"https:\/\/refletnews.ca\/en\/"},{"@type":"ListItem","position":2,"name":"Le temps de l\u2019amour et de l\u2019entrepreneuriat"}]},{"@type":"WebSite","@id":"https:\/\/refletnews.ca\/en\/#website","url":"https:\/\/refletnews.ca\/en\/","name":"Le Reflet \/ The News","description":"","potentialAction":[{"@type":"SearchAction","target":{"@type":"EntryPoint","urlTemplate":"https:\/\/refletnews.ca\/en\/?s={search_term_string}"},"query-input":{"@type":"PropertyValueSpecification","valueRequired":true,"valueName":"search_term_string"}}],"inLanguage":"en-CA"},{"@type":"Person","@id":"https:\/\/refletnews.ca\/en\/#\/schema\/person\/ecd8a97c76ea385f3027e987481ea16a","name":"ezn2_spadmin","image":{"@type":"ImageObject","inLanguage":"en-CA","@id":"https:\/\/secure.gravatar.com\/avatar\/10a4f0f991cc37cefde2ecf3b88df276159d0bcf256623224d1025086c609a97?s=96&d=mm&r=g","url":"https:\/\/secure.gravatar.com\/avatar\/10a4f0f991cc37cefde2ecf3b88df276159d0bcf256623224d1025086c609a97?s=96&d=mm&r=g","contentUrl":"https:\/\/secure.gravatar.com\/avatar\/10a4f0f991cc37cefde2ecf3b88df276159d0bcf256623224d1025086c609a97?s=96&d=mm&r=g","caption":"ezn2_spadmin"}}]}},"_links":{"self":[{"href":"https:\/\/refletnews.ca\/en\/wp-json\/wp\/v2\/posts\/5367","targetHints":{"allow":["GET"]}}],"collection":[{"href":"https:\/\/refletnews.ca\/en\/wp-json\/wp\/v2\/posts"}],"about":[{"href":"https:\/\/refletnews.ca\/en\/wp-json\/wp\/v2\/types\/post"}],"author":[{"embeddable":true,"href":"https:\/\/refletnews.ca\/en\/wp-json\/wp\/v2\/users\/7"}],"replies":[{"embeddable":true,"href":"https:\/\/refletnews.ca\/en\/wp-json\/wp\/v2\/comments?post=5367"}],"version-history":[{"count":1,"href":"https:\/\/refletnews.ca\/en\/wp-json\/wp\/v2\/posts\/5367\/revisions"}],"predecessor-version":[{"id":129295,"href":"https:\/\/refletnews.ca\/en\/wp-json\/wp\/v2\/posts\/5367\/revisions\/129295"}],"wp:featuredmedia":[{"embeddable":true,"href":"https:\/\/refletnews.ca\/en\/wp-json\/wp\/v2\/media\/5368"}],"wp:attachment":[{"href":"https:\/\/refletnews.ca\/en\/wp-json\/wp\/v2\/media?parent=5367"}],"wp:term":[{"taxonomy":"category","embeddable":true,"href":"https:\/\/refletnews.ca\/en\/wp-json\/wp\/v2\/categories?post=5367"},{"taxonomy":"post_tag","embeddable":true,"href":"https:\/\/refletnews.ca\/en\/wp-json\/wp\/v2\/tags?post=5367"}],"curies":[{"name":"wp","href":"https:\/\/api.w.org\/{rel}","templated":true}]}}