{"id":481,"date":"2021-01-06T19:07:48","date_gmt":"2021-01-06T19:07:48","guid":{"rendered":"https:\/\/editionap.ca\/2021\/01\/06\/les-premiers-vaccins-covid-19-de-la-region-arriveront-la-semaine-prochaine\/"},"modified":"2025-12-14T19:33:09","modified_gmt":"2025-12-14T18:33:09","slug":"les-premiers-vaccins-covid-19-de-la-region-arriveront-la-semaine-prochaine","status":"publish","type":"post","link":"https:\/\/refletnews.ca\/en\/actualites\/les-premiers-vaccins-covid-19-de-la-region-arriveront-la-semaine-prochaine\/","title":{"rendered":"Les premiers vaccins COVID-19 de la r\u00e9gion arriveront la semaine prochaine"},"content":{"rendered":"<p>Quelque 1200 doses du vaccin Pfizer-BioNTech seront livr\u00e9es dans la r\u00e9gion la semaine prochaine, a d\u00e9clar\u00e9 le Dr Paul Roumeliotis, m\u00e9decin hygi\u00e9niste du BSEO, lors de sa premi\u00e8re conf\u00e9rence de presse de l&#8217;ann\u00e9e, mardi. Le premier lot sera fourni au personnel travaillant avec les populations vuln\u00e9rables dans les maisons de soins de longue dur\u00e9e, tandis que les livraisons suivantes seront r\u00e9serv\u00e9es aux travailleurs de la sant\u00e9.<\/p>\n<p><strong>READ AN ENGLISH VERSION OF THIS ARTICLE<\/strong><br \/><a href=\"https:\/\/www.editionap.ca\/comte-de-russell-county\/vision\/regions-first-covid-19-vaccines-to-arrive-next-week-9969edbf02dafac481bb78a25b2922a4?sourceOrganizationKey=eap\" rel=\"noopener noreferrer\" target=\"_blank\">Region\u2019s first COVID-19 vaccines to arrive next week<\/a><\/p>\n","protected":false},"excerpt":{"rendered":"<p>Les membres du personnel des soins de longue dur\u00e9e seront les premiers de la r\u00e9gion de desserte du Bureau de sant\u00e9 de l&#8217;est de l&#8217;Ontario (BSEO) \u00e0 recevoir le vaccin contre la COVID-19 d\u00e8s son arriv\u00e9e la semaine prochaine.<\/p>\n","protected":false},"author":7,"featured_media":482,"comment_status":"closed","ping_status":"open","sticky":false,"template":"","format":"standard","meta":{"_acf_changed":false,"footnotes":""},"categories":[37],"tags":[],"class_list":["post-481","post","type-post","status-publish","format-standard","has-post-thumbnail","hentry","category-actualites"],"acf":[],"featured_media_global":[],"yoast_head":"<!-- This site is optimized with the Yoast SEO plugin v27.5 - https:\/\/yoast.com\/product\/yoast-seo-wordpress\/ -->\n<title>Les premiers vaccins COVID-19 de la r\u00e9gion arriveront la semaine prochaine - Le Reflet \/ The News<\/title>\n<meta name=\"robots\" content=\"index, follow, max-snippet:-1, max-image-preview:large, max-video-preview:-1\" \/>\n<link rel=\"canonical\" href=\"https:\/\/refletnews.ca\/en\/actualites\/les-premiers-vaccins-covid-19-de-la-region-arriveront-la-semaine-prochaine\/\" \/>\n<meta property=\"og:locale\" content=\"en_US\" \/>\n<meta property=\"og:type\" content=\"article\" \/>\n<meta property=\"og:title\" content=\"Les premiers vaccins COVID-19 de la r\u00e9gion arriveront la semaine prochaine - Le Reflet \/ The News\" \/>\n<meta property=\"og:description\" content=\"Les membres du personnel des soins de longue dur\u00e9e seront les premiers de la r\u00e9gion de desserte du Bureau de sant\u00e9 de l&#039;est de l&#039;Ontario (BSEO) \u00e0 recevoir le vaccin contre la COVID-19 d\u00e8s son arriv\u00e9e la semaine prochaine.\" \/>\n<meta property=\"og:url\" content=\"https:\/\/refletnews.ca\/en\/actualites\/les-premiers-vaccins-covid-19-de-la-region-arriveront-la-semaine-prochaine\/\" \/>\n<meta property=\"og:site_name\" content=\"Le Reflet \/ The News\" \/>\n<meta property=\"article:published_time\" content=\"2021-01-06T19:07:48+00:00\" \/>\n<meta property=\"article:modified_time\" content=\"2025-12-14T18:33:09+00:00\" \/>\n<meta property=\"og:image\" content=\"https:\/\/cdn.editionap.ca\/wp-content\/uploads\/sites\/3\/2021\/01\/d97b82df-4979-427c-8a86-596a6a7cdcc9-scaled-1.jpg\" \/>\n\t<meta property=\"og:image:width\" content=\"2560\" \/>\n\t<meta property=\"og:image:height\" content=\"1707\" \/>\n\t<meta property=\"og:image:type\" content=\"image\/jpeg\" \/>\n<meta name=\"author\" content=\"ezn2_spadmin\" \/>\n<meta name=\"twitter:card\" content=\"summary_large_image\" \/>\n<meta name=\"twitter:label1\" content=\"Written by\" \/>\n\t<meta name=\"twitter:data1\" content=\"ezn2_spadmin\" \/>\n<script type=\"application\/ld+json\" class=\"yoast-schema-graph\">{\"@context\":\"https:\\\/\\\/schema.org\",\"@graph\":[{\"@type\":\"Article\",\"@id\":\"https:\\\/\\\/refletnews.ca\\\/en\\\/actualites\\\/les-premiers-vaccins-covid-19-de-la-region-arriveront-la-semaine-prochaine\\\/#article\",\"isPartOf\":{\"@id\":\"https:\\\/\\\/refletnews.ca\\\/en\\\/actualites\\\/les-premiers-vaccins-covid-19-de-la-region-arriveront-la-semaine-prochaine\\\/\"},\"author\":{\"name\":\"ezn2_spadmin\",\"@id\":\"https:\\\/\\\/refletnews.ca\\\/en\\\/#\\\/schema\\\/person\\\/ecd8a97c76ea385f3027e987481ea16a\"},\"headline\":\"Les premiers vaccins COVID-19 de la r\u00e9gion arriveront la semaine prochaine\",\"datePublished\":\"2021-01-06T19:07:48+00:00\",\"dateModified\":\"2025-12-14T18:33:09+00:00\",\"mainEntityOfPage\":{\"@id\":\"https:\\\/\\\/refletnews.ca\\\/en\\\/actualites\\\/les-premiers-vaccins-covid-19-de-la-region-arriveront-la-semaine-prochaine\\\/\"},\"wordCount\":106,\"image\":{\"@id\":\"https:\\\/\\\/refletnews.ca\\\/en\\\/actualites\\\/les-premiers-vaccins-covid-19-de-la-region-arriveront-la-semaine-prochaine\\\/#primaryimage\"},\"thumbnailUrl\":\"https:\\\/\\\/cdn.editionap.ca\\\/wp-content\\\/uploads\\\/sites\\\/3\\\/2021\\\/01\\\/d97b82df-4979-427c-8a86-596a6a7cdcc9-scaled-1.jpg\",\"articleSection\":[\"Actualit\u00e9s\"],\"inLanguage\":\"en-CA\"},{\"@type\":\"WebPage\",\"@id\":\"https:\\\/\\\/refletnews.ca\\\/en\\\/actualites\\\/les-premiers-vaccins-covid-19-de-la-region-arriveront-la-semaine-prochaine\\\/\",\"url\":\"https:\\\/\\\/refletnews.ca\\\/en\\\/actualites\\\/les-premiers-vaccins-covid-19-de-la-region-arriveront-la-semaine-prochaine\\\/\",\"name\":\"Les premiers vaccins COVID-19 de la r\u00e9gion arriveront la semaine prochaine - Le Reflet \\\/ The News\",\"isPartOf\":{\"@id\":\"https:\\\/\\\/refletnews.ca\\\/en\\\/#website\"},\"primaryImageOfPage\":{\"@id\":\"https:\\\/\\\/refletnews.ca\\\/en\\\/actualites\\\/les-premiers-vaccins-covid-19-de-la-region-arriveront-la-semaine-prochaine\\\/#primaryimage\"},\"image\":{\"@id\":\"https:\\\/\\\/refletnews.ca\\\/en\\\/actualites\\\/les-premiers-vaccins-covid-19-de-la-region-arriveront-la-semaine-prochaine\\\/#primaryimage\"},\"thumbnailUrl\":\"https:\\\/\\\/cdn.editionap.ca\\\/wp-content\\\/uploads\\\/sites\\\/3\\\/2021\\\/01\\\/d97b82df-4979-427c-8a86-596a6a7cdcc9-scaled-1.jpg\",\"datePublished\":\"2021-01-06T19:07:48+00:00\",\"dateModified\":\"2025-12-14T18:33:09+00:00\",\"author\":{\"@id\":\"https:\\\/\\\/refletnews.ca\\\/en\\\/#\\\/schema\\\/person\\\/ecd8a97c76ea385f3027e987481ea16a\"},\"breadcrumb\":{\"@id\":\"https:\\\/\\\/refletnews.ca\\\/en\\\/actualites\\\/les-premiers-vaccins-covid-19-de-la-region-arriveront-la-semaine-prochaine\\\/#breadcrumb\"},\"inLanguage\":\"en-CA\",\"potentialAction\":[{\"@type\":\"ReadAction\",\"target\":[\"https:\\\/\\\/refletnews.ca\\\/en\\\/actualites\\\/les-premiers-vaccins-covid-19-de-la-region-arriveront-la-semaine-prochaine\\\/\"]}]},{\"@type\":\"ImageObject\",\"inLanguage\":\"en-CA\",\"@id\":\"https:\\\/\\\/refletnews.ca\\\/en\\\/actualites\\\/les-premiers-vaccins-covid-19-de-la-region-arriveront-la-semaine-prochaine\\\/#primaryimage\",\"url\":\"https:\\\/\\\/cdn.editionap.ca\\\/wp-content\\\/uploads\\\/sites\\\/3\\\/2021\\\/01\\\/d97b82df-4979-427c-8a86-596a6a7cdcc9-scaled-1.jpg\",\"contentUrl\":\"https:\\\/\\\/cdn.editionap.ca\\\/wp-content\\\/uploads\\\/sites\\\/3\\\/2021\\\/01\\\/d97b82df-4979-427c-8a86-596a6a7cdcc9-scaled-1.jpg\",\"width\":2560,\"height\":1707},{\"@type\":\"BreadcrumbList\",\"@id\":\"https:\\\/\\\/refletnews.ca\\\/en\\\/actualites\\\/les-premiers-vaccins-covid-19-de-la-region-arriveront-la-semaine-prochaine\\\/#breadcrumb\",\"itemListElement\":[{\"@type\":\"ListItem\",\"position\":1,\"name\":\"Accueil\",\"item\":\"https:\\\/\\\/refletnews.ca\\\/en\\\/\"},{\"@type\":\"ListItem\",\"position\":2,\"name\":\"Les premiers vaccins COVID-19 de la r\u00e9gion arriveront la semaine prochaine\"}]},{\"@type\":\"WebSite\",\"@id\":\"https:\\\/\\\/refletnews.ca\\\/en\\\/#website\",\"url\":\"https:\\\/\\\/refletnews.ca\\\/en\\\/\",\"name\":\"Le Reflet \\\/ The News\",\"description\":\"\",\"potentialAction\":[{\"@type\":\"SearchAction\",\"target\":{\"@type\":\"EntryPoint\",\"urlTemplate\":\"https:\\\/\\\/refletnews.ca\\\/en\\\/?s={search_term_string}\"},\"query-input\":{\"@type\":\"PropertyValueSpecification\",\"valueRequired\":true,\"valueName\":\"search_term_string\"}}],\"inLanguage\":\"en-CA\"},{\"@type\":\"Person\",\"@id\":\"https:\\\/\\\/refletnews.ca\\\/en\\\/#\\\/schema\\\/person\\\/ecd8a97c76ea385f3027e987481ea16a\",\"name\":\"ezn2_spadmin\",\"image\":{\"@type\":\"ImageObject\",\"inLanguage\":\"en-CA\",\"@id\":\"https:\\\/\\\/secure.gravatar.com\\\/avatar\\\/10a4f0f991cc37cefde2ecf3b88df276159d0bcf256623224d1025086c609a97?s=96&d=mm&r=g\",\"url\":\"https:\\\/\\\/secure.gravatar.com\\\/avatar\\\/10a4f0f991cc37cefde2ecf3b88df276159d0bcf256623224d1025086c609a97?s=96&d=mm&r=g\",\"contentUrl\":\"https:\\\/\\\/secure.gravatar.com\\\/avatar\\\/10a4f0f991cc37cefde2ecf3b88df276159d0bcf256623224d1025086c609a97?s=96&d=mm&r=g\",\"caption\":\"ezn2_spadmin\"}}]}<\/script>\n<!-- \/ Yoast SEO plugin. -->","yoast_head_json":{"title":"Les premiers vaccins COVID-19 de la r\u00e9gion arriveront la semaine prochaine - Le Reflet \/ The News","robots":{"index":"index","follow":"follow","max-snippet":"max-snippet:-1","max-image-preview":"max-image-preview:large","max-video-preview":"max-video-preview:-1"},"canonical":"https:\/\/refletnews.ca\/en\/actualites\/les-premiers-vaccins-covid-19-de-la-region-arriveront-la-semaine-prochaine\/","og_locale":"en_US","og_type":"article","og_title":"Les premiers vaccins COVID-19 de la r\u00e9gion arriveront la semaine prochaine - Le Reflet \/ The News","og_description":"Les membres du personnel des soins de longue dur\u00e9e seront les premiers de la r\u00e9gion de desserte du Bureau de sant\u00e9 de l'est de l'Ontario (BSEO) \u00e0 recevoir le vaccin contre la COVID-19 d\u00e8s son arriv\u00e9e la semaine prochaine.","og_url":"https:\/\/refletnews.ca\/en\/actualites\/les-premiers-vaccins-covid-19-de-la-region-arriveront-la-semaine-prochaine\/","og_site_name":"Le Reflet \/ The News","article_published_time":"2021-01-06T19:07:48+00:00","article_modified_time":"2025-12-14T18:33:09+00:00","og_image":[{"width":2560,"height":1707,"url":"https:\/\/cdn.editionap.ca\/wp-content\/uploads\/sites\/3\/2021\/01\/d97b82df-4979-427c-8a86-596a6a7cdcc9-scaled-1.jpg","type":"image\/jpeg"}],"author":"ezn2_spadmin","twitter_card":"summary_large_image","twitter_misc":{"Written by":"ezn2_spadmin"},"schema":{"@context":"https:\/\/schema.org","@graph":[{"@type":"Article","@id":"https:\/\/refletnews.ca\/en\/actualites\/les-premiers-vaccins-covid-19-de-la-region-arriveront-la-semaine-prochaine\/#article","isPartOf":{"@id":"https:\/\/refletnews.ca\/en\/actualites\/les-premiers-vaccins-covid-19-de-la-region-arriveront-la-semaine-prochaine\/"},"author":{"name":"ezn2_spadmin","@id":"https:\/\/refletnews.ca\/en\/#\/schema\/person\/ecd8a97c76ea385f3027e987481ea16a"},"headline":"Les premiers vaccins COVID-19 de la r\u00e9gion arriveront la semaine prochaine","datePublished":"2021-01-06T19:07:48+00:00","dateModified":"2025-12-14T18:33:09+00:00","mainEntityOfPage":{"@id":"https:\/\/refletnews.ca\/en\/actualites\/les-premiers-vaccins-covid-19-de-la-region-arriveront-la-semaine-prochaine\/"},"wordCount":106,"image":{"@id":"https:\/\/refletnews.ca\/en\/actualites\/les-premiers-vaccins-covid-19-de-la-region-arriveront-la-semaine-prochaine\/#primaryimage"},"thumbnailUrl":"https:\/\/cdn.editionap.ca\/wp-content\/uploads\/sites\/3\/2021\/01\/d97b82df-4979-427c-8a86-596a6a7cdcc9-scaled-1.jpg","articleSection":["Actualit\u00e9s"],"inLanguage":"en-CA"},{"@type":"WebPage","@id":"https:\/\/refletnews.ca\/en\/actualites\/les-premiers-vaccins-covid-19-de-la-region-arriveront-la-semaine-prochaine\/","url":"https:\/\/refletnews.ca\/en\/actualites\/les-premiers-vaccins-covid-19-de-la-region-arriveront-la-semaine-prochaine\/","name":"Les premiers vaccins COVID-19 de la r\u00e9gion arriveront la semaine prochaine - Le Reflet \/ The News","isPartOf":{"@id":"https:\/\/refletnews.ca\/en\/#website"},"primaryImageOfPage":{"@id":"https:\/\/refletnews.ca\/en\/actualites\/les-premiers-vaccins-covid-19-de-la-region-arriveront-la-semaine-prochaine\/#primaryimage"},"image":{"@id":"https:\/\/refletnews.ca\/en\/actualites\/les-premiers-vaccins-covid-19-de-la-region-arriveront-la-semaine-prochaine\/#primaryimage"},"thumbnailUrl":"https:\/\/cdn.editionap.ca\/wp-content\/uploads\/sites\/3\/2021\/01\/d97b82df-4979-427c-8a86-596a6a7cdcc9-scaled-1.jpg","datePublished":"2021-01-06T19:07:48+00:00","dateModified":"2025-12-14T18:33:09+00:00","author":{"@id":"https:\/\/refletnews.ca\/en\/#\/schema\/person\/ecd8a97c76ea385f3027e987481ea16a"},"breadcrumb":{"@id":"https:\/\/refletnews.ca\/en\/actualites\/les-premiers-vaccins-covid-19-de-la-region-arriveront-la-semaine-prochaine\/#breadcrumb"},"inLanguage":"en-CA","potentialAction":[{"@type":"ReadAction","target":["https:\/\/refletnews.ca\/en\/actualites\/les-premiers-vaccins-covid-19-de-la-region-arriveront-la-semaine-prochaine\/"]}]},{"@type":"ImageObject","inLanguage":"en-CA","@id":"https:\/\/refletnews.ca\/en\/actualites\/les-premiers-vaccins-covid-19-de-la-region-arriveront-la-semaine-prochaine\/#primaryimage","url":"https:\/\/cdn.editionap.ca\/wp-content\/uploads\/sites\/3\/2021\/01\/d97b82df-4979-427c-8a86-596a6a7cdcc9-scaled-1.jpg","contentUrl":"https:\/\/cdn.editionap.ca\/wp-content\/uploads\/sites\/3\/2021\/01\/d97b82df-4979-427c-8a86-596a6a7cdcc9-scaled-1.jpg","width":2560,"height":1707},{"@type":"BreadcrumbList","@id":"https:\/\/refletnews.ca\/en\/actualites\/les-premiers-vaccins-covid-19-de-la-region-arriveront-la-semaine-prochaine\/#breadcrumb","itemListElement":[{"@type":"ListItem","position":1,"name":"Accueil","item":"https:\/\/refletnews.ca\/en\/"},{"@type":"ListItem","position":2,"name":"Les premiers vaccins COVID-19 de la r\u00e9gion arriveront la semaine prochaine"}]},{"@type":"WebSite","@id":"https:\/\/refletnews.ca\/en\/#website","url":"https:\/\/refletnews.ca\/en\/","name":"Le Reflet \/ The News","description":"","potentialAction":[{"@type":"SearchAction","target":{"@type":"EntryPoint","urlTemplate":"https:\/\/refletnews.ca\/en\/?s={search_term_string}"},"query-input":{"@type":"PropertyValueSpecification","valueRequired":true,"valueName":"search_term_string"}}],"inLanguage":"en-CA"},{"@type":"Person","@id":"https:\/\/refletnews.ca\/en\/#\/schema\/person\/ecd8a97c76ea385f3027e987481ea16a","name":"ezn2_spadmin","image":{"@type":"ImageObject","inLanguage":"en-CA","@id":"https:\/\/secure.gravatar.com\/avatar\/10a4f0f991cc37cefde2ecf3b88df276159d0bcf256623224d1025086c609a97?s=96&d=mm&r=g","url":"https:\/\/secure.gravatar.com\/avatar\/10a4f0f991cc37cefde2ecf3b88df276159d0bcf256623224d1025086c609a97?s=96&d=mm&r=g","contentUrl":"https:\/\/secure.gravatar.com\/avatar\/10a4f0f991cc37cefde2ecf3b88df276159d0bcf256623224d1025086c609a97?s=96&d=mm&r=g","caption":"ezn2_spadmin"}}]}},"_links":{"self":[{"href":"https:\/\/refletnews.ca\/en\/wp-json\/wp\/v2\/posts\/481","targetHints":{"allow":["GET"]}}],"collection":[{"href":"https:\/\/refletnews.ca\/en\/wp-json\/wp\/v2\/posts"}],"about":[{"href":"https:\/\/refletnews.ca\/en\/wp-json\/wp\/v2\/types\/post"}],"author":[{"embeddable":true,"href":"https:\/\/refletnews.ca\/en\/wp-json\/wp\/v2\/users\/7"}],"replies":[{"embeddable":true,"href":"https:\/\/refletnews.ca\/en\/wp-json\/wp\/v2\/comments?post=481"}],"version-history":[{"count":1,"href":"https:\/\/refletnews.ca\/en\/wp-json\/wp\/v2\/posts\/481\/revisions"}],"predecessor-version":[{"id":129442,"href":"https:\/\/refletnews.ca\/en\/wp-json\/wp\/v2\/posts\/481\/revisions\/129442"}],"wp:featuredmedia":[{"embeddable":true,"href":"https:\/\/refletnews.ca\/en\/wp-json\/wp\/v2\/media\/482"}],"wp:attachment":[{"href":"https:\/\/refletnews.ca\/en\/wp-json\/wp\/v2\/media?parent=481"}],"wp:term":[{"taxonomy":"category","embeddable":true,"href":"https:\/\/refletnews.ca\/en\/wp-json\/wp\/v2\/categories?post=481"},{"taxonomy":"post_tag","embeddable":true,"href":"https:\/\/refletnews.ca\/en\/wp-json\/wp\/v2\/tags?post=481"}],"curies":[{"name":"wp","href":"https:\/\/api.w.org\/{rel}","templated":true}]}}