{"id":4526,"date":"2021-09-16T11:34:16","date_gmt":"2021-09-16T11:34:17","guid":{"rendered":"https:\/\/editionap.ca\/2021\/09\/16\/lart-franco-ontarien-au-coeur-de-lautomne\/"},"modified":"2025-12-16T04:33:05","modified_gmt":"2025-12-16T03:33:05","slug":"lart-franco-ontarien-au-coeur-de-lautomne","status":"publish","type":"post","link":"https:\/\/refletnews.ca\/en\/culture\/lart-franco-ontarien-au-coeur-de-lautomne\/","title":{"rendered":"L\u2019art franco-ontarien au c\u0153ur de l\u2019automne"},"content":{"rendered":"<p>Afin de promouvoir les arts francophones, la communaut\u00e9 est invit\u00e9e \u00e0 participer \u00e0 l\u2019initiative\u202fLe 25 septembre, j\u2019ach\u00e8te un livre franco-ontarien.\u202f\u202fCette initiative a pour but de promouvoir et de faire d\u00e9couvrir les oeuvres franco-ontariennes et leurs auteurs. \u202f&nbsp;<\/p>\n<p>Pour proposer des livres \u00e0 acheter, l\u2019association des auteures et auteurs de l\u2019Ontario fran\u00e7ais a pr\u00e9par\u00e9 une r\u00e9trospective litt\u00e9raire regroup\u00e9e dans un document. Cette r\u00e9trospective souligne tous les livres \u00e9crits par des franco-ontariens, sortis en 2020-2021. Ceux-ci sont regroup\u00e9s par th\u00e8mes et il est possible de trouver la liste \u00e0 cette adresse : R\u00e9trospective-2020-2021.pdf (aaof.ca) \u202f&nbsp;<\/p>\n<p>L\u2019alliance culturelle de l\u2019Ontario, quant \u00e0 elle, encourage les gens \u00e0 souligner le mois des arts et de la culture francophones de l\u2019Ontario, en octobre, en affichant #ONmlesARTS sur les r\u00e9seaux sociaux. Ceci permettra d\u2019augmenter la visibilit\u00e9 de projets et de coups de c\u0153ur pour le travail d\u2019un ou une artiste en particulier, d\u2019un organisme ou d\u2019une oeuvre sp\u00e9cifique.\u202fCette initiative existe depuis 2019.&nbsp;<\/p>\n","protected":false},"excerpt":{"rendered":"<p>Afin de promouvoir les arts francophones, la communaut\u00e9 franco-ontarienne est invit\u00e9e \u00e0 participer \u00e0 la journ\u00e9e d\u2019achat de livres franco-ontariens et au mois des arts et de la culture francophones de l\u2019Ontario.<\/p>\n","protected":false},"author":7,"featured_media":4527,"comment_status":"closed","ping_status":"open","sticky":false,"template":"","format":"standard","meta":{"_acf_changed":false,"footnotes":""},"categories":[42],"tags":[],"class_list":["post-4526","post","type-post","status-publish","format-standard","has-post-thumbnail","hentry","category-culture"],"acf":[],"featured_media_global":[],"yoast_head":"<!-- This site is optimized with the Yoast SEO plugin v27.4 - https:\/\/yoast.com\/product\/yoast-seo-wordpress\/ -->\n<title>L\u2019art franco-ontarien au c\u0153ur de l\u2019automne - Le Reflet \/ The News<\/title>\n<meta name=\"robots\" content=\"index, follow, max-snippet:-1, max-image-preview:large, max-video-preview:-1\" \/>\n<link rel=\"canonical\" href=\"https:\/\/refletnews.ca\/en\/culture\/lart-franco-ontarien-au-coeur-de-lautomne\/\" \/>\n<meta property=\"og:locale\" content=\"en_US\" \/>\n<meta property=\"og:type\" content=\"article\" \/>\n<meta property=\"og:title\" content=\"L\u2019art franco-ontarien au c\u0153ur de l\u2019automne - Le Reflet \/ The News\" \/>\n<meta property=\"og:description\" content=\"Afin de promouvoir les arts francophones, la communaut\u00e9 franco-ontarienne est invit\u00e9e \u00e0 participer \u00e0 la journ\u00e9e d\u2019achat de livres franco-ontariens et au mois des arts et de la culture francophones de l\u2019Ontario.\" \/>\n<meta property=\"og:url\" content=\"https:\/\/refletnews.ca\/en\/culture\/lart-franco-ontarien-au-coeur-de-lautomne\/\" \/>\n<meta property=\"og:site_name\" content=\"Le Reflet \/ The News\" \/>\n<meta property=\"article:published_time\" content=\"2021-09-16T11:34:17+00:00\" \/>\n<meta property=\"article:modified_time\" content=\"2025-12-16T03:33:05+00:00\" \/>\n<meta property=\"og:image\" content=\"https:\/\/cdn.editionap.ca\/wp-content\/uploads\/sites\/3\/2021\/09\/2c88922e-8a2a-488f-a5ab-cfd4539c2a1e.jpg\" \/>\n\t<meta property=\"og:image:width\" content=\"624\" \/>\n\t<meta property=\"og:image:height\" content=\"404\" \/>\n\t<meta property=\"og:image:type\" content=\"image\/jpeg\" \/>\n<meta name=\"author\" content=\"ezn2_spadmin\" \/>\n<meta name=\"twitter:card\" content=\"summary_large_image\" \/>\n<meta name=\"twitter:label1\" content=\"Written by\" \/>\n\t<meta name=\"twitter:data1\" content=\"ezn2_spadmin\" \/>\n\t<meta name=\"twitter:label2\" content=\"Est. reading time\" \/>\n\t<meta name=\"twitter:data2\" content=\"1 minute\" \/>\n<script type=\"application\/ld+json\" class=\"yoast-schema-graph\">{\"@context\":\"https:\\\/\\\/schema.org\",\"@graph\":[{\"@type\":\"Article\",\"@id\":\"https:\\\/\\\/refletnews.ca\\\/en\\\/culture\\\/lart-franco-ontarien-au-coeur-de-lautomne\\\/#article\",\"isPartOf\":{\"@id\":\"https:\\\/\\\/refletnews.ca\\\/en\\\/culture\\\/lart-franco-ontarien-au-coeur-de-lautomne\\\/\"},\"author\":{\"name\":\"ezn2_spadmin\",\"@id\":\"https:\\\/\\\/refletnews.ca\\\/en\\\/#\\\/schema\\\/person\\\/ecd8a97c76ea385f3027e987481ea16a\"},\"headline\":\"L\u2019art franco-ontarien au c\u0153ur de l\u2019automne\",\"datePublished\":\"2021-09-16T11:34:17+00:00\",\"dateModified\":\"2025-12-16T03:33:05+00:00\",\"mainEntityOfPage\":{\"@id\":\"https:\\\/\\\/refletnews.ca\\\/en\\\/culture\\\/lart-franco-ontarien-au-coeur-de-lautomne\\\/\"},\"wordCount\":189,\"image\":{\"@id\":\"https:\\\/\\\/refletnews.ca\\\/en\\\/culture\\\/lart-franco-ontarien-au-coeur-de-lautomne\\\/#primaryimage\"},\"thumbnailUrl\":\"https:\\\/\\\/cdn.editionap.ca\\\/wp-content\\\/uploads\\\/sites\\\/3\\\/2021\\\/09\\\/2c88922e-8a2a-488f-a5ab-cfd4539c2a1e.jpg\",\"articleSection\":[\"Culture\"],\"inLanguage\":\"en-CA\"},{\"@type\":\"WebPage\",\"@id\":\"https:\\\/\\\/refletnews.ca\\\/en\\\/culture\\\/lart-franco-ontarien-au-coeur-de-lautomne\\\/\",\"url\":\"https:\\\/\\\/refletnews.ca\\\/en\\\/culture\\\/lart-franco-ontarien-au-coeur-de-lautomne\\\/\",\"name\":\"L\u2019art franco-ontarien au c\u0153ur de l\u2019automne - Le Reflet \\\/ The News\",\"isPartOf\":{\"@id\":\"https:\\\/\\\/refletnews.ca\\\/en\\\/#website\"},\"primaryImageOfPage\":{\"@id\":\"https:\\\/\\\/refletnews.ca\\\/en\\\/culture\\\/lart-franco-ontarien-au-coeur-de-lautomne\\\/#primaryimage\"},\"image\":{\"@id\":\"https:\\\/\\\/refletnews.ca\\\/en\\\/culture\\\/lart-franco-ontarien-au-coeur-de-lautomne\\\/#primaryimage\"},\"thumbnailUrl\":\"https:\\\/\\\/cdn.editionap.ca\\\/wp-content\\\/uploads\\\/sites\\\/3\\\/2021\\\/09\\\/2c88922e-8a2a-488f-a5ab-cfd4539c2a1e.jpg\",\"datePublished\":\"2021-09-16T11:34:17+00:00\",\"dateModified\":\"2025-12-16T03:33:05+00:00\",\"author\":{\"@id\":\"https:\\\/\\\/refletnews.ca\\\/en\\\/#\\\/schema\\\/person\\\/ecd8a97c76ea385f3027e987481ea16a\"},\"breadcrumb\":{\"@id\":\"https:\\\/\\\/refletnews.ca\\\/en\\\/culture\\\/lart-franco-ontarien-au-coeur-de-lautomne\\\/#breadcrumb\"},\"inLanguage\":\"en-CA\",\"potentialAction\":[{\"@type\":\"ReadAction\",\"target\":[\"https:\\\/\\\/refletnews.ca\\\/en\\\/culture\\\/lart-franco-ontarien-au-coeur-de-lautomne\\\/\"]}]},{\"@type\":\"ImageObject\",\"inLanguage\":\"en-CA\",\"@id\":\"https:\\\/\\\/refletnews.ca\\\/en\\\/culture\\\/lart-franco-ontarien-au-coeur-de-lautomne\\\/#primaryimage\",\"url\":\"https:\\\/\\\/cdn.editionap.ca\\\/wp-content\\\/uploads\\\/sites\\\/3\\\/2021\\\/09\\\/2c88922e-8a2a-488f-a5ab-cfd4539c2a1e.jpg\",\"contentUrl\":\"https:\\\/\\\/cdn.editionap.ca\\\/wp-content\\\/uploads\\\/sites\\\/3\\\/2021\\\/09\\\/2c88922e-8a2a-488f-a5ab-cfd4539c2a1e.jpg\",\"width\":624,\"height\":404},{\"@type\":\"BreadcrumbList\",\"@id\":\"https:\\\/\\\/refletnews.ca\\\/en\\\/culture\\\/lart-franco-ontarien-au-coeur-de-lautomne\\\/#breadcrumb\",\"itemListElement\":[{\"@type\":\"ListItem\",\"position\":1,\"name\":\"Accueil\",\"item\":\"https:\\\/\\\/refletnews.ca\\\/en\\\/\"},{\"@type\":\"ListItem\",\"position\":2,\"name\":\"L\u2019art franco-ontarien au c\u0153ur de l\u2019automne\"}]},{\"@type\":\"WebSite\",\"@id\":\"https:\\\/\\\/refletnews.ca\\\/en\\\/#website\",\"url\":\"https:\\\/\\\/refletnews.ca\\\/en\\\/\",\"name\":\"Le Reflet \\\/ The News\",\"description\":\"\",\"potentialAction\":[{\"@type\":\"SearchAction\",\"target\":{\"@type\":\"EntryPoint\",\"urlTemplate\":\"https:\\\/\\\/refletnews.ca\\\/en\\\/?s={search_term_string}\"},\"query-input\":{\"@type\":\"PropertyValueSpecification\",\"valueRequired\":true,\"valueName\":\"search_term_string\"}}],\"inLanguage\":\"en-CA\"},{\"@type\":\"Person\",\"@id\":\"https:\\\/\\\/refletnews.ca\\\/en\\\/#\\\/schema\\\/person\\\/ecd8a97c76ea385f3027e987481ea16a\",\"name\":\"ezn2_spadmin\",\"image\":{\"@type\":\"ImageObject\",\"inLanguage\":\"en-CA\",\"@id\":\"https:\\\/\\\/secure.gravatar.com\\\/avatar\\\/10a4f0f991cc37cefde2ecf3b88df276159d0bcf256623224d1025086c609a97?s=96&d=mm&r=g\",\"url\":\"https:\\\/\\\/secure.gravatar.com\\\/avatar\\\/10a4f0f991cc37cefde2ecf3b88df276159d0bcf256623224d1025086c609a97?s=96&d=mm&r=g\",\"contentUrl\":\"https:\\\/\\\/secure.gravatar.com\\\/avatar\\\/10a4f0f991cc37cefde2ecf3b88df276159d0bcf256623224d1025086c609a97?s=96&d=mm&r=g\",\"caption\":\"ezn2_spadmin\"}}]}<\/script>\n<!-- \/ Yoast SEO plugin. -->","yoast_head_json":{"title":"L\u2019art franco-ontarien au c\u0153ur de l\u2019automne - Le Reflet \/ The News","robots":{"index":"index","follow":"follow","max-snippet":"max-snippet:-1","max-image-preview":"max-image-preview:large","max-video-preview":"max-video-preview:-1"},"canonical":"https:\/\/refletnews.ca\/en\/culture\/lart-franco-ontarien-au-coeur-de-lautomne\/","og_locale":"en_US","og_type":"article","og_title":"L\u2019art franco-ontarien au c\u0153ur de l\u2019automne - Le Reflet \/ The News","og_description":"Afin de promouvoir les arts francophones, la communaut\u00e9 franco-ontarienne est invit\u00e9e \u00e0 participer \u00e0 la journ\u00e9e d\u2019achat de livres franco-ontariens et au mois des arts et de la culture francophones de l\u2019Ontario.","og_url":"https:\/\/refletnews.ca\/en\/culture\/lart-franco-ontarien-au-coeur-de-lautomne\/","og_site_name":"Le Reflet \/ The News","article_published_time":"2021-09-16T11:34:17+00:00","article_modified_time":"2025-12-16T03:33:05+00:00","og_image":[{"width":624,"height":404,"url":"https:\/\/cdn.editionap.ca\/wp-content\/uploads\/sites\/3\/2021\/09\/2c88922e-8a2a-488f-a5ab-cfd4539c2a1e.jpg","type":"image\/jpeg"}],"author":"ezn2_spadmin","twitter_card":"summary_large_image","twitter_misc":{"Written by":"ezn2_spadmin","Est. reading time":"1 minute"},"schema":{"@context":"https:\/\/schema.org","@graph":[{"@type":"Article","@id":"https:\/\/refletnews.ca\/en\/culture\/lart-franco-ontarien-au-coeur-de-lautomne\/#article","isPartOf":{"@id":"https:\/\/refletnews.ca\/en\/culture\/lart-franco-ontarien-au-coeur-de-lautomne\/"},"author":{"name":"ezn2_spadmin","@id":"https:\/\/refletnews.ca\/en\/#\/schema\/person\/ecd8a97c76ea385f3027e987481ea16a"},"headline":"L\u2019art franco-ontarien au c\u0153ur de l\u2019automne","datePublished":"2021-09-16T11:34:17+00:00","dateModified":"2025-12-16T03:33:05+00:00","mainEntityOfPage":{"@id":"https:\/\/refletnews.ca\/en\/culture\/lart-franco-ontarien-au-coeur-de-lautomne\/"},"wordCount":189,"image":{"@id":"https:\/\/refletnews.ca\/en\/culture\/lart-franco-ontarien-au-coeur-de-lautomne\/#primaryimage"},"thumbnailUrl":"https:\/\/cdn.editionap.ca\/wp-content\/uploads\/sites\/3\/2021\/09\/2c88922e-8a2a-488f-a5ab-cfd4539c2a1e.jpg","articleSection":["Culture"],"inLanguage":"en-CA"},{"@type":"WebPage","@id":"https:\/\/refletnews.ca\/en\/culture\/lart-franco-ontarien-au-coeur-de-lautomne\/","url":"https:\/\/refletnews.ca\/en\/culture\/lart-franco-ontarien-au-coeur-de-lautomne\/","name":"L\u2019art franco-ontarien au c\u0153ur de l\u2019automne - Le Reflet \/ The News","isPartOf":{"@id":"https:\/\/refletnews.ca\/en\/#website"},"primaryImageOfPage":{"@id":"https:\/\/refletnews.ca\/en\/culture\/lart-franco-ontarien-au-coeur-de-lautomne\/#primaryimage"},"image":{"@id":"https:\/\/refletnews.ca\/en\/culture\/lart-franco-ontarien-au-coeur-de-lautomne\/#primaryimage"},"thumbnailUrl":"https:\/\/cdn.editionap.ca\/wp-content\/uploads\/sites\/3\/2021\/09\/2c88922e-8a2a-488f-a5ab-cfd4539c2a1e.jpg","datePublished":"2021-09-16T11:34:17+00:00","dateModified":"2025-12-16T03:33:05+00:00","author":{"@id":"https:\/\/refletnews.ca\/en\/#\/schema\/person\/ecd8a97c76ea385f3027e987481ea16a"},"breadcrumb":{"@id":"https:\/\/refletnews.ca\/en\/culture\/lart-franco-ontarien-au-coeur-de-lautomne\/#breadcrumb"},"inLanguage":"en-CA","potentialAction":[{"@type":"ReadAction","target":["https:\/\/refletnews.ca\/en\/culture\/lart-franco-ontarien-au-coeur-de-lautomne\/"]}]},{"@type":"ImageObject","inLanguage":"en-CA","@id":"https:\/\/refletnews.ca\/en\/culture\/lart-franco-ontarien-au-coeur-de-lautomne\/#primaryimage","url":"https:\/\/cdn.editionap.ca\/wp-content\/uploads\/sites\/3\/2021\/09\/2c88922e-8a2a-488f-a5ab-cfd4539c2a1e.jpg","contentUrl":"https:\/\/cdn.editionap.ca\/wp-content\/uploads\/sites\/3\/2021\/09\/2c88922e-8a2a-488f-a5ab-cfd4539c2a1e.jpg","width":624,"height":404},{"@type":"BreadcrumbList","@id":"https:\/\/refletnews.ca\/en\/culture\/lart-franco-ontarien-au-coeur-de-lautomne\/#breadcrumb","itemListElement":[{"@type":"ListItem","position":1,"name":"Accueil","item":"https:\/\/refletnews.ca\/en\/"},{"@type":"ListItem","position":2,"name":"L\u2019art franco-ontarien au c\u0153ur de l\u2019automne"}]},{"@type":"WebSite","@id":"https:\/\/refletnews.ca\/en\/#website","url":"https:\/\/refletnews.ca\/en\/","name":"Le Reflet \/ The News","description":"","potentialAction":[{"@type":"SearchAction","target":{"@type":"EntryPoint","urlTemplate":"https:\/\/refletnews.ca\/en\/?s={search_term_string}"},"query-input":{"@type":"PropertyValueSpecification","valueRequired":true,"valueName":"search_term_string"}}],"inLanguage":"en-CA"},{"@type":"Person","@id":"https:\/\/refletnews.ca\/en\/#\/schema\/person\/ecd8a97c76ea385f3027e987481ea16a","name":"ezn2_spadmin","image":{"@type":"ImageObject","inLanguage":"en-CA","@id":"https:\/\/secure.gravatar.com\/avatar\/10a4f0f991cc37cefde2ecf3b88df276159d0bcf256623224d1025086c609a97?s=96&d=mm&r=g","url":"https:\/\/secure.gravatar.com\/avatar\/10a4f0f991cc37cefde2ecf3b88df276159d0bcf256623224d1025086c609a97?s=96&d=mm&r=g","contentUrl":"https:\/\/secure.gravatar.com\/avatar\/10a4f0f991cc37cefde2ecf3b88df276159d0bcf256623224d1025086c609a97?s=96&d=mm&r=g","caption":"ezn2_spadmin"}}]}},"_links":{"self":[{"href":"https:\/\/refletnews.ca\/en\/wp-json\/wp\/v2\/posts\/4526","targetHints":{"allow":["GET"]}}],"collection":[{"href":"https:\/\/refletnews.ca\/en\/wp-json\/wp\/v2\/posts"}],"about":[{"href":"https:\/\/refletnews.ca\/en\/wp-json\/wp\/v2\/types\/post"}],"author":[{"embeddable":true,"href":"https:\/\/refletnews.ca\/en\/wp-json\/wp\/v2\/users\/7"}],"replies":[{"embeddable":true,"href":"https:\/\/refletnews.ca\/en\/wp-json\/wp\/v2\/comments?post=4526"}],"version-history":[{"count":1,"href":"https:\/\/refletnews.ca\/en\/wp-json\/wp\/v2\/posts\/4526\/revisions"}],"predecessor-version":[{"id":129637,"href":"https:\/\/refletnews.ca\/en\/wp-json\/wp\/v2\/posts\/4526\/revisions\/129637"}],"wp:featuredmedia":[{"embeddable":true,"href":"https:\/\/refletnews.ca\/en\/wp-json\/wp\/v2\/media\/4527"}],"wp:attachment":[{"href":"https:\/\/refletnews.ca\/en\/wp-json\/wp\/v2\/media?parent=4526"}],"wp:term":[{"taxonomy":"category","embeddable":true,"href":"https:\/\/refletnews.ca\/en\/wp-json\/wp\/v2\/categories?post=4526"},{"taxonomy":"post_tag","embeddable":true,"href":"https:\/\/refletnews.ca\/en\/wp-json\/wp\/v2\/tags?post=4526"}],"curies":[{"name":"wp","href":"https:\/\/api.w.org\/{rel}","templated":true}]}}