{"id":3400,"date":"2020-02-26T17:40:50","date_gmt":"2020-02-26T17:40:50","guid":{"rendered":"https:\/\/editionap.ca\/2020\/02\/26\/nathalie-freniere-une-artiste-de-la-nation-avec-des-ambitions-a-linternational\/"},"modified":"2025-12-16T04:30:20","modified_gmt":"2025-12-16T03:30:20","slug":"nathalie-freniere-une-artiste-de-la-nation-avec-des-ambitions-a-linternational","status":"publish","type":"post","link":"https:\/\/refletnews.ca\/en\/culture\/nathalie-freniere-une-artiste-de-la-nation-avec-des-ambitions-a-linternational\/","title":{"rendered":"Nathalie Freni\u00e8re, une artiste de la Nation avec des ambitions \u00e0 l\u2019international!"},"content":{"rendered":"<p>D\u00e8s qu\u2019on entre dans la maison de Nathalie Freni\u00e8re, situ\u00e9e dans la municipalit\u00e9 de La Nation, on est frapp\u00e9 de prime abord par la qui\u00e9tude ressentie et par le caract\u00e8re artistique qui ressort. Partout, il y a un clin d\u2019\u0153il \u00e0 l\u2019art, des tableaux, des livres de peinture, un garage transform\u00e9 en atelier et un grand salon ou tr\u00f4ne fi\u00e8rement un piano \u00e0 queue entour\u00e9 d\u2019une multitude d\u2019instruments de musique.<\/p>\n<p>C\u2019est dans cette ambiance que Nathalie Freni\u00e8re travaille. Dans ce lieu atypique, la jeune femme de 53 ans trouve son inspiration et a produit une dizaine, voire une centaine de tableaux, depuis son \u00e9tablissement dans la r\u00e9gion de Prescott-Russell, il y a sept ans.&nbsp;<\/p>\n<p><strong>LISEZ L&#8217;ARTICLE INT\u00c9GRAL EN PAGE 10 DU <em>REFLET-NEWS<\/em><br \/><\/strong><a href=\"https:\/\/online.flippingbook.com\/view\/700437\/10\/\" rel=\"noopener noreferrer\" target=\"_blank\"><strong>Nathalie Freni\u00e8re: une artiste aux ambitions internationales<\/strong><\/a><\/p>\n","protected":false},"excerpt":{"rendered":"<p>\u00abMa fille! Artiste ce n\u2019est pas un m\u00e9tier, tu vas crever de faim, me disait mon p\u00e8re. Aujourd\u2019hui, je suis artiste peintre \u00e0 plein temps et je vis de mon art.\u00bb<\/p>\n","protected":false},"author":7,"featured_media":3401,"comment_status":"closed","ping_status":"open","sticky":false,"template":"","format":"standard","meta":{"_acf_changed":false,"footnotes":""},"categories":[42],"tags":[],"class_list":["post-3400","post","type-post","status-publish","format-standard","has-post-thumbnail","hentry","category-culture"],"acf":[],"featured_media_global":[],"yoast_head":"<!-- This site is optimized with the Yoast SEO plugin v27.5 - https:\/\/yoast.com\/product\/yoast-seo-wordpress\/ -->\n<title>Nathalie Freni\u00e8re, une artiste de la Nation avec des ambitions \u00e0 l\u2019international! - Le Reflet \/ The News<\/title>\n<meta name=\"robots\" content=\"index, follow, max-snippet:-1, max-image-preview:large, max-video-preview:-1\" \/>\n<link rel=\"canonical\" href=\"https:\/\/refletnews.ca\/en\/culture\/nathalie-freniere-une-artiste-de-la-nation-avec-des-ambitions-a-linternational\/\" \/>\n<meta property=\"og:locale\" content=\"en_US\" \/>\n<meta property=\"og:type\" content=\"article\" \/>\n<meta property=\"og:title\" content=\"Nathalie Freni\u00e8re, une artiste de la Nation avec des ambitions \u00e0 l\u2019international! - Le Reflet \/ The News\" \/>\n<meta property=\"og:description\" content=\"\u00abMa fille! Artiste ce n\u2019est pas un m\u00e9tier, tu vas crever de faim, me disait mon p\u00e8re. Aujourd\u2019hui, je suis artiste peintre \u00e0 plein temps et je vis de mon art.\u00bb\" \/>\n<meta property=\"og:url\" content=\"https:\/\/refletnews.ca\/en\/culture\/nathalie-freniere-une-artiste-de-la-nation-avec-des-ambitions-a-linternational\/\" \/>\n<meta property=\"og:site_name\" content=\"Le Reflet \/ The News\" \/>\n<meta property=\"article:published_time\" content=\"2020-02-26T17:40:50+00:00\" \/>\n<meta property=\"article:modified_time\" content=\"2025-12-16T03:30:20+00:00\" \/>\n<meta property=\"og:image\" content=\"https:\/\/cdn.editionap.ca\/wp-content\/uploads\/sites\/3\/2020\/04\/686401c3-2992-430d-8685-affa1badd0c0.jpg\" \/>\n\t<meta property=\"og:image:width\" content=\"1833\" \/>\n\t<meta property=\"og:image:height\" content=\"1276\" \/>\n\t<meta property=\"og:image:type\" content=\"image\/jpeg\" \/>\n<meta name=\"author\" content=\"ezn2_spadmin\" \/>\n<meta name=\"twitter:card\" content=\"summary_large_image\" \/>\n<meta name=\"twitter:label1\" content=\"Written by\" \/>\n\t<meta name=\"twitter:data1\" content=\"ezn2_spadmin\" \/>\n\t<meta name=\"twitter:label2\" content=\"Est. reading time\" \/>\n\t<meta name=\"twitter:data2\" content=\"1 minute\" \/>\n<script type=\"application\/ld+json\" class=\"yoast-schema-graph\">{\"@context\":\"https:\\\/\\\/schema.org\",\"@graph\":[{\"@type\":\"Article\",\"@id\":\"https:\\\/\\\/refletnews.ca\\\/en\\\/culture\\\/nathalie-freniere-une-artiste-de-la-nation-avec-des-ambitions-a-linternational\\\/#article\",\"isPartOf\":{\"@id\":\"https:\\\/\\\/refletnews.ca\\\/en\\\/culture\\\/nathalie-freniere-une-artiste-de-la-nation-avec-des-ambitions-a-linternational\\\/\"},\"author\":{\"name\":\"ezn2_spadmin\",\"@id\":\"https:\\\/\\\/refletnews.ca\\\/en\\\/#\\\/schema\\\/person\\\/ecd8a97c76ea385f3027e987481ea16a\"},\"headline\":\"Nathalie Freni\u00e8re, une artiste de la Nation avec des ambitions \u00e0 l\u2019international!\",\"datePublished\":\"2020-02-26T17:40:50+00:00\",\"dateModified\":\"2025-12-16T03:30:20+00:00\",\"mainEntityOfPage\":{\"@id\":\"https:\\\/\\\/refletnews.ca\\\/en\\\/culture\\\/nathalie-freniere-une-artiste-de-la-nation-avec-des-ambitions-a-linternational\\\/\"},\"wordCount\":157,\"image\":{\"@id\":\"https:\\\/\\\/refletnews.ca\\\/en\\\/culture\\\/nathalie-freniere-une-artiste-de-la-nation-avec-des-ambitions-a-linternational\\\/#primaryimage\"},\"thumbnailUrl\":\"https:\\\/\\\/cdn.editionap.ca\\\/wp-content\\\/uploads\\\/sites\\\/3\\\/2020\\\/04\\\/686401c3-2992-430d-8685-affa1badd0c0.jpg\",\"articleSection\":[\"Culture\"],\"inLanguage\":\"en-CA\"},{\"@type\":\"WebPage\",\"@id\":\"https:\\\/\\\/refletnews.ca\\\/en\\\/culture\\\/nathalie-freniere-une-artiste-de-la-nation-avec-des-ambitions-a-linternational\\\/\",\"url\":\"https:\\\/\\\/refletnews.ca\\\/en\\\/culture\\\/nathalie-freniere-une-artiste-de-la-nation-avec-des-ambitions-a-linternational\\\/\",\"name\":\"Nathalie Freni\u00e8re, une artiste de la Nation avec des ambitions \u00e0 l\u2019international! - Le Reflet \\\/ The News\",\"isPartOf\":{\"@id\":\"https:\\\/\\\/refletnews.ca\\\/en\\\/#website\"},\"primaryImageOfPage\":{\"@id\":\"https:\\\/\\\/refletnews.ca\\\/en\\\/culture\\\/nathalie-freniere-une-artiste-de-la-nation-avec-des-ambitions-a-linternational\\\/#primaryimage\"},\"image\":{\"@id\":\"https:\\\/\\\/refletnews.ca\\\/en\\\/culture\\\/nathalie-freniere-une-artiste-de-la-nation-avec-des-ambitions-a-linternational\\\/#primaryimage\"},\"thumbnailUrl\":\"https:\\\/\\\/cdn.editionap.ca\\\/wp-content\\\/uploads\\\/sites\\\/3\\\/2020\\\/04\\\/686401c3-2992-430d-8685-affa1badd0c0.jpg\",\"datePublished\":\"2020-02-26T17:40:50+00:00\",\"dateModified\":\"2025-12-16T03:30:20+00:00\",\"author\":{\"@id\":\"https:\\\/\\\/refletnews.ca\\\/en\\\/#\\\/schema\\\/person\\\/ecd8a97c76ea385f3027e987481ea16a\"},\"breadcrumb\":{\"@id\":\"https:\\\/\\\/refletnews.ca\\\/en\\\/culture\\\/nathalie-freniere-une-artiste-de-la-nation-avec-des-ambitions-a-linternational\\\/#breadcrumb\"},\"inLanguage\":\"en-CA\",\"potentialAction\":[{\"@type\":\"ReadAction\",\"target\":[\"https:\\\/\\\/refletnews.ca\\\/en\\\/culture\\\/nathalie-freniere-une-artiste-de-la-nation-avec-des-ambitions-a-linternational\\\/\"]}]},{\"@type\":\"ImageObject\",\"inLanguage\":\"en-CA\",\"@id\":\"https:\\\/\\\/refletnews.ca\\\/en\\\/culture\\\/nathalie-freniere-une-artiste-de-la-nation-avec-des-ambitions-a-linternational\\\/#primaryimage\",\"url\":\"https:\\\/\\\/cdn.editionap.ca\\\/wp-content\\\/uploads\\\/sites\\\/3\\\/2020\\\/04\\\/686401c3-2992-430d-8685-affa1badd0c0.jpg\",\"contentUrl\":\"https:\\\/\\\/cdn.editionap.ca\\\/wp-content\\\/uploads\\\/sites\\\/3\\\/2020\\\/04\\\/686401c3-2992-430d-8685-affa1badd0c0.jpg\",\"width\":1833,\"height\":1276},{\"@type\":\"BreadcrumbList\",\"@id\":\"https:\\\/\\\/refletnews.ca\\\/en\\\/culture\\\/nathalie-freniere-une-artiste-de-la-nation-avec-des-ambitions-a-linternational\\\/#breadcrumb\",\"itemListElement\":[{\"@type\":\"ListItem\",\"position\":1,\"name\":\"Accueil\",\"item\":\"https:\\\/\\\/refletnews.ca\\\/en\\\/\"},{\"@type\":\"ListItem\",\"position\":2,\"name\":\"Nathalie Freni\u00e8re, une artiste de la Nation avec des ambitions \u00e0 l\u2019international!\"}]},{\"@type\":\"WebSite\",\"@id\":\"https:\\\/\\\/refletnews.ca\\\/en\\\/#website\",\"url\":\"https:\\\/\\\/refletnews.ca\\\/en\\\/\",\"name\":\"Le Reflet \\\/ The News\",\"description\":\"\",\"potentialAction\":[{\"@type\":\"SearchAction\",\"target\":{\"@type\":\"EntryPoint\",\"urlTemplate\":\"https:\\\/\\\/refletnews.ca\\\/en\\\/?s={search_term_string}\"},\"query-input\":{\"@type\":\"PropertyValueSpecification\",\"valueRequired\":true,\"valueName\":\"search_term_string\"}}],\"inLanguage\":\"en-CA\"},{\"@type\":\"Person\",\"@id\":\"https:\\\/\\\/refletnews.ca\\\/en\\\/#\\\/schema\\\/person\\\/ecd8a97c76ea385f3027e987481ea16a\",\"name\":\"ezn2_spadmin\",\"image\":{\"@type\":\"ImageObject\",\"inLanguage\":\"en-CA\",\"@id\":\"https:\\\/\\\/secure.gravatar.com\\\/avatar\\\/10a4f0f991cc37cefde2ecf3b88df276159d0bcf256623224d1025086c609a97?s=96&d=mm&r=g\",\"url\":\"https:\\\/\\\/secure.gravatar.com\\\/avatar\\\/10a4f0f991cc37cefde2ecf3b88df276159d0bcf256623224d1025086c609a97?s=96&d=mm&r=g\",\"contentUrl\":\"https:\\\/\\\/secure.gravatar.com\\\/avatar\\\/10a4f0f991cc37cefde2ecf3b88df276159d0bcf256623224d1025086c609a97?s=96&d=mm&r=g\",\"caption\":\"ezn2_spadmin\"}}]}<\/script>\n<!-- \/ Yoast SEO plugin. -->","yoast_head_json":{"title":"Nathalie Freni\u00e8re, une artiste de la Nation avec des ambitions \u00e0 l\u2019international! - Le Reflet \/ The News","robots":{"index":"index","follow":"follow","max-snippet":"max-snippet:-1","max-image-preview":"max-image-preview:large","max-video-preview":"max-video-preview:-1"},"canonical":"https:\/\/refletnews.ca\/en\/culture\/nathalie-freniere-une-artiste-de-la-nation-avec-des-ambitions-a-linternational\/","og_locale":"en_US","og_type":"article","og_title":"Nathalie Freni\u00e8re, une artiste de la Nation avec des ambitions \u00e0 l\u2019international! - Le Reflet \/ The News","og_description":"\u00abMa fille! Artiste ce n\u2019est pas un m\u00e9tier, tu vas crever de faim, me disait mon p\u00e8re. Aujourd\u2019hui, je suis artiste peintre \u00e0 plein temps et je vis de mon art.\u00bb","og_url":"https:\/\/refletnews.ca\/en\/culture\/nathalie-freniere-une-artiste-de-la-nation-avec-des-ambitions-a-linternational\/","og_site_name":"Le Reflet \/ The News","article_published_time":"2020-02-26T17:40:50+00:00","article_modified_time":"2025-12-16T03:30:20+00:00","og_image":[{"width":1833,"height":1276,"url":"https:\/\/cdn.editionap.ca\/wp-content\/uploads\/sites\/3\/2020\/04\/686401c3-2992-430d-8685-affa1badd0c0.jpg","type":"image\/jpeg"}],"author":"ezn2_spadmin","twitter_card":"summary_large_image","twitter_misc":{"Written by":"ezn2_spadmin","Est. reading time":"1 minute"},"schema":{"@context":"https:\/\/schema.org","@graph":[{"@type":"Article","@id":"https:\/\/refletnews.ca\/en\/culture\/nathalie-freniere-une-artiste-de-la-nation-avec-des-ambitions-a-linternational\/#article","isPartOf":{"@id":"https:\/\/refletnews.ca\/en\/culture\/nathalie-freniere-une-artiste-de-la-nation-avec-des-ambitions-a-linternational\/"},"author":{"name":"ezn2_spadmin","@id":"https:\/\/refletnews.ca\/en\/#\/schema\/person\/ecd8a97c76ea385f3027e987481ea16a"},"headline":"Nathalie Freni\u00e8re, une artiste de la Nation avec des ambitions \u00e0 l\u2019international!","datePublished":"2020-02-26T17:40:50+00:00","dateModified":"2025-12-16T03:30:20+00:00","mainEntityOfPage":{"@id":"https:\/\/refletnews.ca\/en\/culture\/nathalie-freniere-une-artiste-de-la-nation-avec-des-ambitions-a-linternational\/"},"wordCount":157,"image":{"@id":"https:\/\/refletnews.ca\/en\/culture\/nathalie-freniere-une-artiste-de-la-nation-avec-des-ambitions-a-linternational\/#primaryimage"},"thumbnailUrl":"https:\/\/cdn.editionap.ca\/wp-content\/uploads\/sites\/3\/2020\/04\/686401c3-2992-430d-8685-affa1badd0c0.jpg","articleSection":["Culture"],"inLanguage":"en-CA"},{"@type":"WebPage","@id":"https:\/\/refletnews.ca\/en\/culture\/nathalie-freniere-une-artiste-de-la-nation-avec-des-ambitions-a-linternational\/","url":"https:\/\/refletnews.ca\/en\/culture\/nathalie-freniere-une-artiste-de-la-nation-avec-des-ambitions-a-linternational\/","name":"Nathalie Freni\u00e8re, une artiste de la Nation avec des ambitions \u00e0 l\u2019international! - Le Reflet \/ The News","isPartOf":{"@id":"https:\/\/refletnews.ca\/en\/#website"},"primaryImageOfPage":{"@id":"https:\/\/refletnews.ca\/en\/culture\/nathalie-freniere-une-artiste-de-la-nation-avec-des-ambitions-a-linternational\/#primaryimage"},"image":{"@id":"https:\/\/refletnews.ca\/en\/culture\/nathalie-freniere-une-artiste-de-la-nation-avec-des-ambitions-a-linternational\/#primaryimage"},"thumbnailUrl":"https:\/\/cdn.editionap.ca\/wp-content\/uploads\/sites\/3\/2020\/04\/686401c3-2992-430d-8685-affa1badd0c0.jpg","datePublished":"2020-02-26T17:40:50+00:00","dateModified":"2025-12-16T03:30:20+00:00","author":{"@id":"https:\/\/refletnews.ca\/en\/#\/schema\/person\/ecd8a97c76ea385f3027e987481ea16a"},"breadcrumb":{"@id":"https:\/\/refletnews.ca\/en\/culture\/nathalie-freniere-une-artiste-de-la-nation-avec-des-ambitions-a-linternational\/#breadcrumb"},"inLanguage":"en-CA","potentialAction":[{"@type":"ReadAction","target":["https:\/\/refletnews.ca\/en\/culture\/nathalie-freniere-une-artiste-de-la-nation-avec-des-ambitions-a-linternational\/"]}]},{"@type":"ImageObject","inLanguage":"en-CA","@id":"https:\/\/refletnews.ca\/en\/culture\/nathalie-freniere-une-artiste-de-la-nation-avec-des-ambitions-a-linternational\/#primaryimage","url":"https:\/\/cdn.editionap.ca\/wp-content\/uploads\/sites\/3\/2020\/04\/686401c3-2992-430d-8685-affa1badd0c0.jpg","contentUrl":"https:\/\/cdn.editionap.ca\/wp-content\/uploads\/sites\/3\/2020\/04\/686401c3-2992-430d-8685-affa1badd0c0.jpg","width":1833,"height":1276},{"@type":"BreadcrumbList","@id":"https:\/\/refletnews.ca\/en\/culture\/nathalie-freniere-une-artiste-de-la-nation-avec-des-ambitions-a-linternational\/#breadcrumb","itemListElement":[{"@type":"ListItem","position":1,"name":"Accueil","item":"https:\/\/refletnews.ca\/en\/"},{"@type":"ListItem","position":2,"name":"Nathalie Freni\u00e8re, une artiste de la Nation avec des ambitions \u00e0 l\u2019international!"}]},{"@type":"WebSite","@id":"https:\/\/refletnews.ca\/en\/#website","url":"https:\/\/refletnews.ca\/en\/","name":"Le Reflet \/ The News","description":"","potentialAction":[{"@type":"SearchAction","target":{"@type":"EntryPoint","urlTemplate":"https:\/\/refletnews.ca\/en\/?s={search_term_string}"},"query-input":{"@type":"PropertyValueSpecification","valueRequired":true,"valueName":"search_term_string"}}],"inLanguage":"en-CA"},{"@type":"Person","@id":"https:\/\/refletnews.ca\/en\/#\/schema\/person\/ecd8a97c76ea385f3027e987481ea16a","name":"ezn2_spadmin","image":{"@type":"ImageObject","inLanguage":"en-CA","@id":"https:\/\/secure.gravatar.com\/avatar\/10a4f0f991cc37cefde2ecf3b88df276159d0bcf256623224d1025086c609a97?s=96&d=mm&r=g","url":"https:\/\/secure.gravatar.com\/avatar\/10a4f0f991cc37cefde2ecf3b88df276159d0bcf256623224d1025086c609a97?s=96&d=mm&r=g","contentUrl":"https:\/\/secure.gravatar.com\/avatar\/10a4f0f991cc37cefde2ecf3b88df276159d0bcf256623224d1025086c609a97?s=96&d=mm&r=g","caption":"ezn2_spadmin"}}]}},"_links":{"self":[{"href":"https:\/\/refletnews.ca\/en\/wp-json\/wp\/v2\/posts\/3400","targetHints":{"allow":["GET"]}}],"collection":[{"href":"https:\/\/refletnews.ca\/en\/wp-json\/wp\/v2\/posts"}],"about":[{"href":"https:\/\/refletnews.ca\/en\/wp-json\/wp\/v2\/types\/post"}],"author":[{"embeddable":true,"href":"https:\/\/refletnews.ca\/en\/wp-json\/wp\/v2\/users\/7"}],"replies":[{"embeddable":true,"href":"https:\/\/refletnews.ca\/en\/wp-json\/wp\/v2\/comments?post=3400"}],"version-history":[{"count":1,"href":"https:\/\/refletnews.ca\/en\/wp-json\/wp\/v2\/posts\/3400\/revisions"}],"predecessor-version":[{"id":129639,"href":"https:\/\/refletnews.ca\/en\/wp-json\/wp\/v2\/posts\/3400\/revisions\/129639"}],"wp:featuredmedia":[{"embeddable":true,"href":"https:\/\/refletnews.ca\/en\/wp-json\/wp\/v2\/media\/3401"}],"wp:attachment":[{"href":"https:\/\/refletnews.ca\/en\/wp-json\/wp\/v2\/media?parent=3400"}],"wp:term":[{"taxonomy":"category","embeddable":true,"href":"https:\/\/refletnews.ca\/en\/wp-json\/wp\/v2\/categories?post=3400"},{"taxonomy":"post_tag","embeddable":true,"href":"https:\/\/refletnews.ca\/en\/wp-json\/wp\/v2\/tags?post=3400"}],"curies":[{"name":"wp","href":"https:\/\/api.w.org\/{rel}","templated":true}]}}