{"id":3103,"date":"2022-01-28T17:03:34","date_gmt":"2022-01-28T17:03:35","guid":{"rendered":"https:\/\/editionap.ca\/2022\/01\/28\/vaccination-obligatoire-pour-les-ambulanciers-de-prescott-russell\/"},"modified":"2025-12-16T04:40:35","modified_gmt":"2025-12-16T03:40:35","slug":"vaccination-obligatoire-pour-les-ambulanciers-de-prescott-russell","status":"publish","type":"post","link":"https:\/\/refletnews.ca\/en\/sante\/vaccination-obligatoire-pour-les-ambulanciers-de-prescott-russell\/","title":{"rendered":"Vaccination obligatoire pour les ambulanciers de Prescott-Russell"},"content":{"rendered":"<p>Le conseil des Comt\u00e9s unis de Prescott et Russell (CUPR) a donn\u00e9 son consentement unanime, lors de sa r\u00e9union du 26 janvier, pour approuver une nouvelle politique de vaccination obligatoire pour tous les ambulanciers affect\u00e9s aux ambulances des services d&#8217;urgence de Prescott-Russell. La nouvelle politique inverse la politique initiale de 2021 qui exigeait que les ambulanciers soumettent r\u00e9guli\u00e8rement \u00e0 un test rapide d&#8217;antig\u00e8ne (TPA), deux ou trois fois par semaine, et utilisent r\u00e9guli\u00e8rement des \u00e9quipements de protection individuelle comme des \u00e9crans faciaux, des masques et des gants.<\/p>\n","protected":false},"excerpt":{"rendered":"<p>\u00c0 compter d&#8217;aujourd&#8217;hui, tout le personnel ambulancier de Prescott-Russell doit se faire vacciner contre la COVID-19 ou fournir une raison valable d&#8217;exemption.<\/p>\n","protected":false},"author":7,"featured_media":3104,"comment_status":"closed","ping_status":"open","sticky":false,"template":"","format":"standard","meta":{"_acf_changed":false,"footnotes":""},"categories":[49],"tags":[],"class_list":["post-3103","post","type-post","status-publish","format-standard","has-post-thumbnail","hentry","category-sante"],"acf":[],"featured_media_global":[],"yoast_head":"<!-- This site is optimized with the Yoast SEO plugin v27.4 - https:\/\/yoast.com\/product\/yoast-seo-wordpress\/ -->\n<title>Vaccination obligatoire pour les ambulanciers de Prescott-Russell - Le Reflet \/ The News<\/title>\n<meta name=\"robots\" content=\"index, follow, max-snippet:-1, max-image-preview:large, max-video-preview:-1\" \/>\n<link rel=\"canonical\" href=\"https:\/\/refletnews.ca\/en\/sante\/vaccination-obligatoire-pour-les-ambulanciers-de-prescott-russell\/\" \/>\n<meta property=\"og:locale\" content=\"en_US\" \/>\n<meta property=\"og:type\" content=\"article\" \/>\n<meta property=\"og:title\" content=\"Vaccination obligatoire pour les ambulanciers de Prescott-Russell - Le Reflet \/ The News\" \/>\n<meta property=\"og:description\" content=\"\u00c0 compter d&#039;aujourd&#039;hui, tout le personnel ambulancier de Prescott-Russell doit se faire vacciner contre la COVID-19 ou fournir une raison valable d&#039;exemption.\" \/>\n<meta property=\"og:url\" content=\"https:\/\/refletnews.ca\/en\/sante\/vaccination-obligatoire-pour-les-ambulanciers-de-prescott-russell\/\" \/>\n<meta property=\"og:site_name\" content=\"Le Reflet \/ The News\" \/>\n<meta property=\"article:published_time\" content=\"2022-01-28T17:03:35+00:00\" \/>\n<meta property=\"article:modified_time\" content=\"2025-12-16T03:40:35+00:00\" \/>\n<meta property=\"og:image\" content=\"https:\/\/cdn.editionap.ca\/wp-content\/uploads\/sites\/3\/2022\/01\/82fd948c-614e-40fb-9b47-c8b43f241499-scaled-1.jpg\" \/>\n\t<meta property=\"og:image:width\" content=\"2560\" \/>\n\t<meta property=\"og:image:height\" content=\"1707\" \/>\n\t<meta property=\"og:image:type\" content=\"image\/jpeg\" \/>\n<meta name=\"author\" content=\"ezn2_spadmin\" \/>\n<meta name=\"twitter:card\" content=\"summary_large_image\" \/>\n<meta name=\"twitter:label1\" content=\"Written by\" \/>\n\t<meta name=\"twitter:data1\" content=\"ezn2_spadmin\" \/>\n<script type=\"application\/ld+json\" class=\"yoast-schema-graph\">{\"@context\":\"https:\\\/\\\/schema.org\",\"@graph\":[{\"@type\":\"Article\",\"@id\":\"https:\\\/\\\/refletnews.ca\\\/en\\\/sante\\\/vaccination-obligatoire-pour-les-ambulanciers-de-prescott-russell\\\/#article\",\"isPartOf\":{\"@id\":\"https:\\\/\\\/refletnews.ca\\\/en\\\/sante\\\/vaccination-obligatoire-pour-les-ambulanciers-de-prescott-russell\\\/\"},\"author\":{\"name\":\"ezn2_spadmin\",\"@id\":\"https:\\\/\\\/refletnews.ca\\\/en\\\/#\\\/schema\\\/person\\\/ecd8a97c76ea385f3027e987481ea16a\"},\"headline\":\"Vaccination obligatoire pour les ambulanciers de Prescott-Russell\",\"datePublished\":\"2022-01-28T17:03:35+00:00\",\"dateModified\":\"2025-12-16T03:40:35+00:00\",\"mainEntityOfPage\":{\"@id\":\"https:\\\/\\\/refletnews.ca\\\/en\\\/sante\\\/vaccination-obligatoire-pour-les-ambulanciers-de-prescott-russell\\\/\"},\"wordCount\":101,\"image\":{\"@id\":\"https:\\\/\\\/refletnews.ca\\\/en\\\/sante\\\/vaccination-obligatoire-pour-les-ambulanciers-de-prescott-russell\\\/#primaryimage\"},\"thumbnailUrl\":\"https:\\\/\\\/cdn.editionap.ca\\\/wp-content\\\/uploads\\\/sites\\\/3\\\/2022\\\/01\\\/82fd948c-614e-40fb-9b47-c8b43f241499-scaled-1.jpg\",\"articleSection\":[\"Sant\u00e9\"],\"inLanguage\":\"en-CA\"},{\"@type\":\"WebPage\",\"@id\":\"https:\\\/\\\/refletnews.ca\\\/en\\\/sante\\\/vaccination-obligatoire-pour-les-ambulanciers-de-prescott-russell\\\/\",\"url\":\"https:\\\/\\\/refletnews.ca\\\/en\\\/sante\\\/vaccination-obligatoire-pour-les-ambulanciers-de-prescott-russell\\\/\",\"name\":\"Vaccination obligatoire pour les ambulanciers de Prescott-Russell - Le Reflet \\\/ The News\",\"isPartOf\":{\"@id\":\"https:\\\/\\\/refletnews.ca\\\/en\\\/#website\"},\"primaryImageOfPage\":{\"@id\":\"https:\\\/\\\/refletnews.ca\\\/en\\\/sante\\\/vaccination-obligatoire-pour-les-ambulanciers-de-prescott-russell\\\/#primaryimage\"},\"image\":{\"@id\":\"https:\\\/\\\/refletnews.ca\\\/en\\\/sante\\\/vaccination-obligatoire-pour-les-ambulanciers-de-prescott-russell\\\/#primaryimage\"},\"thumbnailUrl\":\"https:\\\/\\\/cdn.editionap.ca\\\/wp-content\\\/uploads\\\/sites\\\/3\\\/2022\\\/01\\\/82fd948c-614e-40fb-9b47-c8b43f241499-scaled-1.jpg\",\"datePublished\":\"2022-01-28T17:03:35+00:00\",\"dateModified\":\"2025-12-16T03:40:35+00:00\",\"author\":{\"@id\":\"https:\\\/\\\/refletnews.ca\\\/en\\\/#\\\/schema\\\/person\\\/ecd8a97c76ea385f3027e987481ea16a\"},\"breadcrumb\":{\"@id\":\"https:\\\/\\\/refletnews.ca\\\/en\\\/sante\\\/vaccination-obligatoire-pour-les-ambulanciers-de-prescott-russell\\\/#breadcrumb\"},\"inLanguage\":\"en-CA\",\"potentialAction\":[{\"@type\":\"ReadAction\",\"target\":[\"https:\\\/\\\/refletnews.ca\\\/en\\\/sante\\\/vaccination-obligatoire-pour-les-ambulanciers-de-prescott-russell\\\/\"]}]},{\"@type\":\"ImageObject\",\"inLanguage\":\"en-CA\",\"@id\":\"https:\\\/\\\/refletnews.ca\\\/en\\\/sante\\\/vaccination-obligatoire-pour-les-ambulanciers-de-prescott-russell\\\/#primaryimage\",\"url\":\"https:\\\/\\\/cdn.editionap.ca\\\/wp-content\\\/uploads\\\/sites\\\/3\\\/2022\\\/01\\\/82fd948c-614e-40fb-9b47-c8b43f241499-scaled-1.jpg\",\"contentUrl\":\"https:\\\/\\\/cdn.editionap.ca\\\/wp-content\\\/uploads\\\/sites\\\/3\\\/2022\\\/01\\\/82fd948c-614e-40fb-9b47-c8b43f241499-scaled-1.jpg\",\"width\":2560,\"height\":1707},{\"@type\":\"BreadcrumbList\",\"@id\":\"https:\\\/\\\/refletnews.ca\\\/en\\\/sante\\\/vaccination-obligatoire-pour-les-ambulanciers-de-prescott-russell\\\/#breadcrumb\",\"itemListElement\":[{\"@type\":\"ListItem\",\"position\":1,\"name\":\"Accueil\",\"item\":\"https:\\\/\\\/refletnews.ca\\\/en\\\/\"},{\"@type\":\"ListItem\",\"position\":2,\"name\":\"Vaccination obligatoire pour les ambulanciers de Prescott-Russell\"}]},{\"@type\":\"WebSite\",\"@id\":\"https:\\\/\\\/refletnews.ca\\\/en\\\/#website\",\"url\":\"https:\\\/\\\/refletnews.ca\\\/en\\\/\",\"name\":\"Le Reflet \\\/ The News\",\"description\":\"\",\"potentialAction\":[{\"@type\":\"SearchAction\",\"target\":{\"@type\":\"EntryPoint\",\"urlTemplate\":\"https:\\\/\\\/refletnews.ca\\\/en\\\/?s={search_term_string}\"},\"query-input\":{\"@type\":\"PropertyValueSpecification\",\"valueRequired\":true,\"valueName\":\"search_term_string\"}}],\"inLanguage\":\"en-CA\"},{\"@type\":\"Person\",\"@id\":\"https:\\\/\\\/refletnews.ca\\\/en\\\/#\\\/schema\\\/person\\\/ecd8a97c76ea385f3027e987481ea16a\",\"name\":\"ezn2_spadmin\",\"image\":{\"@type\":\"ImageObject\",\"inLanguage\":\"en-CA\",\"@id\":\"https:\\\/\\\/secure.gravatar.com\\\/avatar\\\/10a4f0f991cc37cefde2ecf3b88df276159d0bcf256623224d1025086c609a97?s=96&d=mm&r=g\",\"url\":\"https:\\\/\\\/secure.gravatar.com\\\/avatar\\\/10a4f0f991cc37cefde2ecf3b88df276159d0bcf256623224d1025086c609a97?s=96&d=mm&r=g\",\"contentUrl\":\"https:\\\/\\\/secure.gravatar.com\\\/avatar\\\/10a4f0f991cc37cefde2ecf3b88df276159d0bcf256623224d1025086c609a97?s=96&d=mm&r=g\",\"caption\":\"ezn2_spadmin\"}}]}<\/script>\n<!-- \/ Yoast SEO plugin. -->","yoast_head_json":{"title":"Vaccination obligatoire pour les ambulanciers de Prescott-Russell - Le Reflet \/ The News","robots":{"index":"index","follow":"follow","max-snippet":"max-snippet:-1","max-image-preview":"max-image-preview:large","max-video-preview":"max-video-preview:-1"},"canonical":"https:\/\/refletnews.ca\/en\/sante\/vaccination-obligatoire-pour-les-ambulanciers-de-prescott-russell\/","og_locale":"en_US","og_type":"article","og_title":"Vaccination obligatoire pour les ambulanciers de Prescott-Russell - Le Reflet \/ The News","og_description":"\u00c0 compter d'aujourd'hui, tout le personnel ambulancier de Prescott-Russell doit se faire vacciner contre la COVID-19 ou fournir une raison valable d'exemption.","og_url":"https:\/\/refletnews.ca\/en\/sante\/vaccination-obligatoire-pour-les-ambulanciers-de-prescott-russell\/","og_site_name":"Le Reflet \/ The News","article_published_time":"2022-01-28T17:03:35+00:00","article_modified_time":"2025-12-16T03:40:35+00:00","og_image":[{"width":2560,"height":1707,"url":"https:\/\/cdn.editionap.ca\/wp-content\/uploads\/sites\/3\/2022\/01\/82fd948c-614e-40fb-9b47-c8b43f241499-scaled-1.jpg","type":"image\/jpeg"}],"author":"ezn2_spadmin","twitter_card":"summary_large_image","twitter_misc":{"Written by":"ezn2_spadmin"},"schema":{"@context":"https:\/\/schema.org","@graph":[{"@type":"Article","@id":"https:\/\/refletnews.ca\/en\/sante\/vaccination-obligatoire-pour-les-ambulanciers-de-prescott-russell\/#article","isPartOf":{"@id":"https:\/\/refletnews.ca\/en\/sante\/vaccination-obligatoire-pour-les-ambulanciers-de-prescott-russell\/"},"author":{"name":"ezn2_spadmin","@id":"https:\/\/refletnews.ca\/en\/#\/schema\/person\/ecd8a97c76ea385f3027e987481ea16a"},"headline":"Vaccination obligatoire pour les ambulanciers de Prescott-Russell","datePublished":"2022-01-28T17:03:35+00:00","dateModified":"2025-12-16T03:40:35+00:00","mainEntityOfPage":{"@id":"https:\/\/refletnews.ca\/en\/sante\/vaccination-obligatoire-pour-les-ambulanciers-de-prescott-russell\/"},"wordCount":101,"image":{"@id":"https:\/\/refletnews.ca\/en\/sante\/vaccination-obligatoire-pour-les-ambulanciers-de-prescott-russell\/#primaryimage"},"thumbnailUrl":"https:\/\/cdn.editionap.ca\/wp-content\/uploads\/sites\/3\/2022\/01\/82fd948c-614e-40fb-9b47-c8b43f241499-scaled-1.jpg","articleSection":["Sant\u00e9"],"inLanguage":"en-CA"},{"@type":"WebPage","@id":"https:\/\/refletnews.ca\/en\/sante\/vaccination-obligatoire-pour-les-ambulanciers-de-prescott-russell\/","url":"https:\/\/refletnews.ca\/en\/sante\/vaccination-obligatoire-pour-les-ambulanciers-de-prescott-russell\/","name":"Vaccination obligatoire pour les ambulanciers de Prescott-Russell - Le Reflet \/ The News","isPartOf":{"@id":"https:\/\/refletnews.ca\/en\/#website"},"primaryImageOfPage":{"@id":"https:\/\/refletnews.ca\/en\/sante\/vaccination-obligatoire-pour-les-ambulanciers-de-prescott-russell\/#primaryimage"},"image":{"@id":"https:\/\/refletnews.ca\/en\/sante\/vaccination-obligatoire-pour-les-ambulanciers-de-prescott-russell\/#primaryimage"},"thumbnailUrl":"https:\/\/cdn.editionap.ca\/wp-content\/uploads\/sites\/3\/2022\/01\/82fd948c-614e-40fb-9b47-c8b43f241499-scaled-1.jpg","datePublished":"2022-01-28T17:03:35+00:00","dateModified":"2025-12-16T03:40:35+00:00","author":{"@id":"https:\/\/refletnews.ca\/en\/#\/schema\/person\/ecd8a97c76ea385f3027e987481ea16a"},"breadcrumb":{"@id":"https:\/\/refletnews.ca\/en\/sante\/vaccination-obligatoire-pour-les-ambulanciers-de-prescott-russell\/#breadcrumb"},"inLanguage":"en-CA","potentialAction":[{"@type":"ReadAction","target":["https:\/\/refletnews.ca\/en\/sante\/vaccination-obligatoire-pour-les-ambulanciers-de-prescott-russell\/"]}]},{"@type":"ImageObject","inLanguage":"en-CA","@id":"https:\/\/refletnews.ca\/en\/sante\/vaccination-obligatoire-pour-les-ambulanciers-de-prescott-russell\/#primaryimage","url":"https:\/\/cdn.editionap.ca\/wp-content\/uploads\/sites\/3\/2022\/01\/82fd948c-614e-40fb-9b47-c8b43f241499-scaled-1.jpg","contentUrl":"https:\/\/cdn.editionap.ca\/wp-content\/uploads\/sites\/3\/2022\/01\/82fd948c-614e-40fb-9b47-c8b43f241499-scaled-1.jpg","width":2560,"height":1707},{"@type":"BreadcrumbList","@id":"https:\/\/refletnews.ca\/en\/sante\/vaccination-obligatoire-pour-les-ambulanciers-de-prescott-russell\/#breadcrumb","itemListElement":[{"@type":"ListItem","position":1,"name":"Accueil","item":"https:\/\/refletnews.ca\/en\/"},{"@type":"ListItem","position":2,"name":"Vaccination obligatoire pour les ambulanciers de Prescott-Russell"}]},{"@type":"WebSite","@id":"https:\/\/refletnews.ca\/en\/#website","url":"https:\/\/refletnews.ca\/en\/","name":"Le Reflet \/ The News","description":"","potentialAction":[{"@type":"SearchAction","target":{"@type":"EntryPoint","urlTemplate":"https:\/\/refletnews.ca\/en\/?s={search_term_string}"},"query-input":{"@type":"PropertyValueSpecification","valueRequired":true,"valueName":"search_term_string"}}],"inLanguage":"en-CA"},{"@type":"Person","@id":"https:\/\/refletnews.ca\/en\/#\/schema\/person\/ecd8a97c76ea385f3027e987481ea16a","name":"ezn2_spadmin","image":{"@type":"ImageObject","inLanguage":"en-CA","@id":"https:\/\/secure.gravatar.com\/avatar\/10a4f0f991cc37cefde2ecf3b88df276159d0bcf256623224d1025086c609a97?s=96&d=mm&r=g","url":"https:\/\/secure.gravatar.com\/avatar\/10a4f0f991cc37cefde2ecf3b88df276159d0bcf256623224d1025086c609a97?s=96&d=mm&r=g","contentUrl":"https:\/\/secure.gravatar.com\/avatar\/10a4f0f991cc37cefde2ecf3b88df276159d0bcf256623224d1025086c609a97?s=96&d=mm&r=g","caption":"ezn2_spadmin"}}]}},"_links":{"self":[{"href":"https:\/\/refletnews.ca\/en\/wp-json\/wp\/v2\/posts\/3103","targetHints":{"allow":["GET"]}}],"collection":[{"href":"https:\/\/refletnews.ca\/en\/wp-json\/wp\/v2\/posts"}],"about":[{"href":"https:\/\/refletnews.ca\/en\/wp-json\/wp\/v2\/types\/post"}],"author":[{"embeddable":true,"href":"https:\/\/refletnews.ca\/en\/wp-json\/wp\/v2\/users\/7"}],"replies":[{"embeddable":true,"href":"https:\/\/refletnews.ca\/en\/wp-json\/wp\/v2\/comments?post=3103"}],"version-history":[{"count":1,"href":"https:\/\/refletnews.ca\/en\/wp-json\/wp\/v2\/posts\/3103\/revisions"}],"predecessor-version":[{"id":129701,"href":"https:\/\/refletnews.ca\/en\/wp-json\/wp\/v2\/posts\/3103\/revisions\/129701"}],"wp:featuredmedia":[{"embeddable":true,"href":"https:\/\/refletnews.ca\/en\/wp-json\/wp\/v2\/media\/3104"}],"wp:attachment":[{"href":"https:\/\/refletnews.ca\/en\/wp-json\/wp\/v2\/media?parent=3103"}],"wp:term":[{"taxonomy":"category","embeddable":true,"href":"https:\/\/refletnews.ca\/en\/wp-json\/wp\/v2\/categories?post=3103"},{"taxonomy":"post_tag","embeddable":true,"href":"https:\/\/refletnews.ca\/en\/wp-json\/wp\/v2\/tags?post=3103"}],"curies":[{"name":"wp","href":"https:\/\/api.w.org\/{rel}","templated":true}]}}