{"id":2937,"date":"2020-11-12T18:21:42","date_gmt":"2020-11-12T18:21:42","guid":{"rendered":"https:\/\/editionap.ca\/2020\/11\/12\/ateliers-virtuels-offerts-aux-proprietaires-dentreprises-lors-de-la-sme\/"},"modified":"2025-12-14T19:22:45","modified_gmt":"2025-12-14T18:22:45","slug":"ateliers-virtuels-offerts-aux-proprietaires-dentreprises-lors-de-la-sme","status":"publish","type":"post","link":"https:\/\/refletnews.ca\/en\/affaires\/ateliers-virtuels-offerts-aux-proprietaires-dentreprises-lors-de-la-sme\/","title":{"rendered":"Ateliers virtuels offerts aux propri\u00e9taires d&#8217;entreprises lors de la SME"},"content":{"rendered":"<p>La communaut\u00e9 entrepreneuriale de Prescott et Russell a d\u00e9voil\u00e9 la semaine derni\u00e8re la programmation de la 12e \u00e9dition de cette activit\u00e9 dont l\u2019objectif est de \u00abpromouvoir l\u2019esprit cr\u00e9atif et de catalyser l\u2019innovation au moyen d\u2019activit\u00e9s visant \u00e0 permettre aux entrepreneurs et entrepreneures d\u2019\u00e9changer avec des collaborateurs, mentors ou investisseurs potentiels.<\/p>\n","protected":false},"excerpt":{"rendered":"<p>La 12e \u00e9dition de la Semaine mondiale de l\u2019entrepreneuriat (SME) se d\u00e9roule dans le cyberespace cette ann\u00e9e.<\/p>\n","protected":false},"author":7,"featured_media":2938,"comment_status":"closed","ping_status":"open","sticky":false,"template":"","format":"standard","meta":{"_acf_changed":false,"footnotes":""},"categories":[39],"tags":[],"class_list":["post-2937","post","type-post","status-publish","format-standard","has-post-thumbnail","hentry","category-affaires"],"acf":[],"featured_media_global":[],"yoast_head":"<!-- This site is optimized with the Yoast SEO plugin v27.5 - https:\/\/yoast.com\/product\/yoast-seo-wordpress\/ -->\n<title>Ateliers virtuels offerts aux propri\u00e9taires d&#039;entreprises lors de la SME - Le Reflet \/ The News<\/title>\n<meta name=\"robots\" content=\"index, follow, max-snippet:-1, max-image-preview:large, max-video-preview:-1\" \/>\n<link rel=\"canonical\" href=\"https:\/\/refletnews.ca\/en\/affaires\/ateliers-virtuels-offerts-aux-proprietaires-dentreprises-lors-de-la-sme\/\" \/>\n<meta property=\"og:locale\" content=\"en_US\" \/>\n<meta property=\"og:type\" content=\"article\" \/>\n<meta property=\"og:title\" content=\"Ateliers virtuels offerts aux propri\u00e9taires d&#039;entreprises lors de la SME - Le Reflet \/ The News\" \/>\n<meta property=\"og:description\" content=\"La 12e \u00e9dition de la Semaine mondiale de l\u2019entrepreneuriat (SME) se d\u00e9roule dans le cyberespace cette ann\u00e9e.\" \/>\n<meta property=\"og:url\" content=\"https:\/\/refletnews.ca\/en\/affaires\/ateliers-virtuels-offerts-aux-proprietaires-dentreprises-lors-de-la-sme\/\" \/>\n<meta property=\"og:site_name\" content=\"Le Reflet \/ The News\" \/>\n<meta property=\"article:published_time\" content=\"2020-11-12T18:21:42+00:00\" \/>\n<meta property=\"article:modified_time\" content=\"2025-12-14T18:22:45+00:00\" \/>\n<meta property=\"og:image\" content=\"https:\/\/cdn.editionap.ca\/wp-content\/uploads\/sites\/3\/2020\/11\/acf0943d-7cce-4d2c-9237-7717364d5314.jpg\" \/>\n\t<meta property=\"og:image:width\" content=\"2508\" \/>\n\t<meta property=\"og:image:height\" content=\"1672\" \/>\n\t<meta property=\"og:image:type\" content=\"image\/jpeg\" \/>\n<meta name=\"author\" content=\"ezn2_spadmin\" \/>\n<meta name=\"twitter:card\" content=\"summary_large_image\" \/>\n<meta name=\"twitter:label1\" content=\"Written by\" \/>\n\t<meta name=\"twitter:data1\" content=\"ezn2_spadmin\" \/>\n<script type=\"application\/ld+json\" class=\"yoast-schema-graph\">{\"@context\":\"https:\\\/\\\/schema.org\",\"@graph\":[{\"@type\":\"Article\",\"@id\":\"https:\\\/\\\/refletnews.ca\\\/en\\\/affaires\\\/ateliers-virtuels-offerts-aux-proprietaires-dentreprises-lors-de-la-sme\\\/#article\",\"isPartOf\":{\"@id\":\"https:\\\/\\\/refletnews.ca\\\/en\\\/affaires\\\/ateliers-virtuels-offerts-aux-proprietaires-dentreprises-lors-de-la-sme\\\/\"},\"author\":{\"name\":\"ezn2_spadmin\",\"@id\":\"https:\\\/\\\/refletnews.ca\\\/en\\\/#\\\/schema\\\/person\\\/ecd8a97c76ea385f3027e987481ea16a\"},\"headline\":\"Ateliers virtuels offerts aux propri\u00e9taires d&#8217;entreprises lors de la SME\",\"datePublished\":\"2020-11-12T18:21:42+00:00\",\"dateModified\":\"2025-12-14T18:22:45+00:00\",\"mainEntityOfPage\":{\"@id\":\"https:\\\/\\\/refletnews.ca\\\/en\\\/affaires\\\/ateliers-virtuels-offerts-aux-proprietaires-dentreprises-lors-de-la-sme\\\/\"},\"wordCount\":70,\"image\":{\"@id\":\"https:\\\/\\\/refletnews.ca\\\/en\\\/affaires\\\/ateliers-virtuels-offerts-aux-proprietaires-dentreprises-lors-de-la-sme\\\/#primaryimage\"},\"thumbnailUrl\":\"https:\\\/\\\/cdn.editionap.ca\\\/wp-content\\\/uploads\\\/sites\\\/3\\\/2020\\\/11\\\/acf0943d-7cce-4d2c-9237-7717364d5314.jpg\",\"articleSection\":[\"Affaires\"],\"inLanguage\":\"en-CA\"},{\"@type\":\"WebPage\",\"@id\":\"https:\\\/\\\/refletnews.ca\\\/en\\\/affaires\\\/ateliers-virtuels-offerts-aux-proprietaires-dentreprises-lors-de-la-sme\\\/\",\"url\":\"https:\\\/\\\/refletnews.ca\\\/en\\\/affaires\\\/ateliers-virtuels-offerts-aux-proprietaires-dentreprises-lors-de-la-sme\\\/\",\"name\":\"Ateliers virtuels offerts aux propri\u00e9taires d'entreprises lors de la SME - Le Reflet \\\/ The News\",\"isPartOf\":{\"@id\":\"https:\\\/\\\/refletnews.ca\\\/en\\\/#website\"},\"primaryImageOfPage\":{\"@id\":\"https:\\\/\\\/refletnews.ca\\\/en\\\/affaires\\\/ateliers-virtuels-offerts-aux-proprietaires-dentreprises-lors-de-la-sme\\\/#primaryimage\"},\"image\":{\"@id\":\"https:\\\/\\\/refletnews.ca\\\/en\\\/affaires\\\/ateliers-virtuels-offerts-aux-proprietaires-dentreprises-lors-de-la-sme\\\/#primaryimage\"},\"thumbnailUrl\":\"https:\\\/\\\/cdn.editionap.ca\\\/wp-content\\\/uploads\\\/sites\\\/3\\\/2020\\\/11\\\/acf0943d-7cce-4d2c-9237-7717364d5314.jpg\",\"datePublished\":\"2020-11-12T18:21:42+00:00\",\"dateModified\":\"2025-12-14T18:22:45+00:00\",\"author\":{\"@id\":\"https:\\\/\\\/refletnews.ca\\\/en\\\/#\\\/schema\\\/person\\\/ecd8a97c76ea385f3027e987481ea16a\"},\"breadcrumb\":{\"@id\":\"https:\\\/\\\/refletnews.ca\\\/en\\\/affaires\\\/ateliers-virtuels-offerts-aux-proprietaires-dentreprises-lors-de-la-sme\\\/#breadcrumb\"},\"inLanguage\":\"en-CA\",\"potentialAction\":[{\"@type\":\"ReadAction\",\"target\":[\"https:\\\/\\\/refletnews.ca\\\/en\\\/affaires\\\/ateliers-virtuels-offerts-aux-proprietaires-dentreprises-lors-de-la-sme\\\/\"]}]},{\"@type\":\"ImageObject\",\"inLanguage\":\"en-CA\",\"@id\":\"https:\\\/\\\/refletnews.ca\\\/en\\\/affaires\\\/ateliers-virtuels-offerts-aux-proprietaires-dentreprises-lors-de-la-sme\\\/#primaryimage\",\"url\":\"https:\\\/\\\/cdn.editionap.ca\\\/wp-content\\\/uploads\\\/sites\\\/3\\\/2020\\\/11\\\/acf0943d-7cce-4d2c-9237-7717364d5314.jpg\",\"contentUrl\":\"https:\\\/\\\/cdn.editionap.ca\\\/wp-content\\\/uploads\\\/sites\\\/3\\\/2020\\\/11\\\/acf0943d-7cce-4d2c-9237-7717364d5314.jpg\",\"width\":2508,\"height\":1672},{\"@type\":\"BreadcrumbList\",\"@id\":\"https:\\\/\\\/refletnews.ca\\\/en\\\/affaires\\\/ateliers-virtuels-offerts-aux-proprietaires-dentreprises-lors-de-la-sme\\\/#breadcrumb\",\"itemListElement\":[{\"@type\":\"ListItem\",\"position\":1,\"name\":\"Accueil\",\"item\":\"https:\\\/\\\/refletnews.ca\\\/en\\\/\"},{\"@type\":\"ListItem\",\"position\":2,\"name\":\"Ateliers virtuels offerts aux propri\u00e9taires d&rsquo;entreprises lors de la SME\"}]},{\"@type\":\"WebSite\",\"@id\":\"https:\\\/\\\/refletnews.ca\\\/en\\\/#website\",\"url\":\"https:\\\/\\\/refletnews.ca\\\/en\\\/\",\"name\":\"Le Reflet \\\/ The News\",\"description\":\"\",\"potentialAction\":[{\"@type\":\"SearchAction\",\"target\":{\"@type\":\"EntryPoint\",\"urlTemplate\":\"https:\\\/\\\/refletnews.ca\\\/en\\\/?s={search_term_string}\"},\"query-input\":{\"@type\":\"PropertyValueSpecification\",\"valueRequired\":true,\"valueName\":\"search_term_string\"}}],\"inLanguage\":\"en-CA\"},{\"@type\":\"Person\",\"@id\":\"https:\\\/\\\/refletnews.ca\\\/en\\\/#\\\/schema\\\/person\\\/ecd8a97c76ea385f3027e987481ea16a\",\"name\":\"ezn2_spadmin\",\"image\":{\"@type\":\"ImageObject\",\"inLanguage\":\"en-CA\",\"@id\":\"https:\\\/\\\/secure.gravatar.com\\\/avatar\\\/10a4f0f991cc37cefde2ecf3b88df276159d0bcf256623224d1025086c609a97?s=96&d=mm&r=g\",\"url\":\"https:\\\/\\\/secure.gravatar.com\\\/avatar\\\/10a4f0f991cc37cefde2ecf3b88df276159d0bcf256623224d1025086c609a97?s=96&d=mm&r=g\",\"contentUrl\":\"https:\\\/\\\/secure.gravatar.com\\\/avatar\\\/10a4f0f991cc37cefde2ecf3b88df276159d0bcf256623224d1025086c609a97?s=96&d=mm&r=g\",\"caption\":\"ezn2_spadmin\"}}]}<\/script>\n<!-- \/ Yoast SEO plugin. -->","yoast_head_json":{"title":"Ateliers virtuels offerts aux propri\u00e9taires d'entreprises lors de la SME - Le Reflet \/ The News","robots":{"index":"index","follow":"follow","max-snippet":"max-snippet:-1","max-image-preview":"max-image-preview:large","max-video-preview":"max-video-preview:-1"},"canonical":"https:\/\/refletnews.ca\/en\/affaires\/ateliers-virtuels-offerts-aux-proprietaires-dentreprises-lors-de-la-sme\/","og_locale":"en_US","og_type":"article","og_title":"Ateliers virtuels offerts aux propri\u00e9taires d'entreprises lors de la SME - Le Reflet \/ The News","og_description":"La 12e \u00e9dition de la Semaine mondiale de l\u2019entrepreneuriat (SME) se d\u00e9roule dans le cyberespace cette ann\u00e9e.","og_url":"https:\/\/refletnews.ca\/en\/affaires\/ateliers-virtuels-offerts-aux-proprietaires-dentreprises-lors-de-la-sme\/","og_site_name":"Le Reflet \/ The News","article_published_time":"2020-11-12T18:21:42+00:00","article_modified_time":"2025-12-14T18:22:45+00:00","og_image":[{"width":2508,"height":1672,"url":"https:\/\/cdn.editionap.ca\/wp-content\/uploads\/sites\/3\/2020\/11\/acf0943d-7cce-4d2c-9237-7717364d5314.jpg","type":"image\/jpeg"}],"author":"ezn2_spadmin","twitter_card":"summary_large_image","twitter_misc":{"Written by":"ezn2_spadmin"},"schema":{"@context":"https:\/\/schema.org","@graph":[{"@type":"Article","@id":"https:\/\/refletnews.ca\/en\/affaires\/ateliers-virtuels-offerts-aux-proprietaires-dentreprises-lors-de-la-sme\/#article","isPartOf":{"@id":"https:\/\/refletnews.ca\/en\/affaires\/ateliers-virtuels-offerts-aux-proprietaires-dentreprises-lors-de-la-sme\/"},"author":{"name":"ezn2_spadmin","@id":"https:\/\/refletnews.ca\/en\/#\/schema\/person\/ecd8a97c76ea385f3027e987481ea16a"},"headline":"Ateliers virtuels offerts aux propri\u00e9taires d&#8217;entreprises lors de la SME","datePublished":"2020-11-12T18:21:42+00:00","dateModified":"2025-12-14T18:22:45+00:00","mainEntityOfPage":{"@id":"https:\/\/refletnews.ca\/en\/affaires\/ateliers-virtuels-offerts-aux-proprietaires-dentreprises-lors-de-la-sme\/"},"wordCount":70,"image":{"@id":"https:\/\/refletnews.ca\/en\/affaires\/ateliers-virtuels-offerts-aux-proprietaires-dentreprises-lors-de-la-sme\/#primaryimage"},"thumbnailUrl":"https:\/\/cdn.editionap.ca\/wp-content\/uploads\/sites\/3\/2020\/11\/acf0943d-7cce-4d2c-9237-7717364d5314.jpg","articleSection":["Affaires"],"inLanguage":"en-CA"},{"@type":"WebPage","@id":"https:\/\/refletnews.ca\/en\/affaires\/ateliers-virtuels-offerts-aux-proprietaires-dentreprises-lors-de-la-sme\/","url":"https:\/\/refletnews.ca\/en\/affaires\/ateliers-virtuels-offerts-aux-proprietaires-dentreprises-lors-de-la-sme\/","name":"Ateliers virtuels offerts aux propri\u00e9taires d'entreprises lors de la SME - Le Reflet \/ The News","isPartOf":{"@id":"https:\/\/refletnews.ca\/en\/#website"},"primaryImageOfPage":{"@id":"https:\/\/refletnews.ca\/en\/affaires\/ateliers-virtuels-offerts-aux-proprietaires-dentreprises-lors-de-la-sme\/#primaryimage"},"image":{"@id":"https:\/\/refletnews.ca\/en\/affaires\/ateliers-virtuels-offerts-aux-proprietaires-dentreprises-lors-de-la-sme\/#primaryimage"},"thumbnailUrl":"https:\/\/cdn.editionap.ca\/wp-content\/uploads\/sites\/3\/2020\/11\/acf0943d-7cce-4d2c-9237-7717364d5314.jpg","datePublished":"2020-11-12T18:21:42+00:00","dateModified":"2025-12-14T18:22:45+00:00","author":{"@id":"https:\/\/refletnews.ca\/en\/#\/schema\/person\/ecd8a97c76ea385f3027e987481ea16a"},"breadcrumb":{"@id":"https:\/\/refletnews.ca\/en\/affaires\/ateliers-virtuels-offerts-aux-proprietaires-dentreprises-lors-de-la-sme\/#breadcrumb"},"inLanguage":"en-CA","potentialAction":[{"@type":"ReadAction","target":["https:\/\/refletnews.ca\/en\/affaires\/ateliers-virtuels-offerts-aux-proprietaires-dentreprises-lors-de-la-sme\/"]}]},{"@type":"ImageObject","inLanguage":"en-CA","@id":"https:\/\/refletnews.ca\/en\/affaires\/ateliers-virtuels-offerts-aux-proprietaires-dentreprises-lors-de-la-sme\/#primaryimage","url":"https:\/\/cdn.editionap.ca\/wp-content\/uploads\/sites\/3\/2020\/11\/acf0943d-7cce-4d2c-9237-7717364d5314.jpg","contentUrl":"https:\/\/cdn.editionap.ca\/wp-content\/uploads\/sites\/3\/2020\/11\/acf0943d-7cce-4d2c-9237-7717364d5314.jpg","width":2508,"height":1672},{"@type":"BreadcrumbList","@id":"https:\/\/refletnews.ca\/en\/affaires\/ateliers-virtuels-offerts-aux-proprietaires-dentreprises-lors-de-la-sme\/#breadcrumb","itemListElement":[{"@type":"ListItem","position":1,"name":"Accueil","item":"https:\/\/refletnews.ca\/en\/"},{"@type":"ListItem","position":2,"name":"Ateliers virtuels offerts aux propri\u00e9taires d&rsquo;entreprises lors de la SME"}]},{"@type":"WebSite","@id":"https:\/\/refletnews.ca\/en\/#website","url":"https:\/\/refletnews.ca\/en\/","name":"Le Reflet \/ The News","description":"","potentialAction":[{"@type":"SearchAction","target":{"@type":"EntryPoint","urlTemplate":"https:\/\/refletnews.ca\/en\/?s={search_term_string}"},"query-input":{"@type":"PropertyValueSpecification","valueRequired":true,"valueName":"search_term_string"}}],"inLanguage":"en-CA"},{"@type":"Person","@id":"https:\/\/refletnews.ca\/en\/#\/schema\/person\/ecd8a97c76ea385f3027e987481ea16a","name":"ezn2_spadmin","image":{"@type":"ImageObject","inLanguage":"en-CA","@id":"https:\/\/secure.gravatar.com\/avatar\/10a4f0f991cc37cefde2ecf3b88df276159d0bcf256623224d1025086c609a97?s=96&d=mm&r=g","url":"https:\/\/secure.gravatar.com\/avatar\/10a4f0f991cc37cefde2ecf3b88df276159d0bcf256623224d1025086c609a97?s=96&d=mm&r=g","contentUrl":"https:\/\/secure.gravatar.com\/avatar\/10a4f0f991cc37cefde2ecf3b88df276159d0bcf256623224d1025086c609a97?s=96&d=mm&r=g","caption":"ezn2_spadmin"}}]}},"_links":{"self":[{"href":"https:\/\/refletnews.ca\/en\/wp-json\/wp\/v2\/posts\/2937","targetHints":{"allow":["GET"]}}],"collection":[{"href":"https:\/\/refletnews.ca\/en\/wp-json\/wp\/v2\/posts"}],"about":[{"href":"https:\/\/refletnews.ca\/en\/wp-json\/wp\/v2\/types\/post"}],"author":[{"embeddable":true,"href":"https:\/\/refletnews.ca\/en\/wp-json\/wp\/v2\/users\/7"}],"replies":[{"embeddable":true,"href":"https:\/\/refletnews.ca\/en\/wp-json\/wp\/v2\/comments?post=2937"}],"version-history":[{"count":1,"href":"https:\/\/refletnews.ca\/en\/wp-json\/wp\/v2\/posts\/2937\/revisions"}],"predecessor-version":[{"id":129420,"href":"https:\/\/refletnews.ca\/en\/wp-json\/wp\/v2\/posts\/2937\/revisions\/129420"}],"wp:featuredmedia":[{"embeddable":true,"href":"https:\/\/refletnews.ca\/en\/wp-json\/wp\/v2\/media\/2938"}],"wp:attachment":[{"href":"https:\/\/refletnews.ca\/en\/wp-json\/wp\/v2\/media?parent=2937"}],"wp:term":[{"taxonomy":"category","embeddable":true,"href":"https:\/\/refletnews.ca\/en\/wp-json\/wp\/v2\/categories?post=2937"},{"taxonomy":"post_tag","embeddable":true,"href":"https:\/\/refletnews.ca\/en\/wp-json\/wp\/v2\/tags?post=2937"}],"curies":[{"name":"wp","href":"https:\/\/api.w.org\/{rel}","templated":true}]}}