{"id":28090,"date":"2023-02-16T10:57:57","date_gmt":"2023-02-16T15:57:57","guid":{"rendered":"https:\/\/editionap.ca\/?p=28090"},"modified":"2025-12-16T04:45:24","modified_gmt":"2025-12-16T03:45:24","slug":"la-fete-de-lhiver-de-limoges-un-moment-festif","status":"publish","type":"post","link":"https:\/\/refletnews.ca\/en\/sports-loisirs\/la-fete-de-lhiver-de-limoges-un-moment-festif\/","title":{"rendered":"La F\u00eate de l&#8217;hiver de Limoges, un moment festif"},"content":{"rendered":"<p>Limoges accueillera son premier WinterFest annuel, du 18 au 19 f\u00e9vrier, divertissant les r\u00e9sidents et les visiteurs avec plusieurs activit\u00e9s int\u00e9rieures et ext\u00e9rieures organis\u00e9es \u00e0 l&#8217;Oasis RV Resort, situ\u00e9 au 2052, rue Calypso.<\/p>\n<p>Le samedi, la journ\u00e9e commence \u00e0 10h avec le Brunch des super-h\u00e9ros. Une assiette \u00e0 la table co\u00fbtera 5 $ par participant et EarlyON aidera les enfants \u00e0 cr\u00e9er leur propre cape de super-h\u00e9ros, pour se d\u00e9guiser en leur combattant du crime pr\u00e9f\u00e9r\u00e9. Les enfants peuvent aussi venir en pyjama s&#8217;ils n&#8217;ont pas de costume ; ils recevront quand m\u00eame une cape.<\/p>\n<p>Apr\u00e8s le brunch, un spectacle musical interactif aura lieu de 11 h 30 \u00e0 12 h 30. Monkey Rock Music organise des programmes de musique interactive dans toute la r\u00e9gion d&#8217;Ottawa et de l&#8217;est de l&#8217;Ontario, avec des spectacles adapt\u00e9s aux enfants jusqu&#8217;\u00e0 la sixi\u00e8me ann\u00e9e. Pour chaque chanson, les participants chantent, dansent, suivent des actions et montent m\u00eame sur sc\u00e8ne.<\/p>\n<p>Ensuite, les enfants s&#8217;emmitoufleront et sortiront pour participer \u00e0 des activit\u00e9s hivernales. Les plus jeunes appr\u00e9cieront le zoo pour enfants, la construction d&#8217;un ch\u00e2teau de neige et d&#8217;un bonhomme de neige, ainsi que les photos avec Elsa et Olaf. Pendant ce temps, les plus grands pourront participer \u00e0 des activit\u00e9s de patinage, de tir au hockey, de course en raquettes et de tir de boules de neige. Veuillez noter que certaines activit\u00e9s en plein air sont soumises aux conditions m\u00e9t\u00e9orologiques.<\/p>\n<p>De la nourriture et des collations seront \u00e9galement disponibles \u00e0 la vente jusqu&#8217;\u00e0 la fin des activit\u00e9s en plein air \u00e0 16 heures, puis tout le monde est invit\u00e9 \u00e0 revenir \u00e0 18 h 30 pour une projection gratuite du film Puss\u2019n Boots : The Last Wish, avec du popcorn gratuit.<\/p>\n<p>Le dimanche, le Mana Centre invite tout le monde \u00e0 faire de la raquette dans la for\u00eat Larose, de 10 h \u00e0 15 h, \u00e0 partir du parc de stationnement 1. L&#8217;\u00e9v\u00e9nement comprend la location gratuite de raquettes et une activit\u00e9 de chasse au tr\u00e9sor. Les scouts du 2e Russell vendront de la nourriture et du chocolat chaud sur place.<\/p>\n","protected":false},"excerpt":{"rendered":"<p>Le premier WinterFest annuel de Limoges apportera \u00e0 la ville un dernier souffle de joie festive ce weekend.<\/p>\n","protected":false},"author":12,"featured_media":28091,"comment_status":"closed","ping_status":"closed","sticky":false,"template":"","format":"standard","meta":{"_acf_changed":false,"footnotes":""},"categories":[38],"tags":[],"class_list":["post-28090","post","type-post","status-publish","format-standard","has-post-thumbnail","hentry","category-sports-loisirs"],"acf":[],"featured_media_global":[],"yoast_head":"<!-- This site is optimized with the Yoast SEO plugin v27.4 - https:\/\/yoast.com\/product\/yoast-seo-wordpress\/ -->\n<title>La F\u00eate de l&#039;hiver de Limoges, un moment festif - Le Reflet \/ The News<\/title>\n<meta name=\"robots\" content=\"index, follow, max-snippet:-1, max-image-preview:large, max-video-preview:-1\" \/>\n<link rel=\"canonical\" href=\"https:\/\/refletnews.ca\/en\/sports-loisirs\/la-fete-de-lhiver-de-limoges-un-moment-festif\/\" \/>\n<meta property=\"og:locale\" content=\"en_US\" \/>\n<meta property=\"og:type\" content=\"article\" \/>\n<meta property=\"og:title\" content=\"La F\u00eate de l&#039;hiver de Limoges, un moment festif - Le Reflet \/ The News\" \/>\n<meta property=\"og:description\" content=\"Le premier WinterFest annuel de Limoges apportera \u00e0 la ville un dernier souffle de joie festive ce weekend.\" \/>\n<meta property=\"og:url\" content=\"https:\/\/refletnews.ca\/en\/sports-loisirs\/la-fete-de-lhiver-de-limoges-un-moment-festif\/\" \/>\n<meta property=\"og:site_name\" content=\"Le Reflet \/ The News\" \/>\n<meta property=\"article:published_time\" content=\"2023-02-16T15:57:57+00:00\" \/>\n<meta property=\"article:modified_time\" content=\"2025-12-16T03:45:24+00:00\" \/>\n<meta property=\"og:image\" content=\"https:\/\/cdn.editionap.ca\/wp-content\/uploads\/sites\/3\/2023\/02\/COLCS-Limoges_WinterFest-2.jpg\" \/>\n\t<meta property=\"og:image:width\" content=\"940\" \/>\n\t<meta property=\"og:image:height\" content=\"788\" \/>\n\t<meta property=\"og:image:type\" content=\"image\/jpeg\" \/>\n<meta name=\"author\" content=\"Raymond Berthiaume\" \/>\n<meta name=\"twitter:card\" content=\"summary_large_image\" \/>\n<meta name=\"twitter:label1\" content=\"Written by\" \/>\n\t<meta name=\"twitter:data1\" content=\"Raymond Berthiaume\" \/>\n\t<meta name=\"twitter:label2\" content=\"Est. reading time\" \/>\n\t<meta name=\"twitter:data2\" content=\"2 minutes\" \/>\n<script type=\"application\/ld+json\" class=\"yoast-schema-graph\">{\"@context\":\"https:\\\/\\\/schema.org\",\"@graph\":[{\"@type\":\"Article\",\"@id\":\"https:\\\/\\\/refletnews.ca\\\/en\\\/sports-loisirs\\\/la-fete-de-lhiver-de-limoges-un-moment-festif\\\/#article\",\"isPartOf\":{\"@id\":\"https:\\\/\\\/refletnews.ca\\\/en\\\/sports-loisirs\\\/la-fete-de-lhiver-de-limoges-un-moment-festif\\\/\"},\"author\":{\"name\":\"Raymond Berthiaume\",\"@id\":\"https:\\\/\\\/refletnews.ca\\\/en\\\/#\\\/schema\\\/person\\\/6e0a26e20a03521835cdeb8f8d4001e4\"},\"headline\":\"La F\u00eate de l&#8217;hiver de Limoges, un moment festif\",\"datePublished\":\"2023-02-16T15:57:57+00:00\",\"dateModified\":\"2025-12-16T03:45:24+00:00\",\"mainEntityOfPage\":{\"@id\":\"https:\\\/\\\/refletnews.ca\\\/en\\\/sports-loisirs\\\/la-fete-de-lhiver-de-limoges-un-moment-festif\\\/\"},\"wordCount\":371,\"image\":{\"@id\":\"https:\\\/\\\/refletnews.ca\\\/en\\\/sports-loisirs\\\/la-fete-de-lhiver-de-limoges-un-moment-festif\\\/#primaryimage\"},\"thumbnailUrl\":\"https:\\\/\\\/cdn.editionap.ca\\\/wp-content\\\/uploads\\\/sites\\\/3\\\/2023\\\/02\\\/COLCS-Limoges_WinterFest-2.jpg\",\"articleSection\":[\"Sports et loisirs\"],\"inLanguage\":\"en-CA\"},{\"@type\":\"WebPage\",\"@id\":\"https:\\\/\\\/refletnews.ca\\\/en\\\/sports-loisirs\\\/la-fete-de-lhiver-de-limoges-un-moment-festif\\\/\",\"url\":\"https:\\\/\\\/refletnews.ca\\\/en\\\/sports-loisirs\\\/la-fete-de-lhiver-de-limoges-un-moment-festif\\\/\",\"name\":\"La F\u00eate de l'hiver de Limoges, un moment festif - Le Reflet \\\/ The News\",\"isPartOf\":{\"@id\":\"https:\\\/\\\/refletnews.ca\\\/en\\\/#website\"},\"primaryImageOfPage\":{\"@id\":\"https:\\\/\\\/refletnews.ca\\\/en\\\/sports-loisirs\\\/la-fete-de-lhiver-de-limoges-un-moment-festif\\\/#primaryimage\"},\"image\":{\"@id\":\"https:\\\/\\\/refletnews.ca\\\/en\\\/sports-loisirs\\\/la-fete-de-lhiver-de-limoges-un-moment-festif\\\/#primaryimage\"},\"thumbnailUrl\":\"https:\\\/\\\/cdn.editionap.ca\\\/wp-content\\\/uploads\\\/sites\\\/3\\\/2023\\\/02\\\/COLCS-Limoges_WinterFest-2.jpg\",\"datePublished\":\"2023-02-16T15:57:57+00:00\",\"dateModified\":\"2025-12-16T03:45:24+00:00\",\"author\":{\"@id\":\"https:\\\/\\\/refletnews.ca\\\/en\\\/#\\\/schema\\\/person\\\/6e0a26e20a03521835cdeb8f8d4001e4\"},\"breadcrumb\":{\"@id\":\"https:\\\/\\\/refletnews.ca\\\/en\\\/sports-loisirs\\\/la-fete-de-lhiver-de-limoges-un-moment-festif\\\/#breadcrumb\"},\"inLanguage\":\"en-CA\",\"potentialAction\":[{\"@type\":\"ReadAction\",\"target\":[\"https:\\\/\\\/refletnews.ca\\\/en\\\/sports-loisirs\\\/la-fete-de-lhiver-de-limoges-un-moment-festif\\\/\"]}]},{\"@type\":\"ImageObject\",\"inLanguage\":\"en-CA\",\"@id\":\"https:\\\/\\\/refletnews.ca\\\/en\\\/sports-loisirs\\\/la-fete-de-lhiver-de-limoges-un-moment-festif\\\/#primaryimage\",\"url\":\"https:\\\/\\\/cdn.editionap.ca\\\/wp-content\\\/uploads\\\/sites\\\/3\\\/2023\\\/02\\\/COLCS-Limoges_WinterFest-2.jpg\",\"contentUrl\":\"https:\\\/\\\/cdn.editionap.ca\\\/wp-content\\\/uploads\\\/sites\\\/3\\\/2023\\\/02\\\/COLCS-Limoges_WinterFest-2.jpg\",\"width\":940,\"height\":788,\"caption\":\"Limoges winterfest promo\"},{\"@type\":\"BreadcrumbList\",\"@id\":\"https:\\\/\\\/refletnews.ca\\\/en\\\/sports-loisirs\\\/la-fete-de-lhiver-de-limoges-un-moment-festif\\\/#breadcrumb\",\"itemListElement\":[{\"@type\":\"ListItem\",\"position\":1,\"name\":\"Accueil\",\"item\":\"https:\\\/\\\/refletnews.ca\\\/en\\\/\"},{\"@type\":\"ListItem\",\"position\":2,\"name\":\"La F\u00eate de l&rsquo;hiver de Limoges, un moment festif\"}]},{\"@type\":\"WebSite\",\"@id\":\"https:\\\/\\\/refletnews.ca\\\/en\\\/#website\",\"url\":\"https:\\\/\\\/refletnews.ca\\\/en\\\/\",\"name\":\"Le Reflet \\\/ The News\",\"description\":\"\",\"potentialAction\":[{\"@type\":\"SearchAction\",\"target\":{\"@type\":\"EntryPoint\",\"urlTemplate\":\"https:\\\/\\\/refletnews.ca\\\/en\\\/?s={search_term_string}\"},\"query-input\":{\"@type\":\"PropertyValueSpecification\",\"valueRequired\":true,\"valueName\":\"search_term_string\"}}],\"inLanguage\":\"en-CA\"},{\"@type\":\"Person\",\"@id\":\"https:\\\/\\\/refletnews.ca\\\/en\\\/#\\\/schema\\\/person\\\/6e0a26e20a03521835cdeb8f8d4001e4\",\"name\":\"Raymond Berthiaume\",\"image\":{\"@type\":\"ImageObject\",\"inLanguage\":\"en-CA\",\"@id\":\"https:\\\/\\\/secure.gravatar.com\\\/avatar\\\/0690b4c17eecaf5be96fd14b8368bd3255005382cbb23ac024d642ed9f2bedf6?s=96&d=mm&r=g\",\"url\":\"https:\\\/\\\/secure.gravatar.com\\\/avatar\\\/0690b4c17eecaf5be96fd14b8368bd3255005382cbb23ac024d642ed9f2bedf6?s=96&d=mm&r=g\",\"contentUrl\":\"https:\\\/\\\/secure.gravatar.com\\\/avatar\\\/0690b4c17eecaf5be96fd14b8368bd3255005382cbb23ac024d642ed9f2bedf6?s=96&d=mm&r=g\",\"caption\":\"Raymond Berthiaume\"}}]}<\/script>\n<!-- \/ Yoast SEO plugin. -->","yoast_head_json":{"title":"La F\u00eate de l'hiver de Limoges, un moment festif - Le Reflet \/ The News","robots":{"index":"index","follow":"follow","max-snippet":"max-snippet:-1","max-image-preview":"max-image-preview:large","max-video-preview":"max-video-preview:-1"},"canonical":"https:\/\/refletnews.ca\/en\/sports-loisirs\/la-fete-de-lhiver-de-limoges-un-moment-festif\/","og_locale":"en_US","og_type":"article","og_title":"La F\u00eate de l'hiver de Limoges, un moment festif - Le Reflet \/ The News","og_description":"Le premier WinterFest annuel de Limoges apportera \u00e0 la ville un dernier souffle de joie festive ce weekend.","og_url":"https:\/\/refletnews.ca\/en\/sports-loisirs\/la-fete-de-lhiver-de-limoges-un-moment-festif\/","og_site_name":"Le Reflet \/ The News","article_published_time":"2023-02-16T15:57:57+00:00","article_modified_time":"2025-12-16T03:45:24+00:00","og_image":[{"width":940,"height":788,"url":"https:\/\/cdn.editionap.ca\/wp-content\/uploads\/sites\/3\/2023\/02\/COLCS-Limoges_WinterFest-2.jpg","type":"image\/jpeg"}],"author":"Raymond Berthiaume","twitter_card":"summary_large_image","twitter_misc":{"Written by":"Raymond Berthiaume","Est. reading time":"2 minutes"},"schema":{"@context":"https:\/\/schema.org","@graph":[{"@type":"Article","@id":"https:\/\/refletnews.ca\/en\/sports-loisirs\/la-fete-de-lhiver-de-limoges-un-moment-festif\/#article","isPartOf":{"@id":"https:\/\/refletnews.ca\/en\/sports-loisirs\/la-fete-de-lhiver-de-limoges-un-moment-festif\/"},"author":{"name":"Raymond Berthiaume","@id":"https:\/\/refletnews.ca\/en\/#\/schema\/person\/6e0a26e20a03521835cdeb8f8d4001e4"},"headline":"La F\u00eate de l&#8217;hiver de Limoges, un moment festif","datePublished":"2023-02-16T15:57:57+00:00","dateModified":"2025-12-16T03:45:24+00:00","mainEntityOfPage":{"@id":"https:\/\/refletnews.ca\/en\/sports-loisirs\/la-fete-de-lhiver-de-limoges-un-moment-festif\/"},"wordCount":371,"image":{"@id":"https:\/\/refletnews.ca\/en\/sports-loisirs\/la-fete-de-lhiver-de-limoges-un-moment-festif\/#primaryimage"},"thumbnailUrl":"https:\/\/cdn.editionap.ca\/wp-content\/uploads\/sites\/3\/2023\/02\/COLCS-Limoges_WinterFest-2.jpg","articleSection":["Sports et loisirs"],"inLanguage":"en-CA"},{"@type":"WebPage","@id":"https:\/\/refletnews.ca\/en\/sports-loisirs\/la-fete-de-lhiver-de-limoges-un-moment-festif\/","url":"https:\/\/refletnews.ca\/en\/sports-loisirs\/la-fete-de-lhiver-de-limoges-un-moment-festif\/","name":"La F\u00eate de l'hiver de Limoges, un moment festif - Le Reflet \/ The News","isPartOf":{"@id":"https:\/\/refletnews.ca\/en\/#website"},"primaryImageOfPage":{"@id":"https:\/\/refletnews.ca\/en\/sports-loisirs\/la-fete-de-lhiver-de-limoges-un-moment-festif\/#primaryimage"},"image":{"@id":"https:\/\/refletnews.ca\/en\/sports-loisirs\/la-fete-de-lhiver-de-limoges-un-moment-festif\/#primaryimage"},"thumbnailUrl":"https:\/\/cdn.editionap.ca\/wp-content\/uploads\/sites\/3\/2023\/02\/COLCS-Limoges_WinterFest-2.jpg","datePublished":"2023-02-16T15:57:57+00:00","dateModified":"2025-12-16T03:45:24+00:00","author":{"@id":"https:\/\/refletnews.ca\/en\/#\/schema\/person\/6e0a26e20a03521835cdeb8f8d4001e4"},"breadcrumb":{"@id":"https:\/\/refletnews.ca\/en\/sports-loisirs\/la-fete-de-lhiver-de-limoges-un-moment-festif\/#breadcrumb"},"inLanguage":"en-CA","potentialAction":[{"@type":"ReadAction","target":["https:\/\/refletnews.ca\/en\/sports-loisirs\/la-fete-de-lhiver-de-limoges-un-moment-festif\/"]}]},{"@type":"ImageObject","inLanguage":"en-CA","@id":"https:\/\/refletnews.ca\/en\/sports-loisirs\/la-fete-de-lhiver-de-limoges-un-moment-festif\/#primaryimage","url":"https:\/\/cdn.editionap.ca\/wp-content\/uploads\/sites\/3\/2023\/02\/COLCS-Limoges_WinterFest-2.jpg","contentUrl":"https:\/\/cdn.editionap.ca\/wp-content\/uploads\/sites\/3\/2023\/02\/COLCS-Limoges_WinterFest-2.jpg","width":940,"height":788,"caption":"Limoges winterfest promo"},{"@type":"BreadcrumbList","@id":"https:\/\/refletnews.ca\/en\/sports-loisirs\/la-fete-de-lhiver-de-limoges-un-moment-festif\/#breadcrumb","itemListElement":[{"@type":"ListItem","position":1,"name":"Accueil","item":"https:\/\/refletnews.ca\/en\/"},{"@type":"ListItem","position":2,"name":"La F\u00eate de l&rsquo;hiver de Limoges, un moment festif"}]},{"@type":"WebSite","@id":"https:\/\/refletnews.ca\/en\/#website","url":"https:\/\/refletnews.ca\/en\/","name":"Le Reflet \/ The News","description":"","potentialAction":[{"@type":"SearchAction","target":{"@type":"EntryPoint","urlTemplate":"https:\/\/refletnews.ca\/en\/?s={search_term_string}"},"query-input":{"@type":"PropertyValueSpecification","valueRequired":true,"valueName":"search_term_string"}}],"inLanguage":"en-CA"},{"@type":"Person","@id":"https:\/\/refletnews.ca\/en\/#\/schema\/person\/6e0a26e20a03521835cdeb8f8d4001e4","name":"Raymond Berthiaume","image":{"@type":"ImageObject","inLanguage":"en-CA","@id":"https:\/\/secure.gravatar.com\/avatar\/0690b4c17eecaf5be96fd14b8368bd3255005382cbb23ac024d642ed9f2bedf6?s=96&d=mm&r=g","url":"https:\/\/secure.gravatar.com\/avatar\/0690b4c17eecaf5be96fd14b8368bd3255005382cbb23ac024d642ed9f2bedf6?s=96&d=mm&r=g","contentUrl":"https:\/\/secure.gravatar.com\/avatar\/0690b4c17eecaf5be96fd14b8368bd3255005382cbb23ac024d642ed9f2bedf6?s=96&d=mm&r=g","caption":"Raymond Berthiaume"}}]}},"_links":{"self":[{"href":"https:\/\/refletnews.ca\/en\/wp-json\/wp\/v2\/posts\/28090","targetHints":{"allow":["GET"]}}],"collection":[{"href":"https:\/\/refletnews.ca\/en\/wp-json\/wp\/v2\/posts"}],"about":[{"href":"https:\/\/refletnews.ca\/en\/wp-json\/wp\/v2\/types\/post"}],"author":[{"embeddable":true,"href":"https:\/\/refletnews.ca\/en\/wp-json\/wp\/v2\/users\/12"}],"replies":[{"embeddable":true,"href":"https:\/\/refletnews.ca\/en\/wp-json\/wp\/v2\/comments?post=28090"}],"version-history":[{"count":1,"href":"https:\/\/refletnews.ca\/en\/wp-json\/wp\/v2\/posts\/28090\/revisions"}],"predecessor-version":[{"id":129722,"href":"https:\/\/refletnews.ca\/en\/wp-json\/wp\/v2\/posts\/28090\/revisions\/129722"}],"wp:featuredmedia":[{"embeddable":true,"href":"https:\/\/refletnews.ca\/en\/wp-json\/wp\/v2\/media\/28091"}],"wp:attachment":[{"href":"https:\/\/refletnews.ca\/en\/wp-json\/wp\/v2\/media?parent=28090"}],"wp:term":[{"taxonomy":"category","embeddable":true,"href":"https:\/\/refletnews.ca\/en\/wp-json\/wp\/v2\/categories?post=28090"},{"taxonomy":"post_tag","embeddable":true,"href":"https:\/\/refletnews.ca\/en\/wp-json\/wp\/v2\/tags?post=28090"}],"curies":[{"name":"wp","href":"https:\/\/api.w.org\/{rel}","templated":true}]}}