{"id":27004,"date":"2022-12-19T14:19:48","date_gmt":"2022-12-19T19:19:48","guid":{"rendered":"https:\/\/editionap.ca\/?p=27004"},"modified":"2025-12-22T14:05:08","modified_gmt":"2025-12-22T13:05:08","slug":"gfl-donates-250k-to-nation-sportsplex","status":"publish","type":"post","link":"https:\/\/refletnews.ca\/en\/societe\/gfl-donates-250k-to-nation-sportsplex\/","title":{"rendered":"GFL donates $250k to Nation sportsplex"},"content":{"rendered":"<p>The Nation municipality has announced that GFL Environmental has delivered a $250,000 pledge from The Nation Gets in Shape Campaign. The campaign was launched in 2021 and is a $1,000,000 initiative to obtain equipment, furnishings, and other resources for the sportsplex.<\/p>\n<p>&#8220;I would like to thank GFL Environmental for their generous contribution to The Nation Gets in Shape campaign. This facility will serve our community as a whole, and it is thanks to organisations like GFL that our complex will be fully furnished, equipped and ready to welcome its users,\u201d said Mayor Francis Bri\u00e8re. &#8220;I thank GFL for being a leader in our community and look forward to welcoming other partners as we continue to raise funds.&#8221;<\/p>\n<p>The sportsplex will feature two FIFA soccer fields with a running track around them, as well as a multipurpose community centre. It is location next to \u00c9cole \u00e9l\u00e9mentaire catholique Saint-Viateur and will host year-round events such as youth soccer, seniors&#8217; fitness, wedding receptions, and trade shows that will attract more than 20,000 people annually.<\/p>\n<p>\u201cThis contribution only solidifies the partnership that GFL has developed over the years with The Nation Municipality. The sports complex project is perfectly in line with our corporate values aimed at helping to improve the quality of life of the communities where we are present,&#8221; said Jean-Philippe Lalibert\u00e9, General Manager of Landfill Operations and Compliance at GFL.<\/p>\n","protected":false},"excerpt":{"rendered":"<p>GFL Environmental pledged $250,000 to the Sportsplex as part of the Nation Gets in Shape Campaign. <\/p>\n","protected":false},"author":9,"featured_media":27005,"comment_status":"closed","ping_status":"closed","sticky":false,"template":"","format":"standard","meta":{"_acf_changed":false,"footnotes":""},"categories":[40],"tags":[],"class_list":["post-27004","post","type-post","status-publish","format-standard","has-post-thumbnail","hentry","category-societe"],"acf":[],"featured_media_global":[],"yoast_head":"<!-- This site is optimized with the Yoast SEO plugin v27.4 - https:\/\/yoast.com\/product\/yoast-seo-wordpress\/ -->\n<title>GFL donates $250k to Nation sportsplex - Le Reflet \/ The News<\/title>\n<meta name=\"robots\" content=\"index, follow, max-snippet:-1, max-image-preview:large, max-video-preview:-1\" \/>\n<link rel=\"canonical\" href=\"https:\/\/refletnews.ca\/en\/societe\/gfl-donates-250k-to-nation-sportsplex\/\" \/>\n<meta property=\"og:locale\" content=\"en_US\" \/>\n<meta property=\"og:type\" content=\"article\" \/>\n<meta property=\"og:title\" content=\"GFL donates $250k to Nation sportsplex - Le Reflet \/ The News\" \/>\n<meta property=\"og:description\" content=\"GFL Environmental pledged $250,000 to the Sportsplex as part of the Nation Gets in Shape Campaign.\" \/>\n<meta property=\"og:url\" content=\"https:\/\/refletnews.ca\/en\/societe\/gfl-donates-250k-to-nation-sportsplex\/\" \/>\n<meta property=\"og:site_name\" content=\"Le Reflet \/ The News\" \/>\n<meta property=\"article:published_time\" content=\"2022-12-19T19:19:48+00:00\" \/>\n<meta property=\"article:modified_time\" content=\"2025-12-22T13:05:08+00:00\" \/>\n<meta property=\"og:image\" content=\"https:\/\/cdn.editionap.ca\/wp-content\/uploads\/sites\/3\/2022\/12\/ACTCS-GFL_Sportsplex_Donation.jpg\" \/>\n\t<meta property=\"og:image:width\" content=\"1920\" \/>\n\t<meta property=\"og:image:height\" content=\"1280\" \/>\n\t<meta property=\"og:image:type\" content=\"image\/jpeg\" \/>\n<meta name=\"author\" content=\"Claude Martel\" \/>\n<meta name=\"twitter:card\" content=\"summary_large_image\" \/>\n<meta name=\"twitter:label1\" content=\"Written by\" \/>\n\t<meta name=\"twitter:data1\" content=\"Claude Martel\" \/>\n\t<meta name=\"twitter:label2\" content=\"Est. reading time\" \/>\n\t<meta name=\"twitter:data2\" content=\"1 minute\" \/>\n<script type=\"application\/ld+json\" class=\"yoast-schema-graph\">{\"@context\":\"https:\\\/\\\/schema.org\",\"@graph\":[{\"@type\":\"Article\",\"@id\":\"https:\\\/\\\/refletnews.ca\\\/en\\\/societe\\\/gfl-donates-250k-to-nation-sportsplex\\\/#article\",\"isPartOf\":{\"@id\":\"https:\\\/\\\/refletnews.ca\\\/en\\\/societe\\\/gfl-donates-250k-to-nation-sportsplex\\\/\"},\"author\":{\"name\":\"Claude Martel\",\"@id\":\"https:\\\/\\\/refletnews.ca\\\/en\\\/#\\\/schema\\\/person\\\/0ca4c3f756c5750f29c5975274847594\"},\"headline\":\"GFL donates $250k to Nation sportsplex\",\"datePublished\":\"2022-12-19T19:19:48+00:00\",\"dateModified\":\"2025-12-22T13:05:08+00:00\",\"mainEntityOfPage\":{\"@id\":\"https:\\\/\\\/refletnews.ca\\\/en\\\/societe\\\/gfl-donates-250k-to-nation-sportsplex\\\/\"},\"wordCount\":232,\"image\":{\"@id\":\"https:\\\/\\\/refletnews.ca\\\/en\\\/societe\\\/gfl-donates-250k-to-nation-sportsplex\\\/#primaryimage\"},\"thumbnailUrl\":\"https:\\\/\\\/cdn.editionap.ca\\\/wp-content\\\/uploads\\\/sites\\\/3\\\/2022\\\/12\\\/ACTCS-GFL_Sportsplex_Donation.jpg\",\"articleSection\":[\"Soci\u00e9t\u00e9\"],\"inLanguage\":\"en-CA\"},{\"@type\":\"WebPage\",\"@id\":\"https:\\\/\\\/refletnews.ca\\\/en\\\/societe\\\/gfl-donates-250k-to-nation-sportsplex\\\/\",\"url\":\"https:\\\/\\\/refletnews.ca\\\/en\\\/societe\\\/gfl-donates-250k-to-nation-sportsplex\\\/\",\"name\":\"GFL donates $250k to Nation sportsplex - Le Reflet \\\/ The News\",\"isPartOf\":{\"@id\":\"https:\\\/\\\/refletnews.ca\\\/en\\\/#website\"},\"primaryImageOfPage\":{\"@id\":\"https:\\\/\\\/refletnews.ca\\\/en\\\/societe\\\/gfl-donates-250k-to-nation-sportsplex\\\/#primaryimage\"},\"image\":{\"@id\":\"https:\\\/\\\/refletnews.ca\\\/en\\\/societe\\\/gfl-donates-250k-to-nation-sportsplex\\\/#primaryimage\"},\"thumbnailUrl\":\"https:\\\/\\\/cdn.editionap.ca\\\/wp-content\\\/uploads\\\/sites\\\/3\\\/2022\\\/12\\\/ACTCS-GFL_Sportsplex_Donation.jpg\",\"datePublished\":\"2022-12-19T19:19:48+00:00\",\"dateModified\":\"2025-12-22T13:05:08+00:00\",\"author\":{\"@id\":\"https:\\\/\\\/refletnews.ca\\\/en\\\/#\\\/schema\\\/person\\\/0ca4c3f756c5750f29c5975274847594\"},\"breadcrumb\":{\"@id\":\"https:\\\/\\\/refletnews.ca\\\/en\\\/societe\\\/gfl-donates-250k-to-nation-sportsplex\\\/#breadcrumb\"},\"inLanguage\":\"en-CA\",\"potentialAction\":[{\"@type\":\"ReadAction\",\"target\":[\"https:\\\/\\\/refletnews.ca\\\/en\\\/societe\\\/gfl-donates-250k-to-nation-sportsplex\\\/\"]}]},{\"@type\":\"ImageObject\",\"inLanguage\":\"en-CA\",\"@id\":\"https:\\\/\\\/refletnews.ca\\\/en\\\/societe\\\/gfl-donates-250k-to-nation-sportsplex\\\/#primaryimage\",\"url\":\"https:\\\/\\\/cdn.editionap.ca\\\/wp-content\\\/uploads\\\/sites\\\/3\\\/2022\\\/12\\\/ACTCS-GFL_Sportsplex_Donation.jpg\",\"contentUrl\":\"https:\\\/\\\/cdn.editionap.ca\\\/wp-content\\\/uploads\\\/sites\\\/3\\\/2022\\\/12\\\/ACTCS-GFL_Sportsplex_Donation.jpg\",\"width\":1920,\"height\":1280},{\"@type\":\"BreadcrumbList\",\"@id\":\"https:\\\/\\\/refletnews.ca\\\/en\\\/societe\\\/gfl-donates-250k-to-nation-sportsplex\\\/#breadcrumb\",\"itemListElement\":[{\"@type\":\"ListItem\",\"position\":1,\"name\":\"Accueil\",\"item\":\"https:\\\/\\\/refletnews.ca\\\/en\\\/\"},{\"@type\":\"ListItem\",\"position\":2,\"name\":\"GFL donates $250k to Nation sportsplex\"}]},{\"@type\":\"WebSite\",\"@id\":\"https:\\\/\\\/refletnews.ca\\\/en\\\/#website\",\"url\":\"https:\\\/\\\/refletnews.ca\\\/en\\\/\",\"name\":\"Le Reflet \\\/ The News\",\"description\":\"\",\"potentialAction\":[{\"@type\":\"SearchAction\",\"target\":{\"@type\":\"EntryPoint\",\"urlTemplate\":\"https:\\\/\\\/refletnews.ca\\\/en\\\/?s={search_term_string}\"},\"query-input\":{\"@type\":\"PropertyValueSpecification\",\"valueRequired\":true,\"valueName\":\"search_term_string\"}}],\"inLanguage\":\"en-CA\"},{\"@type\":\"Person\",\"@id\":\"https:\\\/\\\/refletnews.ca\\\/en\\\/#\\\/schema\\\/person\\\/0ca4c3f756c5750f29c5975274847594\",\"name\":\"Claude Martel\",\"image\":{\"@type\":\"ImageObject\",\"inLanguage\":\"en-CA\",\"@id\":\"https:\\\/\\\/secure.gravatar.com\\\/avatar\\\/ef253724869047550e4a4e8a7de2e0696ebe89a86a049eeaa826e3c0c647aabd?s=96&d=mm&r=g\",\"url\":\"https:\\\/\\\/secure.gravatar.com\\\/avatar\\\/ef253724869047550e4a4e8a7de2e0696ebe89a86a049eeaa826e3c0c647aabd?s=96&d=mm&r=g\",\"contentUrl\":\"https:\\\/\\\/secure.gravatar.com\\\/avatar\\\/ef253724869047550e4a4e8a7de2e0696ebe89a86a049eeaa826e3c0c647aabd?s=96&d=mm&r=g\",\"caption\":\"Claude Martel\"}}]}<\/script>\n<!-- \/ Yoast SEO plugin. -->","yoast_head_json":{"title":"GFL donates $250k to Nation sportsplex - Le Reflet \/ The News","robots":{"index":"index","follow":"follow","max-snippet":"max-snippet:-1","max-image-preview":"max-image-preview:large","max-video-preview":"max-video-preview:-1"},"canonical":"https:\/\/refletnews.ca\/en\/societe\/gfl-donates-250k-to-nation-sportsplex\/","og_locale":"en_US","og_type":"article","og_title":"GFL donates $250k to Nation sportsplex - Le Reflet \/ The News","og_description":"GFL Environmental pledged $250,000 to the Sportsplex as part of the Nation Gets in Shape Campaign.","og_url":"https:\/\/refletnews.ca\/en\/societe\/gfl-donates-250k-to-nation-sportsplex\/","og_site_name":"Le Reflet \/ The News","article_published_time":"2022-12-19T19:19:48+00:00","article_modified_time":"2025-12-22T13:05:08+00:00","og_image":[{"width":1920,"height":1280,"url":"https:\/\/cdn.editionap.ca\/wp-content\/uploads\/sites\/3\/2022\/12\/ACTCS-GFL_Sportsplex_Donation.jpg","type":"image\/jpeg"}],"author":"Claude Martel","twitter_card":"summary_large_image","twitter_misc":{"Written by":"Claude Martel","Est. reading time":"1 minute"},"schema":{"@context":"https:\/\/schema.org","@graph":[{"@type":"Article","@id":"https:\/\/refletnews.ca\/en\/societe\/gfl-donates-250k-to-nation-sportsplex\/#article","isPartOf":{"@id":"https:\/\/refletnews.ca\/en\/societe\/gfl-donates-250k-to-nation-sportsplex\/"},"author":{"name":"Claude Martel","@id":"https:\/\/refletnews.ca\/en\/#\/schema\/person\/0ca4c3f756c5750f29c5975274847594"},"headline":"GFL donates $250k to Nation sportsplex","datePublished":"2022-12-19T19:19:48+00:00","dateModified":"2025-12-22T13:05:08+00:00","mainEntityOfPage":{"@id":"https:\/\/refletnews.ca\/en\/societe\/gfl-donates-250k-to-nation-sportsplex\/"},"wordCount":232,"image":{"@id":"https:\/\/refletnews.ca\/en\/societe\/gfl-donates-250k-to-nation-sportsplex\/#primaryimage"},"thumbnailUrl":"https:\/\/cdn.editionap.ca\/wp-content\/uploads\/sites\/3\/2022\/12\/ACTCS-GFL_Sportsplex_Donation.jpg","articleSection":["Soci\u00e9t\u00e9"],"inLanguage":"en-CA"},{"@type":"WebPage","@id":"https:\/\/refletnews.ca\/en\/societe\/gfl-donates-250k-to-nation-sportsplex\/","url":"https:\/\/refletnews.ca\/en\/societe\/gfl-donates-250k-to-nation-sportsplex\/","name":"GFL donates $250k to Nation sportsplex - Le Reflet \/ The News","isPartOf":{"@id":"https:\/\/refletnews.ca\/en\/#website"},"primaryImageOfPage":{"@id":"https:\/\/refletnews.ca\/en\/societe\/gfl-donates-250k-to-nation-sportsplex\/#primaryimage"},"image":{"@id":"https:\/\/refletnews.ca\/en\/societe\/gfl-donates-250k-to-nation-sportsplex\/#primaryimage"},"thumbnailUrl":"https:\/\/cdn.editionap.ca\/wp-content\/uploads\/sites\/3\/2022\/12\/ACTCS-GFL_Sportsplex_Donation.jpg","datePublished":"2022-12-19T19:19:48+00:00","dateModified":"2025-12-22T13:05:08+00:00","author":{"@id":"https:\/\/refletnews.ca\/en\/#\/schema\/person\/0ca4c3f756c5750f29c5975274847594"},"breadcrumb":{"@id":"https:\/\/refletnews.ca\/en\/societe\/gfl-donates-250k-to-nation-sportsplex\/#breadcrumb"},"inLanguage":"en-CA","potentialAction":[{"@type":"ReadAction","target":["https:\/\/refletnews.ca\/en\/societe\/gfl-donates-250k-to-nation-sportsplex\/"]}]},{"@type":"ImageObject","inLanguage":"en-CA","@id":"https:\/\/refletnews.ca\/en\/societe\/gfl-donates-250k-to-nation-sportsplex\/#primaryimage","url":"https:\/\/cdn.editionap.ca\/wp-content\/uploads\/sites\/3\/2022\/12\/ACTCS-GFL_Sportsplex_Donation.jpg","contentUrl":"https:\/\/cdn.editionap.ca\/wp-content\/uploads\/sites\/3\/2022\/12\/ACTCS-GFL_Sportsplex_Donation.jpg","width":1920,"height":1280},{"@type":"BreadcrumbList","@id":"https:\/\/refletnews.ca\/en\/societe\/gfl-donates-250k-to-nation-sportsplex\/#breadcrumb","itemListElement":[{"@type":"ListItem","position":1,"name":"Accueil","item":"https:\/\/refletnews.ca\/en\/"},{"@type":"ListItem","position":2,"name":"GFL donates $250k to Nation sportsplex"}]},{"@type":"WebSite","@id":"https:\/\/refletnews.ca\/en\/#website","url":"https:\/\/refletnews.ca\/en\/","name":"Le Reflet \/ The News","description":"","potentialAction":[{"@type":"SearchAction","target":{"@type":"EntryPoint","urlTemplate":"https:\/\/refletnews.ca\/en\/?s={search_term_string}"},"query-input":{"@type":"PropertyValueSpecification","valueRequired":true,"valueName":"search_term_string"}}],"inLanguage":"en-CA"},{"@type":"Person","@id":"https:\/\/refletnews.ca\/en\/#\/schema\/person\/0ca4c3f756c5750f29c5975274847594","name":"Claude Martel","image":{"@type":"ImageObject","inLanguage":"en-CA","@id":"https:\/\/secure.gravatar.com\/avatar\/ef253724869047550e4a4e8a7de2e0696ebe89a86a049eeaa826e3c0c647aabd?s=96&d=mm&r=g","url":"https:\/\/secure.gravatar.com\/avatar\/ef253724869047550e4a4e8a7de2e0696ebe89a86a049eeaa826e3c0c647aabd?s=96&d=mm&r=g","contentUrl":"https:\/\/secure.gravatar.com\/avatar\/ef253724869047550e4a4e8a7de2e0696ebe89a86a049eeaa826e3c0c647aabd?s=96&d=mm&r=g","caption":"Claude Martel"}}]}},"_links":{"self":[{"href":"https:\/\/refletnews.ca\/en\/wp-json\/wp\/v2\/posts\/27004","targetHints":{"allow":["GET"]}}],"collection":[{"href":"https:\/\/refletnews.ca\/en\/wp-json\/wp\/v2\/posts"}],"about":[{"href":"https:\/\/refletnews.ca\/en\/wp-json\/wp\/v2\/types\/post"}],"author":[{"embeddable":true,"href":"https:\/\/refletnews.ca\/en\/wp-json\/wp\/v2\/users\/9"}],"replies":[{"embeddable":true,"href":"https:\/\/refletnews.ca\/en\/wp-json\/wp\/v2\/comments?post=27004"}],"version-history":[{"count":1,"href":"https:\/\/refletnews.ca\/en\/wp-json\/wp\/v2\/posts\/27004\/revisions"}],"predecessor-version":[{"id":130468,"href":"https:\/\/refletnews.ca\/en\/wp-json\/wp\/v2\/posts\/27004\/revisions\/130468"}],"wp:featuredmedia":[{"embeddable":true,"href":"https:\/\/refletnews.ca\/en\/wp-json\/wp\/v2\/media\/27005"}],"wp:attachment":[{"href":"https:\/\/refletnews.ca\/en\/wp-json\/wp\/v2\/media?parent=27004"}],"wp:term":[{"taxonomy":"category","embeddable":true,"href":"https:\/\/refletnews.ca\/en\/wp-json\/wp\/v2\/categories?post=27004"},{"taxonomy":"post_tag","embeddable":true,"href":"https:\/\/refletnews.ca\/en\/wp-json\/wp\/v2\/tags?post=27004"}],"curies":[{"name":"wp","href":"https:\/\/api.w.org\/{rel}","templated":true}]}}