{"id":26749,"date":"2022-12-07T16:36:31","date_gmt":"2022-12-07T21:36:31","guid":{"rendered":"https:\/\/editionap.ca\/?p=26749"},"modified":"2025-12-16T04:30:19","modified_gmt":"2025-12-16T03:30:19","slug":"un-auteur-local-publie-lhistoire-de-marionville","status":"publish","type":"post","link":"https:\/\/refletnews.ca\/en\/culture\/un-auteur-local-publie-lhistoire-de-marionville\/","title":{"rendered":"Un auteur local publie l&#8217;histoire de Marionville"},"content":{"rendered":"<p>Lorsque la pand\u00e9mie de COVID-19 a frapp\u00e9 en f\u00e9vrier 2020, de nombreuses personnes ont \u00e9t\u00e9 contraintes de rester en quarantaine, loin de leur famille et de leurs amis, pendant des semaines. Avec tout ce temps libre, les gens ont choisi de nouveaux passe-temps. Certains ont tricot\u00e9, d&#8217;autres ont peint et un homme a d\u00e9cid\u00e9 d&#8217;\u00e9crire un livre.<\/p>\n<p>Marcel Cl\u00e9ment est n\u00e9 dans le quartier d&#8217;Ormond, \u00e0 Marionville, en 1944, vers la fin de la Seconde Guerre mondiale, d&#8217;un p\u00e8re agriculteur et d&#8217;une m\u00e8re descendant directement de l&#8217;un des fondateurs du village. Lorsque la pand\u00e9mie a frapp\u00e9, il a commenc\u00e9 \u00e0 noter les noms de toutes les familles de la r\u00e9gion dont il se souvenait. Lorsqu&#8217;il rencontrait un obstacle, il contactait des amis du village pour qu&#8217;ils l&#8217;aident, et bient\u00f4t, un petit projet g\u00e9n\u00e9alogique s&#8217;est transform\u00e9 en une biographie historique compl\u00e8te du village. L&#8217;entreprise a n\u00e9cessit\u00e9 un peu moins de trois ans de r\u00e9daction, d&#8217;innombrables sources et archives, et l&#8217;aide d&#8217;amis, de la famille et des habitants de Marionville.<\/p>\n<p>\u00ab\u00a0Afin d&#8217;\u00e9crire l&#8217;histoire et la fondation de notre village et de notre paroisse, j&#8217;ai trouv\u00e9 un vieux livre de 1910, de la paroisse m\u00e8re d&#8217;Embrun, et le livre du jubil\u00e9 de 1954 de Marionville, a d\u00e9clar\u00e9 M. Cl\u00e9ment. Des amis et des membres de la famille ont contribu\u00e9 soit \u00e0 un paragraphe, soit \u00e0 des chapitres complets bas\u00e9s sur leurs propres exp\u00e9riences. Mon oncle, originaire de Marionville, et ma tante, qui vit maintenant \u00e0 Sutton (Qu\u00e9bec), ont fait des recherches sur le Web et ont appel\u00e9 de nombreux Marionvillois pour obtenir la confirmation des \u00e9v\u00e9nements. Nous avons ensuite rassembl\u00e9 de nombreuses photos provenant de diverses sources et, enfin, nous avons demand\u00e9 aux Marionvillois de chercher dans leurs archives des photos int\u00e9ressantes.\u00a0\u00bb<\/p>\n<p>Le livre s&#8217;\u00e9tend sur 16 chapitres, chacun d\u00e9taillant une facette diff\u00e9rente de l&#8217;histoire et de la vie quotidienne de Marionville. Les cinq premiers chapitres traitent de la fondation du village, et les chapitres six \u00e0 neuf d\u00e9taillent la vie au sein du village, avec des anecdotes sur les habitudes saisonni\u00e8res, le vieux village et des photos de b\u00e2timents historiques disparus depuis longtemps. Les chapitres 10 \u00e0 12 d\u00e9crivent les \u00e9coles, les associations et les festivit\u00e9s du village, le chapitre 13 d\u00e9crit les sports du village, le chapitre 14 d\u00e9crit les r\u00e9alisations des habitants du village et le chapitre 15 d\u00e9crit les premiers colons du village. Enfin, le chapitre 16 explore la mani\u00e8re dont le village se d\u00e9veloppe et \u00e9volue aujourd&#8217;hui.<\/p>\n<p>Rassembler toutes ces informations a \u00e9t\u00e9 une entreprise \u00e9norme, selon M. Cl\u00e9ment. Non seulement il y avait un nombre impressionnant de sources potentielles \u00e0 consulter, mais chaque source devait \u00eatre v\u00e9rifi\u00e9e pour s&#8217;assurer qu&#8217;elle \u00e9tait digne de confiance.<\/p>\n<p>\u00ab\u00a0Nous n&#8217;arrivions pas \u00e0 croire qu&#8217;un si petit village pouvait avoir autant d&#8217;histoires. Nous avons d\u00e9couvert que de nombreuses familles \u00e9taient d&#8217;origine acadienne, par exemple, et que diff\u00e9rents noms de famille sont en fait li\u00e9s, a soulign\u00e9 M. Cl\u00e9ment. En \u00e9crivant le livre, l&#8217;un des d\u00e9fis \u00e9tait d&#8217;assurer une certaine rigueur pour que les informations soient factuelles. Il \u00e9tait n\u00e9cessaire de contacter des personnes sur lesquelles on pouvait compter.\u00a0\u00bb<\/p>\n<p>Le plus grand d\u00e9fi a \u00e9t\u00e9 le formatage du livre lui-m\u00eame. Cl\u00e9ment n&#8217;\u00e9tait pas familier avec le formatage d&#8217;un manuscrit, il \u00e9tait donc difficile de s&#8217;assurer que la pagination \u00e9tait faite correctement. Il encourage les nouveaux auteurs \u00e0 faire des recherches et \u00e0 demander conseil sur le formatage appropri\u00e9 avant de commencer \u00e0 \u00e9crire.<\/p>\n<p>Malgr\u00e9 cette difficult\u00e9, il est tr\u00e8s heureux d&#8217;avoir lanc\u00e9 ce projet, car les habitants du village \u00e9taient tr\u00e8s d\u00e9sireux de participer \u00e0 cette entreprise. Cl\u00e9ment pense que cette participation, et le fait de rendre le livre accessible \u00e0 tous, renforcera le sentiment de communaut\u00e9 et d&#8217;appartenance qui est \u00e0 l&#8217;origine du projet. Non seulement parce que le livre traite de sujets qui leur tiennent \u00e0 c\u0153ur, mais aussi parce qu&#8217;il d\u00e9taille environ 360 noms de famille appartenant \u00e0 des personnes du village, y compris les noms de jeune fille.<\/p>\n<p>Le livre sera lanc\u00e9 le 11 d\u00e9cembre, et le village a organis\u00e9 un \u00e9v\u00e9nement de lancement pour le c\u00e9l\u00e9brer. Les portes ouvriront au centre communautaire de Marionville \u00e0 13 heures, le 11 d\u00e9cembre, et se poursuivront jusqu&#8217;\u00e0 18 heures. Il y aura des hors-d&#8217;\u0153uvre et un bar payant. Des exemplaires du livre seront disponibles au prix de 40 $. Il y aura \u00e9galement un prix de pr\u00e9sence consistant en un exemplaire du livre, d\u00e9dicac\u00e9 par Cl\u00e9ment.<\/p>\n","protected":false},"excerpt":{"rendered":"<p>L&#8217;auteur local Marcel Cl\u00e9ment a \u00e9crit une histoire compl\u00e8te du village de Marionville et de la paroisse. <\/p>\n","protected":false},"author":12,"featured_media":26750,"comment_status":"closed","ping_status":"closed","sticky":false,"template":"","format":"standard","meta":{"_acf_changed":false,"footnotes":""},"categories":[42],"tags":[],"class_list":["post-26749","post","type-post","status-publish","format-standard","has-post-thumbnail","hentry","category-culture"],"acf":[],"featured_media_global":[],"yoast_head":"<!-- This site is optimized with the Yoast SEO plugin v27.4 - https:\/\/yoast.com\/product\/yoast-seo-wordpress\/ -->\n<title>Un auteur local publie l&#039;histoire de Marionville - Le Reflet \/ The News<\/title>\n<meta name=\"robots\" content=\"index, follow, max-snippet:-1, max-image-preview:large, max-video-preview:-1\" \/>\n<link rel=\"canonical\" href=\"https:\/\/refletnews.ca\/en\/culture\/un-auteur-local-publie-lhistoire-de-marionville\/\" \/>\n<meta property=\"og:locale\" content=\"en_US\" \/>\n<meta property=\"og:type\" content=\"article\" \/>\n<meta property=\"og:title\" content=\"Un auteur local publie l&#039;histoire de Marionville - Le Reflet \/ The News\" \/>\n<meta property=\"og:description\" content=\"L&#039;auteur local Marcel Cl\u00e9ment a \u00e9crit une histoire compl\u00e8te du village de Marionville et de la paroisse.\" \/>\n<meta property=\"og:url\" content=\"https:\/\/refletnews.ca\/en\/culture\/un-auteur-local-publie-lhistoire-de-marionville\/\" \/>\n<meta property=\"og:site_name\" content=\"Le Reflet \/ The News\" \/>\n<meta property=\"article:published_time\" content=\"2022-12-07T21:36:31+00:00\" \/>\n<meta property=\"article:modified_time\" content=\"2025-12-16T03:30:19+00:00\" \/>\n<meta property=\"og:image\" content=\"https:\/\/cdn.editionap.ca\/wp-content\/uploads\/sites\/3\/2022\/12\/COLCS-Marionville_History_Book-WEB.jpg\" \/>\n\t<meta property=\"og:image:width\" content=\"1266\" \/>\n\t<meta property=\"og:image:height\" content=\"1655\" \/>\n\t<meta property=\"og:image:type\" content=\"image\/jpeg\" \/>\n<meta name=\"author\" content=\"Raymond Berthiaume\" \/>\n<meta name=\"twitter:card\" content=\"summary_large_image\" \/>\n<meta name=\"twitter:label1\" content=\"Written by\" \/>\n\t<meta name=\"twitter:data1\" content=\"Raymond Berthiaume\" \/>\n\t<meta name=\"twitter:label2\" content=\"Est. reading time\" \/>\n\t<meta name=\"twitter:data2\" content=\"4 minutes\" \/>\n<script type=\"application\/ld+json\" class=\"yoast-schema-graph\">{\"@context\":\"https:\\\/\\\/schema.org\",\"@graph\":[{\"@type\":\"Article\",\"@id\":\"https:\\\/\\\/refletnews.ca\\\/en\\\/culture\\\/un-auteur-local-publie-lhistoire-de-marionville\\\/#article\",\"isPartOf\":{\"@id\":\"https:\\\/\\\/refletnews.ca\\\/en\\\/culture\\\/un-auteur-local-publie-lhistoire-de-marionville\\\/\"},\"author\":{\"name\":\"Raymond Berthiaume\",\"@id\":\"https:\\\/\\\/refletnews.ca\\\/en\\\/#\\\/schema\\\/person\\\/6e0a26e20a03521835cdeb8f8d4001e4\"},\"headline\":\"Un auteur local publie l&#8217;histoire de Marionville\",\"datePublished\":\"2022-12-07T21:36:31+00:00\",\"dateModified\":\"2025-12-16T03:30:19+00:00\",\"mainEntityOfPage\":{\"@id\":\"https:\\\/\\\/refletnews.ca\\\/en\\\/culture\\\/un-auteur-local-publie-lhistoire-de-marionville\\\/\"},\"wordCount\":805,\"image\":{\"@id\":\"https:\\\/\\\/refletnews.ca\\\/en\\\/culture\\\/un-auteur-local-publie-lhistoire-de-marionville\\\/#primaryimage\"},\"thumbnailUrl\":\"https:\\\/\\\/cdn.editionap.ca\\\/wp-content\\\/uploads\\\/sites\\\/3\\\/2022\\\/12\\\/COLCS-Marionville_History_Book-WEB.jpg\",\"articleSection\":[\"Culture\"],\"inLanguage\":\"en-CA\"},{\"@type\":\"WebPage\",\"@id\":\"https:\\\/\\\/refletnews.ca\\\/en\\\/culture\\\/un-auteur-local-publie-lhistoire-de-marionville\\\/\",\"url\":\"https:\\\/\\\/refletnews.ca\\\/en\\\/culture\\\/un-auteur-local-publie-lhistoire-de-marionville\\\/\",\"name\":\"Un auteur local publie l'histoire de Marionville - Le Reflet \\\/ The News\",\"isPartOf\":{\"@id\":\"https:\\\/\\\/refletnews.ca\\\/en\\\/#website\"},\"primaryImageOfPage\":{\"@id\":\"https:\\\/\\\/refletnews.ca\\\/en\\\/culture\\\/un-auteur-local-publie-lhistoire-de-marionville\\\/#primaryimage\"},\"image\":{\"@id\":\"https:\\\/\\\/refletnews.ca\\\/en\\\/culture\\\/un-auteur-local-publie-lhistoire-de-marionville\\\/#primaryimage\"},\"thumbnailUrl\":\"https:\\\/\\\/cdn.editionap.ca\\\/wp-content\\\/uploads\\\/sites\\\/3\\\/2022\\\/12\\\/COLCS-Marionville_History_Book-WEB.jpg\",\"datePublished\":\"2022-12-07T21:36:31+00:00\",\"dateModified\":\"2025-12-16T03:30:19+00:00\",\"author\":{\"@id\":\"https:\\\/\\\/refletnews.ca\\\/en\\\/#\\\/schema\\\/person\\\/6e0a26e20a03521835cdeb8f8d4001e4\"},\"breadcrumb\":{\"@id\":\"https:\\\/\\\/refletnews.ca\\\/en\\\/culture\\\/un-auteur-local-publie-lhistoire-de-marionville\\\/#breadcrumb\"},\"inLanguage\":\"en-CA\",\"potentialAction\":[{\"@type\":\"ReadAction\",\"target\":[\"https:\\\/\\\/refletnews.ca\\\/en\\\/culture\\\/un-auteur-local-publie-lhistoire-de-marionville\\\/\"]}]},{\"@type\":\"ImageObject\",\"inLanguage\":\"en-CA\",\"@id\":\"https:\\\/\\\/refletnews.ca\\\/en\\\/culture\\\/un-auteur-local-publie-lhistoire-de-marionville\\\/#primaryimage\",\"url\":\"https:\\\/\\\/cdn.editionap.ca\\\/wp-content\\\/uploads\\\/sites\\\/3\\\/2022\\\/12\\\/COLCS-Marionville_History_Book-WEB.jpg\",\"contentUrl\":\"https:\\\/\\\/cdn.editionap.ca\\\/wp-content\\\/uploads\\\/sites\\\/3\\\/2022\\\/12\\\/COLCS-Marionville_History_Book-WEB.jpg\",\"width\":1266,\"height\":1655,\"caption\":\"Marionville book\"},{\"@type\":\"BreadcrumbList\",\"@id\":\"https:\\\/\\\/refletnews.ca\\\/en\\\/culture\\\/un-auteur-local-publie-lhistoire-de-marionville\\\/#breadcrumb\",\"itemListElement\":[{\"@type\":\"ListItem\",\"position\":1,\"name\":\"Accueil\",\"item\":\"https:\\\/\\\/refletnews.ca\\\/en\\\/\"},{\"@type\":\"ListItem\",\"position\":2,\"name\":\"Un auteur local publie l&rsquo;histoire de Marionville\"}]},{\"@type\":\"WebSite\",\"@id\":\"https:\\\/\\\/refletnews.ca\\\/en\\\/#website\",\"url\":\"https:\\\/\\\/refletnews.ca\\\/en\\\/\",\"name\":\"Le Reflet \\\/ The News\",\"description\":\"\",\"potentialAction\":[{\"@type\":\"SearchAction\",\"target\":{\"@type\":\"EntryPoint\",\"urlTemplate\":\"https:\\\/\\\/refletnews.ca\\\/en\\\/?s={search_term_string}\"},\"query-input\":{\"@type\":\"PropertyValueSpecification\",\"valueRequired\":true,\"valueName\":\"search_term_string\"}}],\"inLanguage\":\"en-CA\"},{\"@type\":\"Person\",\"@id\":\"https:\\\/\\\/refletnews.ca\\\/en\\\/#\\\/schema\\\/person\\\/6e0a26e20a03521835cdeb8f8d4001e4\",\"name\":\"Raymond Berthiaume\",\"image\":{\"@type\":\"ImageObject\",\"inLanguage\":\"en-CA\",\"@id\":\"https:\\\/\\\/secure.gravatar.com\\\/avatar\\\/0690b4c17eecaf5be96fd14b8368bd3255005382cbb23ac024d642ed9f2bedf6?s=96&d=mm&r=g\",\"url\":\"https:\\\/\\\/secure.gravatar.com\\\/avatar\\\/0690b4c17eecaf5be96fd14b8368bd3255005382cbb23ac024d642ed9f2bedf6?s=96&d=mm&r=g\",\"contentUrl\":\"https:\\\/\\\/secure.gravatar.com\\\/avatar\\\/0690b4c17eecaf5be96fd14b8368bd3255005382cbb23ac024d642ed9f2bedf6?s=96&d=mm&r=g\",\"caption\":\"Raymond Berthiaume\"}}]}<\/script>\n<!-- \/ Yoast SEO plugin. -->","yoast_head_json":{"title":"Un auteur local publie l'histoire de Marionville - Le Reflet \/ The News","robots":{"index":"index","follow":"follow","max-snippet":"max-snippet:-1","max-image-preview":"max-image-preview:large","max-video-preview":"max-video-preview:-1"},"canonical":"https:\/\/refletnews.ca\/en\/culture\/un-auteur-local-publie-lhistoire-de-marionville\/","og_locale":"en_US","og_type":"article","og_title":"Un auteur local publie l'histoire de Marionville - Le Reflet \/ The News","og_description":"L'auteur local Marcel Cl\u00e9ment a \u00e9crit une histoire compl\u00e8te du village de Marionville et de la paroisse.","og_url":"https:\/\/refletnews.ca\/en\/culture\/un-auteur-local-publie-lhistoire-de-marionville\/","og_site_name":"Le Reflet \/ The News","article_published_time":"2022-12-07T21:36:31+00:00","article_modified_time":"2025-12-16T03:30:19+00:00","og_image":[{"width":1266,"height":1655,"url":"https:\/\/cdn.editionap.ca\/wp-content\/uploads\/sites\/3\/2022\/12\/COLCS-Marionville_History_Book-WEB.jpg","type":"image\/jpeg"}],"author":"Raymond Berthiaume","twitter_card":"summary_large_image","twitter_misc":{"Written by":"Raymond Berthiaume","Est. reading time":"4 minutes"},"schema":{"@context":"https:\/\/schema.org","@graph":[{"@type":"Article","@id":"https:\/\/refletnews.ca\/en\/culture\/un-auteur-local-publie-lhistoire-de-marionville\/#article","isPartOf":{"@id":"https:\/\/refletnews.ca\/en\/culture\/un-auteur-local-publie-lhistoire-de-marionville\/"},"author":{"name":"Raymond Berthiaume","@id":"https:\/\/refletnews.ca\/en\/#\/schema\/person\/6e0a26e20a03521835cdeb8f8d4001e4"},"headline":"Un auteur local publie l&#8217;histoire de Marionville","datePublished":"2022-12-07T21:36:31+00:00","dateModified":"2025-12-16T03:30:19+00:00","mainEntityOfPage":{"@id":"https:\/\/refletnews.ca\/en\/culture\/un-auteur-local-publie-lhistoire-de-marionville\/"},"wordCount":805,"image":{"@id":"https:\/\/refletnews.ca\/en\/culture\/un-auteur-local-publie-lhistoire-de-marionville\/#primaryimage"},"thumbnailUrl":"https:\/\/cdn.editionap.ca\/wp-content\/uploads\/sites\/3\/2022\/12\/COLCS-Marionville_History_Book-WEB.jpg","articleSection":["Culture"],"inLanguage":"en-CA"},{"@type":"WebPage","@id":"https:\/\/refletnews.ca\/en\/culture\/un-auteur-local-publie-lhistoire-de-marionville\/","url":"https:\/\/refletnews.ca\/en\/culture\/un-auteur-local-publie-lhistoire-de-marionville\/","name":"Un auteur local publie l'histoire de Marionville - Le Reflet \/ The News","isPartOf":{"@id":"https:\/\/refletnews.ca\/en\/#website"},"primaryImageOfPage":{"@id":"https:\/\/refletnews.ca\/en\/culture\/un-auteur-local-publie-lhistoire-de-marionville\/#primaryimage"},"image":{"@id":"https:\/\/refletnews.ca\/en\/culture\/un-auteur-local-publie-lhistoire-de-marionville\/#primaryimage"},"thumbnailUrl":"https:\/\/cdn.editionap.ca\/wp-content\/uploads\/sites\/3\/2022\/12\/COLCS-Marionville_History_Book-WEB.jpg","datePublished":"2022-12-07T21:36:31+00:00","dateModified":"2025-12-16T03:30:19+00:00","author":{"@id":"https:\/\/refletnews.ca\/en\/#\/schema\/person\/6e0a26e20a03521835cdeb8f8d4001e4"},"breadcrumb":{"@id":"https:\/\/refletnews.ca\/en\/culture\/un-auteur-local-publie-lhistoire-de-marionville\/#breadcrumb"},"inLanguage":"en-CA","potentialAction":[{"@type":"ReadAction","target":["https:\/\/refletnews.ca\/en\/culture\/un-auteur-local-publie-lhistoire-de-marionville\/"]}]},{"@type":"ImageObject","inLanguage":"en-CA","@id":"https:\/\/refletnews.ca\/en\/culture\/un-auteur-local-publie-lhistoire-de-marionville\/#primaryimage","url":"https:\/\/cdn.editionap.ca\/wp-content\/uploads\/sites\/3\/2022\/12\/COLCS-Marionville_History_Book-WEB.jpg","contentUrl":"https:\/\/cdn.editionap.ca\/wp-content\/uploads\/sites\/3\/2022\/12\/COLCS-Marionville_History_Book-WEB.jpg","width":1266,"height":1655,"caption":"Marionville book"},{"@type":"BreadcrumbList","@id":"https:\/\/refletnews.ca\/en\/culture\/un-auteur-local-publie-lhistoire-de-marionville\/#breadcrumb","itemListElement":[{"@type":"ListItem","position":1,"name":"Accueil","item":"https:\/\/refletnews.ca\/en\/"},{"@type":"ListItem","position":2,"name":"Un auteur local publie l&rsquo;histoire de Marionville"}]},{"@type":"WebSite","@id":"https:\/\/refletnews.ca\/en\/#website","url":"https:\/\/refletnews.ca\/en\/","name":"Le Reflet \/ The News","description":"","potentialAction":[{"@type":"SearchAction","target":{"@type":"EntryPoint","urlTemplate":"https:\/\/refletnews.ca\/en\/?s={search_term_string}"},"query-input":{"@type":"PropertyValueSpecification","valueRequired":true,"valueName":"search_term_string"}}],"inLanguage":"en-CA"},{"@type":"Person","@id":"https:\/\/refletnews.ca\/en\/#\/schema\/person\/6e0a26e20a03521835cdeb8f8d4001e4","name":"Raymond Berthiaume","image":{"@type":"ImageObject","inLanguage":"en-CA","@id":"https:\/\/secure.gravatar.com\/avatar\/0690b4c17eecaf5be96fd14b8368bd3255005382cbb23ac024d642ed9f2bedf6?s=96&d=mm&r=g","url":"https:\/\/secure.gravatar.com\/avatar\/0690b4c17eecaf5be96fd14b8368bd3255005382cbb23ac024d642ed9f2bedf6?s=96&d=mm&r=g","contentUrl":"https:\/\/secure.gravatar.com\/avatar\/0690b4c17eecaf5be96fd14b8368bd3255005382cbb23ac024d642ed9f2bedf6?s=96&d=mm&r=g","caption":"Raymond Berthiaume"}}]}},"_links":{"self":[{"href":"https:\/\/refletnews.ca\/en\/wp-json\/wp\/v2\/posts\/26749","targetHints":{"allow":["GET"]}}],"collection":[{"href":"https:\/\/refletnews.ca\/en\/wp-json\/wp\/v2\/posts"}],"about":[{"href":"https:\/\/refletnews.ca\/en\/wp-json\/wp\/v2\/types\/post"}],"author":[{"embeddable":true,"href":"https:\/\/refletnews.ca\/en\/wp-json\/wp\/v2\/users\/12"}],"replies":[{"embeddable":true,"href":"https:\/\/refletnews.ca\/en\/wp-json\/wp\/v2\/comments?post=26749"}],"version-history":[{"count":1,"href":"https:\/\/refletnews.ca\/en\/wp-json\/wp\/v2\/posts\/26749\/revisions"}],"predecessor-version":[{"id":129632,"href":"https:\/\/refletnews.ca\/en\/wp-json\/wp\/v2\/posts\/26749\/revisions\/129632"}],"wp:featuredmedia":[{"embeddable":true,"href":"https:\/\/refletnews.ca\/en\/wp-json\/wp\/v2\/media\/26750"}],"wp:attachment":[{"href":"https:\/\/refletnews.ca\/en\/wp-json\/wp\/v2\/media?parent=26749"}],"wp:term":[{"taxonomy":"category","embeddable":true,"href":"https:\/\/refletnews.ca\/en\/wp-json\/wp\/v2\/categories?post=26749"},{"taxonomy":"post_tag","embeddable":true,"href":"https:\/\/refletnews.ca\/en\/wp-json\/wp\/v2\/tags?post=26749"}],"curies":[{"name":"wp","href":"https:\/\/api.w.org\/{rel}","templated":true}]}}