{"id":25984,"date":"2022-10-27T19:25:40","date_gmt":"2022-10-27T19:25:40","guid":{"rendered":"https:\/\/editionap.ca\/?p=25984"},"modified":"2025-12-16T04:40:35","modified_gmt":"2025-12-16T03:40:35","slug":"vaccins-contre-la-grippe-disponibles-le-1er-novembre","status":"publish","type":"post","link":"https:\/\/refletnews.ca\/en\/sante\/vaccins-contre-la-grippe-disponibles-le-1er-novembre\/","title":{"rendered":"Vaccins contre la grippe disponibles le 1er novembre"},"content":{"rendered":"<p>Alors que l&#8217;automne s&#8217;installe et que les vents froids commencent \u00e0 souffler, le Bureau de sant\u00e9 de l&#8217;est de l&#8217;Ontario (BSEO) recommande \u00e0 tous les r\u00e9sidents de se faire vacciner contre la grippe le plus t\u00f4t possible. Le vaccin antigrippal est la meilleure fa\u00e7on de se prot\u00e9ger contre la grippe, et de nombreuses personnes conviendront que le COVID-19 est un probl\u00e8me suffisant sans qu&#8217;il faille y ajouter la grippe. Le vaccin contre la grippe a \u00e9t\u00e9 approuv\u00e9 pour toutes les personnes \u00e2g\u00e9es de six mois et plus et peut \u00eatre utilis\u00e9 en toute s\u00e9curit\u00e9 en m\u00eame temps que le vaccin COVID-19, il n&#8217;y a donc aucune raison d&#8217;attendre.<\/p>\n<p>&#8220;Maintenant que les gens ont augment\u00e9 leurs interactions avec les autres et que les virus du rhume et de la grippe circulent \u00e0 nouveau dans la communaut\u00e9, il est particuli\u00e8rement important que tout le monde se fasse vacciner contre la grippe \u00e0 l&#8217;automne &#8220;, a d\u00e9clar\u00e9 le Dr Paul Roumeliotis, m\u00e9decin hygi\u00e9niste au Bureau de sant\u00e9 de l&#8217;est de l&#8217;Ontario (BSEO). &#8221; Le COVID et la grippe ont tous deux des sympt\u00f4mes communs, et malgr\u00e9 leurs similitudes, le fait d&#8217;\u00eatre enti\u00e8rement vaccin\u00e9 contre le COVID ne vous prot\u00e9gera pas contre la grippe. Se faire vacciner contre la grippe peut vous aider \u00e0 rester en bonne sant\u00e9 et \u00e0 r\u00e9duire la pression sur notre syst\u00e8me de sant\u00e9 d\u00e9j\u00e0 mis \u00e0 rude \u00e9preuve.&#8221;<\/p>\n<p>Le vaccin contre la grippe est particuli\u00e8rement recommand\u00e9 aux enfants de moins de cinq ans, aux personnes \u00e2g\u00e9es de 65 ans et plus, aux personnes souffrant d&#8217;une maladie chronique, ainsi qu&#8217;aux personnes qui vivent avec elles ou qui s&#8217;en occupent.<\/p>\n<p>Le vaccin antigrippal est disponible aupr\u00e8s des fournisseurs de soins de sant\u00e9, des centres de sant\u00e9 communautaire et des pharmacies participantes, ainsi que sur rendez-vous aupr\u00e8s du BSEO pour les enfants de moins de cinq ans et leur famille imm\u00e9diate. Visitez le site BSEO.ca pour savoir comment prendre un rendez-vous.<\/p>\n","protected":false},"excerpt":{"rendered":"<p>Le vaccin contre la grippe sera disponible pour les personnes \u00e2g\u00e9es de six mois et plus \u00e0 partir du 1er novembre.<\/p>\n","protected":false},"author":12,"featured_media":25985,"comment_status":"closed","ping_status":"closed","sticky":false,"template":"","format":"standard","meta":{"_acf_changed":false,"footnotes":""},"categories":[49],"tags":[],"class_list":["post-25984","post","type-post","status-publish","format-standard","has-post-thumbnail","hentry","category-sante"],"acf":[],"featured_media_global":[],"yoast_head":"<!-- This site is optimized with the Yoast SEO plugin v27.5 - https:\/\/yoast.com\/product\/yoast-seo-wordpress\/ -->\n<title>Vaccins contre la grippe disponibles le 1er novembre - Le Reflet \/ The News<\/title>\n<meta name=\"robots\" content=\"index, follow, max-snippet:-1, max-image-preview:large, max-video-preview:-1\" \/>\n<link rel=\"canonical\" href=\"https:\/\/refletnews.ca\/en\/sante\/vaccins-contre-la-grippe-disponibles-le-1er-novembre\/\" \/>\n<meta property=\"og:locale\" content=\"en_US\" \/>\n<meta property=\"og:type\" content=\"article\" \/>\n<meta property=\"og:title\" content=\"Vaccins contre la grippe disponibles le 1er novembre - Le Reflet \/ The News\" \/>\n<meta property=\"og:description\" content=\"Le vaccin contre la grippe sera disponible pour les personnes \u00e2g\u00e9es de six mois et plus \u00e0 partir du 1er novembre.\" \/>\n<meta property=\"og:url\" content=\"https:\/\/refletnews.ca\/en\/sante\/vaccins-contre-la-grippe-disponibles-le-1er-novembre\/\" \/>\n<meta property=\"og:site_name\" content=\"Le Reflet \/ The News\" \/>\n<meta property=\"article:published_time\" content=\"2022-10-27T19:25:40+00:00\" \/>\n<meta property=\"article:modified_time\" content=\"2025-12-16T03:40:35+00:00\" \/>\n<meta property=\"og:image\" content=\"https:\/\/cdn.editionap.ca\/wp-content\/uploads\/sites\/3\/2022\/10\/Vaccine-Needle-1.jpg\" \/>\n\t<meta property=\"og:image:width\" content=\"1249\" \/>\n\t<meta property=\"og:image:height\" content=\"853\" \/>\n\t<meta property=\"og:image:type\" content=\"image\/jpeg\" \/>\n<meta name=\"author\" content=\"Raymond Berthiaume\" \/>\n<meta name=\"twitter:card\" content=\"summary_large_image\" \/>\n<meta name=\"twitter:label1\" content=\"Written by\" \/>\n\t<meta name=\"twitter:data1\" content=\"Raymond Berthiaume\" \/>\n\t<meta name=\"twitter:label2\" content=\"Est. reading time\" \/>\n\t<meta name=\"twitter:data2\" content=\"2 minutes\" \/>\n<script type=\"application\/ld+json\" class=\"yoast-schema-graph\">{\"@context\":\"https:\\\/\\\/schema.org\",\"@graph\":[{\"@type\":\"Article\",\"@id\":\"https:\\\/\\\/refletnews.ca\\\/en\\\/sante\\\/vaccins-contre-la-grippe-disponibles-le-1er-novembre\\\/#article\",\"isPartOf\":{\"@id\":\"https:\\\/\\\/refletnews.ca\\\/en\\\/sante\\\/vaccins-contre-la-grippe-disponibles-le-1er-novembre\\\/\"},\"author\":{\"name\":\"Raymond Berthiaume\",\"@id\":\"https:\\\/\\\/refletnews.ca\\\/en\\\/#\\\/schema\\\/person\\\/6e0a26e20a03521835cdeb8f8d4001e4\"},\"headline\":\"Vaccins contre la grippe disponibles le 1er novembre\",\"datePublished\":\"2022-10-27T19:25:40+00:00\",\"dateModified\":\"2025-12-16T03:40:35+00:00\",\"mainEntityOfPage\":{\"@id\":\"https:\\\/\\\/refletnews.ca\\\/en\\\/sante\\\/vaccins-contre-la-grippe-disponibles-le-1er-novembre\\\/\"},\"wordCount\":355,\"image\":{\"@id\":\"https:\\\/\\\/refletnews.ca\\\/en\\\/sante\\\/vaccins-contre-la-grippe-disponibles-le-1er-novembre\\\/#primaryimage\"},\"thumbnailUrl\":\"https:\\\/\\\/cdn.editionap.ca\\\/wp-content\\\/uploads\\\/sites\\\/3\\\/2022\\\/10\\\/Vaccine-Needle-1.jpg\",\"articleSection\":[\"Sant\u00e9\"],\"inLanguage\":\"en-CA\"},{\"@type\":\"WebPage\",\"@id\":\"https:\\\/\\\/refletnews.ca\\\/en\\\/sante\\\/vaccins-contre-la-grippe-disponibles-le-1er-novembre\\\/\",\"url\":\"https:\\\/\\\/refletnews.ca\\\/en\\\/sante\\\/vaccins-contre-la-grippe-disponibles-le-1er-novembre\\\/\",\"name\":\"Vaccins contre la grippe disponibles le 1er novembre - Le Reflet \\\/ The News\",\"isPartOf\":{\"@id\":\"https:\\\/\\\/refletnews.ca\\\/en\\\/#website\"},\"primaryImageOfPage\":{\"@id\":\"https:\\\/\\\/refletnews.ca\\\/en\\\/sante\\\/vaccins-contre-la-grippe-disponibles-le-1er-novembre\\\/#primaryimage\"},\"image\":{\"@id\":\"https:\\\/\\\/refletnews.ca\\\/en\\\/sante\\\/vaccins-contre-la-grippe-disponibles-le-1er-novembre\\\/#primaryimage\"},\"thumbnailUrl\":\"https:\\\/\\\/cdn.editionap.ca\\\/wp-content\\\/uploads\\\/sites\\\/3\\\/2022\\\/10\\\/Vaccine-Needle-1.jpg\",\"datePublished\":\"2022-10-27T19:25:40+00:00\",\"dateModified\":\"2025-12-16T03:40:35+00:00\",\"author\":{\"@id\":\"https:\\\/\\\/refletnews.ca\\\/en\\\/#\\\/schema\\\/person\\\/6e0a26e20a03521835cdeb8f8d4001e4\"},\"breadcrumb\":{\"@id\":\"https:\\\/\\\/refletnews.ca\\\/en\\\/sante\\\/vaccins-contre-la-grippe-disponibles-le-1er-novembre\\\/#breadcrumb\"},\"inLanguage\":\"en-CA\",\"potentialAction\":[{\"@type\":\"ReadAction\",\"target\":[\"https:\\\/\\\/refletnews.ca\\\/en\\\/sante\\\/vaccins-contre-la-grippe-disponibles-le-1er-novembre\\\/\"]}]},{\"@type\":\"ImageObject\",\"inLanguage\":\"en-CA\",\"@id\":\"https:\\\/\\\/refletnews.ca\\\/en\\\/sante\\\/vaccins-contre-la-grippe-disponibles-le-1er-novembre\\\/#primaryimage\",\"url\":\"https:\\\/\\\/cdn.editionap.ca\\\/wp-content\\\/uploads\\\/sites\\\/3\\\/2022\\\/10\\\/Vaccine-Needle-1.jpg\",\"contentUrl\":\"https:\\\/\\\/cdn.editionap.ca\\\/wp-content\\\/uploads\\\/sites\\\/3\\\/2022\\\/10\\\/Vaccine-Needle-1.jpg\",\"width\":1249,\"height\":853,\"caption\":\"flu shot\"},{\"@type\":\"BreadcrumbList\",\"@id\":\"https:\\\/\\\/refletnews.ca\\\/en\\\/sante\\\/vaccins-contre-la-grippe-disponibles-le-1er-novembre\\\/#breadcrumb\",\"itemListElement\":[{\"@type\":\"ListItem\",\"position\":1,\"name\":\"Accueil\",\"item\":\"https:\\\/\\\/refletnews.ca\\\/en\\\/\"},{\"@type\":\"ListItem\",\"position\":2,\"name\":\"Vaccins contre la grippe disponibles le 1er novembre\"}]},{\"@type\":\"WebSite\",\"@id\":\"https:\\\/\\\/refletnews.ca\\\/en\\\/#website\",\"url\":\"https:\\\/\\\/refletnews.ca\\\/en\\\/\",\"name\":\"Le Reflet \\\/ The News\",\"description\":\"\",\"potentialAction\":[{\"@type\":\"SearchAction\",\"target\":{\"@type\":\"EntryPoint\",\"urlTemplate\":\"https:\\\/\\\/refletnews.ca\\\/en\\\/?s={search_term_string}\"},\"query-input\":{\"@type\":\"PropertyValueSpecification\",\"valueRequired\":true,\"valueName\":\"search_term_string\"}}],\"inLanguage\":\"en-CA\"},{\"@type\":\"Person\",\"@id\":\"https:\\\/\\\/refletnews.ca\\\/en\\\/#\\\/schema\\\/person\\\/6e0a26e20a03521835cdeb8f8d4001e4\",\"name\":\"Raymond Berthiaume\",\"image\":{\"@type\":\"ImageObject\",\"inLanguage\":\"en-CA\",\"@id\":\"https:\\\/\\\/secure.gravatar.com\\\/avatar\\\/0690b4c17eecaf5be96fd14b8368bd3255005382cbb23ac024d642ed9f2bedf6?s=96&d=mm&r=g\",\"url\":\"https:\\\/\\\/secure.gravatar.com\\\/avatar\\\/0690b4c17eecaf5be96fd14b8368bd3255005382cbb23ac024d642ed9f2bedf6?s=96&d=mm&r=g\",\"contentUrl\":\"https:\\\/\\\/secure.gravatar.com\\\/avatar\\\/0690b4c17eecaf5be96fd14b8368bd3255005382cbb23ac024d642ed9f2bedf6?s=96&d=mm&r=g\",\"caption\":\"Raymond Berthiaume\"}}]}<\/script>\n<!-- \/ Yoast SEO plugin. -->","yoast_head_json":{"title":"Vaccins contre la grippe disponibles le 1er novembre - Le Reflet \/ The News","robots":{"index":"index","follow":"follow","max-snippet":"max-snippet:-1","max-image-preview":"max-image-preview:large","max-video-preview":"max-video-preview:-1"},"canonical":"https:\/\/refletnews.ca\/en\/sante\/vaccins-contre-la-grippe-disponibles-le-1er-novembre\/","og_locale":"en_US","og_type":"article","og_title":"Vaccins contre la grippe disponibles le 1er novembre - Le Reflet \/ The News","og_description":"Le vaccin contre la grippe sera disponible pour les personnes \u00e2g\u00e9es de six mois et plus \u00e0 partir du 1er novembre.","og_url":"https:\/\/refletnews.ca\/en\/sante\/vaccins-contre-la-grippe-disponibles-le-1er-novembre\/","og_site_name":"Le Reflet \/ The News","article_published_time":"2022-10-27T19:25:40+00:00","article_modified_time":"2025-12-16T03:40:35+00:00","og_image":[{"width":1249,"height":853,"url":"https:\/\/cdn.editionap.ca\/wp-content\/uploads\/sites\/3\/2022\/10\/Vaccine-Needle-1.jpg","type":"image\/jpeg"}],"author":"Raymond Berthiaume","twitter_card":"summary_large_image","twitter_misc":{"Written by":"Raymond Berthiaume","Est. reading time":"2 minutes"},"schema":{"@context":"https:\/\/schema.org","@graph":[{"@type":"Article","@id":"https:\/\/refletnews.ca\/en\/sante\/vaccins-contre-la-grippe-disponibles-le-1er-novembre\/#article","isPartOf":{"@id":"https:\/\/refletnews.ca\/en\/sante\/vaccins-contre-la-grippe-disponibles-le-1er-novembre\/"},"author":{"name":"Raymond Berthiaume","@id":"https:\/\/refletnews.ca\/en\/#\/schema\/person\/6e0a26e20a03521835cdeb8f8d4001e4"},"headline":"Vaccins contre la grippe disponibles le 1er novembre","datePublished":"2022-10-27T19:25:40+00:00","dateModified":"2025-12-16T03:40:35+00:00","mainEntityOfPage":{"@id":"https:\/\/refletnews.ca\/en\/sante\/vaccins-contre-la-grippe-disponibles-le-1er-novembre\/"},"wordCount":355,"image":{"@id":"https:\/\/refletnews.ca\/en\/sante\/vaccins-contre-la-grippe-disponibles-le-1er-novembre\/#primaryimage"},"thumbnailUrl":"https:\/\/cdn.editionap.ca\/wp-content\/uploads\/sites\/3\/2022\/10\/Vaccine-Needle-1.jpg","articleSection":["Sant\u00e9"],"inLanguage":"en-CA"},{"@type":"WebPage","@id":"https:\/\/refletnews.ca\/en\/sante\/vaccins-contre-la-grippe-disponibles-le-1er-novembre\/","url":"https:\/\/refletnews.ca\/en\/sante\/vaccins-contre-la-grippe-disponibles-le-1er-novembre\/","name":"Vaccins contre la grippe disponibles le 1er novembre - Le Reflet \/ The News","isPartOf":{"@id":"https:\/\/refletnews.ca\/en\/#website"},"primaryImageOfPage":{"@id":"https:\/\/refletnews.ca\/en\/sante\/vaccins-contre-la-grippe-disponibles-le-1er-novembre\/#primaryimage"},"image":{"@id":"https:\/\/refletnews.ca\/en\/sante\/vaccins-contre-la-grippe-disponibles-le-1er-novembre\/#primaryimage"},"thumbnailUrl":"https:\/\/cdn.editionap.ca\/wp-content\/uploads\/sites\/3\/2022\/10\/Vaccine-Needle-1.jpg","datePublished":"2022-10-27T19:25:40+00:00","dateModified":"2025-12-16T03:40:35+00:00","author":{"@id":"https:\/\/refletnews.ca\/en\/#\/schema\/person\/6e0a26e20a03521835cdeb8f8d4001e4"},"breadcrumb":{"@id":"https:\/\/refletnews.ca\/en\/sante\/vaccins-contre-la-grippe-disponibles-le-1er-novembre\/#breadcrumb"},"inLanguage":"en-CA","potentialAction":[{"@type":"ReadAction","target":["https:\/\/refletnews.ca\/en\/sante\/vaccins-contre-la-grippe-disponibles-le-1er-novembre\/"]}]},{"@type":"ImageObject","inLanguage":"en-CA","@id":"https:\/\/refletnews.ca\/en\/sante\/vaccins-contre-la-grippe-disponibles-le-1er-novembre\/#primaryimage","url":"https:\/\/cdn.editionap.ca\/wp-content\/uploads\/sites\/3\/2022\/10\/Vaccine-Needle-1.jpg","contentUrl":"https:\/\/cdn.editionap.ca\/wp-content\/uploads\/sites\/3\/2022\/10\/Vaccine-Needle-1.jpg","width":1249,"height":853,"caption":"flu shot"},{"@type":"BreadcrumbList","@id":"https:\/\/refletnews.ca\/en\/sante\/vaccins-contre-la-grippe-disponibles-le-1er-novembre\/#breadcrumb","itemListElement":[{"@type":"ListItem","position":1,"name":"Accueil","item":"https:\/\/refletnews.ca\/en\/"},{"@type":"ListItem","position":2,"name":"Vaccins contre la grippe disponibles le 1er novembre"}]},{"@type":"WebSite","@id":"https:\/\/refletnews.ca\/en\/#website","url":"https:\/\/refletnews.ca\/en\/","name":"Le Reflet \/ The News","description":"","potentialAction":[{"@type":"SearchAction","target":{"@type":"EntryPoint","urlTemplate":"https:\/\/refletnews.ca\/en\/?s={search_term_string}"},"query-input":{"@type":"PropertyValueSpecification","valueRequired":true,"valueName":"search_term_string"}}],"inLanguage":"en-CA"},{"@type":"Person","@id":"https:\/\/refletnews.ca\/en\/#\/schema\/person\/6e0a26e20a03521835cdeb8f8d4001e4","name":"Raymond Berthiaume","image":{"@type":"ImageObject","inLanguage":"en-CA","@id":"https:\/\/secure.gravatar.com\/avatar\/0690b4c17eecaf5be96fd14b8368bd3255005382cbb23ac024d642ed9f2bedf6?s=96&d=mm&r=g","url":"https:\/\/secure.gravatar.com\/avatar\/0690b4c17eecaf5be96fd14b8368bd3255005382cbb23ac024d642ed9f2bedf6?s=96&d=mm&r=g","contentUrl":"https:\/\/secure.gravatar.com\/avatar\/0690b4c17eecaf5be96fd14b8368bd3255005382cbb23ac024d642ed9f2bedf6?s=96&d=mm&r=g","caption":"Raymond Berthiaume"}}]}},"_links":{"self":[{"href":"https:\/\/refletnews.ca\/en\/wp-json\/wp\/v2\/posts\/25984","targetHints":{"allow":["GET"]}}],"collection":[{"href":"https:\/\/refletnews.ca\/en\/wp-json\/wp\/v2\/posts"}],"about":[{"href":"https:\/\/refletnews.ca\/en\/wp-json\/wp\/v2\/types\/post"}],"author":[{"embeddable":true,"href":"https:\/\/refletnews.ca\/en\/wp-json\/wp\/v2\/users\/12"}],"replies":[{"embeddable":true,"href":"https:\/\/refletnews.ca\/en\/wp-json\/wp\/v2\/comments?post=25984"}],"version-history":[{"count":1,"href":"https:\/\/refletnews.ca\/en\/wp-json\/wp\/v2\/posts\/25984\/revisions"}],"predecessor-version":[{"id":129698,"href":"https:\/\/refletnews.ca\/en\/wp-json\/wp\/v2\/posts\/25984\/revisions\/129698"}],"wp:featuredmedia":[{"embeddable":true,"href":"https:\/\/refletnews.ca\/en\/wp-json\/wp\/v2\/media\/25985"}],"wp:attachment":[{"href":"https:\/\/refletnews.ca\/en\/wp-json\/wp\/v2\/media?parent=25984"}],"wp:term":[{"taxonomy":"category","embeddable":true,"href":"https:\/\/refletnews.ca\/en\/wp-json\/wp\/v2\/categories?post=25984"},{"taxonomy":"post_tag","embeddable":true,"href":"https:\/\/refletnews.ca\/en\/wp-json\/wp\/v2\/tags?post=25984"}],"curies":[{"name":"wp","href":"https:\/\/api.w.org\/{rel}","templated":true}]}}