{"id":25197,"date":"2022-09-22T14:55:53","date_gmt":"2022-09-22T14:55:53","guid":{"rendered":"https:\/\/editionap.ca\/?p=25197"},"modified":"2025-12-16T04:30:19","modified_gmt":"2025-12-16T03:30:19","slug":"le-salon-du-livre-rassemble-les-auteurs-locaux-a-limoges-2","status":"publish","type":"post","link":"https:\/\/refletnews.ca\/en\/culture\/le-salon-du-livre-rassemble-les-auteurs-locaux-a-limoges-2\/","title":{"rendered":"Le salon du livre rassemble les auteurs locaux \u00e0 Limoges"},"content":{"rendered":"<p>Le Salon du livre de l&#8217;Est de l&#8217;Ontario s&#8217;est tenu \u00e0 l\u2019\u00e9cole St-Viateur de Limoges le 17 septembre. De 10 h \u00e0 16 h, plus de 60 auteurs ont annonc\u00e9 leurs livres et r\u00e9pondu aux questions des lecteurs passionn\u00e9s. Les livres \u00e9taient principalement francophones, mais il y avait aussi un ou deux livres en anglais.<\/p>\n<p>Il y avait \u00e9galement une sc\u00e8ne o\u00f9 quelques auteurs \u00e9taient programm\u00e9s pour lire leurs livres \u00e0 une foule d&#8217;enfants curieux. Les enfants ont eu droit \u00e0 des lectures endiabl\u00e9es de Brume le petit st\u00e9gosaure, La poule blanche et son \u0153uf magique, et Le g\u00e9nie de Jessie, tandis que les lecteurs plus \u00e2g\u00e9s se sont assis pour \u00e9couter Le syndrome Gilles de la Tourette et L&#8217;univers d&#8217;Atila.<\/p>\n<p>L&#8217;\u00e9v\u00e9nement a \u00e9t\u00e9 organis\u00e9 par Marie-Claude Dub\u00e9 et Val\u00e9rie Saad, deux auteures ind\u00e9pendantes qui souhaitaient r\u00e9unir plusieurs auteurs de la r\u00e9gion pour faire conna\u00eetre leurs talents au public. Elles ont r\u00e9uni plus de 40 auteurs de Montr\u00e9al, de l&#8217;Est de l&#8217;Ontario et de l&#8217;Outaouais, ainsi que 15 auteurs franco-ontariens.<\/p>\n<p>\u00ab\u00a0Lors de cet \u00e9v\u00e8nement notre but premier \u00e9tait de faire conna\u00eetre des auteurs ind\u00e9pendants \u00e0 la communaut\u00e9 franco-ontarienne de la r\u00e9gion \u00bb expliquent-elles. \u00ab\u00a0Nous voulions rassembler plusieurs styles litt\u00e9raires tel que, des romans et livres jeunesse, policier, historique, horreur, d\u00e9veloppement de soi et fantastique.\u00a0\u00bb<\/p>\n","protected":false},"excerpt":{"rendered":"<p>Pendant le week-end, pr\u00e8s de 70 auteurs se sont r\u00e9unis \u00e0 Limoges pour montrer leurs talents d&#8217;\u00e9criture.<\/p>\n","protected":false},"author":12,"featured_media":25198,"comment_status":"closed","ping_status":"closed","sticky":false,"template":"","format":"standard","meta":{"_acf_changed":false,"footnotes":""},"categories":[42],"tags":[],"class_list":["post-25197","post","type-post","status-publish","format-standard","has-post-thumbnail","hentry","category-culture"],"acf":[],"featured_media_global":[],"yoast_head":"<!-- This site is optimized with the Yoast SEO plugin v27.4 - https:\/\/yoast.com\/product\/yoast-seo-wordpress\/ -->\n<title>Le salon du livre rassemble les auteurs locaux \u00e0 Limoges - Le Reflet \/ The News<\/title>\n<meta name=\"robots\" content=\"index, follow, max-snippet:-1, max-image-preview:large, max-video-preview:-1\" \/>\n<link rel=\"canonical\" href=\"https:\/\/refletnews.ca\/en\/culture\/le-salon-du-livre-rassemble-les-auteurs-locaux-a-limoges-2\/\" \/>\n<meta property=\"og:locale\" content=\"en_US\" \/>\n<meta property=\"og:type\" content=\"article\" \/>\n<meta property=\"og:title\" content=\"Le salon du livre rassemble les auteurs locaux \u00e0 Limoges - Le Reflet \/ The News\" \/>\n<meta property=\"og:description\" content=\"Pendant le week-end, pr\u00e8s de 70 auteurs se sont r\u00e9unis \u00e0 Limoges pour montrer leurs talents d&#039;\u00e9criture.\" \/>\n<meta property=\"og:url\" content=\"https:\/\/refletnews.ca\/en\/culture\/le-salon-du-livre-rassemble-les-auteurs-locaux-a-limoges-2\/\" \/>\n<meta property=\"og:site_name\" content=\"Le Reflet \/ The News\" \/>\n<meta property=\"article:published_time\" content=\"2022-09-22T14:55:53+00:00\" \/>\n<meta property=\"article:modified_time\" content=\"2025-12-16T03:30:19+00:00\" \/>\n<meta property=\"og:image\" content=\"https:\/\/cdn.editionap.ca\/wp-content\/uploads\/sites\/3\/2022\/09\/ARTCS-Book_Fair-WEB.jpg\" \/>\n\t<meta property=\"og:image:width\" content=\"1957\" \/>\n\t<meta property=\"og:image:height\" content=\"1071\" \/>\n\t<meta property=\"og:image:type\" content=\"image\/jpeg\" \/>\n<meta name=\"author\" content=\"Raymond Berthiaume\" \/>\n<meta name=\"twitter:card\" content=\"summary_large_image\" \/>\n<meta name=\"twitter:label1\" content=\"Written by\" \/>\n\t<meta name=\"twitter:data1\" content=\"Raymond Berthiaume\" \/>\n\t<meta name=\"twitter:label2\" content=\"Est. reading time\" \/>\n\t<meta name=\"twitter:data2\" content=\"1 minute\" \/>\n<script type=\"application\/ld+json\" class=\"yoast-schema-graph\">{\"@context\":\"https:\\\/\\\/schema.org\",\"@graph\":[{\"@type\":\"Article\",\"@id\":\"https:\\\/\\\/refletnews.ca\\\/en\\\/culture\\\/le-salon-du-livre-rassemble-les-auteurs-locaux-a-limoges-2\\\/#article\",\"isPartOf\":{\"@id\":\"https:\\\/\\\/refletnews.ca\\\/en\\\/culture\\\/le-salon-du-livre-rassemble-les-auteurs-locaux-a-limoges-2\\\/\"},\"author\":{\"name\":\"Raymond Berthiaume\",\"@id\":\"https:\\\/\\\/refletnews.ca\\\/en\\\/#\\\/schema\\\/person\\\/6e0a26e20a03521835cdeb8f8d4001e4\"},\"headline\":\"Le salon du livre rassemble les auteurs locaux \u00e0 Limoges\",\"datePublished\":\"2022-09-22T14:55:53+00:00\",\"dateModified\":\"2025-12-16T03:30:19+00:00\",\"mainEntityOfPage\":{\"@id\":\"https:\\\/\\\/refletnews.ca\\\/en\\\/culture\\\/le-salon-du-livre-rassemble-les-auteurs-locaux-a-limoges-2\\\/\"},\"wordCount\":244,\"image\":{\"@id\":\"https:\\\/\\\/refletnews.ca\\\/en\\\/culture\\\/le-salon-du-livre-rassemble-les-auteurs-locaux-a-limoges-2\\\/#primaryimage\"},\"thumbnailUrl\":\"https:\\\/\\\/cdn.editionap.ca\\\/wp-content\\\/uploads\\\/sites\\\/3\\\/2022\\\/09\\\/ARTCS-Book_Fair-WEB.jpg\",\"articleSection\":[\"Culture\"],\"inLanguage\":\"en-CA\"},{\"@type\":\"WebPage\",\"@id\":\"https:\\\/\\\/refletnews.ca\\\/en\\\/culture\\\/le-salon-du-livre-rassemble-les-auteurs-locaux-a-limoges-2\\\/\",\"url\":\"https:\\\/\\\/refletnews.ca\\\/en\\\/culture\\\/le-salon-du-livre-rassemble-les-auteurs-locaux-a-limoges-2\\\/\",\"name\":\"Le salon du livre rassemble les auteurs locaux \u00e0 Limoges - Le Reflet \\\/ The News\",\"isPartOf\":{\"@id\":\"https:\\\/\\\/refletnews.ca\\\/en\\\/#website\"},\"primaryImageOfPage\":{\"@id\":\"https:\\\/\\\/refletnews.ca\\\/en\\\/culture\\\/le-salon-du-livre-rassemble-les-auteurs-locaux-a-limoges-2\\\/#primaryimage\"},\"image\":{\"@id\":\"https:\\\/\\\/refletnews.ca\\\/en\\\/culture\\\/le-salon-du-livre-rassemble-les-auteurs-locaux-a-limoges-2\\\/#primaryimage\"},\"thumbnailUrl\":\"https:\\\/\\\/cdn.editionap.ca\\\/wp-content\\\/uploads\\\/sites\\\/3\\\/2022\\\/09\\\/ARTCS-Book_Fair-WEB.jpg\",\"datePublished\":\"2022-09-22T14:55:53+00:00\",\"dateModified\":\"2025-12-16T03:30:19+00:00\",\"author\":{\"@id\":\"https:\\\/\\\/refletnews.ca\\\/en\\\/#\\\/schema\\\/person\\\/6e0a26e20a03521835cdeb8f8d4001e4\"},\"breadcrumb\":{\"@id\":\"https:\\\/\\\/refletnews.ca\\\/en\\\/culture\\\/le-salon-du-livre-rassemble-les-auteurs-locaux-a-limoges-2\\\/#breadcrumb\"},\"inLanguage\":\"en-CA\",\"potentialAction\":[{\"@type\":\"ReadAction\",\"target\":[\"https:\\\/\\\/refletnews.ca\\\/en\\\/culture\\\/le-salon-du-livre-rassemble-les-auteurs-locaux-a-limoges-2\\\/\"]}]},{\"@type\":\"ImageObject\",\"inLanguage\":\"en-CA\",\"@id\":\"https:\\\/\\\/refletnews.ca\\\/en\\\/culture\\\/le-salon-du-livre-rassemble-les-auteurs-locaux-a-limoges-2\\\/#primaryimage\",\"url\":\"https:\\\/\\\/cdn.editionap.ca\\\/wp-content\\\/uploads\\\/sites\\\/3\\\/2022\\\/09\\\/ARTCS-Book_Fair-WEB.jpg\",\"contentUrl\":\"https:\\\/\\\/cdn.editionap.ca\\\/wp-content\\\/uploads\\\/sites\\\/3\\\/2022\\\/09\\\/ARTCS-Book_Fair-WEB.jpg\",\"width\":1957,\"height\":1071},{\"@type\":\"BreadcrumbList\",\"@id\":\"https:\\\/\\\/refletnews.ca\\\/en\\\/culture\\\/le-salon-du-livre-rassemble-les-auteurs-locaux-a-limoges-2\\\/#breadcrumb\",\"itemListElement\":[{\"@type\":\"ListItem\",\"position\":1,\"name\":\"Accueil\",\"item\":\"https:\\\/\\\/refletnews.ca\\\/en\\\/\"},{\"@type\":\"ListItem\",\"position\":2,\"name\":\"Le salon du livre rassemble les auteurs locaux \u00e0 Limoges\"}]},{\"@type\":\"WebSite\",\"@id\":\"https:\\\/\\\/refletnews.ca\\\/en\\\/#website\",\"url\":\"https:\\\/\\\/refletnews.ca\\\/en\\\/\",\"name\":\"Le Reflet \\\/ The News\",\"description\":\"\",\"potentialAction\":[{\"@type\":\"SearchAction\",\"target\":{\"@type\":\"EntryPoint\",\"urlTemplate\":\"https:\\\/\\\/refletnews.ca\\\/en\\\/?s={search_term_string}\"},\"query-input\":{\"@type\":\"PropertyValueSpecification\",\"valueRequired\":true,\"valueName\":\"search_term_string\"}}],\"inLanguage\":\"en-CA\"},{\"@type\":\"Person\",\"@id\":\"https:\\\/\\\/refletnews.ca\\\/en\\\/#\\\/schema\\\/person\\\/6e0a26e20a03521835cdeb8f8d4001e4\",\"name\":\"Raymond Berthiaume\",\"image\":{\"@type\":\"ImageObject\",\"inLanguage\":\"en-CA\",\"@id\":\"https:\\\/\\\/secure.gravatar.com\\\/avatar\\\/0690b4c17eecaf5be96fd14b8368bd3255005382cbb23ac024d642ed9f2bedf6?s=96&d=mm&r=g\",\"url\":\"https:\\\/\\\/secure.gravatar.com\\\/avatar\\\/0690b4c17eecaf5be96fd14b8368bd3255005382cbb23ac024d642ed9f2bedf6?s=96&d=mm&r=g\",\"contentUrl\":\"https:\\\/\\\/secure.gravatar.com\\\/avatar\\\/0690b4c17eecaf5be96fd14b8368bd3255005382cbb23ac024d642ed9f2bedf6?s=96&d=mm&r=g\",\"caption\":\"Raymond Berthiaume\"}}]}<\/script>\n<!-- \/ Yoast SEO plugin. -->","yoast_head_json":{"title":"Le salon du livre rassemble les auteurs locaux \u00e0 Limoges - Le Reflet \/ The News","robots":{"index":"index","follow":"follow","max-snippet":"max-snippet:-1","max-image-preview":"max-image-preview:large","max-video-preview":"max-video-preview:-1"},"canonical":"https:\/\/refletnews.ca\/en\/culture\/le-salon-du-livre-rassemble-les-auteurs-locaux-a-limoges-2\/","og_locale":"en_US","og_type":"article","og_title":"Le salon du livre rassemble les auteurs locaux \u00e0 Limoges - Le Reflet \/ The News","og_description":"Pendant le week-end, pr\u00e8s de 70 auteurs se sont r\u00e9unis \u00e0 Limoges pour montrer leurs talents d'\u00e9criture.","og_url":"https:\/\/refletnews.ca\/en\/culture\/le-salon-du-livre-rassemble-les-auteurs-locaux-a-limoges-2\/","og_site_name":"Le Reflet \/ The News","article_published_time":"2022-09-22T14:55:53+00:00","article_modified_time":"2025-12-16T03:30:19+00:00","og_image":[{"width":1957,"height":1071,"url":"https:\/\/cdn.editionap.ca\/wp-content\/uploads\/sites\/3\/2022\/09\/ARTCS-Book_Fair-WEB.jpg","type":"image\/jpeg"}],"author":"Raymond Berthiaume","twitter_card":"summary_large_image","twitter_misc":{"Written by":"Raymond Berthiaume","Est. reading time":"1 minute"},"schema":{"@context":"https:\/\/schema.org","@graph":[{"@type":"Article","@id":"https:\/\/refletnews.ca\/en\/culture\/le-salon-du-livre-rassemble-les-auteurs-locaux-a-limoges-2\/#article","isPartOf":{"@id":"https:\/\/refletnews.ca\/en\/culture\/le-salon-du-livre-rassemble-les-auteurs-locaux-a-limoges-2\/"},"author":{"name":"Raymond Berthiaume","@id":"https:\/\/refletnews.ca\/en\/#\/schema\/person\/6e0a26e20a03521835cdeb8f8d4001e4"},"headline":"Le salon du livre rassemble les auteurs locaux \u00e0 Limoges","datePublished":"2022-09-22T14:55:53+00:00","dateModified":"2025-12-16T03:30:19+00:00","mainEntityOfPage":{"@id":"https:\/\/refletnews.ca\/en\/culture\/le-salon-du-livre-rassemble-les-auteurs-locaux-a-limoges-2\/"},"wordCount":244,"image":{"@id":"https:\/\/refletnews.ca\/en\/culture\/le-salon-du-livre-rassemble-les-auteurs-locaux-a-limoges-2\/#primaryimage"},"thumbnailUrl":"https:\/\/cdn.editionap.ca\/wp-content\/uploads\/sites\/3\/2022\/09\/ARTCS-Book_Fair-WEB.jpg","articleSection":["Culture"],"inLanguage":"en-CA"},{"@type":"WebPage","@id":"https:\/\/refletnews.ca\/en\/culture\/le-salon-du-livre-rassemble-les-auteurs-locaux-a-limoges-2\/","url":"https:\/\/refletnews.ca\/en\/culture\/le-salon-du-livre-rassemble-les-auteurs-locaux-a-limoges-2\/","name":"Le salon du livre rassemble les auteurs locaux \u00e0 Limoges - Le Reflet \/ The News","isPartOf":{"@id":"https:\/\/refletnews.ca\/en\/#website"},"primaryImageOfPage":{"@id":"https:\/\/refletnews.ca\/en\/culture\/le-salon-du-livre-rassemble-les-auteurs-locaux-a-limoges-2\/#primaryimage"},"image":{"@id":"https:\/\/refletnews.ca\/en\/culture\/le-salon-du-livre-rassemble-les-auteurs-locaux-a-limoges-2\/#primaryimage"},"thumbnailUrl":"https:\/\/cdn.editionap.ca\/wp-content\/uploads\/sites\/3\/2022\/09\/ARTCS-Book_Fair-WEB.jpg","datePublished":"2022-09-22T14:55:53+00:00","dateModified":"2025-12-16T03:30:19+00:00","author":{"@id":"https:\/\/refletnews.ca\/en\/#\/schema\/person\/6e0a26e20a03521835cdeb8f8d4001e4"},"breadcrumb":{"@id":"https:\/\/refletnews.ca\/en\/culture\/le-salon-du-livre-rassemble-les-auteurs-locaux-a-limoges-2\/#breadcrumb"},"inLanguage":"en-CA","potentialAction":[{"@type":"ReadAction","target":["https:\/\/refletnews.ca\/en\/culture\/le-salon-du-livre-rassemble-les-auteurs-locaux-a-limoges-2\/"]}]},{"@type":"ImageObject","inLanguage":"en-CA","@id":"https:\/\/refletnews.ca\/en\/culture\/le-salon-du-livre-rassemble-les-auteurs-locaux-a-limoges-2\/#primaryimage","url":"https:\/\/cdn.editionap.ca\/wp-content\/uploads\/sites\/3\/2022\/09\/ARTCS-Book_Fair-WEB.jpg","contentUrl":"https:\/\/cdn.editionap.ca\/wp-content\/uploads\/sites\/3\/2022\/09\/ARTCS-Book_Fair-WEB.jpg","width":1957,"height":1071},{"@type":"BreadcrumbList","@id":"https:\/\/refletnews.ca\/en\/culture\/le-salon-du-livre-rassemble-les-auteurs-locaux-a-limoges-2\/#breadcrumb","itemListElement":[{"@type":"ListItem","position":1,"name":"Accueil","item":"https:\/\/refletnews.ca\/en\/"},{"@type":"ListItem","position":2,"name":"Le salon du livre rassemble les auteurs locaux \u00e0 Limoges"}]},{"@type":"WebSite","@id":"https:\/\/refletnews.ca\/en\/#website","url":"https:\/\/refletnews.ca\/en\/","name":"Le Reflet \/ The News","description":"","potentialAction":[{"@type":"SearchAction","target":{"@type":"EntryPoint","urlTemplate":"https:\/\/refletnews.ca\/en\/?s={search_term_string}"},"query-input":{"@type":"PropertyValueSpecification","valueRequired":true,"valueName":"search_term_string"}}],"inLanguage":"en-CA"},{"@type":"Person","@id":"https:\/\/refletnews.ca\/en\/#\/schema\/person\/6e0a26e20a03521835cdeb8f8d4001e4","name":"Raymond Berthiaume","image":{"@type":"ImageObject","inLanguage":"en-CA","@id":"https:\/\/secure.gravatar.com\/avatar\/0690b4c17eecaf5be96fd14b8368bd3255005382cbb23ac024d642ed9f2bedf6?s=96&d=mm&r=g","url":"https:\/\/secure.gravatar.com\/avatar\/0690b4c17eecaf5be96fd14b8368bd3255005382cbb23ac024d642ed9f2bedf6?s=96&d=mm&r=g","contentUrl":"https:\/\/secure.gravatar.com\/avatar\/0690b4c17eecaf5be96fd14b8368bd3255005382cbb23ac024d642ed9f2bedf6?s=96&d=mm&r=g","caption":"Raymond Berthiaume"}}]}},"_links":{"self":[{"href":"https:\/\/refletnews.ca\/en\/wp-json\/wp\/v2\/posts\/25197","targetHints":{"allow":["GET"]}}],"collection":[{"href":"https:\/\/refletnews.ca\/en\/wp-json\/wp\/v2\/posts"}],"about":[{"href":"https:\/\/refletnews.ca\/en\/wp-json\/wp\/v2\/types\/post"}],"author":[{"embeddable":true,"href":"https:\/\/refletnews.ca\/en\/wp-json\/wp\/v2\/users\/12"}],"replies":[{"embeddable":true,"href":"https:\/\/refletnews.ca\/en\/wp-json\/wp\/v2\/comments?post=25197"}],"version-history":[{"count":1,"href":"https:\/\/refletnews.ca\/en\/wp-json\/wp\/v2\/posts\/25197\/revisions"}],"predecessor-version":[{"id":129622,"href":"https:\/\/refletnews.ca\/en\/wp-json\/wp\/v2\/posts\/25197\/revisions\/129622"}],"wp:featuredmedia":[{"embeddable":true,"href":"https:\/\/refletnews.ca\/en\/wp-json\/wp\/v2\/media\/25198"}],"wp:attachment":[{"href":"https:\/\/refletnews.ca\/en\/wp-json\/wp\/v2\/media?parent=25197"}],"wp:term":[{"taxonomy":"category","embeddable":true,"href":"https:\/\/refletnews.ca\/en\/wp-json\/wp\/v2\/categories?post=25197"},{"taxonomy":"post_tag","embeddable":true,"href":"https:\/\/refletnews.ca\/en\/wp-json\/wp\/v2\/tags?post=25197"}],"curies":[{"name":"wp","href":"https:\/\/api.w.org\/{rel}","templated":true}]}}