{"id":24148,"date":"2022-08-03T09:10:34","date_gmt":"2022-08-03T09:10:34","guid":{"rendered":"https:\/\/editionap.ca\/?p=24148"},"modified":"2025-12-16T04:30:19","modified_gmt":"2025-12-16T03:30:19","slug":"denis-babin-nomme-realisateur-pour-radio-canada","status":"publish","type":"post","link":"https:\/\/refletnews.ca\/en\/culture\/denis-babin-nomme-realisateur-pour-radio-canada\/","title":{"rendered":"Denis Babin nomm\u00e9 r\u00e9alisateur pour Radio-Canada"},"content":{"rendered":"<p>Babin a fait des reportages \u00e0 Hawkesbury pendant 17 ans, donnant aux Ontariens et aux Canadiens un aper\u00e7u de la r\u00e9gion \u00e0 partir de la communaut\u00e9. Ses reportages sur le Web, \u00e0 la radio et \u00e0 la t\u00e9l\u00e9vision ont permis de saisir une grande partie de ce que signifie \u00eatre originaire de ces villes bilingues, coinc\u00e9es entre Ottawa et le Qu\u00e9bec.<\/p>\n<p>N\u00e9 et \u00e9lev\u00e9 dans la ville de Rimouski, au Bas-Saint-Laurent, M. Babin a commenc\u00e9 \u00e0 travailler comme journaliste \u00e0 TVA, la cha\u00eene d&#8217;information de Quebecor, apr\u00e8s avoir obtenu son dipl\u00f4me de l&#8217;Universit\u00e9 de Moncton en 1996.<\/p>\n<p>En 2002, Denis Babin s&#8217;est joint au radiodiffuseur en tant que membre de l&#8217;\u00e9quipe de Radio-Canada Windsor pendant un peu plus de deux ans &#8211; bien loin de Rimouski.<\/p>\n<p>&#8220;Lorsque le poste \u00e0 Hawkesbury s&#8217;est pr\u00e9sent\u00e9, j&#8217;\u00e9tais int\u00e9ress\u00e9 \u00e0 me rapprocher de ma famille et de celle de ma femme, a soulign\u00e9 M. Babin. Eh bien, aussi pr\u00e8s qu&#8217;on peut l&#8217;\u00eatre de Rimouski.&#8221;<\/p>\n<p>Le mandat de M. Babin \u00e0 Radio-Canada \u00e0 Hawkesbury a commenc\u00e9 en 2005, principalement \u00e0 la t\u00e9l\u00e9vision. Mais, comme le paysage m\u00e9diatique a chang\u00e9, il a commenc\u00e9 \u00e0 \u00e9crire pour le web et la radio, prenant en charge la couverture de l&#8217;est de l&#8217;Ontario par Radio-Canada \u00e0 travers tous les m\u00e9dias.<\/p>\n<p>La couverture de la politique locale a toujours pr\u00e9sent\u00e9 un int\u00e9r\u00eat particulier pour Denis Babin, et se rendre \u00e0 L&#8217;Orignal pour couvrir les r\u00e9unions du conseil des Comt\u00e9s unis de Prescott et Russell \u00e9tait passionnant. Discuter avec les maires de tous les comt\u00e9s \u00e9tait un moyen s\u00fbr de trouver une histoire percutante.<\/p>\n<p>&#8220;C&#8217;est l\u00e0 que j&#8217;ai vraiment commenc\u00e9, a-t-il confi\u00e9. Certaines des meilleures histoires sont venues de l\u00e0. Cela va me manquer, sinc\u00e8rement.&#8221;<\/p>\n<p>Dans son nouveau r\u00f4le, Denis Babin aura encore de nombreuses occasions de couvrir la politique \u00e0 travers la province et le pays. La course \u00e0 la direction du Parti conservateur du Canada (PCC), qui se poursuit, fait la une des journaux, avec son lot d&#8217;intrigues et m\u00eame de scandales. De plus, le si\u00e8ge du premier ministre Trudeau, \u00e0 la t\u00eate du Parti lib\u00e9ral f\u00e9d\u00e9ral, pourrait \u00eatre remis en question.<\/p>\n<p>Babin se joint \u00e0 l\u2019\u00e9mission d\u2019information phare de Radio-Canada\/CBC, en tant que producteur. Il recueillera les meilleures nouvelles de la journ\u00e9e sur la colline du Parlement et supervisera tous les aspects de la production, du choix des nouvelles pertinentes aux graphiques et aux vid\u00e9os.<\/p>\n<p>&#8220;C&#8217;est un peu comme \u00eatre un chef ex\u00e9cutif dans un restaurant, a d\u00e9clar\u00e9 M. Babin. Je d\u00e9l\u00e9guerai des t\u00e2ches pour m&#8217;assurer que les reportages sont livr\u00e9s \u00e0 temps.&#8221;<\/p>\n<p>Babin esp\u00e8re que son exp\u00e9rience \u00e0 Hawkesbury lui apportera une perspective qui lui permettra d&#8217;\u00e9tayer les histoires qu&#8217;il racontera dans le cadre de l&#8217;\u00e9mission nationale, en \u00e9tablissant un lien entre la couverture des nouvelles nationales et les probl\u00e8mes qui touchent les collectivit\u00e9s partout au Canada.<\/p>\n<p>&#8220;Lorsque vous couvrez une histoire nationale, vous vous concentrez principalement sur ce qui se passe sur la Colline, a indiqu\u00e9 M. Babin. Parfois, on perd un peu de vue ce qui se passe ailleurs&#8221;.<\/p>\n<p>Malgr\u00e9 sa nouvelle affectation \u00e0 Ottawa, M. Babin et sa famille continueront de vivre \u00e0 Hawkesbury pour le moment, mais il pr\u00e9vient que vous ne le verrez probablement pas beaucoup en ville. Entre les parties de volley-ball et de soccer de ses enfants, ils sont toujours en d\u00e9placement pour une pratique, une partie ou un tournoi. Ce nouveau poste l&#8217;am\u00e8nera \u00e9galement \u00e0 parcourir le pays et le monde pour couvrir les nouvelles qui int\u00e9ressent les Canadiens.<\/p>\n<p>Babin continuera \u00e0 faire des reportages sur la r\u00e9gion jusqu&#8217;\u00e0 la fin du mois d&#8217;ao\u00fbt, date \u00e0 laquelle il entrera en fonction, juste avant le retour des d\u00e9put\u00e9s \u00e0 la Chambre des communes pour une nouvelle session en septembre.<\/p>\n","protected":false},"excerpt":{"rendered":"<p>Apr\u00e8s avoir dirig\u00e9 pendant pr\u00e8s de deux d\u00e9cennies la couverture m\u00e9diatique de l&#8217;est de l&#8217;Ontario \u00e0 Radio-Canada, Denis Babin apporte son exp\u00e9rience \u00e0 la capitale. <\/p>\n","protected":false},"author":9,"featured_media":24150,"comment_status":"closed","ping_status":"closed","sticky":false,"template":"","format":"standard","meta":{"_acf_changed":false,"footnotes":""},"categories":[42],"tags":[],"class_list":["post-24148","post","type-post","status-publish","format-standard","has-post-thumbnail","hentry","category-culture"],"acf":[],"featured_media_global":[],"yoast_head":"<!-- This site is optimized with the Yoast SEO plugin v27.5 - https:\/\/yoast.com\/product\/yoast-seo-wordpress\/ -->\n<title>Denis Babin nomm\u00e9 r\u00e9alisateur pour Radio-Canada - Le Reflet \/ The News<\/title>\n<meta name=\"robots\" content=\"index, follow, max-snippet:-1, max-image-preview:large, max-video-preview:-1\" \/>\n<link rel=\"canonical\" href=\"https:\/\/refletnews.ca\/en\/culture\/denis-babin-nomme-realisateur-pour-radio-canada\/\" \/>\n<meta property=\"og:locale\" content=\"en_US\" \/>\n<meta property=\"og:type\" content=\"article\" \/>\n<meta property=\"og:title\" content=\"Denis Babin nomm\u00e9 r\u00e9alisateur pour Radio-Canada - Le Reflet \/ The News\" \/>\n<meta property=\"og:description\" content=\"Apr\u00e8s avoir dirig\u00e9 pendant pr\u00e8s de deux d\u00e9cennies la couverture m\u00e9diatique de l&#039;est de l&#039;Ontario \u00e0 Radio-Canada, Denis Babin apporte son exp\u00e9rience \u00e0 la capitale.\" \/>\n<meta property=\"og:url\" content=\"https:\/\/refletnews.ca\/en\/culture\/denis-babin-nomme-realisateur-pour-radio-canada\/\" \/>\n<meta property=\"og:site_name\" content=\"Le Reflet \/ The News\" \/>\n<meta property=\"article:published_time\" content=\"2022-08-03T09:10:34+00:00\" \/>\n<meta property=\"article:modified_time\" content=\"2025-12-16T03:30:19+00:00\" \/>\n<meta property=\"og:image\" content=\"https:\/\/cdn.editionap.ca\/wp-content\/uploads\/sites\/3\/2022\/07\/COLJC-Babin.jpg\" \/>\n\t<meta property=\"og:image:width\" content=\"1412\" \/>\n\t<meta property=\"og:image:height\" content=\"1410\" \/>\n\t<meta property=\"og:image:type\" content=\"image\/jpeg\" \/>\n<meta name=\"author\" content=\"Claude Martel\" \/>\n<meta name=\"twitter:card\" content=\"summary_large_image\" \/>\n<meta name=\"twitter:label1\" content=\"Written by\" \/>\n\t<meta name=\"twitter:data1\" content=\"Claude Martel\" \/>\n\t<meta name=\"twitter:label2\" content=\"Est. reading time\" \/>\n\t<meta name=\"twitter:data2\" content=\"3 minutes\" \/>\n<script type=\"application\/ld+json\" class=\"yoast-schema-graph\">{\"@context\":\"https:\\\/\\\/schema.org\",\"@graph\":[{\"@type\":\"Article\",\"@id\":\"https:\\\/\\\/refletnews.ca\\\/en\\\/culture\\\/denis-babin-nomme-realisateur-pour-radio-canada\\\/#article\",\"isPartOf\":{\"@id\":\"https:\\\/\\\/refletnews.ca\\\/en\\\/culture\\\/denis-babin-nomme-realisateur-pour-radio-canada\\\/\"},\"author\":{\"name\":\"Claude Martel\",\"@id\":\"https:\\\/\\\/refletnews.ca\\\/en\\\/#\\\/schema\\\/person\\\/0ca4c3f756c5750f29c5975274847594\"},\"headline\":\"Denis Babin nomm\u00e9 r\u00e9alisateur pour Radio-Canada\",\"datePublished\":\"2022-08-03T09:10:34+00:00\",\"dateModified\":\"2025-12-16T03:30:19+00:00\",\"mainEntityOfPage\":{\"@id\":\"https:\\\/\\\/refletnews.ca\\\/en\\\/culture\\\/denis-babin-nomme-realisateur-pour-radio-canada\\\/\"},\"wordCount\":671,\"image\":{\"@id\":\"https:\\\/\\\/refletnews.ca\\\/en\\\/culture\\\/denis-babin-nomme-realisateur-pour-radio-canada\\\/#primaryimage\"},\"thumbnailUrl\":\"https:\\\/\\\/cdn.editionap.ca\\\/wp-content\\\/uploads\\\/sites\\\/3\\\/2022\\\/07\\\/COLJC-Babin.jpg\",\"articleSection\":[\"Culture\"],\"inLanguage\":\"en-CA\"},{\"@type\":\"WebPage\",\"@id\":\"https:\\\/\\\/refletnews.ca\\\/en\\\/culture\\\/denis-babin-nomme-realisateur-pour-radio-canada\\\/\",\"url\":\"https:\\\/\\\/refletnews.ca\\\/en\\\/culture\\\/denis-babin-nomme-realisateur-pour-radio-canada\\\/\",\"name\":\"Denis Babin nomm\u00e9 r\u00e9alisateur pour Radio-Canada - Le Reflet \\\/ The News\",\"isPartOf\":{\"@id\":\"https:\\\/\\\/refletnews.ca\\\/en\\\/#website\"},\"primaryImageOfPage\":{\"@id\":\"https:\\\/\\\/refletnews.ca\\\/en\\\/culture\\\/denis-babin-nomme-realisateur-pour-radio-canada\\\/#primaryimage\"},\"image\":{\"@id\":\"https:\\\/\\\/refletnews.ca\\\/en\\\/culture\\\/denis-babin-nomme-realisateur-pour-radio-canada\\\/#primaryimage\"},\"thumbnailUrl\":\"https:\\\/\\\/cdn.editionap.ca\\\/wp-content\\\/uploads\\\/sites\\\/3\\\/2022\\\/07\\\/COLJC-Babin.jpg\",\"datePublished\":\"2022-08-03T09:10:34+00:00\",\"dateModified\":\"2025-12-16T03:30:19+00:00\",\"author\":{\"@id\":\"https:\\\/\\\/refletnews.ca\\\/en\\\/#\\\/schema\\\/person\\\/0ca4c3f756c5750f29c5975274847594\"},\"breadcrumb\":{\"@id\":\"https:\\\/\\\/refletnews.ca\\\/en\\\/culture\\\/denis-babin-nomme-realisateur-pour-radio-canada\\\/#breadcrumb\"},\"inLanguage\":\"en-CA\",\"potentialAction\":[{\"@type\":\"ReadAction\",\"target\":[\"https:\\\/\\\/refletnews.ca\\\/en\\\/culture\\\/denis-babin-nomme-realisateur-pour-radio-canada\\\/\"]}]},{\"@type\":\"ImageObject\",\"inLanguage\":\"en-CA\",\"@id\":\"https:\\\/\\\/refletnews.ca\\\/en\\\/culture\\\/denis-babin-nomme-realisateur-pour-radio-canada\\\/#primaryimage\",\"url\":\"https:\\\/\\\/cdn.editionap.ca\\\/wp-content\\\/uploads\\\/sites\\\/3\\\/2022\\\/07\\\/COLJC-Babin.jpg\",\"contentUrl\":\"https:\\\/\\\/cdn.editionap.ca\\\/wp-content\\\/uploads\\\/sites\\\/3\\\/2022\\\/07\\\/COLJC-Babin.jpg\",\"width\":1412,\"height\":1410},{\"@type\":\"BreadcrumbList\",\"@id\":\"https:\\\/\\\/refletnews.ca\\\/en\\\/culture\\\/denis-babin-nomme-realisateur-pour-radio-canada\\\/#breadcrumb\",\"itemListElement\":[{\"@type\":\"ListItem\",\"position\":1,\"name\":\"Accueil\",\"item\":\"https:\\\/\\\/refletnews.ca\\\/en\\\/\"},{\"@type\":\"ListItem\",\"position\":2,\"name\":\"Denis Babin nomm\u00e9 r\u00e9alisateur pour Radio-Canada\"}]},{\"@type\":\"WebSite\",\"@id\":\"https:\\\/\\\/refletnews.ca\\\/en\\\/#website\",\"url\":\"https:\\\/\\\/refletnews.ca\\\/en\\\/\",\"name\":\"Le Reflet \\\/ The News\",\"description\":\"\",\"potentialAction\":[{\"@type\":\"SearchAction\",\"target\":{\"@type\":\"EntryPoint\",\"urlTemplate\":\"https:\\\/\\\/refletnews.ca\\\/en\\\/?s={search_term_string}\"},\"query-input\":{\"@type\":\"PropertyValueSpecification\",\"valueRequired\":true,\"valueName\":\"search_term_string\"}}],\"inLanguage\":\"en-CA\"},{\"@type\":\"Person\",\"@id\":\"https:\\\/\\\/refletnews.ca\\\/en\\\/#\\\/schema\\\/person\\\/0ca4c3f756c5750f29c5975274847594\",\"name\":\"Claude Martel\",\"image\":{\"@type\":\"ImageObject\",\"inLanguage\":\"en-CA\",\"@id\":\"https:\\\/\\\/secure.gravatar.com\\\/avatar\\\/ef253724869047550e4a4e8a7de2e0696ebe89a86a049eeaa826e3c0c647aabd?s=96&d=mm&r=g\",\"url\":\"https:\\\/\\\/secure.gravatar.com\\\/avatar\\\/ef253724869047550e4a4e8a7de2e0696ebe89a86a049eeaa826e3c0c647aabd?s=96&d=mm&r=g\",\"contentUrl\":\"https:\\\/\\\/secure.gravatar.com\\\/avatar\\\/ef253724869047550e4a4e8a7de2e0696ebe89a86a049eeaa826e3c0c647aabd?s=96&d=mm&r=g\",\"caption\":\"Claude Martel\"}}]}<\/script>\n<!-- \/ Yoast SEO plugin. -->","yoast_head_json":{"title":"Denis Babin nomm\u00e9 r\u00e9alisateur pour Radio-Canada - Le Reflet \/ The News","robots":{"index":"index","follow":"follow","max-snippet":"max-snippet:-1","max-image-preview":"max-image-preview:large","max-video-preview":"max-video-preview:-1"},"canonical":"https:\/\/refletnews.ca\/en\/culture\/denis-babin-nomme-realisateur-pour-radio-canada\/","og_locale":"en_US","og_type":"article","og_title":"Denis Babin nomm\u00e9 r\u00e9alisateur pour Radio-Canada - Le Reflet \/ The News","og_description":"Apr\u00e8s avoir dirig\u00e9 pendant pr\u00e8s de deux d\u00e9cennies la couverture m\u00e9diatique de l'est de l'Ontario \u00e0 Radio-Canada, Denis Babin apporte son exp\u00e9rience \u00e0 la capitale.","og_url":"https:\/\/refletnews.ca\/en\/culture\/denis-babin-nomme-realisateur-pour-radio-canada\/","og_site_name":"Le Reflet \/ The News","article_published_time":"2022-08-03T09:10:34+00:00","article_modified_time":"2025-12-16T03:30:19+00:00","og_image":[{"width":1412,"height":1410,"url":"https:\/\/cdn.editionap.ca\/wp-content\/uploads\/sites\/3\/2022\/07\/COLJC-Babin.jpg","type":"image\/jpeg"}],"author":"Claude Martel","twitter_card":"summary_large_image","twitter_misc":{"Written by":"Claude Martel","Est. reading time":"3 minutes"},"schema":{"@context":"https:\/\/schema.org","@graph":[{"@type":"Article","@id":"https:\/\/refletnews.ca\/en\/culture\/denis-babin-nomme-realisateur-pour-radio-canada\/#article","isPartOf":{"@id":"https:\/\/refletnews.ca\/en\/culture\/denis-babin-nomme-realisateur-pour-radio-canada\/"},"author":{"name":"Claude Martel","@id":"https:\/\/refletnews.ca\/en\/#\/schema\/person\/0ca4c3f756c5750f29c5975274847594"},"headline":"Denis Babin nomm\u00e9 r\u00e9alisateur pour Radio-Canada","datePublished":"2022-08-03T09:10:34+00:00","dateModified":"2025-12-16T03:30:19+00:00","mainEntityOfPage":{"@id":"https:\/\/refletnews.ca\/en\/culture\/denis-babin-nomme-realisateur-pour-radio-canada\/"},"wordCount":671,"image":{"@id":"https:\/\/refletnews.ca\/en\/culture\/denis-babin-nomme-realisateur-pour-radio-canada\/#primaryimage"},"thumbnailUrl":"https:\/\/cdn.editionap.ca\/wp-content\/uploads\/sites\/3\/2022\/07\/COLJC-Babin.jpg","articleSection":["Culture"],"inLanguage":"en-CA"},{"@type":"WebPage","@id":"https:\/\/refletnews.ca\/en\/culture\/denis-babin-nomme-realisateur-pour-radio-canada\/","url":"https:\/\/refletnews.ca\/en\/culture\/denis-babin-nomme-realisateur-pour-radio-canada\/","name":"Denis Babin nomm\u00e9 r\u00e9alisateur pour Radio-Canada - Le Reflet \/ The News","isPartOf":{"@id":"https:\/\/refletnews.ca\/en\/#website"},"primaryImageOfPage":{"@id":"https:\/\/refletnews.ca\/en\/culture\/denis-babin-nomme-realisateur-pour-radio-canada\/#primaryimage"},"image":{"@id":"https:\/\/refletnews.ca\/en\/culture\/denis-babin-nomme-realisateur-pour-radio-canada\/#primaryimage"},"thumbnailUrl":"https:\/\/cdn.editionap.ca\/wp-content\/uploads\/sites\/3\/2022\/07\/COLJC-Babin.jpg","datePublished":"2022-08-03T09:10:34+00:00","dateModified":"2025-12-16T03:30:19+00:00","author":{"@id":"https:\/\/refletnews.ca\/en\/#\/schema\/person\/0ca4c3f756c5750f29c5975274847594"},"breadcrumb":{"@id":"https:\/\/refletnews.ca\/en\/culture\/denis-babin-nomme-realisateur-pour-radio-canada\/#breadcrumb"},"inLanguage":"en-CA","potentialAction":[{"@type":"ReadAction","target":["https:\/\/refletnews.ca\/en\/culture\/denis-babin-nomme-realisateur-pour-radio-canada\/"]}]},{"@type":"ImageObject","inLanguage":"en-CA","@id":"https:\/\/refletnews.ca\/en\/culture\/denis-babin-nomme-realisateur-pour-radio-canada\/#primaryimage","url":"https:\/\/cdn.editionap.ca\/wp-content\/uploads\/sites\/3\/2022\/07\/COLJC-Babin.jpg","contentUrl":"https:\/\/cdn.editionap.ca\/wp-content\/uploads\/sites\/3\/2022\/07\/COLJC-Babin.jpg","width":1412,"height":1410},{"@type":"BreadcrumbList","@id":"https:\/\/refletnews.ca\/en\/culture\/denis-babin-nomme-realisateur-pour-radio-canada\/#breadcrumb","itemListElement":[{"@type":"ListItem","position":1,"name":"Accueil","item":"https:\/\/refletnews.ca\/en\/"},{"@type":"ListItem","position":2,"name":"Denis Babin nomm\u00e9 r\u00e9alisateur pour Radio-Canada"}]},{"@type":"WebSite","@id":"https:\/\/refletnews.ca\/en\/#website","url":"https:\/\/refletnews.ca\/en\/","name":"Le Reflet \/ The News","description":"","potentialAction":[{"@type":"SearchAction","target":{"@type":"EntryPoint","urlTemplate":"https:\/\/refletnews.ca\/en\/?s={search_term_string}"},"query-input":{"@type":"PropertyValueSpecification","valueRequired":true,"valueName":"search_term_string"}}],"inLanguage":"en-CA"},{"@type":"Person","@id":"https:\/\/refletnews.ca\/en\/#\/schema\/person\/0ca4c3f756c5750f29c5975274847594","name":"Claude Martel","image":{"@type":"ImageObject","inLanguage":"en-CA","@id":"https:\/\/secure.gravatar.com\/avatar\/ef253724869047550e4a4e8a7de2e0696ebe89a86a049eeaa826e3c0c647aabd?s=96&d=mm&r=g","url":"https:\/\/secure.gravatar.com\/avatar\/ef253724869047550e4a4e8a7de2e0696ebe89a86a049eeaa826e3c0c647aabd?s=96&d=mm&r=g","contentUrl":"https:\/\/secure.gravatar.com\/avatar\/ef253724869047550e4a4e8a7de2e0696ebe89a86a049eeaa826e3c0c647aabd?s=96&d=mm&r=g","caption":"Claude Martel"}}]}},"_links":{"self":[{"href":"https:\/\/refletnews.ca\/en\/wp-json\/wp\/v2\/posts\/24148","targetHints":{"allow":["GET"]}}],"collection":[{"href":"https:\/\/refletnews.ca\/en\/wp-json\/wp\/v2\/posts"}],"about":[{"href":"https:\/\/refletnews.ca\/en\/wp-json\/wp\/v2\/types\/post"}],"author":[{"embeddable":true,"href":"https:\/\/refletnews.ca\/en\/wp-json\/wp\/v2\/users\/9"}],"replies":[{"embeddable":true,"href":"https:\/\/refletnews.ca\/en\/wp-json\/wp\/v2\/comments?post=24148"}],"version-history":[{"count":1,"href":"https:\/\/refletnews.ca\/en\/wp-json\/wp\/v2\/posts\/24148\/revisions"}],"predecessor-version":[{"id":129633,"href":"https:\/\/refletnews.ca\/en\/wp-json\/wp\/v2\/posts\/24148\/revisions\/129633"}],"wp:featuredmedia":[{"embeddable":true,"href":"https:\/\/refletnews.ca\/en\/wp-json\/wp\/v2\/media\/24150"}],"wp:attachment":[{"href":"https:\/\/refletnews.ca\/en\/wp-json\/wp\/v2\/media?parent=24148"}],"wp:term":[{"taxonomy":"category","embeddable":true,"href":"https:\/\/refletnews.ca\/en\/wp-json\/wp\/v2\/categories?post=24148"},{"taxonomy":"post_tag","embeddable":true,"href":"https:\/\/refletnews.ca\/en\/wp-json\/wp\/v2\/tags?post=24148"}],"curies":[{"name":"wp","href":"https:\/\/api.w.org\/{rel}","templated":true}]}}