{"id":24065,"date":"2022-07-19T17:04:46","date_gmt":"2022-07-19T17:04:46","guid":{"rendered":"https:\/\/editionap.ca\/?p=24065"},"modified":"2025-12-16T04:40:33","modified_gmt":"2025-12-16T03:40:33","slug":"augmentation-des-cas-de-covid-dans-la-region","status":"publish","type":"post","link":"https:\/\/refletnews.ca\/en\/sante\/augmentation-des-cas-de-covid-dans-la-region\/","title":{"rendered":"Augmentation des cas de COVID dans la r\u00e9gion"},"content":{"rendered":"<p>Le Bureau de sant\u00e9 de l&#8217;est de l&#8217;Ontario (BSEO) signale une augmentation importante des cas de COVID-19, due \u00e0 la variante BA.5 Omicron hautement transmissible et \u00e0 une diminution de l&#8217;immunit\u00e9 li\u00e9e aux vaccins et aux infections chez de nombreuses personnes. Le Dr Paul Roumeliotis, m\u00e9decin hygi\u00e9niste, a d\u00e9clar\u00e9 qu&#8217;il s&#8217;attend \u00e0 ce que la septi\u00e8me vague suive le m\u00eame sch\u00e9ma que celui observ\u00e9 dans d&#8217;autres pays : une augmentation de quatre semaines, suivie d&#8217;une diminution de quatre semaines.<\/p>\n<p>\u00ab Nous sommes actuellement dans la septi\u00e8me vague de COVID-19, avec le reste de l&#8217;Ontario, a d\u00e9clar\u00e9 M. Roumeliotis. Nous surveillons de pr\u00e8s les indicateurs locaux et nous nous attendons \u00e0 ce que la vague atteigne un pic au cours des une \u00e0 deux prochaines semaines, tant au niveau local que provincial. \u00bb<\/p>\n<p>\u00ab La protection offerte par la s\u00e9rie de vaccins, \u00e0 deux doses pour de nombreuses personnes, s&#8217;estompe, a-t-il ajout\u00e9. Plus de 65 % des personnes de moins de 50 ans n&#8217;ont pas encore re\u00e7u leur premi\u00e8re dose de rappel. Cette situation est pr\u00e9occupante, car la dose de rappel offre une protection suppl\u00e9mentaire importante contre les maladies graves et les hospitalisations. \u00bb<\/p>\n<p>Le BSEO recommande fortement aux personnes qui n&#8217;ont pas re\u00e7u leurs trois premi\u00e8res doses de vaccin de se tenir \u00e0 jour. Les quatri\u00e8mes doses sont maintenant disponibles pour les personnes admissibles \u00e2g\u00e9es de 18 ans et plus. Le BSEO recommande \u00e9galement de porter un masque dans les lieux publics int\u00e9rieurs et les \u00e9v\u00e9nements ext\u00e9rieurs tr\u00e8s fr\u00e9quent\u00e9s et de rester \u00e0 la maison si vous vous sentez malade. Comme toujours, les mesures de sant\u00e9 publique doivent \u00eatre respect\u00e9es.<\/p>\n<p>Pour plus d&#8217;informations et les derni\u00e8res mises \u00e0 jour sur la COVID-19, visitez le site www.EOHU.ca\/coronavirus.<\/p>\n","protected":false},"excerpt":{"rendered":"<p>Le BSEO met en garde contre une augmentation des cas de COVID-19 \u00e0 la suite de la septi\u00e8me vague.<\/p>\n","protected":false},"author":13,"featured_media":23999,"comment_status":"closed","ping_status":"closed","sticky":false,"template":"","format":"standard","meta":{"_acf_changed":false,"footnotes":""},"categories":[49],"tags":[],"class_list":["post-24065","post","type-post","status-publish","format-standard","has-post-thumbnail","hentry","category-sante"],"acf":[],"featured_media_global":[],"yoast_head":"<!-- This site is optimized with the Yoast SEO plugin v27.4 - https:\/\/yoast.com\/product\/yoast-seo-wordpress\/ -->\n<title>Augmentation des cas de COVID dans la r\u00e9gion - Le Reflet \/ The News<\/title>\n<meta name=\"robots\" content=\"index, follow, max-snippet:-1, max-image-preview:large, max-video-preview:-1\" \/>\n<link rel=\"canonical\" href=\"https:\/\/refletnews.ca\/en\/sante\/augmentation-des-cas-de-covid-dans-la-region\/\" \/>\n<meta property=\"og:locale\" content=\"en_US\" \/>\n<meta property=\"og:type\" content=\"article\" \/>\n<meta property=\"og:title\" content=\"Augmentation des cas de COVID dans la r\u00e9gion - Le Reflet \/ The News\" \/>\n<meta property=\"og:description\" content=\"Le BSEO met en garde contre une augmentation des cas de COVID-19 \u00e0 la suite de la septi\u00e8me vague.\" \/>\n<meta property=\"og:url\" content=\"https:\/\/refletnews.ca\/en\/sante\/augmentation-des-cas-de-covid-dans-la-region\/\" \/>\n<meta property=\"og:site_name\" content=\"Le Reflet \/ The News\" \/>\n<meta property=\"article:published_time\" content=\"2022-07-19T17:04:46+00:00\" \/>\n<meta property=\"article:modified_time\" content=\"2025-12-16T03:40:33+00:00\" \/>\n<meta property=\"og:image\" content=\"https:\/\/cdn.editionap.ca\/wp-content\/uploads\/sites\/3\/2022\/07\/ACTCS-EOHU_Warns_COVID_Increase.jpg\" \/>\n\t<meta property=\"og:image:width\" content=\"1662\" \/>\n\t<meta property=\"og:image:height\" content=\"1042\" \/>\n\t<meta property=\"og:image:type\" content=\"image\/jpeg\" \/>\n<meta name=\"author\" content=\"Julianne Leblanc\" \/>\n<meta name=\"twitter:card\" content=\"summary_large_image\" \/>\n<meta name=\"twitter:label1\" content=\"Written by\" \/>\n\t<meta name=\"twitter:data1\" content=\"Julianne Leblanc\" \/>\n\t<meta name=\"twitter:label2\" content=\"Est. reading time\" \/>\n\t<meta name=\"twitter:data2\" content=\"1 minute\" \/>\n<script type=\"application\/ld+json\" class=\"yoast-schema-graph\">{\"@context\":\"https:\\\/\\\/schema.org\",\"@graph\":[{\"@type\":\"Article\",\"@id\":\"https:\\\/\\\/refletnews.ca\\\/en\\\/sante\\\/augmentation-des-cas-de-covid-dans-la-region\\\/#article\",\"isPartOf\":{\"@id\":\"https:\\\/\\\/refletnews.ca\\\/en\\\/sante\\\/augmentation-des-cas-de-covid-dans-la-region\\\/\"},\"author\":{\"name\":\"Julianne Leblanc\",\"@id\":\"https:\\\/\\\/refletnews.ca\\\/en\\\/#\\\/schema\\\/person\\\/27924ff550403c18f78e3e5823126a21\"},\"headline\":\"Augmentation des cas de COVID dans la r\u00e9gion\",\"datePublished\":\"2022-07-19T17:04:46+00:00\",\"dateModified\":\"2025-12-16T03:40:33+00:00\",\"mainEntityOfPage\":{\"@id\":\"https:\\\/\\\/refletnews.ca\\\/en\\\/sante\\\/augmentation-des-cas-de-covid-dans-la-region\\\/\"},\"wordCount\":319,\"image\":{\"@id\":\"https:\\\/\\\/refletnews.ca\\\/en\\\/sante\\\/augmentation-des-cas-de-covid-dans-la-region\\\/#primaryimage\"},\"thumbnailUrl\":\"https:\\\/\\\/cdn.editionap.ca\\\/wp-content\\\/uploads\\\/sites\\\/3\\\/2022\\\/07\\\/ACTCS-EOHU_Warns_COVID_Increase.jpg\",\"articleSection\":[\"Sant\u00e9\"],\"inLanguage\":\"en-CA\"},{\"@type\":\"WebPage\",\"@id\":\"https:\\\/\\\/refletnews.ca\\\/en\\\/sante\\\/augmentation-des-cas-de-covid-dans-la-region\\\/\",\"url\":\"https:\\\/\\\/refletnews.ca\\\/en\\\/sante\\\/augmentation-des-cas-de-covid-dans-la-region\\\/\",\"name\":\"Augmentation des cas de COVID dans la r\u00e9gion - Le Reflet \\\/ The News\",\"isPartOf\":{\"@id\":\"https:\\\/\\\/refletnews.ca\\\/en\\\/#website\"},\"primaryImageOfPage\":{\"@id\":\"https:\\\/\\\/refletnews.ca\\\/en\\\/sante\\\/augmentation-des-cas-de-covid-dans-la-region\\\/#primaryimage\"},\"image\":{\"@id\":\"https:\\\/\\\/refletnews.ca\\\/en\\\/sante\\\/augmentation-des-cas-de-covid-dans-la-region\\\/#primaryimage\"},\"thumbnailUrl\":\"https:\\\/\\\/cdn.editionap.ca\\\/wp-content\\\/uploads\\\/sites\\\/3\\\/2022\\\/07\\\/ACTCS-EOHU_Warns_COVID_Increase.jpg\",\"datePublished\":\"2022-07-19T17:04:46+00:00\",\"dateModified\":\"2025-12-16T03:40:33+00:00\",\"author\":{\"@id\":\"https:\\\/\\\/refletnews.ca\\\/en\\\/#\\\/schema\\\/person\\\/27924ff550403c18f78e3e5823126a21\"},\"breadcrumb\":{\"@id\":\"https:\\\/\\\/refletnews.ca\\\/en\\\/sante\\\/augmentation-des-cas-de-covid-dans-la-region\\\/#breadcrumb\"},\"inLanguage\":\"en-CA\",\"potentialAction\":[{\"@type\":\"ReadAction\",\"target\":[\"https:\\\/\\\/refletnews.ca\\\/en\\\/sante\\\/augmentation-des-cas-de-covid-dans-la-region\\\/\"]}]},{\"@type\":\"ImageObject\",\"inLanguage\":\"en-CA\",\"@id\":\"https:\\\/\\\/refletnews.ca\\\/en\\\/sante\\\/augmentation-des-cas-de-covid-dans-la-region\\\/#primaryimage\",\"url\":\"https:\\\/\\\/cdn.editionap.ca\\\/wp-content\\\/uploads\\\/sites\\\/3\\\/2022\\\/07\\\/ACTCS-EOHU_Warns_COVID_Increase.jpg\",\"contentUrl\":\"https:\\\/\\\/cdn.editionap.ca\\\/wp-content\\\/uploads\\\/sites\\\/3\\\/2022\\\/07\\\/ACTCS-EOHU_Warns_COVID_Increase.jpg\",\"width\":1662,\"height\":1042},{\"@type\":\"BreadcrumbList\",\"@id\":\"https:\\\/\\\/refletnews.ca\\\/en\\\/sante\\\/augmentation-des-cas-de-covid-dans-la-region\\\/#breadcrumb\",\"itemListElement\":[{\"@type\":\"ListItem\",\"position\":1,\"name\":\"Accueil\",\"item\":\"https:\\\/\\\/refletnews.ca\\\/en\\\/\"},{\"@type\":\"ListItem\",\"position\":2,\"name\":\"Augmentation des cas de COVID dans la r\u00e9gion\"}]},{\"@type\":\"WebSite\",\"@id\":\"https:\\\/\\\/refletnews.ca\\\/en\\\/#website\",\"url\":\"https:\\\/\\\/refletnews.ca\\\/en\\\/\",\"name\":\"Le Reflet \\\/ The News\",\"description\":\"\",\"potentialAction\":[{\"@type\":\"SearchAction\",\"target\":{\"@type\":\"EntryPoint\",\"urlTemplate\":\"https:\\\/\\\/refletnews.ca\\\/en\\\/?s={search_term_string}\"},\"query-input\":{\"@type\":\"PropertyValueSpecification\",\"valueRequired\":true,\"valueName\":\"search_term_string\"}}],\"inLanguage\":\"en-CA\"},{\"@type\":\"Person\",\"@id\":\"https:\\\/\\\/refletnews.ca\\\/en\\\/#\\\/schema\\\/person\\\/27924ff550403c18f78e3e5823126a21\",\"name\":\"Julianne Leblanc\",\"image\":{\"@type\":\"ImageObject\",\"inLanguage\":\"en-CA\",\"@id\":\"https:\\\/\\\/secure.gravatar.com\\\/avatar\\\/f97453aba76209188ecfc643404d426606b1675b1d733a7152fedcfc45b7ef98?s=96&d=mm&r=g\",\"url\":\"https:\\\/\\\/secure.gravatar.com\\\/avatar\\\/f97453aba76209188ecfc643404d426606b1675b1d733a7152fedcfc45b7ef98?s=96&d=mm&r=g\",\"contentUrl\":\"https:\\\/\\\/secure.gravatar.com\\\/avatar\\\/f97453aba76209188ecfc643404d426606b1675b1d733a7152fedcfc45b7ef98?s=96&d=mm&r=g\",\"caption\":\"Julianne Leblanc\"}}]}<\/script>\n<!-- \/ Yoast SEO plugin. -->","yoast_head_json":{"title":"Augmentation des cas de COVID dans la r\u00e9gion - Le Reflet \/ The News","robots":{"index":"index","follow":"follow","max-snippet":"max-snippet:-1","max-image-preview":"max-image-preview:large","max-video-preview":"max-video-preview:-1"},"canonical":"https:\/\/refletnews.ca\/en\/sante\/augmentation-des-cas-de-covid-dans-la-region\/","og_locale":"en_US","og_type":"article","og_title":"Augmentation des cas de COVID dans la r\u00e9gion - Le Reflet \/ The News","og_description":"Le BSEO met en garde contre une augmentation des cas de COVID-19 \u00e0 la suite de la septi\u00e8me vague.","og_url":"https:\/\/refletnews.ca\/en\/sante\/augmentation-des-cas-de-covid-dans-la-region\/","og_site_name":"Le Reflet \/ The News","article_published_time":"2022-07-19T17:04:46+00:00","article_modified_time":"2025-12-16T03:40:33+00:00","og_image":[{"width":1662,"height":1042,"url":"https:\/\/cdn.editionap.ca\/wp-content\/uploads\/sites\/3\/2022\/07\/ACTCS-EOHU_Warns_COVID_Increase.jpg","type":"image\/jpeg"}],"author":"Julianne Leblanc","twitter_card":"summary_large_image","twitter_misc":{"Written by":"Julianne Leblanc","Est. reading time":"1 minute"},"schema":{"@context":"https:\/\/schema.org","@graph":[{"@type":"Article","@id":"https:\/\/refletnews.ca\/en\/sante\/augmentation-des-cas-de-covid-dans-la-region\/#article","isPartOf":{"@id":"https:\/\/refletnews.ca\/en\/sante\/augmentation-des-cas-de-covid-dans-la-region\/"},"author":{"name":"Julianne Leblanc","@id":"https:\/\/refletnews.ca\/en\/#\/schema\/person\/27924ff550403c18f78e3e5823126a21"},"headline":"Augmentation des cas de COVID dans la r\u00e9gion","datePublished":"2022-07-19T17:04:46+00:00","dateModified":"2025-12-16T03:40:33+00:00","mainEntityOfPage":{"@id":"https:\/\/refletnews.ca\/en\/sante\/augmentation-des-cas-de-covid-dans-la-region\/"},"wordCount":319,"image":{"@id":"https:\/\/refletnews.ca\/en\/sante\/augmentation-des-cas-de-covid-dans-la-region\/#primaryimage"},"thumbnailUrl":"https:\/\/cdn.editionap.ca\/wp-content\/uploads\/sites\/3\/2022\/07\/ACTCS-EOHU_Warns_COVID_Increase.jpg","articleSection":["Sant\u00e9"],"inLanguage":"en-CA"},{"@type":"WebPage","@id":"https:\/\/refletnews.ca\/en\/sante\/augmentation-des-cas-de-covid-dans-la-region\/","url":"https:\/\/refletnews.ca\/en\/sante\/augmentation-des-cas-de-covid-dans-la-region\/","name":"Augmentation des cas de COVID dans la r\u00e9gion - Le Reflet \/ The News","isPartOf":{"@id":"https:\/\/refletnews.ca\/en\/#website"},"primaryImageOfPage":{"@id":"https:\/\/refletnews.ca\/en\/sante\/augmentation-des-cas-de-covid-dans-la-region\/#primaryimage"},"image":{"@id":"https:\/\/refletnews.ca\/en\/sante\/augmentation-des-cas-de-covid-dans-la-region\/#primaryimage"},"thumbnailUrl":"https:\/\/cdn.editionap.ca\/wp-content\/uploads\/sites\/3\/2022\/07\/ACTCS-EOHU_Warns_COVID_Increase.jpg","datePublished":"2022-07-19T17:04:46+00:00","dateModified":"2025-12-16T03:40:33+00:00","author":{"@id":"https:\/\/refletnews.ca\/en\/#\/schema\/person\/27924ff550403c18f78e3e5823126a21"},"breadcrumb":{"@id":"https:\/\/refletnews.ca\/en\/sante\/augmentation-des-cas-de-covid-dans-la-region\/#breadcrumb"},"inLanguage":"en-CA","potentialAction":[{"@type":"ReadAction","target":["https:\/\/refletnews.ca\/en\/sante\/augmentation-des-cas-de-covid-dans-la-region\/"]}]},{"@type":"ImageObject","inLanguage":"en-CA","@id":"https:\/\/refletnews.ca\/en\/sante\/augmentation-des-cas-de-covid-dans-la-region\/#primaryimage","url":"https:\/\/cdn.editionap.ca\/wp-content\/uploads\/sites\/3\/2022\/07\/ACTCS-EOHU_Warns_COVID_Increase.jpg","contentUrl":"https:\/\/cdn.editionap.ca\/wp-content\/uploads\/sites\/3\/2022\/07\/ACTCS-EOHU_Warns_COVID_Increase.jpg","width":1662,"height":1042},{"@type":"BreadcrumbList","@id":"https:\/\/refletnews.ca\/en\/sante\/augmentation-des-cas-de-covid-dans-la-region\/#breadcrumb","itemListElement":[{"@type":"ListItem","position":1,"name":"Accueil","item":"https:\/\/refletnews.ca\/en\/"},{"@type":"ListItem","position":2,"name":"Augmentation des cas de COVID dans la r\u00e9gion"}]},{"@type":"WebSite","@id":"https:\/\/refletnews.ca\/en\/#website","url":"https:\/\/refletnews.ca\/en\/","name":"Le Reflet \/ The News","description":"","potentialAction":[{"@type":"SearchAction","target":{"@type":"EntryPoint","urlTemplate":"https:\/\/refletnews.ca\/en\/?s={search_term_string}"},"query-input":{"@type":"PropertyValueSpecification","valueRequired":true,"valueName":"search_term_string"}}],"inLanguage":"en-CA"},{"@type":"Person","@id":"https:\/\/refletnews.ca\/en\/#\/schema\/person\/27924ff550403c18f78e3e5823126a21","name":"Julianne Leblanc","image":{"@type":"ImageObject","inLanguage":"en-CA","@id":"https:\/\/secure.gravatar.com\/avatar\/f97453aba76209188ecfc643404d426606b1675b1d733a7152fedcfc45b7ef98?s=96&d=mm&r=g","url":"https:\/\/secure.gravatar.com\/avatar\/f97453aba76209188ecfc643404d426606b1675b1d733a7152fedcfc45b7ef98?s=96&d=mm&r=g","contentUrl":"https:\/\/secure.gravatar.com\/avatar\/f97453aba76209188ecfc643404d426606b1675b1d733a7152fedcfc45b7ef98?s=96&d=mm&r=g","caption":"Julianne Leblanc"}}]}},"_links":{"self":[{"href":"https:\/\/refletnews.ca\/en\/wp-json\/wp\/v2\/posts\/24065","targetHints":{"allow":["GET"]}}],"collection":[{"href":"https:\/\/refletnews.ca\/en\/wp-json\/wp\/v2\/posts"}],"about":[{"href":"https:\/\/refletnews.ca\/en\/wp-json\/wp\/v2\/types\/post"}],"author":[{"embeddable":true,"href":"https:\/\/refletnews.ca\/en\/wp-json\/wp\/v2\/users\/13"}],"replies":[{"embeddable":true,"href":"https:\/\/refletnews.ca\/en\/wp-json\/wp\/v2\/comments?post=24065"}],"version-history":[{"count":1,"href":"https:\/\/refletnews.ca\/en\/wp-json\/wp\/v2\/posts\/24065\/revisions"}],"predecessor-version":[{"id":129662,"href":"https:\/\/refletnews.ca\/en\/wp-json\/wp\/v2\/posts\/24065\/revisions\/129662"}],"wp:featuredmedia":[{"embeddable":true,"href":"https:\/\/refletnews.ca\/en\/wp-json\/wp\/v2\/media\/23999"}],"wp:attachment":[{"href":"https:\/\/refletnews.ca\/en\/wp-json\/wp\/v2\/media?parent=24065"}],"wp:term":[{"taxonomy":"category","embeddable":true,"href":"https:\/\/refletnews.ca\/en\/wp-json\/wp\/v2\/categories?post=24065"},{"taxonomy":"post_tag","embeddable":true,"href":"https:\/\/refletnews.ca\/en\/wp-json\/wp\/v2\/tags?post=24065"}],"curies":[{"name":"wp","href":"https:\/\/api.w.org\/{rel}","templated":true}]}}