{"id":21899,"date":"2022-05-05T11:25:22","date_gmt":"2022-05-05T11:25:22","guid":{"rendered":"https:\/\/editionap.ca\/?p=21899"},"modified":"2025-12-16T04:30:19","modified_gmt":"2025-12-16T03:30:19","slug":"manifestations-communautaires-bibliotheque-camille-piche","status":"publish","type":"post","link":"https:\/\/refletnews.ca\/en\/culture\/manifestations-communautaires-bibliotheque-camille-piche\/","title":{"rendered":"Manifestations communautaires Biblioth\u00e8que Camille Pich\u00e9"},"content":{"rendered":"<p><span data-contrast=\"none\">Le conseil municipal du canton de Russell a \u00e9tudi\u00e9 la possibilit\u00e9 de transformer le centre communautaire Camille Pich\u00e9 en une nouvelle succursale de la biblioth\u00e8que, le complexe r\u00e9cr\u00e9atif ne pr\u00e9voyant plus de succursale dans ses plans, et un groupe de membres de la communaut\u00e9 s&#8217;inqui\u00e8te de cette id\u00e9e.<\/span><span data-ccp-props=\"{&quot;201341983&quot;:2,&quot;335551550&quot;:6,&quot;335551620&quot;:6,&quot;335559731&quot;:240,&quot;335559739&quot;:0,&quot;335559740&quot;:240}\">\u00a0<\/span><\/p>\n<p><span data-contrast=\"none\">Un groupe important de membres de la communaut\u00e9 s&#8217;inqui\u00e8te de cette id\u00e9e. Un groupe important a assist\u00e9 \u00e0 la r\u00e9union ordinaire du conseil le 2 mai pour exprimer son opinion, et bien qu&#8217;ils aient \u00e9t\u00e9 calmes et ordonn\u00e9s, leur passion pour la communaut\u00e9 transparaissait. La d\u00e9put\u00e9e provinciale de Glengarry-Prescott-Russell, Amanda Simard, \u00e9tait \u00e9galement pr\u00e9sente pour observer les d\u00e9lib\u00e9rations, ce qui montre \u00e0 quel point le public et les fonctionnaires prennent la question au s\u00e9rieux.<\/span><span data-ccp-props=\"{&quot;201341983&quot;:2,&quot;335551550&quot;:6,&quot;335551620&quot;:6,&quot;335559731&quot;:240,&quot;335559739&quot;:0,&quot;335559740&quot;:240}\">\u00a0<\/span><\/p>\n<p><span data-contrast=\"none\">Une d\u00e9l\u00e9gation de la communaut\u00e9 a pris la parole pour exprimer le d\u00e9dain de plusieurs r\u00e9sidents et organismes communautaires \u00e0 l&#8217;id\u00e9e que l&#8217;immeuble Pich\u00e9 ne soit plus disponible pour un usage g\u00e9n\u00e9ral. Il a longtemps \u00e9t\u00e9 un lieu de rencontre pour des groupes tels que le Club Joie de Vivre 50+, le Club Richelieu et les Chevaliers de Colomb, et ils disent qu&#8217;ils ne savent pas ce qu&#8217;ils feraient si le b\u00e2timent leur \u00e9tait retir\u00e9. La d\u00e9l\u00e9gation a reconnu que le complexe r\u00e9cr\u00e9atif comprend plusieurs espaces communautaires qui pourraient remplacer le b\u00e2timent Pich\u00e9, mais elle a \u00e9galement fait remarquer que le complexe n&#8217;en est encore qu&#8217;au stade de la planification et qu&#8217;il faudra peut-\u00eatre des ann\u00e9es pour le terminer, des ann\u00e9es pendant lesquelles la communaut\u00e9 serait forc\u00e9e de se passer d&#8217;un espace de rassemblement. Ils ont \u00e9galement mentionn\u00e9 que, bien qu&#8217;il s&#8217;agisse d&#8217;un \u00e9l\u00e9ment incontournable de la communaut\u00e9, le b\u00e2timent est d\u00e9suet et sa r\u00e9novation pour en faire une biblioth\u00e8que pourrait co\u00fbter plus cher que sa valeur.<\/span><span data-ccp-props=\"{&quot;201341983&quot;:2,&quot;335551550&quot;:6,&quot;335551620&quot;:6,&quot;335559731&quot;:240,&quot;335559739&quot;:0,&quot;335559740&quot;:240}\">\u00a0<\/span><\/p>\n<p><span data-contrast=\"none\">Le conseil municipal a pris acte de ces pr\u00e9occupations et a d\u00e9clar\u00e9 qu&#8217;il en tiendrait compte lors des prochaines s\u00e9ances de planification. Il a \u00e9galement not\u00e9 que l&#8217;id\u00e9e d&#8217;installer la biblioth\u00e8que dans le b\u00e2timent Camille Pich\u00e9 n&#8217;est encore qu&#8217;une id\u00e9e et qu&#8217;aucun plan concret n&#8217;a \u00e9t\u00e9 \u00e9tabli. La seule chose qui a \u00e9t\u00e9 faite est un rapport d&#8217;ing\u00e9nierie pour \u00e9valuer si la structure du b\u00e2timent est suffisamment solide pour supporter le poids de tant de livres. Pour l&#8217;instant, rien n&#8217;a \u00e9t\u00e9 d\u00e9cid\u00e9.<\/span><span data-ccp-props=\"{&quot;201341983&quot;:2,&quot;335551550&quot;:6,&quot;335551620&quot;:6,&quot;335559731&quot;:240,&quot;335559739&quot;:0,&quot;335559740&quot;:240}\">\u00a0<\/span><\/p>\n<p><span data-contrast=\"none\">Il n&#8217;y a pas eu de d\u00e9l\u00e9gation d&#8217;opposition pour soutenir l&#8217;id\u00e9e de transformer le b\u00e2timent Pich\u00e9 en biblioth\u00e8que, et aucun plan pour une telle pr\u00e9sentation n&#8217;a encore \u00e9t\u00e9 port\u00e9 \u00e0 l&#8217;attention des journalistes.<\/span><span data-ccp-props=\"{&quot;201341983&quot;:2,&quot;335551550&quot;:6,&quot;335551620&quot;:6,&quot;335559731&quot;:240,&quot;335559739&quot;:0,&quot;335559740&quot;:240}\">\u00a0<\/span><\/p>\n","protected":false},"excerpt":{"rendered":"<p>C&#8217;est un groupe inquiet qui a assist\u00e9 \u00e0 la r\u00e9union ordinaire du Conseil de Russell le 2 mai. <\/p>\n","protected":false},"author":11,"featured_media":21900,"comment_status":"closed","ping_status":"closed","sticky":false,"template":"","format":"standard","meta":{"_acf_changed":false,"footnotes":""},"categories":[42],"tags":[],"class_list":["post-21899","post","type-post","status-publish","format-standard","has-post-thumbnail","hentry","category-culture"],"acf":[],"featured_media_global":[],"yoast_head":"<!-- This site is optimized with the Yoast SEO plugin v27.4 - https:\/\/yoast.com\/product\/yoast-seo-wordpress\/ -->\n<title>Manifestations communautaires Biblioth\u00e8que Camille Pich\u00e9 - Le Reflet \/ The News<\/title>\n<meta name=\"robots\" content=\"index, follow, max-snippet:-1, max-image-preview:large, max-video-preview:-1\" \/>\n<link rel=\"canonical\" href=\"https:\/\/refletnews.ca\/en\/culture\/manifestations-communautaires-bibliotheque-camille-piche\/\" \/>\n<meta property=\"og:locale\" content=\"en_US\" \/>\n<meta property=\"og:type\" content=\"article\" \/>\n<meta property=\"og:title\" content=\"Manifestations communautaires Biblioth\u00e8que Camille Pich\u00e9 - Le Reflet \/ The News\" \/>\n<meta property=\"og:description\" content=\"C&#039;est un groupe inquiet qui a assist\u00e9 \u00e0 la r\u00e9union ordinaire du Conseil de Russell le 2 mai.\" \/>\n<meta property=\"og:url\" content=\"https:\/\/refletnews.ca\/en\/culture\/manifestations-communautaires-bibliotheque-camille-piche\/\" \/>\n<meta property=\"og:site_name\" content=\"Le Reflet \/ The News\" \/>\n<meta property=\"article:published_time\" content=\"2022-05-05T11:25:22+00:00\" \/>\n<meta property=\"article:modified_time\" content=\"2025-12-16T03:30:19+00:00\" \/>\n<meta property=\"og:image\" content=\"https:\/\/cdn.editionap.ca\/wp-content\/uploads\/sites\/3\/2022\/05\/ACTCS-Camille_Piche_Protest-1b.jpg\" \/>\n\t<meta property=\"og:image:width\" content=\"1600\" \/>\n\t<meta property=\"og:image:height\" content=\"1200\" \/>\n\t<meta property=\"og:image:type\" content=\"image\/jpeg\" \/>\n<meta name=\"author\" content=\"Karine Audet\" \/>\n<meta name=\"twitter:card\" content=\"summary_large_image\" \/>\n<meta name=\"twitter:label1\" content=\"Written by\" \/>\n\t<meta name=\"twitter:data1\" content=\"Karine Audet\" \/>\n\t<meta name=\"twitter:label2\" content=\"Est. reading time\" \/>\n\t<meta name=\"twitter:data2\" content=\"2 minutes\" \/>\n<script type=\"application\/ld+json\" class=\"yoast-schema-graph\">{\"@context\":\"https:\\\/\\\/schema.org\",\"@graph\":[{\"@type\":\"Article\",\"@id\":\"https:\\\/\\\/refletnews.ca\\\/en\\\/culture\\\/manifestations-communautaires-bibliotheque-camille-piche\\\/#article\",\"isPartOf\":{\"@id\":\"https:\\\/\\\/refletnews.ca\\\/en\\\/culture\\\/manifestations-communautaires-bibliotheque-camille-piche\\\/\"},\"author\":{\"name\":\"Karine Audet\",\"@id\":\"https:\\\/\\\/refletnews.ca\\\/en\\\/#\\\/schema\\\/person\\\/a9497767458fae7e369f8c54ce24e9ec\"},\"headline\":\"Manifestations communautaires Biblioth\u00e8que Camille Pich\u00e9\",\"datePublished\":\"2022-05-05T11:25:22+00:00\",\"dateModified\":\"2025-12-16T03:30:19+00:00\",\"mainEntityOfPage\":{\"@id\":\"https:\\\/\\\/refletnews.ca\\\/en\\\/culture\\\/manifestations-communautaires-bibliotheque-camille-piche\\\/\"},\"wordCount\":488,\"image\":{\"@id\":\"https:\\\/\\\/refletnews.ca\\\/en\\\/culture\\\/manifestations-communautaires-bibliotheque-camille-piche\\\/#primaryimage\"},\"thumbnailUrl\":\"https:\\\/\\\/cdn.editionap.ca\\\/wp-content\\\/uploads\\\/sites\\\/3\\\/2022\\\/05\\\/ACTCS-Camille_Piche_Protest-1b.jpg\",\"articleSection\":[\"Culture\"],\"inLanguage\":\"en-CA\"},{\"@type\":\"WebPage\",\"@id\":\"https:\\\/\\\/refletnews.ca\\\/en\\\/culture\\\/manifestations-communautaires-bibliotheque-camille-piche\\\/\",\"url\":\"https:\\\/\\\/refletnews.ca\\\/en\\\/culture\\\/manifestations-communautaires-bibliotheque-camille-piche\\\/\",\"name\":\"Manifestations communautaires Biblioth\u00e8que Camille Pich\u00e9 - Le Reflet \\\/ The News\",\"isPartOf\":{\"@id\":\"https:\\\/\\\/refletnews.ca\\\/en\\\/#website\"},\"primaryImageOfPage\":{\"@id\":\"https:\\\/\\\/refletnews.ca\\\/en\\\/culture\\\/manifestations-communautaires-bibliotheque-camille-piche\\\/#primaryimage\"},\"image\":{\"@id\":\"https:\\\/\\\/refletnews.ca\\\/en\\\/culture\\\/manifestations-communautaires-bibliotheque-camille-piche\\\/#primaryimage\"},\"thumbnailUrl\":\"https:\\\/\\\/cdn.editionap.ca\\\/wp-content\\\/uploads\\\/sites\\\/3\\\/2022\\\/05\\\/ACTCS-Camille_Piche_Protest-1b.jpg\",\"datePublished\":\"2022-05-05T11:25:22+00:00\",\"dateModified\":\"2025-12-16T03:30:19+00:00\",\"author\":{\"@id\":\"https:\\\/\\\/refletnews.ca\\\/en\\\/#\\\/schema\\\/person\\\/a9497767458fae7e369f8c54ce24e9ec\"},\"breadcrumb\":{\"@id\":\"https:\\\/\\\/refletnews.ca\\\/en\\\/culture\\\/manifestations-communautaires-bibliotheque-camille-piche\\\/#breadcrumb\"},\"inLanguage\":\"en-CA\",\"potentialAction\":[{\"@type\":\"ReadAction\",\"target\":[\"https:\\\/\\\/refletnews.ca\\\/en\\\/culture\\\/manifestations-communautaires-bibliotheque-camille-piche\\\/\"]}]},{\"@type\":\"ImageObject\",\"inLanguage\":\"en-CA\",\"@id\":\"https:\\\/\\\/refletnews.ca\\\/en\\\/culture\\\/manifestations-communautaires-bibliotheque-camille-piche\\\/#primaryimage\",\"url\":\"https:\\\/\\\/cdn.editionap.ca\\\/wp-content\\\/uploads\\\/sites\\\/3\\\/2022\\\/05\\\/ACTCS-Camille_Piche_Protest-1b.jpg\",\"contentUrl\":\"https:\\\/\\\/cdn.editionap.ca\\\/wp-content\\\/uploads\\\/sites\\\/3\\\/2022\\\/05\\\/ACTCS-Camille_Piche_Protest-1b.jpg\",\"width\":1600,\"height\":1200},{\"@type\":\"BreadcrumbList\",\"@id\":\"https:\\\/\\\/refletnews.ca\\\/en\\\/culture\\\/manifestations-communautaires-bibliotheque-camille-piche\\\/#breadcrumb\",\"itemListElement\":[{\"@type\":\"ListItem\",\"position\":1,\"name\":\"Accueil\",\"item\":\"https:\\\/\\\/refletnews.ca\\\/en\\\/\"},{\"@type\":\"ListItem\",\"position\":2,\"name\":\"Manifestations communautaires Biblioth\u00e8que Camille Pich\u00e9\"}]},{\"@type\":\"WebSite\",\"@id\":\"https:\\\/\\\/refletnews.ca\\\/en\\\/#website\",\"url\":\"https:\\\/\\\/refletnews.ca\\\/en\\\/\",\"name\":\"Le Reflet \\\/ The News\",\"description\":\"\",\"potentialAction\":[{\"@type\":\"SearchAction\",\"target\":{\"@type\":\"EntryPoint\",\"urlTemplate\":\"https:\\\/\\\/refletnews.ca\\\/en\\\/?s={search_term_string}\"},\"query-input\":{\"@type\":\"PropertyValueSpecification\",\"valueRequired\":true,\"valueName\":\"search_term_string\"}}],\"inLanguage\":\"en-CA\"},{\"@type\":\"Person\",\"@id\":\"https:\\\/\\\/refletnews.ca\\\/en\\\/#\\\/schema\\\/person\\\/a9497767458fae7e369f8c54ce24e9ec\",\"name\":\"Karine Audet\",\"image\":{\"@type\":\"ImageObject\",\"inLanguage\":\"en-CA\",\"@id\":\"https:\\\/\\\/secure.gravatar.com\\\/avatar\\\/8fcadb810451b70477882d22b4e9facadbb7a9587f0090437d2b552b0c38a5df?s=96&d=mm&r=g\",\"url\":\"https:\\\/\\\/secure.gravatar.com\\\/avatar\\\/8fcadb810451b70477882d22b4e9facadbb7a9587f0090437d2b552b0c38a5df?s=96&d=mm&r=g\",\"contentUrl\":\"https:\\\/\\\/secure.gravatar.com\\\/avatar\\\/8fcadb810451b70477882d22b4e9facadbb7a9587f0090437d2b552b0c38a5df?s=96&d=mm&r=g\",\"caption\":\"Karine Audet\"}}]}<\/script>\n<!-- \/ Yoast SEO plugin. -->","yoast_head_json":{"title":"Manifestations communautaires Biblioth\u00e8que Camille Pich\u00e9 - Le Reflet \/ The News","robots":{"index":"index","follow":"follow","max-snippet":"max-snippet:-1","max-image-preview":"max-image-preview:large","max-video-preview":"max-video-preview:-1"},"canonical":"https:\/\/refletnews.ca\/en\/culture\/manifestations-communautaires-bibliotheque-camille-piche\/","og_locale":"en_US","og_type":"article","og_title":"Manifestations communautaires Biblioth\u00e8que Camille Pich\u00e9 - Le Reflet \/ The News","og_description":"C'est un groupe inquiet qui a assist\u00e9 \u00e0 la r\u00e9union ordinaire du Conseil de Russell le 2 mai.","og_url":"https:\/\/refletnews.ca\/en\/culture\/manifestations-communautaires-bibliotheque-camille-piche\/","og_site_name":"Le Reflet \/ The News","article_published_time":"2022-05-05T11:25:22+00:00","article_modified_time":"2025-12-16T03:30:19+00:00","og_image":[{"width":1600,"height":1200,"url":"https:\/\/cdn.editionap.ca\/wp-content\/uploads\/sites\/3\/2022\/05\/ACTCS-Camille_Piche_Protest-1b.jpg","type":"image\/jpeg"}],"author":"Karine Audet","twitter_card":"summary_large_image","twitter_misc":{"Written by":"Karine Audet","Est. reading time":"2 minutes"},"schema":{"@context":"https:\/\/schema.org","@graph":[{"@type":"Article","@id":"https:\/\/refletnews.ca\/en\/culture\/manifestations-communautaires-bibliotheque-camille-piche\/#article","isPartOf":{"@id":"https:\/\/refletnews.ca\/en\/culture\/manifestations-communautaires-bibliotheque-camille-piche\/"},"author":{"name":"Karine Audet","@id":"https:\/\/refletnews.ca\/en\/#\/schema\/person\/a9497767458fae7e369f8c54ce24e9ec"},"headline":"Manifestations communautaires Biblioth\u00e8que Camille Pich\u00e9","datePublished":"2022-05-05T11:25:22+00:00","dateModified":"2025-12-16T03:30:19+00:00","mainEntityOfPage":{"@id":"https:\/\/refletnews.ca\/en\/culture\/manifestations-communautaires-bibliotheque-camille-piche\/"},"wordCount":488,"image":{"@id":"https:\/\/refletnews.ca\/en\/culture\/manifestations-communautaires-bibliotheque-camille-piche\/#primaryimage"},"thumbnailUrl":"https:\/\/cdn.editionap.ca\/wp-content\/uploads\/sites\/3\/2022\/05\/ACTCS-Camille_Piche_Protest-1b.jpg","articleSection":["Culture"],"inLanguage":"en-CA"},{"@type":"WebPage","@id":"https:\/\/refletnews.ca\/en\/culture\/manifestations-communautaires-bibliotheque-camille-piche\/","url":"https:\/\/refletnews.ca\/en\/culture\/manifestations-communautaires-bibliotheque-camille-piche\/","name":"Manifestations communautaires Biblioth\u00e8que Camille Pich\u00e9 - Le Reflet \/ The News","isPartOf":{"@id":"https:\/\/refletnews.ca\/en\/#website"},"primaryImageOfPage":{"@id":"https:\/\/refletnews.ca\/en\/culture\/manifestations-communautaires-bibliotheque-camille-piche\/#primaryimage"},"image":{"@id":"https:\/\/refletnews.ca\/en\/culture\/manifestations-communautaires-bibliotheque-camille-piche\/#primaryimage"},"thumbnailUrl":"https:\/\/cdn.editionap.ca\/wp-content\/uploads\/sites\/3\/2022\/05\/ACTCS-Camille_Piche_Protest-1b.jpg","datePublished":"2022-05-05T11:25:22+00:00","dateModified":"2025-12-16T03:30:19+00:00","author":{"@id":"https:\/\/refletnews.ca\/en\/#\/schema\/person\/a9497767458fae7e369f8c54ce24e9ec"},"breadcrumb":{"@id":"https:\/\/refletnews.ca\/en\/culture\/manifestations-communautaires-bibliotheque-camille-piche\/#breadcrumb"},"inLanguage":"en-CA","potentialAction":[{"@type":"ReadAction","target":["https:\/\/refletnews.ca\/en\/culture\/manifestations-communautaires-bibliotheque-camille-piche\/"]}]},{"@type":"ImageObject","inLanguage":"en-CA","@id":"https:\/\/refletnews.ca\/en\/culture\/manifestations-communautaires-bibliotheque-camille-piche\/#primaryimage","url":"https:\/\/cdn.editionap.ca\/wp-content\/uploads\/sites\/3\/2022\/05\/ACTCS-Camille_Piche_Protest-1b.jpg","contentUrl":"https:\/\/cdn.editionap.ca\/wp-content\/uploads\/sites\/3\/2022\/05\/ACTCS-Camille_Piche_Protest-1b.jpg","width":1600,"height":1200},{"@type":"BreadcrumbList","@id":"https:\/\/refletnews.ca\/en\/culture\/manifestations-communautaires-bibliotheque-camille-piche\/#breadcrumb","itemListElement":[{"@type":"ListItem","position":1,"name":"Accueil","item":"https:\/\/refletnews.ca\/en\/"},{"@type":"ListItem","position":2,"name":"Manifestations communautaires Biblioth\u00e8que Camille Pich\u00e9"}]},{"@type":"WebSite","@id":"https:\/\/refletnews.ca\/en\/#website","url":"https:\/\/refletnews.ca\/en\/","name":"Le Reflet \/ The News","description":"","potentialAction":[{"@type":"SearchAction","target":{"@type":"EntryPoint","urlTemplate":"https:\/\/refletnews.ca\/en\/?s={search_term_string}"},"query-input":{"@type":"PropertyValueSpecification","valueRequired":true,"valueName":"search_term_string"}}],"inLanguage":"en-CA"},{"@type":"Person","@id":"https:\/\/refletnews.ca\/en\/#\/schema\/person\/a9497767458fae7e369f8c54ce24e9ec","name":"Karine Audet","image":{"@type":"ImageObject","inLanguage":"en-CA","@id":"https:\/\/secure.gravatar.com\/avatar\/8fcadb810451b70477882d22b4e9facadbb7a9587f0090437d2b552b0c38a5df?s=96&d=mm&r=g","url":"https:\/\/secure.gravatar.com\/avatar\/8fcadb810451b70477882d22b4e9facadbb7a9587f0090437d2b552b0c38a5df?s=96&d=mm&r=g","contentUrl":"https:\/\/secure.gravatar.com\/avatar\/8fcadb810451b70477882d22b4e9facadbb7a9587f0090437d2b552b0c38a5df?s=96&d=mm&r=g","caption":"Karine Audet"}}]}},"_links":{"self":[{"href":"https:\/\/refletnews.ca\/en\/wp-json\/wp\/v2\/posts\/21899","targetHints":{"allow":["GET"]}}],"collection":[{"href":"https:\/\/refletnews.ca\/en\/wp-json\/wp\/v2\/posts"}],"about":[{"href":"https:\/\/refletnews.ca\/en\/wp-json\/wp\/v2\/types\/post"}],"author":[{"embeddable":true,"href":"https:\/\/refletnews.ca\/en\/wp-json\/wp\/v2\/users\/11"}],"replies":[{"embeddable":true,"href":"https:\/\/refletnews.ca\/en\/wp-json\/wp\/v2\/comments?post=21899"}],"version-history":[{"count":1,"href":"https:\/\/refletnews.ca\/en\/wp-json\/wp\/v2\/posts\/21899\/revisions"}],"predecessor-version":[{"id":129634,"href":"https:\/\/refletnews.ca\/en\/wp-json\/wp\/v2\/posts\/21899\/revisions\/129634"}],"wp:featuredmedia":[{"embeddable":true,"href":"https:\/\/refletnews.ca\/en\/wp-json\/wp\/v2\/media\/21900"}],"wp:attachment":[{"href":"https:\/\/refletnews.ca\/en\/wp-json\/wp\/v2\/media?parent=21899"}],"wp:term":[{"taxonomy":"category","embeddable":true,"href":"https:\/\/refletnews.ca\/en\/wp-json\/wp\/v2\/categories?post=21899"},{"taxonomy":"post_tag","embeddable":true,"href":"https:\/\/refletnews.ca\/en\/wp-json\/wp\/v2\/tags?post=21899"}],"curies":[{"name":"wp","href":"https:\/\/api.w.org\/{rel}","templated":true}]}}