{"id":1911,"date":"2020-07-23T17:09:54","date_gmt":"2020-07-23T17:09:54","guid":{"rendered":"https:\/\/editionap.ca\/2020\/07\/23\/un-citoyen-dembrun-lance-un-livre-pour-enfants\/"},"modified":"2025-12-16T04:30:19","modified_gmt":"2025-12-16T03:30:19","slug":"un-citoyen-dembrun-lance-un-livre-pour-enfants","status":"publish","type":"post","link":"https:\/\/refletnews.ca\/en\/culture\/un-citoyen-dembrun-lance-un-livre-pour-enfants\/","title":{"rendered":"Un citoyen d\u2019Embrun lance un livre pour enfants"},"content":{"rendered":"<p>\u00abMon nouveau roman, c\u2019est une petite histoire d&#8217;\u00e2ge pr\u00e9scolaire sur la politique canadienne avec des sc\u00e8nes d&#8217;action et d&#8217;aventure.\u00bb Les gens peuvent se le procurer, ainsi que l\u2019un ou l\u2019autre de ses trois autres romans de l\u2019auteur, au 17 337 route 43 \u00e0 Monkland le samedi 25 juillet entre 9h et 16h, ou encore le lendemain de 10h \u00e0 15h au 1279 chemin Colonial \u00e0 Navan. M. Gagnier, ainsi que sa m\u00e8re, seront pr\u00e9sents \u00e0 ces deux \u00e9v\u00e8nements de lancement.<\/p>\n<p>De plus, le samedi 8 aout prochain, de 20h30 \u00e0 21h, aura lieu un lancement virtuel sur Zoom (code de r\u00e9union 253 981 6768). Un extrait du roman y sera lu et les gens qui assistent virtuellement au lancement pourront ensuite poser des questions. Le roman, sur lequel il travaille depuis 2018 dans ses temps libres, est publi\u00e9 par la maison d\u2019\u00e9dition M3 publishing de Casselman<\/p>\n<p>Ce roman allie deux passions de M. Gagnier, soit l\u2019\u00e9criture et la politique, M. Gagnier a \u00e9t\u00e9 candidat \u00e0 diff\u00e9rents postes aux niveaux municipal, provincial et f\u00e9d\u00e9ral de 2014 \u00e0 2019. Il est d\u2019ailleurs bien heureux de pouvoir le publier en cette p\u00e9riode difficile. \u00abEn raison de la situation actuelle, je voulais faire quelque chose de sp\u00e9cial pour des gens qui s&#8217;ennuient durant cette pand\u00e9mie\u00bb, a-t-il fait valoir.<\/p>\n","protected":false},"excerpt":{"rendered":"<p>Marc-Antoine Gagnier, d\u2019Embrun, publiera son quatri\u00e8me roman pour enfants, Marc-Antoine, le politicien: S\u00e9quence pilote.<\/p>\n","protected":false},"author":7,"featured_media":1912,"comment_status":"open","ping_status":"open","sticky":false,"template":"","format":"standard","meta":{"_acf_changed":false,"footnotes":""},"categories":[42],"tags":[],"class_list":["post-1911","post","type-post","status-publish","format-standard","has-post-thumbnail","hentry","category-culture"],"acf":[],"featured_media_global":[],"yoast_head":"<!-- This site is optimized with the Yoast SEO plugin v27.5 - https:\/\/yoast.com\/product\/yoast-seo-wordpress\/ -->\n<title>Un citoyen d\u2019Embrun lance un livre pour enfants - Le Reflet \/ The News<\/title>\n<meta name=\"robots\" content=\"index, follow, max-snippet:-1, max-image-preview:large, max-video-preview:-1\" \/>\n<link rel=\"canonical\" href=\"https:\/\/refletnews.ca\/en\/culture\/un-citoyen-dembrun-lance-un-livre-pour-enfants\/\" \/>\n<meta property=\"og:locale\" content=\"en_US\" \/>\n<meta property=\"og:type\" content=\"article\" \/>\n<meta property=\"og:title\" content=\"Un citoyen d\u2019Embrun lance un livre pour enfants - Le Reflet \/ The News\" \/>\n<meta property=\"og:description\" content=\"Marc-Antoine Gagnier, d\u2019Embrun, publiera son quatri\u00e8me roman pour enfants, Marc-Antoine, le politicien: S\u00e9quence pilote.\" \/>\n<meta property=\"og:url\" content=\"https:\/\/refletnews.ca\/en\/culture\/un-citoyen-dembrun-lance-un-livre-pour-enfants\/\" \/>\n<meta property=\"og:site_name\" content=\"Le Reflet \/ The News\" \/>\n<meta property=\"article:published_time\" content=\"2020-07-23T17:09:54+00:00\" \/>\n<meta property=\"article:modified_time\" content=\"2025-12-16T03:30:19+00:00\" \/>\n<meta property=\"og:image\" content=\"https:\/\/cdn.editionap.ca\/wp-content\/uploads\/sites\/3\/2022\/02\/f7dbed9d-b1e4-477d-9ada-110db0d2e0cf.jpg\" \/>\n\t<meta property=\"og:image:width\" content=\"256\" \/>\n\t<meta property=\"og:image:height\" content=\"480\" \/>\n\t<meta property=\"og:image:type\" content=\"image\/jpeg\" \/>\n<meta name=\"author\" content=\"ezn2_spadmin\" \/>\n<meta name=\"twitter:card\" content=\"summary_large_image\" \/>\n<meta name=\"twitter:label1\" content=\"Written by\" \/>\n\t<meta name=\"twitter:data1\" content=\"ezn2_spadmin\" \/>\n\t<meta name=\"twitter:label2\" content=\"Est. reading time\" \/>\n\t<meta name=\"twitter:data2\" content=\"1 minute\" \/>\n<script type=\"application\/ld+json\" class=\"yoast-schema-graph\">{\"@context\":\"https:\\\/\\\/schema.org\",\"@graph\":[{\"@type\":\"Article\",\"@id\":\"https:\\\/\\\/refletnews.ca\\\/en\\\/culture\\\/un-citoyen-dembrun-lance-un-livre-pour-enfants\\\/#article\",\"isPartOf\":{\"@id\":\"https:\\\/\\\/refletnews.ca\\\/en\\\/culture\\\/un-citoyen-dembrun-lance-un-livre-pour-enfants\\\/\"},\"author\":{\"name\":\"ezn2_spadmin\",\"@id\":\"https:\\\/\\\/refletnews.ca\\\/en\\\/#\\\/schema\\\/person\\\/ecd8a97c76ea385f3027e987481ea16a\"},\"headline\":\"Un citoyen d\u2019Embrun lance un livre pour enfants\",\"datePublished\":\"2020-07-23T17:09:54+00:00\",\"dateModified\":\"2025-12-16T03:30:19+00:00\",\"mainEntityOfPage\":{\"@id\":\"https:\\\/\\\/refletnews.ca\\\/en\\\/culture\\\/un-citoyen-dembrun-lance-un-livre-pour-enfants\\\/\"},\"wordCount\":227,\"commentCount\":0,\"image\":{\"@id\":\"https:\\\/\\\/refletnews.ca\\\/en\\\/culture\\\/un-citoyen-dembrun-lance-un-livre-pour-enfants\\\/#primaryimage\"},\"thumbnailUrl\":\"https:\\\/\\\/cdn.editionap.ca\\\/wp-content\\\/uploads\\\/sites\\\/3\\\/2022\\\/02\\\/f7dbed9d-b1e4-477d-9ada-110db0d2e0cf.jpg\",\"articleSection\":[\"Culture\"],\"inLanguage\":\"en-CA\",\"potentialAction\":[{\"@type\":\"CommentAction\",\"name\":\"Comment\",\"target\":[\"https:\\\/\\\/refletnews.ca\\\/en\\\/culture\\\/un-citoyen-dembrun-lance-un-livre-pour-enfants\\\/#respond\"]}]},{\"@type\":\"WebPage\",\"@id\":\"https:\\\/\\\/refletnews.ca\\\/en\\\/culture\\\/un-citoyen-dembrun-lance-un-livre-pour-enfants\\\/\",\"url\":\"https:\\\/\\\/refletnews.ca\\\/en\\\/culture\\\/un-citoyen-dembrun-lance-un-livre-pour-enfants\\\/\",\"name\":\"Un citoyen d\u2019Embrun lance un livre pour enfants - Le Reflet \\\/ The News\",\"isPartOf\":{\"@id\":\"https:\\\/\\\/refletnews.ca\\\/en\\\/#website\"},\"primaryImageOfPage\":{\"@id\":\"https:\\\/\\\/refletnews.ca\\\/en\\\/culture\\\/un-citoyen-dembrun-lance-un-livre-pour-enfants\\\/#primaryimage\"},\"image\":{\"@id\":\"https:\\\/\\\/refletnews.ca\\\/en\\\/culture\\\/un-citoyen-dembrun-lance-un-livre-pour-enfants\\\/#primaryimage\"},\"thumbnailUrl\":\"https:\\\/\\\/cdn.editionap.ca\\\/wp-content\\\/uploads\\\/sites\\\/3\\\/2022\\\/02\\\/f7dbed9d-b1e4-477d-9ada-110db0d2e0cf.jpg\",\"datePublished\":\"2020-07-23T17:09:54+00:00\",\"dateModified\":\"2025-12-16T03:30:19+00:00\",\"author\":{\"@id\":\"https:\\\/\\\/refletnews.ca\\\/en\\\/#\\\/schema\\\/person\\\/ecd8a97c76ea385f3027e987481ea16a\"},\"breadcrumb\":{\"@id\":\"https:\\\/\\\/refletnews.ca\\\/en\\\/culture\\\/un-citoyen-dembrun-lance-un-livre-pour-enfants\\\/#breadcrumb\"},\"inLanguage\":\"en-CA\",\"potentialAction\":[{\"@type\":\"ReadAction\",\"target\":[\"https:\\\/\\\/refletnews.ca\\\/en\\\/culture\\\/un-citoyen-dembrun-lance-un-livre-pour-enfants\\\/\"]}]},{\"@type\":\"ImageObject\",\"inLanguage\":\"en-CA\",\"@id\":\"https:\\\/\\\/refletnews.ca\\\/en\\\/culture\\\/un-citoyen-dembrun-lance-un-livre-pour-enfants\\\/#primaryimage\",\"url\":\"https:\\\/\\\/cdn.editionap.ca\\\/wp-content\\\/uploads\\\/sites\\\/3\\\/2022\\\/02\\\/f7dbed9d-b1e4-477d-9ada-110db0d2e0cf.jpg\",\"contentUrl\":\"https:\\\/\\\/cdn.editionap.ca\\\/wp-content\\\/uploads\\\/sites\\\/3\\\/2022\\\/02\\\/f7dbed9d-b1e4-477d-9ada-110db0d2e0cf.jpg\",\"width\":256,\"height\":480},{\"@type\":\"BreadcrumbList\",\"@id\":\"https:\\\/\\\/refletnews.ca\\\/en\\\/culture\\\/un-citoyen-dembrun-lance-un-livre-pour-enfants\\\/#breadcrumb\",\"itemListElement\":[{\"@type\":\"ListItem\",\"position\":1,\"name\":\"Accueil\",\"item\":\"https:\\\/\\\/refletnews.ca\\\/en\\\/\"},{\"@type\":\"ListItem\",\"position\":2,\"name\":\"Un citoyen d\u2019Embrun lance un livre pour enfants\"}]},{\"@type\":\"WebSite\",\"@id\":\"https:\\\/\\\/refletnews.ca\\\/en\\\/#website\",\"url\":\"https:\\\/\\\/refletnews.ca\\\/en\\\/\",\"name\":\"Le Reflet \\\/ The News\",\"description\":\"\",\"potentialAction\":[{\"@type\":\"SearchAction\",\"target\":{\"@type\":\"EntryPoint\",\"urlTemplate\":\"https:\\\/\\\/refletnews.ca\\\/en\\\/?s={search_term_string}\"},\"query-input\":{\"@type\":\"PropertyValueSpecification\",\"valueRequired\":true,\"valueName\":\"search_term_string\"}}],\"inLanguage\":\"en-CA\"},{\"@type\":\"Person\",\"@id\":\"https:\\\/\\\/refletnews.ca\\\/en\\\/#\\\/schema\\\/person\\\/ecd8a97c76ea385f3027e987481ea16a\",\"name\":\"ezn2_spadmin\",\"image\":{\"@type\":\"ImageObject\",\"inLanguage\":\"en-CA\",\"@id\":\"https:\\\/\\\/secure.gravatar.com\\\/avatar\\\/10a4f0f991cc37cefde2ecf3b88df276159d0bcf256623224d1025086c609a97?s=96&d=mm&r=g\",\"url\":\"https:\\\/\\\/secure.gravatar.com\\\/avatar\\\/10a4f0f991cc37cefde2ecf3b88df276159d0bcf256623224d1025086c609a97?s=96&d=mm&r=g\",\"contentUrl\":\"https:\\\/\\\/secure.gravatar.com\\\/avatar\\\/10a4f0f991cc37cefde2ecf3b88df276159d0bcf256623224d1025086c609a97?s=96&d=mm&r=g\",\"caption\":\"ezn2_spadmin\"}}]}<\/script>\n<!-- \/ Yoast SEO plugin. -->","yoast_head_json":{"title":"Un citoyen d\u2019Embrun lance un livre pour enfants - Le Reflet \/ The News","robots":{"index":"index","follow":"follow","max-snippet":"max-snippet:-1","max-image-preview":"max-image-preview:large","max-video-preview":"max-video-preview:-1"},"canonical":"https:\/\/refletnews.ca\/en\/culture\/un-citoyen-dembrun-lance-un-livre-pour-enfants\/","og_locale":"en_US","og_type":"article","og_title":"Un citoyen d\u2019Embrun lance un livre pour enfants - Le Reflet \/ The News","og_description":"Marc-Antoine Gagnier, d\u2019Embrun, publiera son quatri\u00e8me roman pour enfants, Marc-Antoine, le politicien: S\u00e9quence pilote.","og_url":"https:\/\/refletnews.ca\/en\/culture\/un-citoyen-dembrun-lance-un-livre-pour-enfants\/","og_site_name":"Le Reflet \/ The News","article_published_time":"2020-07-23T17:09:54+00:00","article_modified_time":"2025-12-16T03:30:19+00:00","og_image":[{"width":256,"height":480,"url":"https:\/\/cdn.editionap.ca\/wp-content\/uploads\/sites\/3\/2022\/02\/f7dbed9d-b1e4-477d-9ada-110db0d2e0cf.jpg","type":"image\/jpeg"}],"author":"ezn2_spadmin","twitter_card":"summary_large_image","twitter_misc":{"Written by":"ezn2_spadmin","Est. reading time":"1 minute"},"schema":{"@context":"https:\/\/schema.org","@graph":[{"@type":"Article","@id":"https:\/\/refletnews.ca\/en\/culture\/un-citoyen-dembrun-lance-un-livre-pour-enfants\/#article","isPartOf":{"@id":"https:\/\/refletnews.ca\/en\/culture\/un-citoyen-dembrun-lance-un-livre-pour-enfants\/"},"author":{"name":"ezn2_spadmin","@id":"https:\/\/refletnews.ca\/en\/#\/schema\/person\/ecd8a97c76ea385f3027e987481ea16a"},"headline":"Un citoyen d\u2019Embrun lance un livre pour enfants","datePublished":"2020-07-23T17:09:54+00:00","dateModified":"2025-12-16T03:30:19+00:00","mainEntityOfPage":{"@id":"https:\/\/refletnews.ca\/en\/culture\/un-citoyen-dembrun-lance-un-livre-pour-enfants\/"},"wordCount":227,"commentCount":0,"image":{"@id":"https:\/\/refletnews.ca\/en\/culture\/un-citoyen-dembrun-lance-un-livre-pour-enfants\/#primaryimage"},"thumbnailUrl":"https:\/\/cdn.editionap.ca\/wp-content\/uploads\/sites\/3\/2022\/02\/f7dbed9d-b1e4-477d-9ada-110db0d2e0cf.jpg","articleSection":["Culture"],"inLanguage":"en-CA","potentialAction":[{"@type":"CommentAction","name":"Comment","target":["https:\/\/refletnews.ca\/en\/culture\/un-citoyen-dembrun-lance-un-livre-pour-enfants\/#respond"]}]},{"@type":"WebPage","@id":"https:\/\/refletnews.ca\/en\/culture\/un-citoyen-dembrun-lance-un-livre-pour-enfants\/","url":"https:\/\/refletnews.ca\/en\/culture\/un-citoyen-dembrun-lance-un-livre-pour-enfants\/","name":"Un citoyen d\u2019Embrun lance un livre pour enfants - Le Reflet \/ The News","isPartOf":{"@id":"https:\/\/refletnews.ca\/en\/#website"},"primaryImageOfPage":{"@id":"https:\/\/refletnews.ca\/en\/culture\/un-citoyen-dembrun-lance-un-livre-pour-enfants\/#primaryimage"},"image":{"@id":"https:\/\/refletnews.ca\/en\/culture\/un-citoyen-dembrun-lance-un-livre-pour-enfants\/#primaryimage"},"thumbnailUrl":"https:\/\/cdn.editionap.ca\/wp-content\/uploads\/sites\/3\/2022\/02\/f7dbed9d-b1e4-477d-9ada-110db0d2e0cf.jpg","datePublished":"2020-07-23T17:09:54+00:00","dateModified":"2025-12-16T03:30:19+00:00","author":{"@id":"https:\/\/refletnews.ca\/en\/#\/schema\/person\/ecd8a97c76ea385f3027e987481ea16a"},"breadcrumb":{"@id":"https:\/\/refletnews.ca\/en\/culture\/un-citoyen-dembrun-lance-un-livre-pour-enfants\/#breadcrumb"},"inLanguage":"en-CA","potentialAction":[{"@type":"ReadAction","target":["https:\/\/refletnews.ca\/en\/culture\/un-citoyen-dembrun-lance-un-livre-pour-enfants\/"]}]},{"@type":"ImageObject","inLanguage":"en-CA","@id":"https:\/\/refletnews.ca\/en\/culture\/un-citoyen-dembrun-lance-un-livre-pour-enfants\/#primaryimage","url":"https:\/\/cdn.editionap.ca\/wp-content\/uploads\/sites\/3\/2022\/02\/f7dbed9d-b1e4-477d-9ada-110db0d2e0cf.jpg","contentUrl":"https:\/\/cdn.editionap.ca\/wp-content\/uploads\/sites\/3\/2022\/02\/f7dbed9d-b1e4-477d-9ada-110db0d2e0cf.jpg","width":256,"height":480},{"@type":"BreadcrumbList","@id":"https:\/\/refletnews.ca\/en\/culture\/un-citoyen-dembrun-lance-un-livre-pour-enfants\/#breadcrumb","itemListElement":[{"@type":"ListItem","position":1,"name":"Accueil","item":"https:\/\/refletnews.ca\/en\/"},{"@type":"ListItem","position":2,"name":"Un citoyen d\u2019Embrun lance un livre pour enfants"}]},{"@type":"WebSite","@id":"https:\/\/refletnews.ca\/en\/#website","url":"https:\/\/refletnews.ca\/en\/","name":"Le Reflet \/ The News","description":"","potentialAction":[{"@type":"SearchAction","target":{"@type":"EntryPoint","urlTemplate":"https:\/\/refletnews.ca\/en\/?s={search_term_string}"},"query-input":{"@type":"PropertyValueSpecification","valueRequired":true,"valueName":"search_term_string"}}],"inLanguage":"en-CA"},{"@type":"Person","@id":"https:\/\/refletnews.ca\/en\/#\/schema\/person\/ecd8a97c76ea385f3027e987481ea16a","name":"ezn2_spadmin","image":{"@type":"ImageObject","inLanguage":"en-CA","@id":"https:\/\/secure.gravatar.com\/avatar\/10a4f0f991cc37cefde2ecf3b88df276159d0bcf256623224d1025086c609a97?s=96&d=mm&r=g","url":"https:\/\/secure.gravatar.com\/avatar\/10a4f0f991cc37cefde2ecf3b88df276159d0bcf256623224d1025086c609a97?s=96&d=mm&r=g","contentUrl":"https:\/\/secure.gravatar.com\/avatar\/10a4f0f991cc37cefde2ecf3b88df276159d0bcf256623224d1025086c609a97?s=96&d=mm&r=g","caption":"ezn2_spadmin"}}]}},"_links":{"self":[{"href":"https:\/\/refletnews.ca\/en\/wp-json\/wp\/v2\/posts\/1911","targetHints":{"allow":["GET"]}}],"collection":[{"href":"https:\/\/refletnews.ca\/en\/wp-json\/wp\/v2\/posts"}],"about":[{"href":"https:\/\/refletnews.ca\/en\/wp-json\/wp\/v2\/types\/post"}],"author":[{"embeddable":true,"href":"https:\/\/refletnews.ca\/en\/wp-json\/wp\/v2\/users\/7"}],"replies":[{"embeddable":true,"href":"https:\/\/refletnews.ca\/en\/wp-json\/wp\/v2\/comments?post=1911"}],"version-history":[{"count":1,"href":"https:\/\/refletnews.ca\/en\/wp-json\/wp\/v2\/posts\/1911\/revisions"}],"predecessor-version":[{"id":126429,"href":"https:\/\/refletnews.ca\/en\/wp-json\/wp\/v2\/posts\/1911\/revisions\/126429"}],"wp:featuredmedia":[{"embeddable":true,"href":"https:\/\/refletnews.ca\/en\/wp-json\/wp\/v2\/media\/1912"}],"wp:attachment":[{"href":"https:\/\/refletnews.ca\/en\/wp-json\/wp\/v2\/media?parent=1911"}],"wp:term":[{"taxonomy":"category","embeddable":true,"href":"https:\/\/refletnews.ca\/en\/wp-json\/wp\/v2\/categories?post=1911"},{"taxonomy":"post_tag","embeddable":true,"href":"https:\/\/refletnews.ca\/en\/wp-json\/wp\/v2\/tags?post=1911"}],"curies":[{"name":"wp","href":"https:\/\/api.w.org\/{rel}","templated":true}]}}