{"id":18654,"date":"2021-09-30T00:10:57","date_gmt":"2021-09-30T00:10:57","guid":{"rendered":"https:\/\/editionap.ca\/2021\/09\/30\/le-csdceo-celebre-la-journee-des-franco-ontariens\/"},"modified":"2025-12-16T04:33:05","modified_gmt":"2025-12-16T03:33:05","slug":"le-csdceo-celebre-la-journee-des-franco-ontariens","status":"publish","type":"post","link":"https:\/\/refletnews.ca\/en\/culture\/le-csdceo-celebre-la-journee-des-franco-ontariens\/","title":{"rendered":"Le CSDCEO c\u00e9l\u00e8bre la journ\u00e9e des franco-ontariens"},"content":{"rendered":"<p>Pour se mettre en contexte, le jour du 25 septembre souligne l\u2019anniversaire du premier lever du drapeau franco-ontarien, cr\u00e9\u00e9 par Michel Dupuis et Ga\u00e9tan Gervais, \u00e0 l\u2019Universit\u00e9 Laurentienne de Sudbury, en 1975. Par contre, la Journ\u00e9e des Franco-Ontariens n\u2019a \u00e9t\u00e9 d\u00e9clar\u00e9e comme journ\u00e9e officielle qu\u2019en 2010 par l\u2019Assembl\u00e9e l\u00e9gislative. Ce jour permet de reconna\u00eetre l\u2019apport des Franco-Ontariens dans la culture, l\u2019histoire sociale, \u00e9conomique et politique de la province. Il est important de souligner cette journ\u00e9e pour d\u00e9montrer la fiert\u00e9 de la communaut\u00e9 francophone, mais aussi sa culture et son histoire. \u202f&nbsp;<\/p>\n<p>Pour l\u2019occasion, les \u00e9l\u00e8ves et les membres de la communaut\u00e9 scolaire du Conseil scolaire de district catholique de l\u2019Est ontarien (CSDCEO) c\u00e9l\u00e8breront en participant au spectacle virtuel provincial\u202fEncore ensemble,\u202fle 24 septembre, de 9h30 \u00e0 11h. En direct du Studio de l\u2019Excentricit\u00e9 du Coll\u00e8ge La Cit\u00e9 se d\u00e9rouleront : Messages du gouvernement et de l\u2019Assembl\u00e9e en pr\u00e9lude, animation par le groupe Improt\u00e9ine, musique par Brian St-Pierre et JOLY, participation d\u2019\u00e9toiles du Concours LOL, on bouge avec DJ UNPIER et ses invit\u00e9s surprise !, quiz franco avec Le R\u00e9veil, m\u00e9ga mosa\u00efque franco avec toutes les \u00e9coles, surprise du Festival franco-ontarien, lever du drapeau avec le nouveau vid\u00e9oclip de Mon beau drapeau.\u202fYao, Mimi O\u2019Bonsawin, Kimya, Ariko, Twin Flames, Marie-Clo, Chlo\u00e9 Th\u00e9riault, Amadou Kienou, MoovOttawa, Martin Deschatelets, Angelo Paquette, Telecolor, Martin Blanchet, Makhena Rankin Gu\u00e9rin, Fritz Larivi\u00e8re, France Smith, les cr\u00e9ateurs de L\u2019\u00e9cho d\u2019un peuple, dont Brian St-Pierre,\u202f\u202fJulie Kim, C\u00e9leste L\u00e9vis, Damien Robitaille, M\u00e9lissa Ouimet et Le R Premier seront \u00e9galement de la partie. \u202f&nbsp;<\/p>\n<p>\u00abLes \u00e9l\u00e8ves des \u00e9coles catholiques de langue fran\u00e7aise des r\u00e9gions de Stormont, Dundas, Glengarry, Prescott et Russell sont de fiers ambassadeurs et de fi\u00e8res ambassadrices de leur langue et de leur culture franco-ontarienne. Pour la Journ\u00e9e des Franco-Ontariennes et des Franco-Ontariens, nous invitons nos \u00e9l\u00e8ves, nos membres du personnel et toute la communaut\u00e9 \u00e0 afficher fi\u00e8rement leurs couleurs.\u00bb a exprim\u00e9 Fran\u00e7ois Turpin, directeur de l\u2019\u00e9ducation et secr\u00e9taire. \u202f&nbsp;<\/p>\n<p>D\u2019autres initiatives sont \u00e9galement entreprises pour souligner cette journ\u00e9e. Par exemple, TFO (t\u00e9l\u00e9vision franco-ontarienne) propose des capsules d\u2019animation et des entrevues avec des personnalit\u00e9s franco-ontariennes connues. Christian Quesnel, Alexandre Berthier, St\u00e9phane Lemardel\u00e9, Brian St-Pierre font vivre une exp\u00e9rience artistique immersive par leur bande dessin\u00e9e d\u00e9ploy\u00e9e sur 360 degr\u00e9s. L\u2019\u00e9cho d\u2019un peuple, Le R\u00e9veil, le CSDCEO et la FESFO offrent douze \u00e9missions pour d\u00e9couvrir de jeunes leaders, humoristes et champions, mettant en vedette la force des r\u00e9gions francophones de l\u2019Ontario. Puis, pour les enfants, Nathalie Nadon et Karine Ricard partagent cinq capsules des aventures d\u2019Amandine et Rosalie, o\u00f9 elles leur font d\u00e9couvrir les beaut\u00e9s qui font la fiert\u00e9 d\u2019\u00eatre franco-ontarien. \u202f&nbsp;<\/p>\n<p>Le 25 septembre a aussi lieu la journ\u00e9e o\u00f9 on ach\u00e8te des livres en fran\u00e7ais pour encourager et promouvoir les artistes franco-ontariens. \u202f&nbsp;<\/p>\n<p>La premi\u00e8re pr\u00e9sence fran\u00e7aise en Ontario remonte \u00e0 1610, lorsqu\u2019\u00c9tienne Br\u00fbl\u00e9 explore le territoire. En 1615, Samuel de Champlain s\u2019installe sur le territoire actuel de Penetanguishene pour \u00e9tablir des liens avec les Hurons-Wendats et y \u00e9tablit les premiers postes de traite de fourrure. C\u2019est ainsi qu\u2019est cr\u00e9\u00e9 le premier \u00e9tablissement europ\u00e9en, Sainte-Marie-aux-pays-des-Hurons (comt\u00e9 de Simcoe), en 1639. Selon le recensement de 2011, 561 155 personnes ont le fran\u00e7ais comme langue maternelle, mais 1 235 765 seraient d\u2019origine francophone. Environ 40% des francophones de l\u2019Ontario sont concentr\u00e9s dans l\u2019est, pr\u00e8s d\u2019Ottawa. &nbsp;<\/p>\n","protected":false},"excerpt":{"rendered":"<p>Pour c\u00e9l\u00e9brer la Journ\u00e9e des Franco-Ontariens, le 25 septembre, le CSDCEO invite toute la communaut\u00e9 \u00e0 participer en grand nombre \u00e0 la m\u00e9ga c\u00e9l\u00e9bration virtuelle\u202fEncore ensemble,\u202fle 24 septembre prochain.\u202f\u202f<\/p>\n","protected":false},"author":7,"featured_media":18655,"comment_status":"closed","ping_status":"open","sticky":false,"template":"","format":"standard","meta":{"_acf_changed":false,"footnotes":""},"categories":[42],"tags":[],"class_list":["post-18654","post","type-post","status-publish","format-standard","has-post-thumbnail","hentry","category-culture"],"acf":[],"featured_media_global":[],"yoast_head":"<!-- This site is optimized with the Yoast SEO plugin v27.5 - https:\/\/yoast.com\/product\/yoast-seo-wordpress\/ -->\n<title>Le CSDCEO c\u00e9l\u00e8bre la journ\u00e9e des franco-ontariens - Le Reflet \/ The News<\/title>\n<meta name=\"robots\" content=\"index, follow, max-snippet:-1, max-image-preview:large, max-video-preview:-1\" \/>\n<link rel=\"canonical\" href=\"https:\/\/refletnews.ca\/en\/culture\/le-csdceo-celebre-la-journee-des-franco-ontariens\/\" \/>\n<meta property=\"og:locale\" content=\"en_US\" \/>\n<meta property=\"og:type\" content=\"article\" \/>\n<meta property=\"og:title\" content=\"Le CSDCEO c\u00e9l\u00e8bre la journ\u00e9e des franco-ontariens - Le Reflet \/ The News\" \/>\n<meta property=\"og:description\" content=\"Pour c\u00e9l\u00e9brer la Journ\u00e9e des Franco-Ontariens, le 25 septembre, le CSDCEO invite toute la communaut\u00e9 \u00e0 participer en grand nombre \u00e0 la m\u00e9ga c\u00e9l\u00e9bration virtuelle\u202fEncore ensemble,\u202fle 24 septembre prochain.\u202f\u202f\" \/>\n<meta property=\"og:url\" content=\"https:\/\/refletnews.ca\/en\/culture\/le-csdceo-celebre-la-journee-des-franco-ontariens\/\" \/>\n<meta property=\"og:site_name\" content=\"Le Reflet \/ The News\" \/>\n<meta property=\"article:published_time\" content=\"2021-09-30T00:10:57+00:00\" \/>\n<meta property=\"article:modified_time\" content=\"2025-12-16T03:33:05+00:00\" \/>\n<meta property=\"og:image\" content=\"https:\/\/cdn.editionap.ca\/wp-content\/uploads\/sites\/3\/2021\/09\/c1d5d3c3-bf42-48ea-b4a7-21ccbfaba3e6.jpg\" \/>\n\t<meta property=\"og:image:width\" content=\"616\" \/>\n\t<meta property=\"og:image:height\" content=\"401\" \/>\n\t<meta property=\"og:image:type\" content=\"image\/jpeg\" \/>\n<meta name=\"author\" content=\"ezn2_spadmin\" \/>\n<meta name=\"twitter:card\" content=\"summary_large_image\" \/>\n<meta name=\"twitter:label1\" content=\"Written by\" \/>\n\t<meta name=\"twitter:data1\" content=\"ezn2_spadmin\" \/>\n\t<meta name=\"twitter:label2\" content=\"Est. reading time\" \/>\n\t<meta name=\"twitter:data2\" content=\"3 minutes\" \/>\n<script type=\"application\/ld+json\" class=\"yoast-schema-graph\">{\"@context\":\"https:\\\/\\\/schema.org\",\"@graph\":[{\"@type\":\"Article\",\"@id\":\"https:\\\/\\\/refletnews.ca\\\/en\\\/culture\\\/le-csdceo-celebre-la-journee-des-franco-ontariens\\\/#article\",\"isPartOf\":{\"@id\":\"https:\\\/\\\/refletnews.ca\\\/en\\\/culture\\\/le-csdceo-celebre-la-journee-des-franco-ontariens\\\/\"},\"author\":{\"name\":\"ezn2_spadmin\",\"@id\":\"https:\\\/\\\/refletnews.ca\\\/en\\\/#\\\/schema\\\/person\\\/ecd8a97c76ea385f3027e987481ea16a\"},\"headline\":\"Le CSDCEO c\u00e9l\u00e8bre la journ\u00e9e des franco-ontariens\",\"datePublished\":\"2021-09-30T00:10:57+00:00\",\"dateModified\":\"2025-12-16T03:33:05+00:00\",\"mainEntityOfPage\":{\"@id\":\"https:\\\/\\\/refletnews.ca\\\/en\\\/culture\\\/le-csdceo-celebre-la-journee-des-franco-ontariens\\\/\"},\"wordCount\":632,\"image\":{\"@id\":\"https:\\\/\\\/refletnews.ca\\\/en\\\/culture\\\/le-csdceo-celebre-la-journee-des-franco-ontariens\\\/#primaryimage\"},\"thumbnailUrl\":\"https:\\\/\\\/cdn.editionap.ca\\\/wp-content\\\/uploads\\\/sites\\\/3\\\/2021\\\/09\\\/c1d5d3c3-bf42-48ea-b4a7-21ccbfaba3e6.jpg\",\"articleSection\":[\"Culture\"],\"inLanguage\":\"en-CA\"},{\"@type\":\"WebPage\",\"@id\":\"https:\\\/\\\/refletnews.ca\\\/en\\\/culture\\\/le-csdceo-celebre-la-journee-des-franco-ontariens\\\/\",\"url\":\"https:\\\/\\\/refletnews.ca\\\/en\\\/culture\\\/le-csdceo-celebre-la-journee-des-franco-ontariens\\\/\",\"name\":\"Le CSDCEO c\u00e9l\u00e8bre la journ\u00e9e des franco-ontariens - Le Reflet \\\/ The News\",\"isPartOf\":{\"@id\":\"https:\\\/\\\/refletnews.ca\\\/en\\\/#website\"},\"primaryImageOfPage\":{\"@id\":\"https:\\\/\\\/refletnews.ca\\\/en\\\/culture\\\/le-csdceo-celebre-la-journee-des-franco-ontariens\\\/#primaryimage\"},\"image\":{\"@id\":\"https:\\\/\\\/refletnews.ca\\\/en\\\/culture\\\/le-csdceo-celebre-la-journee-des-franco-ontariens\\\/#primaryimage\"},\"thumbnailUrl\":\"https:\\\/\\\/cdn.editionap.ca\\\/wp-content\\\/uploads\\\/sites\\\/3\\\/2021\\\/09\\\/c1d5d3c3-bf42-48ea-b4a7-21ccbfaba3e6.jpg\",\"datePublished\":\"2021-09-30T00:10:57+00:00\",\"dateModified\":\"2025-12-16T03:33:05+00:00\",\"author\":{\"@id\":\"https:\\\/\\\/refletnews.ca\\\/en\\\/#\\\/schema\\\/person\\\/ecd8a97c76ea385f3027e987481ea16a\"},\"breadcrumb\":{\"@id\":\"https:\\\/\\\/refletnews.ca\\\/en\\\/culture\\\/le-csdceo-celebre-la-journee-des-franco-ontariens\\\/#breadcrumb\"},\"inLanguage\":\"en-CA\",\"potentialAction\":[{\"@type\":\"ReadAction\",\"target\":[\"https:\\\/\\\/refletnews.ca\\\/en\\\/culture\\\/le-csdceo-celebre-la-journee-des-franco-ontariens\\\/\"]}]},{\"@type\":\"ImageObject\",\"inLanguage\":\"en-CA\",\"@id\":\"https:\\\/\\\/refletnews.ca\\\/en\\\/culture\\\/le-csdceo-celebre-la-journee-des-franco-ontariens\\\/#primaryimage\",\"url\":\"https:\\\/\\\/cdn.editionap.ca\\\/wp-content\\\/uploads\\\/sites\\\/3\\\/2021\\\/09\\\/c1d5d3c3-bf42-48ea-b4a7-21ccbfaba3e6.jpg\",\"contentUrl\":\"https:\\\/\\\/cdn.editionap.ca\\\/wp-content\\\/uploads\\\/sites\\\/3\\\/2021\\\/09\\\/c1d5d3c3-bf42-48ea-b4a7-21ccbfaba3e6.jpg\",\"width\":616,\"height\":401},{\"@type\":\"BreadcrumbList\",\"@id\":\"https:\\\/\\\/refletnews.ca\\\/en\\\/culture\\\/le-csdceo-celebre-la-journee-des-franco-ontariens\\\/#breadcrumb\",\"itemListElement\":[{\"@type\":\"ListItem\",\"position\":1,\"name\":\"Accueil\",\"item\":\"https:\\\/\\\/refletnews.ca\\\/en\\\/\"},{\"@type\":\"ListItem\",\"position\":2,\"name\":\"Le CSDCEO c\u00e9l\u00e8bre la journ\u00e9e des franco-ontariens\"}]},{\"@type\":\"WebSite\",\"@id\":\"https:\\\/\\\/refletnews.ca\\\/en\\\/#website\",\"url\":\"https:\\\/\\\/refletnews.ca\\\/en\\\/\",\"name\":\"Le Reflet \\\/ The News\",\"description\":\"\",\"potentialAction\":[{\"@type\":\"SearchAction\",\"target\":{\"@type\":\"EntryPoint\",\"urlTemplate\":\"https:\\\/\\\/refletnews.ca\\\/en\\\/?s={search_term_string}\"},\"query-input\":{\"@type\":\"PropertyValueSpecification\",\"valueRequired\":true,\"valueName\":\"search_term_string\"}}],\"inLanguage\":\"en-CA\"},{\"@type\":\"Person\",\"@id\":\"https:\\\/\\\/refletnews.ca\\\/en\\\/#\\\/schema\\\/person\\\/ecd8a97c76ea385f3027e987481ea16a\",\"name\":\"ezn2_spadmin\",\"image\":{\"@type\":\"ImageObject\",\"inLanguage\":\"en-CA\",\"@id\":\"https:\\\/\\\/secure.gravatar.com\\\/avatar\\\/10a4f0f991cc37cefde2ecf3b88df276159d0bcf256623224d1025086c609a97?s=96&d=mm&r=g\",\"url\":\"https:\\\/\\\/secure.gravatar.com\\\/avatar\\\/10a4f0f991cc37cefde2ecf3b88df276159d0bcf256623224d1025086c609a97?s=96&d=mm&r=g\",\"contentUrl\":\"https:\\\/\\\/secure.gravatar.com\\\/avatar\\\/10a4f0f991cc37cefde2ecf3b88df276159d0bcf256623224d1025086c609a97?s=96&d=mm&r=g\",\"caption\":\"ezn2_spadmin\"}}]}<\/script>\n<!-- \/ Yoast SEO plugin. -->","yoast_head_json":{"title":"Le CSDCEO c\u00e9l\u00e8bre la journ\u00e9e des franco-ontariens - Le Reflet \/ The News","robots":{"index":"index","follow":"follow","max-snippet":"max-snippet:-1","max-image-preview":"max-image-preview:large","max-video-preview":"max-video-preview:-1"},"canonical":"https:\/\/refletnews.ca\/en\/culture\/le-csdceo-celebre-la-journee-des-franco-ontariens\/","og_locale":"en_US","og_type":"article","og_title":"Le CSDCEO c\u00e9l\u00e8bre la journ\u00e9e des franco-ontariens - Le Reflet \/ The News","og_description":"Pour c\u00e9l\u00e9brer la Journ\u00e9e des Franco-Ontariens, le 25 septembre, le CSDCEO invite toute la communaut\u00e9 \u00e0 participer en grand nombre \u00e0 la m\u00e9ga c\u00e9l\u00e9bration virtuelle\u202fEncore ensemble,\u202fle 24 septembre prochain.\u202f\u202f","og_url":"https:\/\/refletnews.ca\/en\/culture\/le-csdceo-celebre-la-journee-des-franco-ontariens\/","og_site_name":"Le Reflet \/ The News","article_published_time":"2021-09-30T00:10:57+00:00","article_modified_time":"2025-12-16T03:33:05+00:00","og_image":[{"width":616,"height":401,"url":"https:\/\/cdn.editionap.ca\/wp-content\/uploads\/sites\/3\/2021\/09\/c1d5d3c3-bf42-48ea-b4a7-21ccbfaba3e6.jpg","type":"image\/jpeg"}],"author":"ezn2_spadmin","twitter_card":"summary_large_image","twitter_misc":{"Written by":"ezn2_spadmin","Est. reading time":"3 minutes"},"schema":{"@context":"https:\/\/schema.org","@graph":[{"@type":"Article","@id":"https:\/\/refletnews.ca\/en\/culture\/le-csdceo-celebre-la-journee-des-franco-ontariens\/#article","isPartOf":{"@id":"https:\/\/refletnews.ca\/en\/culture\/le-csdceo-celebre-la-journee-des-franco-ontariens\/"},"author":{"name":"ezn2_spadmin","@id":"https:\/\/refletnews.ca\/en\/#\/schema\/person\/ecd8a97c76ea385f3027e987481ea16a"},"headline":"Le CSDCEO c\u00e9l\u00e8bre la journ\u00e9e des franco-ontariens","datePublished":"2021-09-30T00:10:57+00:00","dateModified":"2025-12-16T03:33:05+00:00","mainEntityOfPage":{"@id":"https:\/\/refletnews.ca\/en\/culture\/le-csdceo-celebre-la-journee-des-franco-ontariens\/"},"wordCount":632,"image":{"@id":"https:\/\/refletnews.ca\/en\/culture\/le-csdceo-celebre-la-journee-des-franco-ontariens\/#primaryimage"},"thumbnailUrl":"https:\/\/cdn.editionap.ca\/wp-content\/uploads\/sites\/3\/2021\/09\/c1d5d3c3-bf42-48ea-b4a7-21ccbfaba3e6.jpg","articleSection":["Culture"],"inLanguage":"en-CA"},{"@type":"WebPage","@id":"https:\/\/refletnews.ca\/en\/culture\/le-csdceo-celebre-la-journee-des-franco-ontariens\/","url":"https:\/\/refletnews.ca\/en\/culture\/le-csdceo-celebre-la-journee-des-franco-ontariens\/","name":"Le CSDCEO c\u00e9l\u00e8bre la journ\u00e9e des franco-ontariens - Le Reflet \/ The News","isPartOf":{"@id":"https:\/\/refletnews.ca\/en\/#website"},"primaryImageOfPage":{"@id":"https:\/\/refletnews.ca\/en\/culture\/le-csdceo-celebre-la-journee-des-franco-ontariens\/#primaryimage"},"image":{"@id":"https:\/\/refletnews.ca\/en\/culture\/le-csdceo-celebre-la-journee-des-franco-ontariens\/#primaryimage"},"thumbnailUrl":"https:\/\/cdn.editionap.ca\/wp-content\/uploads\/sites\/3\/2021\/09\/c1d5d3c3-bf42-48ea-b4a7-21ccbfaba3e6.jpg","datePublished":"2021-09-30T00:10:57+00:00","dateModified":"2025-12-16T03:33:05+00:00","author":{"@id":"https:\/\/refletnews.ca\/en\/#\/schema\/person\/ecd8a97c76ea385f3027e987481ea16a"},"breadcrumb":{"@id":"https:\/\/refletnews.ca\/en\/culture\/le-csdceo-celebre-la-journee-des-franco-ontariens\/#breadcrumb"},"inLanguage":"en-CA","potentialAction":[{"@type":"ReadAction","target":["https:\/\/refletnews.ca\/en\/culture\/le-csdceo-celebre-la-journee-des-franco-ontariens\/"]}]},{"@type":"ImageObject","inLanguage":"en-CA","@id":"https:\/\/refletnews.ca\/en\/culture\/le-csdceo-celebre-la-journee-des-franco-ontariens\/#primaryimage","url":"https:\/\/cdn.editionap.ca\/wp-content\/uploads\/sites\/3\/2021\/09\/c1d5d3c3-bf42-48ea-b4a7-21ccbfaba3e6.jpg","contentUrl":"https:\/\/cdn.editionap.ca\/wp-content\/uploads\/sites\/3\/2021\/09\/c1d5d3c3-bf42-48ea-b4a7-21ccbfaba3e6.jpg","width":616,"height":401},{"@type":"BreadcrumbList","@id":"https:\/\/refletnews.ca\/en\/culture\/le-csdceo-celebre-la-journee-des-franco-ontariens\/#breadcrumb","itemListElement":[{"@type":"ListItem","position":1,"name":"Accueil","item":"https:\/\/refletnews.ca\/en\/"},{"@type":"ListItem","position":2,"name":"Le CSDCEO c\u00e9l\u00e8bre la journ\u00e9e des franco-ontariens"}]},{"@type":"WebSite","@id":"https:\/\/refletnews.ca\/en\/#website","url":"https:\/\/refletnews.ca\/en\/","name":"Le Reflet \/ The News","description":"","potentialAction":[{"@type":"SearchAction","target":{"@type":"EntryPoint","urlTemplate":"https:\/\/refletnews.ca\/en\/?s={search_term_string}"},"query-input":{"@type":"PropertyValueSpecification","valueRequired":true,"valueName":"search_term_string"}}],"inLanguage":"en-CA"},{"@type":"Person","@id":"https:\/\/refletnews.ca\/en\/#\/schema\/person\/ecd8a97c76ea385f3027e987481ea16a","name":"ezn2_spadmin","image":{"@type":"ImageObject","inLanguage":"en-CA","@id":"https:\/\/secure.gravatar.com\/avatar\/10a4f0f991cc37cefde2ecf3b88df276159d0bcf256623224d1025086c609a97?s=96&d=mm&r=g","url":"https:\/\/secure.gravatar.com\/avatar\/10a4f0f991cc37cefde2ecf3b88df276159d0bcf256623224d1025086c609a97?s=96&d=mm&r=g","contentUrl":"https:\/\/secure.gravatar.com\/avatar\/10a4f0f991cc37cefde2ecf3b88df276159d0bcf256623224d1025086c609a97?s=96&d=mm&r=g","caption":"ezn2_spadmin"}}]}},"_links":{"self":[{"href":"https:\/\/refletnews.ca\/en\/wp-json\/wp\/v2\/posts\/18654","targetHints":{"allow":["GET"]}}],"collection":[{"href":"https:\/\/refletnews.ca\/en\/wp-json\/wp\/v2\/posts"}],"about":[{"href":"https:\/\/refletnews.ca\/en\/wp-json\/wp\/v2\/types\/post"}],"author":[{"embeddable":true,"href":"https:\/\/refletnews.ca\/en\/wp-json\/wp\/v2\/users\/7"}],"replies":[{"embeddable":true,"href":"https:\/\/refletnews.ca\/en\/wp-json\/wp\/v2\/comments?post=18654"}],"version-history":[{"count":1,"href":"https:\/\/refletnews.ca\/en\/wp-json\/wp\/v2\/posts\/18654\/revisions"}],"predecessor-version":[{"id":129653,"href":"https:\/\/refletnews.ca\/en\/wp-json\/wp\/v2\/posts\/18654\/revisions\/129653"}],"wp:featuredmedia":[{"embeddable":true,"href":"https:\/\/refletnews.ca\/en\/wp-json\/wp\/v2\/media\/18655"}],"wp:attachment":[{"href":"https:\/\/refletnews.ca\/en\/wp-json\/wp\/v2\/media?parent=18654"}],"wp:term":[{"taxonomy":"category","embeddable":true,"href":"https:\/\/refletnews.ca\/en\/wp-json\/wp\/v2\/categories?post=18654"},{"taxonomy":"post_tag","embeddable":true,"href":"https:\/\/refletnews.ca\/en\/wp-json\/wp\/v2\/tags?post=18654"}],"curies":[{"name":"wp","href":"https:\/\/api.w.org\/{rel}","templated":true}]}}