{"id":18310,"date":"2021-02-25T21:48:15","date_gmt":"2021-02-25T21:48:15","guid":{"rendered":"https:\/\/editionap.ca\/2021\/02\/25\/eclosion-de-covid-19-a-la-fromagerie-saint-albert\/"},"modified":"2025-12-14T19:33:09","modified_gmt":"2025-12-14T18:33:09","slug":"eclosion-de-covid-19-a-la-fromagerie-saint-albert","status":"publish","type":"post","link":"https:\/\/refletnews.ca\/en\/actualites\/eclosion-de-covid-19-a-la-fromagerie-saint-albert\/","title":{"rendered":"\u00c9closion de COVID-19 \u00e0 la Fromagerie Saint-Albert"},"content":{"rendered":"<p>\u00abNous avions d\u00e9cid\u00e9 de continuer nos op\u00e9rations jusqu\u2019\u00e0 aujourd\u2019hui, en date du 25 f\u00e9vrier, de r\u00e9torquer \u00c9ric L\u00e9veill\u00e9, directeur du d\u00e9veloppement des affaires \u00e0 la Fromagerie Saint-Albert. Avec la sant\u00e9 publique, nous avons maintenant pris la d\u00e9cision de fermer afin d\u2019envoyer nos 200 employ\u00e9s passer un test de d\u00e9pistage, en raison du fait que le Bureau de sant\u00e9 croit qu\u2019il s\u2019agit de cas de variantes\u00bb.<\/p>\n<p>Durant l\u2019attente des r\u00e9sultats qui seront d\u00e9voil\u00e9s dans les 48 prochaines heures, la fromagerie fermera ses portes jusqu\u2019\u00e0 lundi soir, le 1er mars. \u00abSi ce ne sont que ces trois employ\u00e9s-l\u00e0 qui sont positifs et qui sont d\u00e9j\u00e0 en quarantaine avec les 15 autres qui ont travaill\u00e9 avec eux, nous pourrons reprendre nos activit\u00e9s d\u00e8s mardi le 2 mars. Cependant, d\u2019ici mardi, nous ne produirons aucun fromage.\u00bb<\/p>\n<p>\u00c9ric L\u00e9veill\u00e9 a \u00e9galement rappel\u00e9 que la Fromagerie Saint-Albert respecte les protocoles de la sant\u00e9 publique. &nbsp;\u00ab\u00c0 chaque matin, on prend la temp\u00e9rature de chaque employ\u00e9 et c\u2019est comme \u00e7a que nous avons r\u00e9ussi \u00e0 identifier le premier cas de COVID-19, soutient M. L\u00e9veill\u00e9. &nbsp;L\u2019employ\u00e9 s\u2019\u00e9tait pr\u00e9sent\u00e9 ici avec une l\u00e9g\u00e8re fi\u00e8vre et on l\u2019a imm\u00e9diatement renvoy\u00e9 chez lui pour qu\u2019il se fasse d\u00e9pister. &nbsp;Nous avons \u00e9galement retir\u00e9 les 15 autres employ\u00e9s qui travaillent avec lui.\u00bb &nbsp;<\/p>\n<p>De plus amples d\u00e9tails \u00e0 suivre.<\/p>\n","protected":false},"excerpt":{"rendered":"<p>La Fromagerie Saint-Albert a annonc\u00e9 que trois employ\u00e9s ont obtenu un r\u00e9sultat positif \u00e0 la COVID-19.<\/p>\n","protected":false},"author":7,"featured_media":18311,"comment_status":"closed","ping_status":"open","sticky":false,"template":"","format":"standard","meta":{"_acf_changed":false,"footnotes":""},"categories":[37],"tags":[],"class_list":["post-18310","post","type-post","status-publish","format-standard","has-post-thumbnail","hentry","category-actualites"],"acf":[],"featured_media_global":[],"yoast_head":"<!-- This site is optimized with the Yoast SEO plugin v27.5 - https:\/\/yoast.com\/product\/yoast-seo-wordpress\/ -->\n<title>\u00c9closion de COVID-19 \u00e0 la Fromagerie Saint-Albert - Le Reflet \/ The News<\/title>\n<meta name=\"robots\" content=\"index, follow, max-snippet:-1, max-image-preview:large, max-video-preview:-1\" \/>\n<link rel=\"canonical\" href=\"https:\/\/refletnews.ca\/en\/actualites\/eclosion-de-covid-19-a-la-fromagerie-saint-albert\/\" \/>\n<meta property=\"og:locale\" content=\"en_US\" \/>\n<meta property=\"og:type\" content=\"article\" \/>\n<meta property=\"og:title\" content=\"\u00c9closion de COVID-19 \u00e0 la Fromagerie Saint-Albert - Le Reflet \/ The News\" \/>\n<meta property=\"og:description\" content=\"La Fromagerie Saint-Albert a annonc\u00e9 que trois employ\u00e9s ont obtenu un r\u00e9sultat positif \u00e0 la COVID-19.\" \/>\n<meta property=\"og:url\" content=\"https:\/\/refletnews.ca\/en\/actualites\/eclosion-de-covid-19-a-la-fromagerie-saint-albert\/\" \/>\n<meta property=\"og:site_name\" content=\"Le Reflet \/ The News\" \/>\n<meta property=\"article:published_time\" content=\"2021-02-25T21:48:15+00:00\" \/>\n<meta property=\"article:modified_time\" content=\"2025-12-14T18:33:09+00:00\" \/>\n<meta property=\"og:image\" content=\"https:\/\/cdn.editionap.ca\/wp-content\/uploads\/sites\/3\/2019\/05\/21a93101-c22e-4378-b062-de253331bbab.jpg\" \/>\n\t<meta property=\"og:image:width\" content=\"471\" \/>\n\t<meta property=\"og:image:height\" content=\"257\" \/>\n\t<meta property=\"og:image:type\" content=\"image\/jpeg\" \/>\n<meta name=\"author\" content=\"ezn2_spadmin\" \/>\n<meta name=\"twitter:card\" content=\"summary_large_image\" \/>\n<meta name=\"twitter:label1\" content=\"Written by\" \/>\n\t<meta name=\"twitter:data1\" content=\"ezn2_spadmin\" \/>\n\t<meta name=\"twitter:label2\" content=\"Est. reading time\" \/>\n\t<meta name=\"twitter:data2\" content=\"1 minute\" \/>\n<script type=\"application\/ld+json\" class=\"yoast-schema-graph\">{\"@context\":\"https:\\\/\\\/schema.org\",\"@graph\":[{\"@type\":\"Article\",\"@id\":\"https:\\\/\\\/refletnews.ca\\\/en\\\/actualites\\\/eclosion-de-covid-19-a-la-fromagerie-saint-albert\\\/#article\",\"isPartOf\":{\"@id\":\"https:\\\/\\\/refletnews.ca\\\/en\\\/actualites\\\/eclosion-de-covid-19-a-la-fromagerie-saint-albert\\\/\"},\"author\":{\"name\":\"ezn2_spadmin\",\"@id\":\"https:\\\/\\\/refletnews.ca\\\/en\\\/#\\\/schema\\\/person\\\/ecd8a97c76ea385f3027e987481ea16a\"},\"headline\":\"\u00c9closion de COVID-19 \u00e0 la Fromagerie Saint-Albert\",\"datePublished\":\"2021-02-25T21:48:15+00:00\",\"dateModified\":\"2025-12-14T18:33:09+00:00\",\"mainEntityOfPage\":{\"@id\":\"https:\\\/\\\/refletnews.ca\\\/en\\\/actualites\\\/eclosion-de-covid-19-a-la-fromagerie-saint-albert\\\/\"},\"wordCount\":253,\"image\":{\"@id\":\"https:\\\/\\\/refletnews.ca\\\/en\\\/actualites\\\/eclosion-de-covid-19-a-la-fromagerie-saint-albert\\\/#primaryimage\"},\"thumbnailUrl\":\"https:\\\/\\\/cdn.editionap.ca\\\/wp-content\\\/uploads\\\/sites\\\/3\\\/2019\\\/05\\\/21a93101-c22e-4378-b062-de253331bbab.jpg\",\"articleSection\":[\"Actualit\u00e9s\"],\"inLanguage\":\"en-CA\"},{\"@type\":\"WebPage\",\"@id\":\"https:\\\/\\\/refletnews.ca\\\/en\\\/actualites\\\/eclosion-de-covid-19-a-la-fromagerie-saint-albert\\\/\",\"url\":\"https:\\\/\\\/refletnews.ca\\\/en\\\/actualites\\\/eclosion-de-covid-19-a-la-fromagerie-saint-albert\\\/\",\"name\":\"\u00c9closion de COVID-19 \u00e0 la Fromagerie Saint-Albert - Le Reflet \\\/ The News\",\"isPartOf\":{\"@id\":\"https:\\\/\\\/refletnews.ca\\\/en\\\/#website\"},\"primaryImageOfPage\":{\"@id\":\"https:\\\/\\\/refletnews.ca\\\/en\\\/actualites\\\/eclosion-de-covid-19-a-la-fromagerie-saint-albert\\\/#primaryimage\"},\"image\":{\"@id\":\"https:\\\/\\\/refletnews.ca\\\/en\\\/actualites\\\/eclosion-de-covid-19-a-la-fromagerie-saint-albert\\\/#primaryimage\"},\"thumbnailUrl\":\"https:\\\/\\\/cdn.editionap.ca\\\/wp-content\\\/uploads\\\/sites\\\/3\\\/2019\\\/05\\\/21a93101-c22e-4378-b062-de253331bbab.jpg\",\"datePublished\":\"2021-02-25T21:48:15+00:00\",\"dateModified\":\"2025-12-14T18:33:09+00:00\",\"author\":{\"@id\":\"https:\\\/\\\/refletnews.ca\\\/en\\\/#\\\/schema\\\/person\\\/ecd8a97c76ea385f3027e987481ea16a\"},\"breadcrumb\":{\"@id\":\"https:\\\/\\\/refletnews.ca\\\/en\\\/actualites\\\/eclosion-de-covid-19-a-la-fromagerie-saint-albert\\\/#breadcrumb\"},\"inLanguage\":\"en-CA\",\"potentialAction\":[{\"@type\":\"ReadAction\",\"target\":[\"https:\\\/\\\/refletnews.ca\\\/en\\\/actualites\\\/eclosion-de-covid-19-a-la-fromagerie-saint-albert\\\/\"]}]},{\"@type\":\"ImageObject\",\"inLanguage\":\"en-CA\",\"@id\":\"https:\\\/\\\/refletnews.ca\\\/en\\\/actualites\\\/eclosion-de-covid-19-a-la-fromagerie-saint-albert\\\/#primaryimage\",\"url\":\"https:\\\/\\\/cdn.editionap.ca\\\/wp-content\\\/uploads\\\/sites\\\/3\\\/2019\\\/05\\\/21a93101-c22e-4378-b062-de253331bbab.jpg\",\"contentUrl\":\"https:\\\/\\\/cdn.editionap.ca\\\/wp-content\\\/uploads\\\/sites\\\/3\\\/2019\\\/05\\\/21a93101-c22e-4378-b062-de253331bbab.jpg\",\"width\":471,\"height\":257},{\"@type\":\"BreadcrumbList\",\"@id\":\"https:\\\/\\\/refletnews.ca\\\/en\\\/actualites\\\/eclosion-de-covid-19-a-la-fromagerie-saint-albert\\\/#breadcrumb\",\"itemListElement\":[{\"@type\":\"ListItem\",\"position\":1,\"name\":\"Accueil\",\"item\":\"https:\\\/\\\/refletnews.ca\\\/en\\\/\"},{\"@type\":\"ListItem\",\"position\":2,\"name\":\"\u00c9closion de COVID-19 \u00e0 la Fromagerie Saint-Albert\"}]},{\"@type\":\"WebSite\",\"@id\":\"https:\\\/\\\/refletnews.ca\\\/en\\\/#website\",\"url\":\"https:\\\/\\\/refletnews.ca\\\/en\\\/\",\"name\":\"Le Reflet \\\/ The News\",\"description\":\"\",\"potentialAction\":[{\"@type\":\"SearchAction\",\"target\":{\"@type\":\"EntryPoint\",\"urlTemplate\":\"https:\\\/\\\/refletnews.ca\\\/en\\\/?s={search_term_string}\"},\"query-input\":{\"@type\":\"PropertyValueSpecification\",\"valueRequired\":true,\"valueName\":\"search_term_string\"}}],\"inLanguage\":\"en-CA\"},{\"@type\":\"Person\",\"@id\":\"https:\\\/\\\/refletnews.ca\\\/en\\\/#\\\/schema\\\/person\\\/ecd8a97c76ea385f3027e987481ea16a\",\"name\":\"ezn2_spadmin\",\"image\":{\"@type\":\"ImageObject\",\"inLanguage\":\"en-CA\",\"@id\":\"https:\\\/\\\/secure.gravatar.com\\\/avatar\\\/10a4f0f991cc37cefde2ecf3b88df276159d0bcf256623224d1025086c609a97?s=96&d=mm&r=g\",\"url\":\"https:\\\/\\\/secure.gravatar.com\\\/avatar\\\/10a4f0f991cc37cefde2ecf3b88df276159d0bcf256623224d1025086c609a97?s=96&d=mm&r=g\",\"contentUrl\":\"https:\\\/\\\/secure.gravatar.com\\\/avatar\\\/10a4f0f991cc37cefde2ecf3b88df276159d0bcf256623224d1025086c609a97?s=96&d=mm&r=g\",\"caption\":\"ezn2_spadmin\"}}]}<\/script>\n<!-- \/ Yoast SEO plugin. -->","yoast_head_json":{"title":"\u00c9closion de COVID-19 \u00e0 la Fromagerie Saint-Albert - Le Reflet \/ The News","robots":{"index":"index","follow":"follow","max-snippet":"max-snippet:-1","max-image-preview":"max-image-preview:large","max-video-preview":"max-video-preview:-1"},"canonical":"https:\/\/refletnews.ca\/en\/actualites\/eclosion-de-covid-19-a-la-fromagerie-saint-albert\/","og_locale":"en_US","og_type":"article","og_title":"\u00c9closion de COVID-19 \u00e0 la Fromagerie Saint-Albert - Le Reflet \/ The News","og_description":"La Fromagerie Saint-Albert a annonc\u00e9 que trois employ\u00e9s ont obtenu un r\u00e9sultat positif \u00e0 la COVID-19.","og_url":"https:\/\/refletnews.ca\/en\/actualites\/eclosion-de-covid-19-a-la-fromagerie-saint-albert\/","og_site_name":"Le Reflet \/ The News","article_published_time":"2021-02-25T21:48:15+00:00","article_modified_time":"2025-12-14T18:33:09+00:00","og_image":[{"width":471,"height":257,"url":"https:\/\/cdn.editionap.ca\/wp-content\/uploads\/sites\/3\/2019\/05\/21a93101-c22e-4378-b062-de253331bbab.jpg","type":"image\/jpeg"}],"author":"ezn2_spadmin","twitter_card":"summary_large_image","twitter_misc":{"Written by":"ezn2_spadmin","Est. reading time":"1 minute"},"schema":{"@context":"https:\/\/schema.org","@graph":[{"@type":"Article","@id":"https:\/\/refletnews.ca\/en\/actualites\/eclosion-de-covid-19-a-la-fromagerie-saint-albert\/#article","isPartOf":{"@id":"https:\/\/refletnews.ca\/en\/actualites\/eclosion-de-covid-19-a-la-fromagerie-saint-albert\/"},"author":{"name":"ezn2_spadmin","@id":"https:\/\/refletnews.ca\/en\/#\/schema\/person\/ecd8a97c76ea385f3027e987481ea16a"},"headline":"\u00c9closion de COVID-19 \u00e0 la Fromagerie Saint-Albert","datePublished":"2021-02-25T21:48:15+00:00","dateModified":"2025-12-14T18:33:09+00:00","mainEntityOfPage":{"@id":"https:\/\/refletnews.ca\/en\/actualites\/eclosion-de-covid-19-a-la-fromagerie-saint-albert\/"},"wordCount":253,"image":{"@id":"https:\/\/refletnews.ca\/en\/actualites\/eclosion-de-covid-19-a-la-fromagerie-saint-albert\/#primaryimage"},"thumbnailUrl":"https:\/\/cdn.editionap.ca\/wp-content\/uploads\/sites\/3\/2019\/05\/21a93101-c22e-4378-b062-de253331bbab.jpg","articleSection":["Actualit\u00e9s"],"inLanguage":"en-CA"},{"@type":"WebPage","@id":"https:\/\/refletnews.ca\/en\/actualites\/eclosion-de-covid-19-a-la-fromagerie-saint-albert\/","url":"https:\/\/refletnews.ca\/en\/actualites\/eclosion-de-covid-19-a-la-fromagerie-saint-albert\/","name":"\u00c9closion de COVID-19 \u00e0 la Fromagerie Saint-Albert - Le Reflet \/ The News","isPartOf":{"@id":"https:\/\/refletnews.ca\/en\/#website"},"primaryImageOfPage":{"@id":"https:\/\/refletnews.ca\/en\/actualites\/eclosion-de-covid-19-a-la-fromagerie-saint-albert\/#primaryimage"},"image":{"@id":"https:\/\/refletnews.ca\/en\/actualites\/eclosion-de-covid-19-a-la-fromagerie-saint-albert\/#primaryimage"},"thumbnailUrl":"https:\/\/cdn.editionap.ca\/wp-content\/uploads\/sites\/3\/2019\/05\/21a93101-c22e-4378-b062-de253331bbab.jpg","datePublished":"2021-02-25T21:48:15+00:00","dateModified":"2025-12-14T18:33:09+00:00","author":{"@id":"https:\/\/refletnews.ca\/en\/#\/schema\/person\/ecd8a97c76ea385f3027e987481ea16a"},"breadcrumb":{"@id":"https:\/\/refletnews.ca\/en\/actualites\/eclosion-de-covid-19-a-la-fromagerie-saint-albert\/#breadcrumb"},"inLanguage":"en-CA","potentialAction":[{"@type":"ReadAction","target":["https:\/\/refletnews.ca\/en\/actualites\/eclosion-de-covid-19-a-la-fromagerie-saint-albert\/"]}]},{"@type":"ImageObject","inLanguage":"en-CA","@id":"https:\/\/refletnews.ca\/en\/actualites\/eclosion-de-covid-19-a-la-fromagerie-saint-albert\/#primaryimage","url":"https:\/\/cdn.editionap.ca\/wp-content\/uploads\/sites\/3\/2019\/05\/21a93101-c22e-4378-b062-de253331bbab.jpg","contentUrl":"https:\/\/cdn.editionap.ca\/wp-content\/uploads\/sites\/3\/2019\/05\/21a93101-c22e-4378-b062-de253331bbab.jpg","width":471,"height":257},{"@type":"BreadcrumbList","@id":"https:\/\/refletnews.ca\/en\/actualites\/eclosion-de-covid-19-a-la-fromagerie-saint-albert\/#breadcrumb","itemListElement":[{"@type":"ListItem","position":1,"name":"Accueil","item":"https:\/\/refletnews.ca\/en\/"},{"@type":"ListItem","position":2,"name":"\u00c9closion de COVID-19 \u00e0 la Fromagerie Saint-Albert"}]},{"@type":"WebSite","@id":"https:\/\/refletnews.ca\/en\/#website","url":"https:\/\/refletnews.ca\/en\/","name":"Le Reflet \/ The News","description":"","potentialAction":[{"@type":"SearchAction","target":{"@type":"EntryPoint","urlTemplate":"https:\/\/refletnews.ca\/en\/?s={search_term_string}"},"query-input":{"@type":"PropertyValueSpecification","valueRequired":true,"valueName":"search_term_string"}}],"inLanguage":"en-CA"},{"@type":"Person","@id":"https:\/\/refletnews.ca\/en\/#\/schema\/person\/ecd8a97c76ea385f3027e987481ea16a","name":"ezn2_spadmin","image":{"@type":"ImageObject","inLanguage":"en-CA","@id":"https:\/\/secure.gravatar.com\/avatar\/10a4f0f991cc37cefde2ecf3b88df276159d0bcf256623224d1025086c609a97?s=96&d=mm&r=g","url":"https:\/\/secure.gravatar.com\/avatar\/10a4f0f991cc37cefde2ecf3b88df276159d0bcf256623224d1025086c609a97?s=96&d=mm&r=g","contentUrl":"https:\/\/secure.gravatar.com\/avatar\/10a4f0f991cc37cefde2ecf3b88df276159d0bcf256623224d1025086c609a97?s=96&d=mm&r=g","caption":"ezn2_spadmin"}}]}},"_links":{"self":[{"href":"https:\/\/refletnews.ca\/en\/wp-json\/wp\/v2\/posts\/18310","targetHints":{"allow":["GET"]}}],"collection":[{"href":"https:\/\/refletnews.ca\/en\/wp-json\/wp\/v2\/posts"}],"about":[{"href":"https:\/\/refletnews.ca\/en\/wp-json\/wp\/v2\/types\/post"}],"author":[{"embeddable":true,"href":"https:\/\/refletnews.ca\/en\/wp-json\/wp\/v2\/users\/7"}],"replies":[{"embeddable":true,"href":"https:\/\/refletnews.ca\/en\/wp-json\/wp\/v2\/comments?post=18310"}],"version-history":[{"count":1,"href":"https:\/\/refletnews.ca\/en\/wp-json\/wp\/v2\/posts\/18310\/revisions"}],"predecessor-version":[{"id":129440,"href":"https:\/\/refletnews.ca\/en\/wp-json\/wp\/v2\/posts\/18310\/revisions\/129440"}],"wp:featuredmedia":[{"embeddable":true,"href":"https:\/\/refletnews.ca\/en\/wp-json\/wp\/v2\/media\/18311"}],"wp:attachment":[{"href":"https:\/\/refletnews.ca\/en\/wp-json\/wp\/v2\/media?parent=18310"}],"wp:term":[{"taxonomy":"category","embeddable":true,"href":"https:\/\/refletnews.ca\/en\/wp-json\/wp\/v2\/categories?post=18310"},{"taxonomy":"post_tag","embeddable":true,"href":"https:\/\/refletnews.ca\/en\/wp-json\/wp\/v2\/tags?post=18310"}],"curies":[{"name":"wp","href":"https:\/\/api.w.org\/{rel}","templated":true}]}}