{"id":18188,"date":"2021-01-14T15:34:34","date_gmt":"2021-01-14T15:34:35","guid":{"rendered":"https:\/\/editionap.ca\/2021\/01\/14\/vers-un-complexe-sportif-a-limoges\/"},"modified":"2025-12-16T04:42:06","modified_gmt":"2025-12-16T03:42:06","slug":"vers-un-complexe-sportif-a-limoges","status":"publish","type":"post","link":"https:\/\/refletnews.ca\/en\/sports-loisirs\/vers-un-complexe-sportif-a-limoges\/","title":{"rendered":"Vers un complexe sportif \u00e0 Limoges"},"content":{"rendered":"<p>Trois options \u00e9taient \u00e0 l\u2019\u00e9tude quant \u00e0 la forme que prendrait le futur complexe sportif de La Nation. L\u2019option A proposait deux terrains de soccer, une piste p\u00e9destre et une salle communautaire pouvant accueillir 80 personnes, au co\u00fbt de 13 114\u202f000 dollars. L\u2019option B pr\u00e9sentait aussi deux terrains de soccer et une piste p\u00e9destre, mais une salle communautaire pour 150 personnes, au co\u00fbt de 13 623 000 dollars. L\u2019option C, qui \u00e9tait la derni\u00e8re option, ne proposait que deux terrains de soccer, au co\u00fbt de 11 616 000 dollars. &nbsp;<\/p>\n<p>Le maire de La Nation, Fran\u00e7ois Saint-Amour, avait d\u00e9clar\u00e9 au conseil qu\u2019il n\u2019\u00e9tait pas int\u00e9ress\u00e9 par l\u2019option C, car il souhaitait avoir une salle communautaire dans le complexe. Ainsi, les diff\u00e9rents membres devaient choisir entre l\u2019option A ou l\u2019option B. Pour faire leur choix, ils ont d\u2019abord \u00e9tudi\u00e9 les estim\u00e9s budg\u00e9taires quant \u00e0 un pr\u00eat r\u00e9parti sur 25 ans. L\u2019option A revenait \u00e0 605 109,78 dollars et l\u2019option B \u00e0 634 303,27 dollars par ann\u00e9e. Apr\u00e8s avoir analys\u00e9 les co\u00fbts, les membres du conseil h\u00e9sitaient \u00e0 choisir la grandeur de la salle communautaire, pour savoir laquelle des deux options serait la plus envisageable au niveau mon\u00e9taire.&nbsp;<\/p>\n<p><a href=\"https:\/\/online.flippingbook.com\/view\/525887\/\" rel=\"noopener noreferrer\" target=\"_blank\"><strong>LISEZ LA VERSION COMPL\u00c8TE DE CET ARTICLE \u00c0 LA PAGE 2 DU REFLET DU 14 JANVIER 2021<\/strong><\/a><\/p>\n","protected":false},"excerpt":{"rendered":"<p>La Municipalit\u00e9 de La Nation a vot\u00e9 \u00e0 l\u2019unanimit\u00e9 pour le projet du Complexe sportif de La Nation \u00e0 Limoges. Lors du conseil du 11 janvier dernier, les membres ont opt\u00e9 pour un complexe \u00e0 deux terrains de soccer, une piste p\u00e9destre et une salle communautaire pouvant contenir jusqu\u2019\u00e0 150 personnes.<\/p>\n","protected":false},"author":7,"featured_media":18189,"comment_status":"closed","ping_status":"open","sticky":false,"template":"","format":"standard","meta":{"_acf_changed":false,"footnotes":""},"categories":[38],"tags":[],"class_list":["post-18188","post","type-post","status-publish","format-standard","has-post-thumbnail","hentry","category-sports-loisirs"],"acf":[],"featured_media_global":[],"yoast_head":"<!-- This site is optimized with the Yoast SEO plugin v27.4 - https:\/\/yoast.com\/product\/yoast-seo-wordpress\/ -->\n<title>Vers un complexe sportif \u00e0 Limoges - Le Reflet \/ The News<\/title>\n<meta name=\"robots\" content=\"index, follow, max-snippet:-1, max-image-preview:large, max-video-preview:-1\" \/>\n<link rel=\"canonical\" href=\"https:\/\/refletnews.ca\/en\/sports-loisirs\/vers-un-complexe-sportif-a-limoges\/\" \/>\n<meta property=\"og:locale\" content=\"en_US\" \/>\n<meta property=\"og:type\" content=\"article\" \/>\n<meta property=\"og:title\" content=\"Vers un complexe sportif \u00e0 Limoges - Le Reflet \/ The News\" \/>\n<meta property=\"og:description\" content=\"La Municipalit\u00e9 de La Nation a vot\u00e9 \u00e0 l\u2019unanimit\u00e9 pour le projet du Complexe sportif de La Nation \u00e0 Limoges. Lors du conseil du 11 janvier dernier, les membres ont opt\u00e9 pour un complexe \u00e0 deux terrains de soccer, une piste p\u00e9destre et une salle communautaire pouvant contenir jusqu\u2019\u00e0 150 personnes.\" \/>\n<meta property=\"og:url\" content=\"https:\/\/refletnews.ca\/en\/sports-loisirs\/vers-un-complexe-sportif-a-limoges\/\" \/>\n<meta property=\"og:site_name\" content=\"Le Reflet \/ The News\" \/>\n<meta property=\"article:published_time\" content=\"2021-01-14T15:34:35+00:00\" \/>\n<meta property=\"article:modified_time\" content=\"2025-12-16T03:42:06+00:00\" \/>\n<meta property=\"og:image\" content=\"https:\/\/cdn.editionap.ca\/wp-content\/uploads\/sites\/3\/2021\/01\/45f347f8-4ab7-4005-9f57-e5216db4b037.jpg\" \/>\n\t<meta property=\"og:image:width\" content=\"666\" \/>\n\t<meta property=\"og:image:height\" content=\"444\" \/>\n\t<meta property=\"og:image:type\" content=\"image\/jpeg\" \/>\n<meta name=\"author\" content=\"ezn2_spadmin\" \/>\n<meta name=\"twitter:card\" content=\"summary_large_image\" \/>\n<meta name=\"twitter:label1\" content=\"Written by\" \/>\n\t<meta name=\"twitter:data1\" content=\"ezn2_spadmin\" \/>\n\t<meta name=\"twitter:label2\" content=\"Est. reading time\" \/>\n\t<meta name=\"twitter:data2\" content=\"1 minute\" \/>\n<script type=\"application\/ld+json\" class=\"yoast-schema-graph\">{\"@context\":\"https:\\\/\\\/schema.org\",\"@graph\":[{\"@type\":\"Article\",\"@id\":\"https:\\\/\\\/refletnews.ca\\\/en\\\/sports-loisirs\\\/vers-un-complexe-sportif-a-limoges\\\/#article\",\"isPartOf\":{\"@id\":\"https:\\\/\\\/refletnews.ca\\\/en\\\/sports-loisirs\\\/vers-un-complexe-sportif-a-limoges\\\/\"},\"author\":{\"name\":\"ezn2_spadmin\",\"@id\":\"https:\\\/\\\/refletnews.ca\\\/en\\\/#\\\/schema\\\/person\\\/ecd8a97c76ea385f3027e987481ea16a\"},\"headline\":\"Vers un complexe sportif \u00e0 Limoges\",\"datePublished\":\"2021-01-14T15:34:35+00:00\",\"dateModified\":\"2025-12-16T03:42:06+00:00\",\"mainEntityOfPage\":{\"@id\":\"https:\\\/\\\/refletnews.ca\\\/en\\\/sports-loisirs\\\/vers-un-complexe-sportif-a-limoges\\\/\"},\"wordCount\":227,\"image\":{\"@id\":\"https:\\\/\\\/refletnews.ca\\\/en\\\/sports-loisirs\\\/vers-un-complexe-sportif-a-limoges\\\/#primaryimage\"},\"thumbnailUrl\":\"https:\\\/\\\/cdn.editionap.ca\\\/wp-content\\\/uploads\\\/sites\\\/3\\\/2021\\\/01\\\/45f347f8-4ab7-4005-9f57-e5216db4b037.jpg\",\"articleSection\":[\"Sports et loisirs\"],\"inLanguage\":\"en-CA\"},{\"@type\":\"WebPage\",\"@id\":\"https:\\\/\\\/refletnews.ca\\\/en\\\/sports-loisirs\\\/vers-un-complexe-sportif-a-limoges\\\/\",\"url\":\"https:\\\/\\\/refletnews.ca\\\/en\\\/sports-loisirs\\\/vers-un-complexe-sportif-a-limoges\\\/\",\"name\":\"Vers un complexe sportif \u00e0 Limoges - Le Reflet \\\/ The News\",\"isPartOf\":{\"@id\":\"https:\\\/\\\/refletnews.ca\\\/en\\\/#website\"},\"primaryImageOfPage\":{\"@id\":\"https:\\\/\\\/refletnews.ca\\\/en\\\/sports-loisirs\\\/vers-un-complexe-sportif-a-limoges\\\/#primaryimage\"},\"image\":{\"@id\":\"https:\\\/\\\/refletnews.ca\\\/en\\\/sports-loisirs\\\/vers-un-complexe-sportif-a-limoges\\\/#primaryimage\"},\"thumbnailUrl\":\"https:\\\/\\\/cdn.editionap.ca\\\/wp-content\\\/uploads\\\/sites\\\/3\\\/2021\\\/01\\\/45f347f8-4ab7-4005-9f57-e5216db4b037.jpg\",\"datePublished\":\"2021-01-14T15:34:35+00:00\",\"dateModified\":\"2025-12-16T03:42:06+00:00\",\"author\":{\"@id\":\"https:\\\/\\\/refletnews.ca\\\/en\\\/#\\\/schema\\\/person\\\/ecd8a97c76ea385f3027e987481ea16a\"},\"breadcrumb\":{\"@id\":\"https:\\\/\\\/refletnews.ca\\\/en\\\/sports-loisirs\\\/vers-un-complexe-sportif-a-limoges\\\/#breadcrumb\"},\"inLanguage\":\"en-CA\",\"potentialAction\":[{\"@type\":\"ReadAction\",\"target\":[\"https:\\\/\\\/refletnews.ca\\\/en\\\/sports-loisirs\\\/vers-un-complexe-sportif-a-limoges\\\/\"]}]},{\"@type\":\"ImageObject\",\"inLanguage\":\"en-CA\",\"@id\":\"https:\\\/\\\/refletnews.ca\\\/en\\\/sports-loisirs\\\/vers-un-complexe-sportif-a-limoges\\\/#primaryimage\",\"url\":\"https:\\\/\\\/cdn.editionap.ca\\\/wp-content\\\/uploads\\\/sites\\\/3\\\/2021\\\/01\\\/45f347f8-4ab7-4005-9f57-e5216db4b037.jpg\",\"contentUrl\":\"https:\\\/\\\/cdn.editionap.ca\\\/wp-content\\\/uploads\\\/sites\\\/3\\\/2021\\\/01\\\/45f347f8-4ab7-4005-9f57-e5216db4b037.jpg\",\"width\":666,\"height\":444},{\"@type\":\"BreadcrumbList\",\"@id\":\"https:\\\/\\\/refletnews.ca\\\/en\\\/sports-loisirs\\\/vers-un-complexe-sportif-a-limoges\\\/#breadcrumb\",\"itemListElement\":[{\"@type\":\"ListItem\",\"position\":1,\"name\":\"Accueil\",\"item\":\"https:\\\/\\\/refletnews.ca\\\/en\\\/\"},{\"@type\":\"ListItem\",\"position\":2,\"name\":\"Vers un complexe sportif \u00e0 Limoges\"}]},{\"@type\":\"WebSite\",\"@id\":\"https:\\\/\\\/refletnews.ca\\\/en\\\/#website\",\"url\":\"https:\\\/\\\/refletnews.ca\\\/en\\\/\",\"name\":\"Le Reflet \\\/ The News\",\"description\":\"\",\"potentialAction\":[{\"@type\":\"SearchAction\",\"target\":{\"@type\":\"EntryPoint\",\"urlTemplate\":\"https:\\\/\\\/refletnews.ca\\\/en\\\/?s={search_term_string}\"},\"query-input\":{\"@type\":\"PropertyValueSpecification\",\"valueRequired\":true,\"valueName\":\"search_term_string\"}}],\"inLanguage\":\"en-CA\"},{\"@type\":\"Person\",\"@id\":\"https:\\\/\\\/refletnews.ca\\\/en\\\/#\\\/schema\\\/person\\\/ecd8a97c76ea385f3027e987481ea16a\",\"name\":\"ezn2_spadmin\",\"image\":{\"@type\":\"ImageObject\",\"inLanguage\":\"en-CA\",\"@id\":\"https:\\\/\\\/secure.gravatar.com\\\/avatar\\\/10a4f0f991cc37cefde2ecf3b88df276159d0bcf256623224d1025086c609a97?s=96&d=mm&r=g\",\"url\":\"https:\\\/\\\/secure.gravatar.com\\\/avatar\\\/10a4f0f991cc37cefde2ecf3b88df276159d0bcf256623224d1025086c609a97?s=96&d=mm&r=g\",\"contentUrl\":\"https:\\\/\\\/secure.gravatar.com\\\/avatar\\\/10a4f0f991cc37cefde2ecf3b88df276159d0bcf256623224d1025086c609a97?s=96&d=mm&r=g\",\"caption\":\"ezn2_spadmin\"}}]}<\/script>\n<!-- \/ Yoast SEO plugin. -->","yoast_head_json":{"title":"Vers un complexe sportif \u00e0 Limoges - Le Reflet \/ The News","robots":{"index":"index","follow":"follow","max-snippet":"max-snippet:-1","max-image-preview":"max-image-preview:large","max-video-preview":"max-video-preview:-1"},"canonical":"https:\/\/refletnews.ca\/en\/sports-loisirs\/vers-un-complexe-sportif-a-limoges\/","og_locale":"en_US","og_type":"article","og_title":"Vers un complexe sportif \u00e0 Limoges - Le Reflet \/ The News","og_description":"La Municipalit\u00e9 de La Nation a vot\u00e9 \u00e0 l\u2019unanimit\u00e9 pour le projet du Complexe sportif de La Nation \u00e0 Limoges. Lors du conseil du 11 janvier dernier, les membres ont opt\u00e9 pour un complexe \u00e0 deux terrains de soccer, une piste p\u00e9destre et une salle communautaire pouvant contenir jusqu\u2019\u00e0 150 personnes.","og_url":"https:\/\/refletnews.ca\/en\/sports-loisirs\/vers-un-complexe-sportif-a-limoges\/","og_site_name":"Le Reflet \/ The News","article_published_time":"2021-01-14T15:34:35+00:00","article_modified_time":"2025-12-16T03:42:06+00:00","og_image":[{"width":666,"height":444,"url":"https:\/\/cdn.editionap.ca\/wp-content\/uploads\/sites\/3\/2021\/01\/45f347f8-4ab7-4005-9f57-e5216db4b037.jpg","type":"image\/jpeg"}],"author":"ezn2_spadmin","twitter_card":"summary_large_image","twitter_misc":{"Written by":"ezn2_spadmin","Est. reading time":"1 minute"},"schema":{"@context":"https:\/\/schema.org","@graph":[{"@type":"Article","@id":"https:\/\/refletnews.ca\/en\/sports-loisirs\/vers-un-complexe-sportif-a-limoges\/#article","isPartOf":{"@id":"https:\/\/refletnews.ca\/en\/sports-loisirs\/vers-un-complexe-sportif-a-limoges\/"},"author":{"name":"ezn2_spadmin","@id":"https:\/\/refletnews.ca\/en\/#\/schema\/person\/ecd8a97c76ea385f3027e987481ea16a"},"headline":"Vers un complexe sportif \u00e0 Limoges","datePublished":"2021-01-14T15:34:35+00:00","dateModified":"2025-12-16T03:42:06+00:00","mainEntityOfPage":{"@id":"https:\/\/refletnews.ca\/en\/sports-loisirs\/vers-un-complexe-sportif-a-limoges\/"},"wordCount":227,"image":{"@id":"https:\/\/refletnews.ca\/en\/sports-loisirs\/vers-un-complexe-sportif-a-limoges\/#primaryimage"},"thumbnailUrl":"https:\/\/cdn.editionap.ca\/wp-content\/uploads\/sites\/3\/2021\/01\/45f347f8-4ab7-4005-9f57-e5216db4b037.jpg","articleSection":["Sports et loisirs"],"inLanguage":"en-CA"},{"@type":"WebPage","@id":"https:\/\/refletnews.ca\/en\/sports-loisirs\/vers-un-complexe-sportif-a-limoges\/","url":"https:\/\/refletnews.ca\/en\/sports-loisirs\/vers-un-complexe-sportif-a-limoges\/","name":"Vers un complexe sportif \u00e0 Limoges - Le Reflet \/ The News","isPartOf":{"@id":"https:\/\/refletnews.ca\/en\/#website"},"primaryImageOfPage":{"@id":"https:\/\/refletnews.ca\/en\/sports-loisirs\/vers-un-complexe-sportif-a-limoges\/#primaryimage"},"image":{"@id":"https:\/\/refletnews.ca\/en\/sports-loisirs\/vers-un-complexe-sportif-a-limoges\/#primaryimage"},"thumbnailUrl":"https:\/\/cdn.editionap.ca\/wp-content\/uploads\/sites\/3\/2021\/01\/45f347f8-4ab7-4005-9f57-e5216db4b037.jpg","datePublished":"2021-01-14T15:34:35+00:00","dateModified":"2025-12-16T03:42:06+00:00","author":{"@id":"https:\/\/refletnews.ca\/en\/#\/schema\/person\/ecd8a97c76ea385f3027e987481ea16a"},"breadcrumb":{"@id":"https:\/\/refletnews.ca\/en\/sports-loisirs\/vers-un-complexe-sportif-a-limoges\/#breadcrumb"},"inLanguage":"en-CA","potentialAction":[{"@type":"ReadAction","target":["https:\/\/refletnews.ca\/en\/sports-loisirs\/vers-un-complexe-sportif-a-limoges\/"]}]},{"@type":"ImageObject","inLanguage":"en-CA","@id":"https:\/\/refletnews.ca\/en\/sports-loisirs\/vers-un-complexe-sportif-a-limoges\/#primaryimage","url":"https:\/\/cdn.editionap.ca\/wp-content\/uploads\/sites\/3\/2021\/01\/45f347f8-4ab7-4005-9f57-e5216db4b037.jpg","contentUrl":"https:\/\/cdn.editionap.ca\/wp-content\/uploads\/sites\/3\/2021\/01\/45f347f8-4ab7-4005-9f57-e5216db4b037.jpg","width":666,"height":444},{"@type":"BreadcrumbList","@id":"https:\/\/refletnews.ca\/en\/sports-loisirs\/vers-un-complexe-sportif-a-limoges\/#breadcrumb","itemListElement":[{"@type":"ListItem","position":1,"name":"Accueil","item":"https:\/\/refletnews.ca\/en\/"},{"@type":"ListItem","position":2,"name":"Vers un complexe sportif \u00e0 Limoges"}]},{"@type":"WebSite","@id":"https:\/\/refletnews.ca\/en\/#website","url":"https:\/\/refletnews.ca\/en\/","name":"Le Reflet \/ The News","description":"","potentialAction":[{"@type":"SearchAction","target":{"@type":"EntryPoint","urlTemplate":"https:\/\/refletnews.ca\/en\/?s={search_term_string}"},"query-input":{"@type":"PropertyValueSpecification","valueRequired":true,"valueName":"search_term_string"}}],"inLanguage":"en-CA"},{"@type":"Person","@id":"https:\/\/refletnews.ca\/en\/#\/schema\/person\/ecd8a97c76ea385f3027e987481ea16a","name":"ezn2_spadmin","image":{"@type":"ImageObject","inLanguage":"en-CA","@id":"https:\/\/secure.gravatar.com\/avatar\/10a4f0f991cc37cefde2ecf3b88df276159d0bcf256623224d1025086c609a97?s=96&d=mm&r=g","url":"https:\/\/secure.gravatar.com\/avatar\/10a4f0f991cc37cefde2ecf3b88df276159d0bcf256623224d1025086c609a97?s=96&d=mm&r=g","contentUrl":"https:\/\/secure.gravatar.com\/avatar\/10a4f0f991cc37cefde2ecf3b88df276159d0bcf256623224d1025086c609a97?s=96&d=mm&r=g","caption":"ezn2_spadmin"}}]}},"_links":{"self":[{"href":"https:\/\/refletnews.ca\/en\/wp-json\/wp\/v2\/posts\/18188","targetHints":{"allow":["GET"]}}],"collection":[{"href":"https:\/\/refletnews.ca\/en\/wp-json\/wp\/v2\/posts"}],"about":[{"href":"https:\/\/refletnews.ca\/en\/wp-json\/wp\/v2\/types\/post"}],"author":[{"embeddable":true,"href":"https:\/\/refletnews.ca\/en\/wp-json\/wp\/v2\/users\/7"}],"replies":[{"embeddable":true,"href":"https:\/\/refletnews.ca\/en\/wp-json\/wp\/v2\/comments?post=18188"}],"version-history":[{"count":1,"href":"https:\/\/refletnews.ca\/en\/wp-json\/wp\/v2\/posts\/18188\/revisions"}],"predecessor-version":[{"id":129708,"href":"https:\/\/refletnews.ca\/en\/wp-json\/wp\/v2\/posts\/18188\/revisions\/129708"}],"wp:featuredmedia":[{"embeddable":true,"href":"https:\/\/refletnews.ca\/en\/wp-json\/wp\/v2\/media\/18189"}],"wp:attachment":[{"href":"https:\/\/refletnews.ca\/en\/wp-json\/wp\/v2\/media?parent=18188"}],"wp:term":[{"taxonomy":"category","embeddable":true,"href":"https:\/\/refletnews.ca\/en\/wp-json\/wp\/v2\/categories?post=18188"},{"taxonomy":"post_tag","embeddable":true,"href":"https:\/\/refletnews.ca\/en\/wp-json\/wp\/v2\/tags?post=18188"}],"curies":[{"name":"wp","href":"https:\/\/api.w.org\/{rel}","templated":true}]}}