{"id":17747,"date":"2020-06-02T01:06:36","date_gmt":"2020-06-02T01:06:36","guid":{"rendered":"https:\/\/editionap.ca\/2020\/06\/02\/epidemie-de-covid-declaree-au-foyer-saint-viateur\/"},"modified":"2025-12-16T04:40:34","modified_gmt":"2025-12-16T03:40:34","slug":"epidemie-de-covid-declaree-au-foyer-saint-viateur","status":"publish","type":"post","link":"https:\/\/refletnews.ca\/en\/sante\/epidemie-de-covid-declaree-au-foyer-saint-viateur\/","title":{"rendered":"\u00c9pid\u00e9mie de COVID d\u00e9clar\u00e9e au Foyer Saint-Viateur"},"content":{"rendered":"<p>C\u2019est ainsi que s\u2019est exprim\u00e9 Dr Paul Roumeliotis, m\u00e9decin hygi\u00e9niste en chef du Bureau de sant\u00e9 de l&#8217;est de l&#8217;Ontario (BSEO), lors de sa t\u00e9l\u00e9conf\u00e9rence de lundi (1er juin) avec les m\u00e9dias r\u00e9gionaux.<\/p>\n","protected":false},"excerpt":{"rendered":"<p>\u00abNous avons maintenant d\u00e9clar\u00e9 une \u00e9pid\u00e9mie au Foyer Saint-Viateur \u00e0 Limoges.\u00bb<\/p>\n","protected":false},"author":7,"featured_media":17748,"comment_status":"closed","ping_status":"open","sticky":false,"template":"","format":"standard","meta":{"_acf_changed":false,"footnotes":""},"categories":[49],"tags":[],"class_list":["post-17747","post","type-post","status-publish","format-standard","has-post-thumbnail","hentry","category-sante"],"acf":[],"featured_media_global":[],"yoast_head":"<!-- This site is optimized with the Yoast SEO plugin v27.4 - https:\/\/yoast.com\/product\/yoast-seo-wordpress\/ -->\n<title>\u00c9pid\u00e9mie de COVID d\u00e9clar\u00e9e au Foyer Saint-Viateur - Le Reflet \/ The News<\/title>\n<meta name=\"robots\" content=\"index, follow, max-snippet:-1, max-image-preview:large, max-video-preview:-1\" \/>\n<link rel=\"canonical\" href=\"https:\/\/refletnews.ca\/en\/sante\/epidemie-de-covid-declaree-au-foyer-saint-viateur\/\" \/>\n<meta property=\"og:locale\" content=\"en_US\" \/>\n<meta property=\"og:type\" content=\"article\" \/>\n<meta property=\"og:title\" content=\"\u00c9pid\u00e9mie de COVID d\u00e9clar\u00e9e au Foyer Saint-Viateur - Le Reflet \/ The News\" \/>\n<meta property=\"og:description\" content=\"\u00abNous avons maintenant d\u00e9clar\u00e9 une \u00e9pid\u00e9mie au Foyer Saint-Viateur \u00e0 Limoges.\u00bb\" \/>\n<meta property=\"og:url\" content=\"https:\/\/refletnews.ca\/en\/sante\/epidemie-de-covid-declaree-au-foyer-saint-viateur\/\" \/>\n<meta property=\"og:site_name\" content=\"Le Reflet \/ The News\" \/>\n<meta property=\"article:published_time\" content=\"2020-06-02T01:06:36+00:00\" \/>\n<meta property=\"article:modified_time\" content=\"2025-12-16T03:40:34+00:00\" \/>\n<meta property=\"og:image\" content=\"https:\/\/cdn.editionap.ca\/wp-content\/uploads\/sites\/3\/2020\/06\/f052ec59-31f1-4da2-8b46-f521ae053992-scaled-1.jpg\" \/>\n\t<meta property=\"og:image:width\" content=\"2560\" \/>\n\t<meta property=\"og:image:height\" content=\"1440\" \/>\n\t<meta property=\"og:image:type\" content=\"image\/jpeg\" \/>\n<meta name=\"author\" content=\"ezn2_spadmin\" \/>\n<meta name=\"twitter:card\" content=\"summary_large_image\" \/>\n<meta name=\"twitter:label1\" content=\"Written by\" \/>\n\t<meta name=\"twitter:data1\" content=\"ezn2_spadmin\" \/>\n<script type=\"application\/ld+json\" class=\"yoast-schema-graph\">{\"@context\":\"https:\\\/\\\/schema.org\",\"@graph\":[{\"@type\":\"Article\",\"@id\":\"https:\\\/\\\/refletnews.ca\\\/en\\\/sante\\\/epidemie-de-covid-declaree-au-foyer-saint-viateur\\\/#article\",\"isPartOf\":{\"@id\":\"https:\\\/\\\/refletnews.ca\\\/en\\\/sante\\\/epidemie-de-covid-declaree-au-foyer-saint-viateur\\\/\"},\"author\":{\"name\":\"ezn2_spadmin\",\"@id\":\"https:\\\/\\\/refletnews.ca\\\/en\\\/#\\\/schema\\\/person\\\/ecd8a97c76ea385f3027e987481ea16a\"},\"headline\":\"\u00c9pid\u00e9mie de COVID d\u00e9clar\u00e9e au Foyer Saint-Viateur\",\"datePublished\":\"2020-06-02T01:06:36+00:00\",\"dateModified\":\"2025-12-16T03:40:34+00:00\",\"mainEntityOfPage\":{\"@id\":\"https:\\\/\\\/refletnews.ca\\\/en\\\/sante\\\/epidemie-de-covid-declaree-au-foyer-saint-viateur\\\/\"},\"wordCount\":54,\"image\":{\"@id\":\"https:\\\/\\\/refletnews.ca\\\/en\\\/sante\\\/epidemie-de-covid-declaree-au-foyer-saint-viateur\\\/#primaryimage\"},\"thumbnailUrl\":\"https:\\\/\\\/cdn.editionap.ca\\\/wp-content\\\/uploads\\\/sites\\\/3\\\/2020\\\/06\\\/f052ec59-31f1-4da2-8b46-f521ae053992-scaled-1.jpg\",\"articleSection\":[\"Sant\u00e9\"],\"inLanguage\":\"en-CA\"},{\"@type\":\"WebPage\",\"@id\":\"https:\\\/\\\/refletnews.ca\\\/en\\\/sante\\\/epidemie-de-covid-declaree-au-foyer-saint-viateur\\\/\",\"url\":\"https:\\\/\\\/refletnews.ca\\\/en\\\/sante\\\/epidemie-de-covid-declaree-au-foyer-saint-viateur\\\/\",\"name\":\"\u00c9pid\u00e9mie de COVID d\u00e9clar\u00e9e au Foyer Saint-Viateur - Le Reflet \\\/ The News\",\"isPartOf\":{\"@id\":\"https:\\\/\\\/refletnews.ca\\\/en\\\/#website\"},\"primaryImageOfPage\":{\"@id\":\"https:\\\/\\\/refletnews.ca\\\/en\\\/sante\\\/epidemie-de-covid-declaree-au-foyer-saint-viateur\\\/#primaryimage\"},\"image\":{\"@id\":\"https:\\\/\\\/refletnews.ca\\\/en\\\/sante\\\/epidemie-de-covid-declaree-au-foyer-saint-viateur\\\/#primaryimage\"},\"thumbnailUrl\":\"https:\\\/\\\/cdn.editionap.ca\\\/wp-content\\\/uploads\\\/sites\\\/3\\\/2020\\\/06\\\/f052ec59-31f1-4da2-8b46-f521ae053992-scaled-1.jpg\",\"datePublished\":\"2020-06-02T01:06:36+00:00\",\"dateModified\":\"2025-12-16T03:40:34+00:00\",\"author\":{\"@id\":\"https:\\\/\\\/refletnews.ca\\\/en\\\/#\\\/schema\\\/person\\\/ecd8a97c76ea385f3027e987481ea16a\"},\"breadcrumb\":{\"@id\":\"https:\\\/\\\/refletnews.ca\\\/en\\\/sante\\\/epidemie-de-covid-declaree-au-foyer-saint-viateur\\\/#breadcrumb\"},\"inLanguage\":\"en-CA\",\"potentialAction\":[{\"@type\":\"ReadAction\",\"target\":[\"https:\\\/\\\/refletnews.ca\\\/en\\\/sante\\\/epidemie-de-covid-declaree-au-foyer-saint-viateur\\\/\"]}]},{\"@type\":\"ImageObject\",\"inLanguage\":\"en-CA\",\"@id\":\"https:\\\/\\\/refletnews.ca\\\/en\\\/sante\\\/epidemie-de-covid-declaree-au-foyer-saint-viateur\\\/#primaryimage\",\"url\":\"https:\\\/\\\/cdn.editionap.ca\\\/wp-content\\\/uploads\\\/sites\\\/3\\\/2020\\\/06\\\/f052ec59-31f1-4da2-8b46-f521ae053992-scaled-1.jpg\",\"contentUrl\":\"https:\\\/\\\/cdn.editionap.ca\\\/wp-content\\\/uploads\\\/sites\\\/3\\\/2020\\\/06\\\/f052ec59-31f1-4da2-8b46-f521ae053992-scaled-1.jpg\",\"width\":2560,\"height\":1440},{\"@type\":\"BreadcrumbList\",\"@id\":\"https:\\\/\\\/refletnews.ca\\\/en\\\/sante\\\/epidemie-de-covid-declaree-au-foyer-saint-viateur\\\/#breadcrumb\",\"itemListElement\":[{\"@type\":\"ListItem\",\"position\":1,\"name\":\"Accueil\",\"item\":\"https:\\\/\\\/refletnews.ca\\\/en\\\/\"},{\"@type\":\"ListItem\",\"position\":2,\"name\":\"\u00c9pid\u00e9mie de COVID d\u00e9clar\u00e9e au Foyer Saint-Viateur\"}]},{\"@type\":\"WebSite\",\"@id\":\"https:\\\/\\\/refletnews.ca\\\/en\\\/#website\",\"url\":\"https:\\\/\\\/refletnews.ca\\\/en\\\/\",\"name\":\"Le Reflet \\\/ The News\",\"description\":\"\",\"potentialAction\":[{\"@type\":\"SearchAction\",\"target\":{\"@type\":\"EntryPoint\",\"urlTemplate\":\"https:\\\/\\\/refletnews.ca\\\/en\\\/?s={search_term_string}\"},\"query-input\":{\"@type\":\"PropertyValueSpecification\",\"valueRequired\":true,\"valueName\":\"search_term_string\"}}],\"inLanguage\":\"en-CA\"},{\"@type\":\"Person\",\"@id\":\"https:\\\/\\\/refletnews.ca\\\/en\\\/#\\\/schema\\\/person\\\/ecd8a97c76ea385f3027e987481ea16a\",\"name\":\"ezn2_spadmin\",\"image\":{\"@type\":\"ImageObject\",\"inLanguage\":\"en-CA\",\"@id\":\"https:\\\/\\\/secure.gravatar.com\\\/avatar\\\/10a4f0f991cc37cefde2ecf3b88df276159d0bcf256623224d1025086c609a97?s=96&d=mm&r=g\",\"url\":\"https:\\\/\\\/secure.gravatar.com\\\/avatar\\\/10a4f0f991cc37cefde2ecf3b88df276159d0bcf256623224d1025086c609a97?s=96&d=mm&r=g\",\"contentUrl\":\"https:\\\/\\\/secure.gravatar.com\\\/avatar\\\/10a4f0f991cc37cefde2ecf3b88df276159d0bcf256623224d1025086c609a97?s=96&d=mm&r=g\",\"caption\":\"ezn2_spadmin\"}}]}<\/script>\n<!-- \/ Yoast SEO plugin. -->","yoast_head_json":{"title":"\u00c9pid\u00e9mie de COVID d\u00e9clar\u00e9e au Foyer Saint-Viateur - Le Reflet \/ The News","robots":{"index":"index","follow":"follow","max-snippet":"max-snippet:-1","max-image-preview":"max-image-preview:large","max-video-preview":"max-video-preview:-1"},"canonical":"https:\/\/refletnews.ca\/en\/sante\/epidemie-de-covid-declaree-au-foyer-saint-viateur\/","og_locale":"en_US","og_type":"article","og_title":"\u00c9pid\u00e9mie de COVID d\u00e9clar\u00e9e au Foyer Saint-Viateur - Le Reflet \/ The News","og_description":"\u00abNous avons maintenant d\u00e9clar\u00e9 une \u00e9pid\u00e9mie au Foyer Saint-Viateur \u00e0 Limoges.\u00bb","og_url":"https:\/\/refletnews.ca\/en\/sante\/epidemie-de-covid-declaree-au-foyer-saint-viateur\/","og_site_name":"Le Reflet \/ The News","article_published_time":"2020-06-02T01:06:36+00:00","article_modified_time":"2025-12-16T03:40:34+00:00","og_image":[{"width":2560,"height":1440,"url":"https:\/\/cdn.editionap.ca\/wp-content\/uploads\/sites\/3\/2020\/06\/f052ec59-31f1-4da2-8b46-f521ae053992-scaled-1.jpg","type":"image\/jpeg"}],"author":"ezn2_spadmin","twitter_card":"summary_large_image","twitter_misc":{"Written by":"ezn2_spadmin"},"schema":{"@context":"https:\/\/schema.org","@graph":[{"@type":"Article","@id":"https:\/\/refletnews.ca\/en\/sante\/epidemie-de-covid-declaree-au-foyer-saint-viateur\/#article","isPartOf":{"@id":"https:\/\/refletnews.ca\/en\/sante\/epidemie-de-covid-declaree-au-foyer-saint-viateur\/"},"author":{"name":"ezn2_spadmin","@id":"https:\/\/refletnews.ca\/en\/#\/schema\/person\/ecd8a97c76ea385f3027e987481ea16a"},"headline":"\u00c9pid\u00e9mie de COVID d\u00e9clar\u00e9e au Foyer Saint-Viateur","datePublished":"2020-06-02T01:06:36+00:00","dateModified":"2025-12-16T03:40:34+00:00","mainEntityOfPage":{"@id":"https:\/\/refletnews.ca\/en\/sante\/epidemie-de-covid-declaree-au-foyer-saint-viateur\/"},"wordCount":54,"image":{"@id":"https:\/\/refletnews.ca\/en\/sante\/epidemie-de-covid-declaree-au-foyer-saint-viateur\/#primaryimage"},"thumbnailUrl":"https:\/\/cdn.editionap.ca\/wp-content\/uploads\/sites\/3\/2020\/06\/f052ec59-31f1-4da2-8b46-f521ae053992-scaled-1.jpg","articleSection":["Sant\u00e9"],"inLanguage":"en-CA"},{"@type":"WebPage","@id":"https:\/\/refletnews.ca\/en\/sante\/epidemie-de-covid-declaree-au-foyer-saint-viateur\/","url":"https:\/\/refletnews.ca\/en\/sante\/epidemie-de-covid-declaree-au-foyer-saint-viateur\/","name":"\u00c9pid\u00e9mie de COVID d\u00e9clar\u00e9e au Foyer Saint-Viateur - Le Reflet \/ The News","isPartOf":{"@id":"https:\/\/refletnews.ca\/en\/#website"},"primaryImageOfPage":{"@id":"https:\/\/refletnews.ca\/en\/sante\/epidemie-de-covid-declaree-au-foyer-saint-viateur\/#primaryimage"},"image":{"@id":"https:\/\/refletnews.ca\/en\/sante\/epidemie-de-covid-declaree-au-foyer-saint-viateur\/#primaryimage"},"thumbnailUrl":"https:\/\/cdn.editionap.ca\/wp-content\/uploads\/sites\/3\/2020\/06\/f052ec59-31f1-4da2-8b46-f521ae053992-scaled-1.jpg","datePublished":"2020-06-02T01:06:36+00:00","dateModified":"2025-12-16T03:40:34+00:00","author":{"@id":"https:\/\/refletnews.ca\/en\/#\/schema\/person\/ecd8a97c76ea385f3027e987481ea16a"},"breadcrumb":{"@id":"https:\/\/refletnews.ca\/en\/sante\/epidemie-de-covid-declaree-au-foyer-saint-viateur\/#breadcrumb"},"inLanguage":"en-CA","potentialAction":[{"@type":"ReadAction","target":["https:\/\/refletnews.ca\/en\/sante\/epidemie-de-covid-declaree-au-foyer-saint-viateur\/"]}]},{"@type":"ImageObject","inLanguage":"en-CA","@id":"https:\/\/refletnews.ca\/en\/sante\/epidemie-de-covid-declaree-au-foyer-saint-viateur\/#primaryimage","url":"https:\/\/cdn.editionap.ca\/wp-content\/uploads\/sites\/3\/2020\/06\/f052ec59-31f1-4da2-8b46-f521ae053992-scaled-1.jpg","contentUrl":"https:\/\/cdn.editionap.ca\/wp-content\/uploads\/sites\/3\/2020\/06\/f052ec59-31f1-4da2-8b46-f521ae053992-scaled-1.jpg","width":2560,"height":1440},{"@type":"BreadcrumbList","@id":"https:\/\/refletnews.ca\/en\/sante\/epidemie-de-covid-declaree-au-foyer-saint-viateur\/#breadcrumb","itemListElement":[{"@type":"ListItem","position":1,"name":"Accueil","item":"https:\/\/refletnews.ca\/en\/"},{"@type":"ListItem","position":2,"name":"\u00c9pid\u00e9mie de COVID d\u00e9clar\u00e9e au Foyer Saint-Viateur"}]},{"@type":"WebSite","@id":"https:\/\/refletnews.ca\/en\/#website","url":"https:\/\/refletnews.ca\/en\/","name":"Le Reflet \/ The News","description":"","potentialAction":[{"@type":"SearchAction","target":{"@type":"EntryPoint","urlTemplate":"https:\/\/refletnews.ca\/en\/?s={search_term_string}"},"query-input":{"@type":"PropertyValueSpecification","valueRequired":true,"valueName":"search_term_string"}}],"inLanguage":"en-CA"},{"@type":"Person","@id":"https:\/\/refletnews.ca\/en\/#\/schema\/person\/ecd8a97c76ea385f3027e987481ea16a","name":"ezn2_spadmin","image":{"@type":"ImageObject","inLanguage":"en-CA","@id":"https:\/\/secure.gravatar.com\/avatar\/10a4f0f991cc37cefde2ecf3b88df276159d0bcf256623224d1025086c609a97?s=96&d=mm&r=g","url":"https:\/\/secure.gravatar.com\/avatar\/10a4f0f991cc37cefde2ecf3b88df276159d0bcf256623224d1025086c609a97?s=96&d=mm&r=g","contentUrl":"https:\/\/secure.gravatar.com\/avatar\/10a4f0f991cc37cefde2ecf3b88df276159d0bcf256623224d1025086c609a97?s=96&d=mm&r=g","caption":"ezn2_spadmin"}}]}},"_links":{"self":[{"href":"https:\/\/refletnews.ca\/en\/wp-json\/wp\/v2\/posts\/17747","targetHints":{"allow":["GET"]}}],"collection":[{"href":"https:\/\/refletnews.ca\/en\/wp-json\/wp\/v2\/posts"}],"about":[{"href":"https:\/\/refletnews.ca\/en\/wp-json\/wp\/v2\/types\/post"}],"author":[{"embeddable":true,"href":"https:\/\/refletnews.ca\/en\/wp-json\/wp\/v2\/users\/7"}],"replies":[{"embeddable":true,"href":"https:\/\/refletnews.ca\/en\/wp-json\/wp\/v2\/comments?post=17747"}],"version-history":[{"count":1,"href":"https:\/\/refletnews.ca\/en\/wp-json\/wp\/v2\/posts\/17747\/revisions"}],"predecessor-version":[{"id":129682,"href":"https:\/\/refletnews.ca\/en\/wp-json\/wp\/v2\/posts\/17747\/revisions\/129682"}],"wp:featuredmedia":[{"embeddable":true,"href":"https:\/\/refletnews.ca\/en\/wp-json\/wp\/v2\/media\/17748"}],"wp:attachment":[{"href":"https:\/\/refletnews.ca\/en\/wp-json\/wp\/v2\/media?parent=17747"}],"wp:term":[{"taxonomy":"category","embeddable":true,"href":"https:\/\/refletnews.ca\/en\/wp-json\/wp\/v2\/categories?post=17747"},{"taxonomy":"post_tag","embeddable":true,"href":"https:\/\/refletnews.ca\/en\/wp-json\/wp\/v2\/tags?post=17747"}],"curies":[{"name":"wp","href":"https:\/\/api.w.org\/{rel}","templated":true}]}}