{"id":16420,"date":"2020-11-12T12:56:25","date_gmt":"2020-11-12T12:56:25","guid":{"rendered":"https:\/\/editionap.ca\/2020\/11\/12\/valoris-lance-sa-campagne-des-lutins-de-noel\/"},"modified":"2025-12-14T19:22:09","modified_gmt":"2025-12-14T18:22:09","slug":"valoris-lance-sa-campagne-des-lutins-de-noel","status":"publish","type":"post","link":"https:\/\/refletnews.ca\/en\/societe\/valoris-lance-sa-campagne-des-lutins-de-noel\/","title":{"rendered":"Valoris lance sa campagne des Lutins de No\u00ebl"},"content":{"rendered":"<p>L\u2019ann\u00e9e derni\u00e8re, plus de 650 enfants ont pu recevoir un cadeau dans le temps des F\u00eates gr\u00e2ce \u00e0 cette initiative. C\u2019est ainsi que Valoris fait une fois de plus appel au soutien et \u00e0 la g\u00e9n\u00e9rosit\u00e9 de la communaut\u00e9 cette ann\u00e9e pour que cette campagne soit une r\u00e9ussite.<\/p>\n","protected":false},"excerpt":{"rendered":"<p>Le 6 novembre dernier, Valoris a lanc\u00e9 sa 29e Campagne des Lutins de No\u00ebl. \u00a0L\u2019objectif de cette campagne est de pouvoir offrir des cadeaux \u00e0 des enfants et des adolescents dans le besoin dans la r\u00e9gion de Prescott-Russell.<\/p>\n","protected":false},"author":7,"featured_media":16421,"comment_status":"closed","ping_status":"open","sticky":false,"template":"","format":"standard","meta":{"_acf_changed":false,"footnotes":""},"categories":[40],"tags":[],"class_list":["post-16420","post","type-post","status-publish","format-standard","has-post-thumbnail","hentry","category-societe"],"acf":[],"featured_media_global":[],"yoast_head":"<!-- This site is optimized with the Yoast SEO plugin v27.5 - https:\/\/yoast.com\/product\/yoast-seo-wordpress\/ -->\n<title>Valoris lance sa campagne des Lutins de No\u00ebl - Le Reflet \/ The News<\/title>\n<meta name=\"robots\" content=\"index, follow, max-snippet:-1, max-image-preview:large, max-video-preview:-1\" \/>\n<link rel=\"canonical\" href=\"https:\/\/refletnews.ca\/en\/societe\/valoris-lance-sa-campagne-des-lutins-de-noel\/\" \/>\n<meta property=\"og:locale\" content=\"en_US\" \/>\n<meta property=\"og:type\" content=\"article\" \/>\n<meta property=\"og:title\" content=\"Valoris lance sa campagne des Lutins de No\u00ebl - Le Reflet \/ The News\" \/>\n<meta property=\"og:description\" content=\"Le 6 novembre dernier, Valoris a lanc\u00e9 sa 29e Campagne des Lutins de No\u00ebl. \u00a0L\u2019objectif de cette campagne est de pouvoir offrir des cadeaux \u00e0 des enfants et des adolescents dans le besoin dans la r\u00e9gion de Prescott-Russell.\" \/>\n<meta property=\"og:url\" content=\"https:\/\/refletnews.ca\/en\/societe\/valoris-lance-sa-campagne-des-lutins-de-noel\/\" \/>\n<meta property=\"og:site_name\" content=\"Le Reflet \/ The News\" \/>\n<meta property=\"article:published_time\" content=\"2020-11-12T12:56:25+00:00\" \/>\n<meta property=\"article:modified_time\" content=\"2025-12-14T18:22:09+00:00\" \/>\n<meta property=\"og:image\" content=\"https:\/\/cdn.editionap.ca\/wp-content\/uploads\/sites\/3\/2020\/11\/1d286d71-671d-4745-b12d-54ccf9034c89-scaled-1.jpg\" \/>\n\t<meta property=\"og:image:width\" content=\"2560\" \/>\n\t<meta property=\"og:image:height\" content=\"2378\" \/>\n\t<meta property=\"og:image:type\" content=\"image\/jpeg\" \/>\n<meta name=\"author\" content=\"ezn2_spadmin\" \/>\n<meta name=\"twitter:card\" content=\"summary_large_image\" \/>\n<meta name=\"twitter:label1\" content=\"Written by\" \/>\n\t<meta name=\"twitter:data1\" content=\"ezn2_spadmin\" \/>\n<script type=\"application\/ld+json\" class=\"yoast-schema-graph\">{\"@context\":\"https:\\\/\\\/schema.org\",\"@graph\":[{\"@type\":\"Article\",\"@id\":\"https:\\\/\\\/refletnews.ca\\\/en\\\/societe\\\/valoris-lance-sa-campagne-des-lutins-de-noel\\\/#article\",\"isPartOf\":{\"@id\":\"https:\\\/\\\/refletnews.ca\\\/en\\\/societe\\\/valoris-lance-sa-campagne-des-lutins-de-noel\\\/\"},\"author\":{\"name\":\"ezn2_spadmin\",\"@id\":\"https:\\\/\\\/refletnews.ca\\\/en\\\/#\\\/schema\\\/person\\\/ecd8a97c76ea385f3027e987481ea16a\"},\"headline\":\"Valoris lance sa campagne des Lutins de No\u00ebl\",\"datePublished\":\"2020-11-12T12:56:25+00:00\",\"dateModified\":\"2025-12-14T18:22:09+00:00\",\"mainEntityOfPage\":{\"@id\":\"https:\\\/\\\/refletnews.ca\\\/en\\\/societe\\\/valoris-lance-sa-campagne-des-lutins-de-noel\\\/\"},\"wordCount\":64,\"image\":{\"@id\":\"https:\\\/\\\/refletnews.ca\\\/en\\\/societe\\\/valoris-lance-sa-campagne-des-lutins-de-noel\\\/#primaryimage\"},\"thumbnailUrl\":\"https:\\\/\\\/cdn.editionap.ca\\\/wp-content\\\/uploads\\\/sites\\\/3\\\/2020\\\/11\\\/1d286d71-671d-4745-b12d-54ccf9034c89-scaled-1.jpg\",\"articleSection\":[\"Soci\u00e9t\u00e9\"],\"inLanguage\":\"en-CA\"},{\"@type\":\"WebPage\",\"@id\":\"https:\\\/\\\/refletnews.ca\\\/en\\\/societe\\\/valoris-lance-sa-campagne-des-lutins-de-noel\\\/\",\"url\":\"https:\\\/\\\/refletnews.ca\\\/en\\\/societe\\\/valoris-lance-sa-campagne-des-lutins-de-noel\\\/\",\"name\":\"Valoris lance sa campagne des Lutins de No\u00ebl - Le Reflet \\\/ The News\",\"isPartOf\":{\"@id\":\"https:\\\/\\\/refletnews.ca\\\/en\\\/#website\"},\"primaryImageOfPage\":{\"@id\":\"https:\\\/\\\/refletnews.ca\\\/en\\\/societe\\\/valoris-lance-sa-campagne-des-lutins-de-noel\\\/#primaryimage\"},\"image\":{\"@id\":\"https:\\\/\\\/refletnews.ca\\\/en\\\/societe\\\/valoris-lance-sa-campagne-des-lutins-de-noel\\\/#primaryimage\"},\"thumbnailUrl\":\"https:\\\/\\\/cdn.editionap.ca\\\/wp-content\\\/uploads\\\/sites\\\/3\\\/2020\\\/11\\\/1d286d71-671d-4745-b12d-54ccf9034c89-scaled-1.jpg\",\"datePublished\":\"2020-11-12T12:56:25+00:00\",\"dateModified\":\"2025-12-14T18:22:09+00:00\",\"author\":{\"@id\":\"https:\\\/\\\/refletnews.ca\\\/en\\\/#\\\/schema\\\/person\\\/ecd8a97c76ea385f3027e987481ea16a\"},\"breadcrumb\":{\"@id\":\"https:\\\/\\\/refletnews.ca\\\/en\\\/societe\\\/valoris-lance-sa-campagne-des-lutins-de-noel\\\/#breadcrumb\"},\"inLanguage\":\"en-CA\",\"potentialAction\":[{\"@type\":\"ReadAction\",\"target\":[\"https:\\\/\\\/refletnews.ca\\\/en\\\/societe\\\/valoris-lance-sa-campagne-des-lutins-de-noel\\\/\"]}]},{\"@type\":\"ImageObject\",\"inLanguage\":\"en-CA\",\"@id\":\"https:\\\/\\\/refletnews.ca\\\/en\\\/societe\\\/valoris-lance-sa-campagne-des-lutins-de-noel\\\/#primaryimage\",\"url\":\"https:\\\/\\\/cdn.editionap.ca\\\/wp-content\\\/uploads\\\/sites\\\/3\\\/2020\\\/11\\\/1d286d71-671d-4745-b12d-54ccf9034c89-scaled-1.jpg\",\"contentUrl\":\"https:\\\/\\\/cdn.editionap.ca\\\/wp-content\\\/uploads\\\/sites\\\/3\\\/2020\\\/11\\\/1d286d71-671d-4745-b12d-54ccf9034c89-scaled-1.jpg\",\"width\":2560,\"height\":2378},{\"@type\":\"BreadcrumbList\",\"@id\":\"https:\\\/\\\/refletnews.ca\\\/en\\\/societe\\\/valoris-lance-sa-campagne-des-lutins-de-noel\\\/#breadcrumb\",\"itemListElement\":[{\"@type\":\"ListItem\",\"position\":1,\"name\":\"Accueil\",\"item\":\"https:\\\/\\\/refletnews.ca\\\/en\\\/\"},{\"@type\":\"ListItem\",\"position\":2,\"name\":\"Valoris lance sa campagne des Lutins de No\u00ebl\"}]},{\"@type\":\"WebSite\",\"@id\":\"https:\\\/\\\/refletnews.ca\\\/en\\\/#website\",\"url\":\"https:\\\/\\\/refletnews.ca\\\/en\\\/\",\"name\":\"Le Reflet \\\/ The News\",\"description\":\"\",\"potentialAction\":[{\"@type\":\"SearchAction\",\"target\":{\"@type\":\"EntryPoint\",\"urlTemplate\":\"https:\\\/\\\/refletnews.ca\\\/en\\\/?s={search_term_string}\"},\"query-input\":{\"@type\":\"PropertyValueSpecification\",\"valueRequired\":true,\"valueName\":\"search_term_string\"}}],\"inLanguage\":\"en-CA\"},{\"@type\":\"Person\",\"@id\":\"https:\\\/\\\/refletnews.ca\\\/en\\\/#\\\/schema\\\/person\\\/ecd8a97c76ea385f3027e987481ea16a\",\"name\":\"ezn2_spadmin\",\"image\":{\"@type\":\"ImageObject\",\"inLanguage\":\"en-CA\",\"@id\":\"https:\\\/\\\/secure.gravatar.com\\\/avatar\\\/10a4f0f991cc37cefde2ecf3b88df276159d0bcf256623224d1025086c609a97?s=96&d=mm&r=g\",\"url\":\"https:\\\/\\\/secure.gravatar.com\\\/avatar\\\/10a4f0f991cc37cefde2ecf3b88df276159d0bcf256623224d1025086c609a97?s=96&d=mm&r=g\",\"contentUrl\":\"https:\\\/\\\/secure.gravatar.com\\\/avatar\\\/10a4f0f991cc37cefde2ecf3b88df276159d0bcf256623224d1025086c609a97?s=96&d=mm&r=g\",\"caption\":\"ezn2_spadmin\"}}]}<\/script>\n<!-- \/ Yoast SEO plugin. -->","yoast_head_json":{"title":"Valoris lance sa campagne des Lutins de No\u00ebl - Le Reflet \/ The News","robots":{"index":"index","follow":"follow","max-snippet":"max-snippet:-1","max-image-preview":"max-image-preview:large","max-video-preview":"max-video-preview:-1"},"canonical":"https:\/\/refletnews.ca\/en\/societe\/valoris-lance-sa-campagne-des-lutins-de-noel\/","og_locale":"en_US","og_type":"article","og_title":"Valoris lance sa campagne des Lutins de No\u00ebl - Le Reflet \/ The News","og_description":"Le 6 novembre dernier, Valoris a lanc\u00e9 sa 29e Campagne des Lutins de No\u00ebl. \u00a0L\u2019objectif de cette campagne est de pouvoir offrir des cadeaux \u00e0 des enfants et des adolescents dans le besoin dans la r\u00e9gion de Prescott-Russell.","og_url":"https:\/\/refletnews.ca\/en\/societe\/valoris-lance-sa-campagne-des-lutins-de-noel\/","og_site_name":"Le Reflet \/ The News","article_published_time":"2020-11-12T12:56:25+00:00","article_modified_time":"2025-12-14T18:22:09+00:00","og_image":[{"width":2560,"height":2378,"url":"https:\/\/cdn.editionap.ca\/wp-content\/uploads\/sites\/3\/2020\/11\/1d286d71-671d-4745-b12d-54ccf9034c89-scaled-1.jpg","type":"image\/jpeg"}],"author":"ezn2_spadmin","twitter_card":"summary_large_image","twitter_misc":{"Written by":"ezn2_spadmin"},"schema":{"@context":"https:\/\/schema.org","@graph":[{"@type":"Article","@id":"https:\/\/refletnews.ca\/en\/societe\/valoris-lance-sa-campagne-des-lutins-de-noel\/#article","isPartOf":{"@id":"https:\/\/refletnews.ca\/en\/societe\/valoris-lance-sa-campagne-des-lutins-de-noel\/"},"author":{"name":"ezn2_spadmin","@id":"https:\/\/refletnews.ca\/en\/#\/schema\/person\/ecd8a97c76ea385f3027e987481ea16a"},"headline":"Valoris lance sa campagne des Lutins de No\u00ebl","datePublished":"2020-11-12T12:56:25+00:00","dateModified":"2025-12-14T18:22:09+00:00","mainEntityOfPage":{"@id":"https:\/\/refletnews.ca\/en\/societe\/valoris-lance-sa-campagne-des-lutins-de-noel\/"},"wordCount":64,"image":{"@id":"https:\/\/refletnews.ca\/en\/societe\/valoris-lance-sa-campagne-des-lutins-de-noel\/#primaryimage"},"thumbnailUrl":"https:\/\/cdn.editionap.ca\/wp-content\/uploads\/sites\/3\/2020\/11\/1d286d71-671d-4745-b12d-54ccf9034c89-scaled-1.jpg","articleSection":["Soci\u00e9t\u00e9"],"inLanguage":"en-CA"},{"@type":"WebPage","@id":"https:\/\/refletnews.ca\/en\/societe\/valoris-lance-sa-campagne-des-lutins-de-noel\/","url":"https:\/\/refletnews.ca\/en\/societe\/valoris-lance-sa-campagne-des-lutins-de-noel\/","name":"Valoris lance sa campagne des Lutins de No\u00ebl - Le Reflet \/ The News","isPartOf":{"@id":"https:\/\/refletnews.ca\/en\/#website"},"primaryImageOfPage":{"@id":"https:\/\/refletnews.ca\/en\/societe\/valoris-lance-sa-campagne-des-lutins-de-noel\/#primaryimage"},"image":{"@id":"https:\/\/refletnews.ca\/en\/societe\/valoris-lance-sa-campagne-des-lutins-de-noel\/#primaryimage"},"thumbnailUrl":"https:\/\/cdn.editionap.ca\/wp-content\/uploads\/sites\/3\/2020\/11\/1d286d71-671d-4745-b12d-54ccf9034c89-scaled-1.jpg","datePublished":"2020-11-12T12:56:25+00:00","dateModified":"2025-12-14T18:22:09+00:00","author":{"@id":"https:\/\/refletnews.ca\/en\/#\/schema\/person\/ecd8a97c76ea385f3027e987481ea16a"},"breadcrumb":{"@id":"https:\/\/refletnews.ca\/en\/societe\/valoris-lance-sa-campagne-des-lutins-de-noel\/#breadcrumb"},"inLanguage":"en-CA","potentialAction":[{"@type":"ReadAction","target":["https:\/\/refletnews.ca\/en\/societe\/valoris-lance-sa-campagne-des-lutins-de-noel\/"]}]},{"@type":"ImageObject","inLanguage":"en-CA","@id":"https:\/\/refletnews.ca\/en\/societe\/valoris-lance-sa-campagne-des-lutins-de-noel\/#primaryimage","url":"https:\/\/cdn.editionap.ca\/wp-content\/uploads\/sites\/3\/2020\/11\/1d286d71-671d-4745-b12d-54ccf9034c89-scaled-1.jpg","contentUrl":"https:\/\/cdn.editionap.ca\/wp-content\/uploads\/sites\/3\/2020\/11\/1d286d71-671d-4745-b12d-54ccf9034c89-scaled-1.jpg","width":2560,"height":2378},{"@type":"BreadcrumbList","@id":"https:\/\/refletnews.ca\/en\/societe\/valoris-lance-sa-campagne-des-lutins-de-noel\/#breadcrumb","itemListElement":[{"@type":"ListItem","position":1,"name":"Accueil","item":"https:\/\/refletnews.ca\/en\/"},{"@type":"ListItem","position":2,"name":"Valoris lance sa campagne des Lutins de No\u00ebl"}]},{"@type":"WebSite","@id":"https:\/\/refletnews.ca\/en\/#website","url":"https:\/\/refletnews.ca\/en\/","name":"Le Reflet \/ The News","description":"","potentialAction":[{"@type":"SearchAction","target":{"@type":"EntryPoint","urlTemplate":"https:\/\/refletnews.ca\/en\/?s={search_term_string}"},"query-input":{"@type":"PropertyValueSpecification","valueRequired":true,"valueName":"search_term_string"}}],"inLanguage":"en-CA"},{"@type":"Person","@id":"https:\/\/refletnews.ca\/en\/#\/schema\/person\/ecd8a97c76ea385f3027e987481ea16a","name":"ezn2_spadmin","image":{"@type":"ImageObject","inLanguage":"en-CA","@id":"https:\/\/secure.gravatar.com\/avatar\/10a4f0f991cc37cefde2ecf3b88df276159d0bcf256623224d1025086c609a97?s=96&d=mm&r=g","url":"https:\/\/secure.gravatar.com\/avatar\/10a4f0f991cc37cefde2ecf3b88df276159d0bcf256623224d1025086c609a97?s=96&d=mm&r=g","contentUrl":"https:\/\/secure.gravatar.com\/avatar\/10a4f0f991cc37cefde2ecf3b88df276159d0bcf256623224d1025086c609a97?s=96&d=mm&r=g","caption":"ezn2_spadmin"}}]}},"_links":{"self":[{"href":"https:\/\/refletnews.ca\/en\/wp-json\/wp\/v2\/posts\/16420","targetHints":{"allow":["GET"]}}],"collection":[{"href":"https:\/\/refletnews.ca\/en\/wp-json\/wp\/v2\/posts"}],"about":[{"href":"https:\/\/refletnews.ca\/en\/wp-json\/wp\/v2\/types\/post"}],"author":[{"embeddable":true,"href":"https:\/\/refletnews.ca\/en\/wp-json\/wp\/v2\/users\/7"}],"replies":[{"embeddable":true,"href":"https:\/\/refletnews.ca\/en\/wp-json\/wp\/v2\/comments?post=16420"}],"version-history":[{"count":1,"href":"https:\/\/refletnews.ca\/en\/wp-json\/wp\/v2\/posts\/16420\/revisions"}],"predecessor-version":[{"id":129417,"href":"https:\/\/refletnews.ca\/en\/wp-json\/wp\/v2\/posts\/16420\/revisions\/129417"}],"wp:featuredmedia":[{"embeddable":true,"href":"https:\/\/refletnews.ca\/en\/wp-json\/wp\/v2\/media\/16421"}],"wp:attachment":[{"href":"https:\/\/refletnews.ca\/en\/wp-json\/wp\/v2\/media?parent=16420"}],"wp:term":[{"taxonomy":"category","embeddable":true,"href":"https:\/\/refletnews.ca\/en\/wp-json\/wp\/v2\/categories?post=16420"},{"taxonomy":"post_tag","embeddable":true,"href":"https:\/\/refletnews.ca\/en\/wp-json\/wp\/v2\/tags?post=16420"}],"curies":[{"name":"wp","href":"https:\/\/api.w.org\/{rel}","templated":true}]}}