{"id":16191,"date":"2020-10-15T12:51:33","date_gmt":"2020-10-15T12:51:34","guid":{"rendered":"https:\/\/editionap.ca\/2020\/10\/15\/eclosion-de-covid-a-la-residence-prescott-russell\/"},"modified":"2025-12-16T04:40:34","modified_gmt":"2025-12-16T03:40:34","slug":"eclosion-de-covid-a-la-residence-prescott-russell","status":"publish","type":"post","link":"https:\/\/refletnews.ca\/en\/sante\/eclosion-de-covid-a-la-residence-prescott-russell\/","title":{"rendered":"\u00c9closion de COVID \u00e0 la R\u00e9sidence Prescott-Russell"},"content":{"rendered":"<p>Lundi (le 12 octobre), le total de personnes atteintes lundi s&#8217;\u00e9levait \u00e0 six, mais les CUPR ont alors d\u00e9clar\u00e9 qu&#8217;elle attendait toujours les r\u00e9sultats des tests effectu\u00e9s vendredi. Le laboratoire responsable des tests a \u00e9t\u00e9 ferm\u00e9 pendant deux jours durant le weekend. Ce n\u2019est que mercredi qu\u2019on a d\u00e9voil\u00e9 les r\u00e9sultats d\u00e9finitifs de tous les tests.<\/p>\n","protected":false},"excerpt":{"rendered":"<p>En effet, quelque 35 personnes, 27 r\u00e9sidents et huit employ\u00e9s de la R\u00e9sidence Prescott-Russell, ont re\u00e7u des diagnostics positifs de COVID-19.<\/p>\n","protected":false},"author":7,"featured_media":16192,"comment_status":"open","ping_status":"open","sticky":false,"template":"","format":"standard","meta":{"_acf_changed":false,"footnotes":""},"categories":[49],"tags":[],"class_list":["post-16191","post","type-post","status-publish","format-standard","has-post-thumbnail","hentry","category-sante"],"acf":[],"featured_media_global":[],"yoast_head":"<!-- This site is optimized with the Yoast SEO plugin v27.4 - https:\/\/yoast.com\/product\/yoast-seo-wordpress\/ -->\n<title>\u00c9closion de COVID \u00e0 la R\u00e9sidence Prescott-Russell - Le Reflet \/ The News<\/title>\n<meta name=\"robots\" content=\"index, follow, max-snippet:-1, max-image-preview:large, max-video-preview:-1\" \/>\n<link rel=\"canonical\" href=\"https:\/\/refletnews.ca\/en\/sante\/eclosion-de-covid-a-la-residence-prescott-russell\/\" \/>\n<meta property=\"og:locale\" content=\"en_US\" \/>\n<meta property=\"og:type\" content=\"article\" \/>\n<meta property=\"og:title\" content=\"\u00c9closion de COVID \u00e0 la R\u00e9sidence Prescott-Russell - Le Reflet \/ The News\" \/>\n<meta property=\"og:description\" content=\"En effet, quelque 35 personnes, 27 r\u00e9sidents et huit employ\u00e9s de la R\u00e9sidence Prescott-Russell, ont re\u00e7u des diagnostics positifs de COVID-19.\" \/>\n<meta property=\"og:url\" content=\"https:\/\/refletnews.ca\/en\/sante\/eclosion-de-covid-a-la-residence-prescott-russell\/\" \/>\n<meta property=\"og:site_name\" content=\"Le Reflet \/ The News\" \/>\n<meta property=\"article:published_time\" content=\"2020-10-15T12:51:34+00:00\" \/>\n<meta property=\"article:modified_time\" content=\"2025-12-16T03:40:34+00:00\" \/>\n<meta property=\"og:image\" content=\"https:\/\/cdn.editionap.ca\/wp-content\/uploads\/sites\/3\/2020\/10\/e418b41f-669a-4368-baff-426307be3140-scaled-1.jpg\" \/>\n\t<meta property=\"og:image:width\" content=\"2560\" \/>\n\t<meta property=\"og:image:height\" content=\"1804\" \/>\n\t<meta property=\"og:image:type\" content=\"image\/jpeg\" \/>\n<meta name=\"author\" content=\"ezn2_spadmin\" \/>\n<meta name=\"twitter:card\" content=\"summary_large_image\" \/>\n<meta name=\"twitter:label1\" content=\"Written by\" \/>\n\t<meta name=\"twitter:data1\" content=\"ezn2_spadmin\" \/>\n<script type=\"application\/ld+json\" class=\"yoast-schema-graph\">{\"@context\":\"https:\\\/\\\/schema.org\",\"@graph\":[{\"@type\":\"Article\",\"@id\":\"https:\\\/\\\/refletnews.ca\\\/en\\\/sante\\\/eclosion-de-covid-a-la-residence-prescott-russell\\\/#article\",\"isPartOf\":{\"@id\":\"https:\\\/\\\/refletnews.ca\\\/en\\\/sante\\\/eclosion-de-covid-a-la-residence-prescott-russell\\\/\"},\"author\":{\"name\":\"ezn2_spadmin\",\"@id\":\"https:\\\/\\\/refletnews.ca\\\/en\\\/#\\\/schema\\\/person\\\/ecd8a97c76ea385f3027e987481ea16a\"},\"headline\":\"\u00c9closion de COVID \u00e0 la R\u00e9sidence Prescott-Russell\",\"datePublished\":\"2020-10-15T12:51:34+00:00\",\"dateModified\":\"2025-12-16T03:40:34+00:00\",\"mainEntityOfPage\":{\"@id\":\"https:\\\/\\\/refletnews.ca\\\/en\\\/sante\\\/eclosion-de-covid-a-la-residence-prescott-russell\\\/\"},\"wordCount\":71,\"commentCount\":0,\"image\":{\"@id\":\"https:\\\/\\\/refletnews.ca\\\/en\\\/sante\\\/eclosion-de-covid-a-la-residence-prescott-russell\\\/#primaryimage\"},\"thumbnailUrl\":\"https:\\\/\\\/cdn.editionap.ca\\\/wp-content\\\/uploads\\\/sites\\\/3\\\/2020\\\/10\\\/e418b41f-669a-4368-baff-426307be3140-scaled-1.jpg\",\"articleSection\":[\"Sant\u00e9\"],\"inLanguage\":\"en-CA\",\"potentialAction\":[{\"@type\":\"CommentAction\",\"name\":\"Comment\",\"target\":[\"https:\\\/\\\/refletnews.ca\\\/en\\\/sante\\\/eclosion-de-covid-a-la-residence-prescott-russell\\\/#respond\"]}]},{\"@type\":\"WebPage\",\"@id\":\"https:\\\/\\\/refletnews.ca\\\/en\\\/sante\\\/eclosion-de-covid-a-la-residence-prescott-russell\\\/\",\"url\":\"https:\\\/\\\/refletnews.ca\\\/en\\\/sante\\\/eclosion-de-covid-a-la-residence-prescott-russell\\\/\",\"name\":\"\u00c9closion de COVID \u00e0 la R\u00e9sidence Prescott-Russell - Le Reflet \\\/ The News\",\"isPartOf\":{\"@id\":\"https:\\\/\\\/refletnews.ca\\\/en\\\/#website\"},\"primaryImageOfPage\":{\"@id\":\"https:\\\/\\\/refletnews.ca\\\/en\\\/sante\\\/eclosion-de-covid-a-la-residence-prescott-russell\\\/#primaryimage\"},\"image\":{\"@id\":\"https:\\\/\\\/refletnews.ca\\\/en\\\/sante\\\/eclosion-de-covid-a-la-residence-prescott-russell\\\/#primaryimage\"},\"thumbnailUrl\":\"https:\\\/\\\/cdn.editionap.ca\\\/wp-content\\\/uploads\\\/sites\\\/3\\\/2020\\\/10\\\/e418b41f-669a-4368-baff-426307be3140-scaled-1.jpg\",\"datePublished\":\"2020-10-15T12:51:34+00:00\",\"dateModified\":\"2025-12-16T03:40:34+00:00\",\"author\":{\"@id\":\"https:\\\/\\\/refletnews.ca\\\/en\\\/#\\\/schema\\\/person\\\/ecd8a97c76ea385f3027e987481ea16a\"},\"breadcrumb\":{\"@id\":\"https:\\\/\\\/refletnews.ca\\\/en\\\/sante\\\/eclosion-de-covid-a-la-residence-prescott-russell\\\/#breadcrumb\"},\"inLanguage\":\"en-CA\",\"potentialAction\":[{\"@type\":\"ReadAction\",\"target\":[\"https:\\\/\\\/refletnews.ca\\\/en\\\/sante\\\/eclosion-de-covid-a-la-residence-prescott-russell\\\/\"]}]},{\"@type\":\"ImageObject\",\"inLanguage\":\"en-CA\",\"@id\":\"https:\\\/\\\/refletnews.ca\\\/en\\\/sante\\\/eclosion-de-covid-a-la-residence-prescott-russell\\\/#primaryimage\",\"url\":\"https:\\\/\\\/cdn.editionap.ca\\\/wp-content\\\/uploads\\\/sites\\\/3\\\/2020\\\/10\\\/e418b41f-669a-4368-baff-426307be3140-scaled-1.jpg\",\"contentUrl\":\"https:\\\/\\\/cdn.editionap.ca\\\/wp-content\\\/uploads\\\/sites\\\/3\\\/2020\\\/10\\\/e418b41f-669a-4368-baff-426307be3140-scaled-1.jpg\",\"width\":2560,\"height\":1804},{\"@type\":\"BreadcrumbList\",\"@id\":\"https:\\\/\\\/refletnews.ca\\\/en\\\/sante\\\/eclosion-de-covid-a-la-residence-prescott-russell\\\/#breadcrumb\",\"itemListElement\":[{\"@type\":\"ListItem\",\"position\":1,\"name\":\"Accueil\",\"item\":\"https:\\\/\\\/refletnews.ca\\\/en\\\/\"},{\"@type\":\"ListItem\",\"position\":2,\"name\":\"\u00c9closion de COVID \u00e0 la R\u00e9sidence Prescott-Russell\"}]},{\"@type\":\"WebSite\",\"@id\":\"https:\\\/\\\/refletnews.ca\\\/en\\\/#website\",\"url\":\"https:\\\/\\\/refletnews.ca\\\/en\\\/\",\"name\":\"Le Reflet \\\/ The News\",\"description\":\"\",\"potentialAction\":[{\"@type\":\"SearchAction\",\"target\":{\"@type\":\"EntryPoint\",\"urlTemplate\":\"https:\\\/\\\/refletnews.ca\\\/en\\\/?s={search_term_string}\"},\"query-input\":{\"@type\":\"PropertyValueSpecification\",\"valueRequired\":true,\"valueName\":\"search_term_string\"}}],\"inLanguage\":\"en-CA\"},{\"@type\":\"Person\",\"@id\":\"https:\\\/\\\/refletnews.ca\\\/en\\\/#\\\/schema\\\/person\\\/ecd8a97c76ea385f3027e987481ea16a\",\"name\":\"ezn2_spadmin\",\"image\":{\"@type\":\"ImageObject\",\"inLanguage\":\"en-CA\",\"@id\":\"https:\\\/\\\/secure.gravatar.com\\\/avatar\\\/10a4f0f991cc37cefde2ecf3b88df276159d0bcf256623224d1025086c609a97?s=96&d=mm&r=g\",\"url\":\"https:\\\/\\\/secure.gravatar.com\\\/avatar\\\/10a4f0f991cc37cefde2ecf3b88df276159d0bcf256623224d1025086c609a97?s=96&d=mm&r=g\",\"contentUrl\":\"https:\\\/\\\/secure.gravatar.com\\\/avatar\\\/10a4f0f991cc37cefde2ecf3b88df276159d0bcf256623224d1025086c609a97?s=96&d=mm&r=g\",\"caption\":\"ezn2_spadmin\"}}]}<\/script>\n<!-- \/ Yoast SEO plugin. -->","yoast_head_json":{"title":"\u00c9closion de COVID \u00e0 la R\u00e9sidence Prescott-Russell - Le Reflet \/ The News","robots":{"index":"index","follow":"follow","max-snippet":"max-snippet:-1","max-image-preview":"max-image-preview:large","max-video-preview":"max-video-preview:-1"},"canonical":"https:\/\/refletnews.ca\/en\/sante\/eclosion-de-covid-a-la-residence-prescott-russell\/","og_locale":"en_US","og_type":"article","og_title":"\u00c9closion de COVID \u00e0 la R\u00e9sidence Prescott-Russell - Le Reflet \/ The News","og_description":"En effet, quelque 35 personnes, 27 r\u00e9sidents et huit employ\u00e9s de la R\u00e9sidence Prescott-Russell, ont re\u00e7u des diagnostics positifs de COVID-19.","og_url":"https:\/\/refletnews.ca\/en\/sante\/eclosion-de-covid-a-la-residence-prescott-russell\/","og_site_name":"Le Reflet \/ The News","article_published_time":"2020-10-15T12:51:34+00:00","article_modified_time":"2025-12-16T03:40:34+00:00","og_image":[{"width":2560,"height":1804,"url":"https:\/\/cdn.editionap.ca\/wp-content\/uploads\/sites\/3\/2020\/10\/e418b41f-669a-4368-baff-426307be3140-scaled-1.jpg","type":"image\/jpeg"}],"author":"ezn2_spadmin","twitter_card":"summary_large_image","twitter_misc":{"Written by":"ezn2_spadmin"},"schema":{"@context":"https:\/\/schema.org","@graph":[{"@type":"Article","@id":"https:\/\/refletnews.ca\/en\/sante\/eclosion-de-covid-a-la-residence-prescott-russell\/#article","isPartOf":{"@id":"https:\/\/refletnews.ca\/en\/sante\/eclosion-de-covid-a-la-residence-prescott-russell\/"},"author":{"name":"ezn2_spadmin","@id":"https:\/\/refletnews.ca\/en\/#\/schema\/person\/ecd8a97c76ea385f3027e987481ea16a"},"headline":"\u00c9closion de COVID \u00e0 la R\u00e9sidence Prescott-Russell","datePublished":"2020-10-15T12:51:34+00:00","dateModified":"2025-12-16T03:40:34+00:00","mainEntityOfPage":{"@id":"https:\/\/refletnews.ca\/en\/sante\/eclosion-de-covid-a-la-residence-prescott-russell\/"},"wordCount":71,"commentCount":0,"image":{"@id":"https:\/\/refletnews.ca\/en\/sante\/eclosion-de-covid-a-la-residence-prescott-russell\/#primaryimage"},"thumbnailUrl":"https:\/\/cdn.editionap.ca\/wp-content\/uploads\/sites\/3\/2020\/10\/e418b41f-669a-4368-baff-426307be3140-scaled-1.jpg","articleSection":["Sant\u00e9"],"inLanguage":"en-CA","potentialAction":[{"@type":"CommentAction","name":"Comment","target":["https:\/\/refletnews.ca\/en\/sante\/eclosion-de-covid-a-la-residence-prescott-russell\/#respond"]}]},{"@type":"WebPage","@id":"https:\/\/refletnews.ca\/en\/sante\/eclosion-de-covid-a-la-residence-prescott-russell\/","url":"https:\/\/refletnews.ca\/en\/sante\/eclosion-de-covid-a-la-residence-prescott-russell\/","name":"\u00c9closion de COVID \u00e0 la R\u00e9sidence Prescott-Russell - Le Reflet \/ The News","isPartOf":{"@id":"https:\/\/refletnews.ca\/en\/#website"},"primaryImageOfPage":{"@id":"https:\/\/refletnews.ca\/en\/sante\/eclosion-de-covid-a-la-residence-prescott-russell\/#primaryimage"},"image":{"@id":"https:\/\/refletnews.ca\/en\/sante\/eclosion-de-covid-a-la-residence-prescott-russell\/#primaryimage"},"thumbnailUrl":"https:\/\/cdn.editionap.ca\/wp-content\/uploads\/sites\/3\/2020\/10\/e418b41f-669a-4368-baff-426307be3140-scaled-1.jpg","datePublished":"2020-10-15T12:51:34+00:00","dateModified":"2025-12-16T03:40:34+00:00","author":{"@id":"https:\/\/refletnews.ca\/en\/#\/schema\/person\/ecd8a97c76ea385f3027e987481ea16a"},"breadcrumb":{"@id":"https:\/\/refletnews.ca\/en\/sante\/eclosion-de-covid-a-la-residence-prescott-russell\/#breadcrumb"},"inLanguage":"en-CA","potentialAction":[{"@type":"ReadAction","target":["https:\/\/refletnews.ca\/en\/sante\/eclosion-de-covid-a-la-residence-prescott-russell\/"]}]},{"@type":"ImageObject","inLanguage":"en-CA","@id":"https:\/\/refletnews.ca\/en\/sante\/eclosion-de-covid-a-la-residence-prescott-russell\/#primaryimage","url":"https:\/\/cdn.editionap.ca\/wp-content\/uploads\/sites\/3\/2020\/10\/e418b41f-669a-4368-baff-426307be3140-scaled-1.jpg","contentUrl":"https:\/\/cdn.editionap.ca\/wp-content\/uploads\/sites\/3\/2020\/10\/e418b41f-669a-4368-baff-426307be3140-scaled-1.jpg","width":2560,"height":1804},{"@type":"BreadcrumbList","@id":"https:\/\/refletnews.ca\/en\/sante\/eclosion-de-covid-a-la-residence-prescott-russell\/#breadcrumb","itemListElement":[{"@type":"ListItem","position":1,"name":"Accueil","item":"https:\/\/refletnews.ca\/en\/"},{"@type":"ListItem","position":2,"name":"\u00c9closion de COVID \u00e0 la R\u00e9sidence Prescott-Russell"}]},{"@type":"WebSite","@id":"https:\/\/refletnews.ca\/en\/#website","url":"https:\/\/refletnews.ca\/en\/","name":"Le Reflet \/ The News","description":"","potentialAction":[{"@type":"SearchAction","target":{"@type":"EntryPoint","urlTemplate":"https:\/\/refletnews.ca\/en\/?s={search_term_string}"},"query-input":{"@type":"PropertyValueSpecification","valueRequired":true,"valueName":"search_term_string"}}],"inLanguage":"en-CA"},{"@type":"Person","@id":"https:\/\/refletnews.ca\/en\/#\/schema\/person\/ecd8a97c76ea385f3027e987481ea16a","name":"ezn2_spadmin","image":{"@type":"ImageObject","inLanguage":"en-CA","@id":"https:\/\/secure.gravatar.com\/avatar\/10a4f0f991cc37cefde2ecf3b88df276159d0bcf256623224d1025086c609a97?s=96&d=mm&r=g","url":"https:\/\/secure.gravatar.com\/avatar\/10a4f0f991cc37cefde2ecf3b88df276159d0bcf256623224d1025086c609a97?s=96&d=mm&r=g","contentUrl":"https:\/\/secure.gravatar.com\/avatar\/10a4f0f991cc37cefde2ecf3b88df276159d0bcf256623224d1025086c609a97?s=96&d=mm&r=g","caption":"ezn2_spadmin"}}]}},"_links":{"self":[{"href":"https:\/\/refletnews.ca\/en\/wp-json\/wp\/v2\/posts\/16191","targetHints":{"allow":["GET"]}}],"collection":[{"href":"https:\/\/refletnews.ca\/en\/wp-json\/wp\/v2\/posts"}],"about":[{"href":"https:\/\/refletnews.ca\/en\/wp-json\/wp\/v2\/types\/post"}],"author":[{"embeddable":true,"href":"https:\/\/refletnews.ca\/en\/wp-json\/wp\/v2\/users\/7"}],"replies":[{"embeddable":true,"href":"https:\/\/refletnews.ca\/en\/wp-json\/wp\/v2\/comments?post=16191"}],"version-history":[{"count":1,"href":"https:\/\/refletnews.ca\/en\/wp-json\/wp\/v2\/posts\/16191\/revisions"}],"predecessor-version":[{"id":126038,"href":"https:\/\/refletnews.ca\/en\/wp-json\/wp\/v2\/posts\/16191\/revisions\/126038"}],"wp:featuredmedia":[{"embeddable":true,"href":"https:\/\/refletnews.ca\/en\/wp-json\/wp\/v2\/media\/16192"}],"wp:attachment":[{"href":"https:\/\/refletnews.ca\/en\/wp-json\/wp\/v2\/media?parent=16191"}],"wp:term":[{"taxonomy":"category","embeddable":true,"href":"https:\/\/refletnews.ca\/en\/wp-json\/wp\/v2\/categories?post=16191"},{"taxonomy":"post_tag","embeddable":true,"href":"https:\/\/refletnews.ca\/en\/wp-json\/wp\/v2\/tags?post=16191"}],"curies":[{"name":"wp","href":"https:\/\/api.w.org\/{rel}","templated":true}]}}