{"id":15896,"date":"2022-01-11T20:34:55","date_gmt":"2022-01-11T20:34:56","guid":{"rendered":"https:\/\/editionap.ca\/2022\/01\/11\/le-magasinage-vaccinal-nuit-a-la-vaccination\/"},"modified":"2025-12-16T04:40:35","modified_gmt":"2025-12-16T03:40:35","slug":"le-magasinage-vaccinal-nuit-a-la-vaccination","status":"publish","type":"post","link":"https:\/\/refletnews.ca\/en\/sante\/le-magasinage-vaccinal-nuit-a-la-vaccination\/","title":{"rendered":"Le \u00abmagasinage vaccinal\u00bb nuit \u00e0 la vaccination"},"content":{"rendered":"<p>L\u2019ampleur du ph\u00e9nom\u00e8ne dans la r\u00e9gion est difficile \u00e0 mesurer. \u00c0 la pharmacie PharmaChoice de Rockland, o\u00f9 tous les rendez-vous disponibles sont r\u00e9serv\u00e9s jusqu\u2019au mois de f\u00e9vrier, on remarque que l\u2019objectif du \u00ab\u202fmagasinage\u202f\u00bb est plut\u00f4t d\u2019obtenir un rendez-vous pour une troisi\u00e8me dose le plus rapidement possible.&nbsp;<\/p>\n<p>Chez Shoppers Drug Mart \u00e0 Hawkesbury, qui offre des doses de Moderna et de Pfizer, on relativise aussi l\u2019ampleur du ph\u00e9nom\u00e8ne. La plupart des rendez-vous qui sont annul\u00e9s le sont parce que les clients d\u00e9veloppent des sympt\u00f4mes de la COVID-19 avant leur rendez-vous. D\u2019apr\u00e8s la pharmacie, le plus grand obstacle \u00e0 la vaccination serait qu\u2019elle se fait uniquement en ligne et qu\u2019il est plus difficile pour les personnes qui n\u2019ont pas acc\u00e8s \u00e0 internet, souvent plus \u00e2g\u00e9es, de prendre rendez-vous.&nbsp;<\/p>\n<p>Rex Idicheria, pharmacien chez Embrun Compounding Pharmacy, observe deux types de \u00ab\u202fmagasinage vaccinal\u202f\u00bb dans son \u00e9tablissement. Comme chez PharmaChoice \u00e0 Rockland, les rendez-vous \u00e0 sa pharmacie sont r\u00e9serv\u00e9s jusqu\u2019au mois de f\u00e9vrier, ce qui conduit certaines personnes \u00e0 \u00ab\u202fmagasiner\u202f\u00bb pour obtenir un autre rendez-vous ailleurs plus rapidement. Mais d\u2019apr\u00e8s Monsieur Idicheria, certaines personnes annulent aussi leurs rendez-vous lorsqu\u2019ils constatent qu\u2019ils vont recevoir une dose de Moderna plut\u00f4t que de Pfizer. \u00c9tant donn\u00e9 que le vaccin de Pfizer est r\u00e9serv\u00e9 en priorit\u00e9 aux personnes \u00e2g\u00e9es entre 12 et 29 ans, les personnes de plus de 30 ans se font habituellement offrir une dose de Moderna et certaines personnes les refusent.&nbsp;<\/p>\n<p>Le Bureau de sant\u00e9 de l\u2019Est de l\u2019Ontario rappelle que cette pratique est n\u00e9faste \u00e0 la campagne de vaccination: \u00abAvec le variant Omicron qui se propage tellement vite dans nos communaut\u00e9s, la meilleure option pour votre troisi\u00e8me dose est celle qui sera disponible pour vous.\u00bb insiste le Dr Paul Roumeliotis, M\u00e9decin hygi\u00e9niste du BSEO. \u00abPeu importe le produit vaccinal que vous avez re\u00e7u comme premi\u00e8re et deuxi\u00e8me dose, une troisi\u00e8me dose d\u2019un vaccin \u00e0 ARNm quel qu\u2019il soit vous offrira une plus grande protection contre le virus.\u00bb&nbsp;<\/p>\n","protected":false},"excerpt":{"rendered":"<p>Les pr\u00e9jug\u00e9s envers le vaccin de Moderna conduisent certaines personnes \u00e0 annuler leurs rendez-vous dans l\u2019espoir d\u2019obtenir une dose du vaccin de Pfizer.<\/p>\n","protected":false},"author":7,"featured_media":15897,"comment_status":"closed","ping_status":"open","sticky":false,"template":"","format":"standard","meta":{"_acf_changed":false,"footnotes":""},"categories":[49],"tags":[],"class_list":["post-15896","post","type-post","status-publish","format-standard","has-post-thumbnail","hentry","category-sante"],"acf":[],"featured_media_global":[],"yoast_head":"<!-- This site is optimized with the Yoast SEO plugin v27.4 - https:\/\/yoast.com\/product\/yoast-seo-wordpress\/ -->\n<title>Le \u00abmagasinage vaccinal\u00bb nuit \u00e0 la vaccination - Le Reflet \/ The News<\/title>\n<meta name=\"robots\" content=\"index, follow, max-snippet:-1, max-image-preview:large, max-video-preview:-1\" \/>\n<link rel=\"canonical\" href=\"https:\/\/refletnews.ca\/en\/sante\/le-magasinage-vaccinal-nuit-a-la-vaccination\/\" \/>\n<meta property=\"og:locale\" content=\"en_US\" \/>\n<meta property=\"og:type\" content=\"article\" \/>\n<meta property=\"og:title\" content=\"Le \u00abmagasinage vaccinal\u00bb nuit \u00e0 la vaccination - Le Reflet \/ The News\" \/>\n<meta property=\"og:description\" content=\"Les pr\u00e9jug\u00e9s envers le vaccin de Moderna conduisent certaines personnes \u00e0 annuler leurs rendez-vous dans l\u2019espoir d\u2019obtenir une dose du vaccin de Pfizer.\" \/>\n<meta property=\"og:url\" content=\"https:\/\/refletnews.ca\/en\/sante\/le-magasinage-vaccinal-nuit-a-la-vaccination\/\" \/>\n<meta property=\"og:site_name\" content=\"Le Reflet \/ The News\" \/>\n<meta property=\"article:published_time\" content=\"2022-01-11T20:34:56+00:00\" \/>\n<meta property=\"article:modified_time\" content=\"2025-12-16T03:40:35+00:00\" \/>\n<meta property=\"og:image\" content=\"https:\/\/cdn.editionap.ca\/wp-content\/uploads\/sites\/3\/2022\/01\/d9c7db47-38ba-46a7-8a77-045fa6f03850.jpeg\" \/>\n\t<meta property=\"og:image:width\" content=\"1579\" \/>\n\t<meta property=\"og:image:height\" content=\"2250\" \/>\n\t<meta property=\"og:image:type\" content=\"image\/jpeg\" \/>\n<meta name=\"author\" content=\"ezn2_spadmin\" \/>\n<meta name=\"twitter:card\" content=\"summary_large_image\" \/>\n<meta name=\"twitter:label1\" content=\"Written by\" \/>\n\t<meta name=\"twitter:data1\" content=\"ezn2_spadmin\" \/>\n\t<meta name=\"twitter:label2\" content=\"Est. reading time\" \/>\n\t<meta name=\"twitter:data2\" content=\"2 minutes\" \/>\n<script type=\"application\/ld+json\" class=\"yoast-schema-graph\">{\"@context\":\"https:\\\/\\\/schema.org\",\"@graph\":[{\"@type\":\"Article\",\"@id\":\"https:\\\/\\\/refletnews.ca\\\/en\\\/sante\\\/le-magasinage-vaccinal-nuit-a-la-vaccination\\\/#article\",\"isPartOf\":{\"@id\":\"https:\\\/\\\/refletnews.ca\\\/en\\\/sante\\\/le-magasinage-vaccinal-nuit-a-la-vaccination\\\/\"},\"author\":{\"name\":\"ezn2_spadmin\",\"@id\":\"https:\\\/\\\/refletnews.ca\\\/en\\\/#\\\/schema\\\/person\\\/ecd8a97c76ea385f3027e987481ea16a\"},\"headline\":\"Le \u00abmagasinage vaccinal\u00bb nuit \u00e0 la vaccination\",\"datePublished\":\"2022-01-11T20:34:56+00:00\",\"dateModified\":\"2025-12-16T03:40:35+00:00\",\"mainEntityOfPage\":{\"@id\":\"https:\\\/\\\/refletnews.ca\\\/en\\\/sante\\\/le-magasinage-vaccinal-nuit-a-la-vaccination\\\/\"},\"wordCount\":368,\"image\":{\"@id\":\"https:\\\/\\\/refletnews.ca\\\/en\\\/sante\\\/le-magasinage-vaccinal-nuit-a-la-vaccination\\\/#primaryimage\"},\"thumbnailUrl\":\"https:\\\/\\\/cdn.editionap.ca\\\/wp-content\\\/uploads\\\/sites\\\/3\\\/2022\\\/01\\\/d9c7db47-38ba-46a7-8a77-045fa6f03850.jpeg\",\"articleSection\":[\"Sant\u00e9\"],\"inLanguage\":\"en-CA\"},{\"@type\":\"WebPage\",\"@id\":\"https:\\\/\\\/refletnews.ca\\\/en\\\/sante\\\/le-magasinage-vaccinal-nuit-a-la-vaccination\\\/\",\"url\":\"https:\\\/\\\/refletnews.ca\\\/en\\\/sante\\\/le-magasinage-vaccinal-nuit-a-la-vaccination\\\/\",\"name\":\"Le \u00abmagasinage vaccinal\u00bb nuit \u00e0 la vaccination - Le Reflet \\\/ The News\",\"isPartOf\":{\"@id\":\"https:\\\/\\\/refletnews.ca\\\/en\\\/#website\"},\"primaryImageOfPage\":{\"@id\":\"https:\\\/\\\/refletnews.ca\\\/en\\\/sante\\\/le-magasinage-vaccinal-nuit-a-la-vaccination\\\/#primaryimage\"},\"image\":{\"@id\":\"https:\\\/\\\/refletnews.ca\\\/en\\\/sante\\\/le-magasinage-vaccinal-nuit-a-la-vaccination\\\/#primaryimage\"},\"thumbnailUrl\":\"https:\\\/\\\/cdn.editionap.ca\\\/wp-content\\\/uploads\\\/sites\\\/3\\\/2022\\\/01\\\/d9c7db47-38ba-46a7-8a77-045fa6f03850.jpeg\",\"datePublished\":\"2022-01-11T20:34:56+00:00\",\"dateModified\":\"2025-12-16T03:40:35+00:00\",\"author\":{\"@id\":\"https:\\\/\\\/refletnews.ca\\\/en\\\/#\\\/schema\\\/person\\\/ecd8a97c76ea385f3027e987481ea16a\"},\"breadcrumb\":{\"@id\":\"https:\\\/\\\/refletnews.ca\\\/en\\\/sante\\\/le-magasinage-vaccinal-nuit-a-la-vaccination\\\/#breadcrumb\"},\"inLanguage\":\"en-CA\",\"potentialAction\":[{\"@type\":\"ReadAction\",\"target\":[\"https:\\\/\\\/refletnews.ca\\\/en\\\/sante\\\/le-magasinage-vaccinal-nuit-a-la-vaccination\\\/\"]}]},{\"@type\":\"ImageObject\",\"inLanguage\":\"en-CA\",\"@id\":\"https:\\\/\\\/refletnews.ca\\\/en\\\/sante\\\/le-magasinage-vaccinal-nuit-a-la-vaccination\\\/#primaryimage\",\"url\":\"https:\\\/\\\/cdn.editionap.ca\\\/wp-content\\\/uploads\\\/sites\\\/3\\\/2022\\\/01\\\/d9c7db47-38ba-46a7-8a77-045fa6f03850.jpeg\",\"contentUrl\":\"https:\\\/\\\/cdn.editionap.ca\\\/wp-content\\\/uploads\\\/sites\\\/3\\\/2022\\\/01\\\/d9c7db47-38ba-46a7-8a77-045fa6f03850.jpeg\",\"width\":1579,\"height\":2250},{\"@type\":\"BreadcrumbList\",\"@id\":\"https:\\\/\\\/refletnews.ca\\\/en\\\/sante\\\/le-magasinage-vaccinal-nuit-a-la-vaccination\\\/#breadcrumb\",\"itemListElement\":[{\"@type\":\"ListItem\",\"position\":1,\"name\":\"Accueil\",\"item\":\"https:\\\/\\\/refletnews.ca\\\/en\\\/\"},{\"@type\":\"ListItem\",\"position\":2,\"name\":\"Le \u00abmagasinage vaccinal\u00bb nuit \u00e0 la vaccination\"}]},{\"@type\":\"WebSite\",\"@id\":\"https:\\\/\\\/refletnews.ca\\\/en\\\/#website\",\"url\":\"https:\\\/\\\/refletnews.ca\\\/en\\\/\",\"name\":\"Le Reflet \\\/ The News\",\"description\":\"\",\"potentialAction\":[{\"@type\":\"SearchAction\",\"target\":{\"@type\":\"EntryPoint\",\"urlTemplate\":\"https:\\\/\\\/refletnews.ca\\\/en\\\/?s={search_term_string}\"},\"query-input\":{\"@type\":\"PropertyValueSpecification\",\"valueRequired\":true,\"valueName\":\"search_term_string\"}}],\"inLanguage\":\"en-CA\"},{\"@type\":\"Person\",\"@id\":\"https:\\\/\\\/refletnews.ca\\\/en\\\/#\\\/schema\\\/person\\\/ecd8a97c76ea385f3027e987481ea16a\",\"name\":\"ezn2_spadmin\",\"image\":{\"@type\":\"ImageObject\",\"inLanguage\":\"en-CA\",\"@id\":\"https:\\\/\\\/secure.gravatar.com\\\/avatar\\\/10a4f0f991cc37cefde2ecf3b88df276159d0bcf256623224d1025086c609a97?s=96&d=mm&r=g\",\"url\":\"https:\\\/\\\/secure.gravatar.com\\\/avatar\\\/10a4f0f991cc37cefde2ecf3b88df276159d0bcf256623224d1025086c609a97?s=96&d=mm&r=g\",\"contentUrl\":\"https:\\\/\\\/secure.gravatar.com\\\/avatar\\\/10a4f0f991cc37cefde2ecf3b88df276159d0bcf256623224d1025086c609a97?s=96&d=mm&r=g\",\"caption\":\"ezn2_spadmin\"}}]}<\/script>\n<!-- \/ Yoast SEO plugin. -->","yoast_head_json":{"title":"Le \u00abmagasinage vaccinal\u00bb nuit \u00e0 la vaccination - Le Reflet \/ The News","robots":{"index":"index","follow":"follow","max-snippet":"max-snippet:-1","max-image-preview":"max-image-preview:large","max-video-preview":"max-video-preview:-1"},"canonical":"https:\/\/refletnews.ca\/en\/sante\/le-magasinage-vaccinal-nuit-a-la-vaccination\/","og_locale":"en_US","og_type":"article","og_title":"Le \u00abmagasinage vaccinal\u00bb nuit \u00e0 la vaccination - Le Reflet \/ The News","og_description":"Les pr\u00e9jug\u00e9s envers le vaccin de Moderna conduisent certaines personnes \u00e0 annuler leurs rendez-vous dans l\u2019espoir d\u2019obtenir une dose du vaccin de Pfizer.","og_url":"https:\/\/refletnews.ca\/en\/sante\/le-magasinage-vaccinal-nuit-a-la-vaccination\/","og_site_name":"Le Reflet \/ The News","article_published_time":"2022-01-11T20:34:56+00:00","article_modified_time":"2025-12-16T03:40:35+00:00","og_image":[{"width":1579,"height":2250,"url":"https:\/\/cdn.editionap.ca\/wp-content\/uploads\/sites\/3\/2022\/01\/d9c7db47-38ba-46a7-8a77-045fa6f03850.jpeg","type":"image\/jpeg"}],"author":"ezn2_spadmin","twitter_card":"summary_large_image","twitter_misc":{"Written by":"ezn2_spadmin","Est. reading time":"2 minutes"},"schema":{"@context":"https:\/\/schema.org","@graph":[{"@type":"Article","@id":"https:\/\/refletnews.ca\/en\/sante\/le-magasinage-vaccinal-nuit-a-la-vaccination\/#article","isPartOf":{"@id":"https:\/\/refletnews.ca\/en\/sante\/le-magasinage-vaccinal-nuit-a-la-vaccination\/"},"author":{"name":"ezn2_spadmin","@id":"https:\/\/refletnews.ca\/en\/#\/schema\/person\/ecd8a97c76ea385f3027e987481ea16a"},"headline":"Le \u00abmagasinage vaccinal\u00bb nuit \u00e0 la vaccination","datePublished":"2022-01-11T20:34:56+00:00","dateModified":"2025-12-16T03:40:35+00:00","mainEntityOfPage":{"@id":"https:\/\/refletnews.ca\/en\/sante\/le-magasinage-vaccinal-nuit-a-la-vaccination\/"},"wordCount":368,"image":{"@id":"https:\/\/refletnews.ca\/en\/sante\/le-magasinage-vaccinal-nuit-a-la-vaccination\/#primaryimage"},"thumbnailUrl":"https:\/\/cdn.editionap.ca\/wp-content\/uploads\/sites\/3\/2022\/01\/d9c7db47-38ba-46a7-8a77-045fa6f03850.jpeg","articleSection":["Sant\u00e9"],"inLanguage":"en-CA"},{"@type":"WebPage","@id":"https:\/\/refletnews.ca\/en\/sante\/le-magasinage-vaccinal-nuit-a-la-vaccination\/","url":"https:\/\/refletnews.ca\/en\/sante\/le-magasinage-vaccinal-nuit-a-la-vaccination\/","name":"Le \u00abmagasinage vaccinal\u00bb nuit \u00e0 la vaccination - Le Reflet \/ The News","isPartOf":{"@id":"https:\/\/refletnews.ca\/en\/#website"},"primaryImageOfPage":{"@id":"https:\/\/refletnews.ca\/en\/sante\/le-magasinage-vaccinal-nuit-a-la-vaccination\/#primaryimage"},"image":{"@id":"https:\/\/refletnews.ca\/en\/sante\/le-magasinage-vaccinal-nuit-a-la-vaccination\/#primaryimage"},"thumbnailUrl":"https:\/\/cdn.editionap.ca\/wp-content\/uploads\/sites\/3\/2022\/01\/d9c7db47-38ba-46a7-8a77-045fa6f03850.jpeg","datePublished":"2022-01-11T20:34:56+00:00","dateModified":"2025-12-16T03:40:35+00:00","author":{"@id":"https:\/\/refletnews.ca\/en\/#\/schema\/person\/ecd8a97c76ea385f3027e987481ea16a"},"breadcrumb":{"@id":"https:\/\/refletnews.ca\/en\/sante\/le-magasinage-vaccinal-nuit-a-la-vaccination\/#breadcrumb"},"inLanguage":"en-CA","potentialAction":[{"@type":"ReadAction","target":["https:\/\/refletnews.ca\/en\/sante\/le-magasinage-vaccinal-nuit-a-la-vaccination\/"]}]},{"@type":"ImageObject","inLanguage":"en-CA","@id":"https:\/\/refletnews.ca\/en\/sante\/le-magasinage-vaccinal-nuit-a-la-vaccination\/#primaryimage","url":"https:\/\/cdn.editionap.ca\/wp-content\/uploads\/sites\/3\/2022\/01\/d9c7db47-38ba-46a7-8a77-045fa6f03850.jpeg","contentUrl":"https:\/\/cdn.editionap.ca\/wp-content\/uploads\/sites\/3\/2022\/01\/d9c7db47-38ba-46a7-8a77-045fa6f03850.jpeg","width":1579,"height":2250},{"@type":"BreadcrumbList","@id":"https:\/\/refletnews.ca\/en\/sante\/le-magasinage-vaccinal-nuit-a-la-vaccination\/#breadcrumb","itemListElement":[{"@type":"ListItem","position":1,"name":"Accueil","item":"https:\/\/refletnews.ca\/en\/"},{"@type":"ListItem","position":2,"name":"Le \u00abmagasinage vaccinal\u00bb nuit \u00e0 la vaccination"}]},{"@type":"WebSite","@id":"https:\/\/refletnews.ca\/en\/#website","url":"https:\/\/refletnews.ca\/en\/","name":"Le Reflet \/ The News","description":"","potentialAction":[{"@type":"SearchAction","target":{"@type":"EntryPoint","urlTemplate":"https:\/\/refletnews.ca\/en\/?s={search_term_string}"},"query-input":{"@type":"PropertyValueSpecification","valueRequired":true,"valueName":"search_term_string"}}],"inLanguage":"en-CA"},{"@type":"Person","@id":"https:\/\/refletnews.ca\/en\/#\/schema\/person\/ecd8a97c76ea385f3027e987481ea16a","name":"ezn2_spadmin","image":{"@type":"ImageObject","inLanguage":"en-CA","@id":"https:\/\/secure.gravatar.com\/avatar\/10a4f0f991cc37cefde2ecf3b88df276159d0bcf256623224d1025086c609a97?s=96&d=mm&r=g","url":"https:\/\/secure.gravatar.com\/avatar\/10a4f0f991cc37cefde2ecf3b88df276159d0bcf256623224d1025086c609a97?s=96&d=mm&r=g","contentUrl":"https:\/\/secure.gravatar.com\/avatar\/10a4f0f991cc37cefde2ecf3b88df276159d0bcf256623224d1025086c609a97?s=96&d=mm&r=g","caption":"ezn2_spadmin"}}]}},"_links":{"self":[{"href":"https:\/\/refletnews.ca\/en\/wp-json\/wp\/v2\/posts\/15896","targetHints":{"allow":["GET"]}}],"collection":[{"href":"https:\/\/refletnews.ca\/en\/wp-json\/wp\/v2\/posts"}],"about":[{"href":"https:\/\/refletnews.ca\/en\/wp-json\/wp\/v2\/types\/post"}],"author":[{"embeddable":true,"href":"https:\/\/refletnews.ca\/en\/wp-json\/wp\/v2\/users\/7"}],"replies":[{"embeddable":true,"href":"https:\/\/refletnews.ca\/en\/wp-json\/wp\/v2\/comments?post=15896"}],"version-history":[{"count":1,"href":"https:\/\/refletnews.ca\/en\/wp-json\/wp\/v2\/posts\/15896\/revisions"}],"predecessor-version":[{"id":129702,"href":"https:\/\/refletnews.ca\/en\/wp-json\/wp\/v2\/posts\/15896\/revisions\/129702"}],"wp:featuredmedia":[{"embeddable":true,"href":"https:\/\/refletnews.ca\/en\/wp-json\/wp\/v2\/media\/15897"}],"wp:attachment":[{"href":"https:\/\/refletnews.ca\/en\/wp-json\/wp\/v2\/media?parent=15896"}],"wp:term":[{"taxonomy":"category","embeddable":true,"href":"https:\/\/refletnews.ca\/en\/wp-json\/wp\/v2\/categories?post=15896"},{"taxonomy":"post_tag","embeddable":true,"href":"https:\/\/refletnews.ca\/en\/wp-json\/wp\/v2\/tags?post=15896"}],"curies":[{"name":"wp","href":"https:\/\/api.w.org\/{rel}","templated":true}]}}