{"id":127828,"date":"2025-11-19T20:40:47","date_gmt":"2025-11-19T19:40:47","guid":{"rendered":"https:\/\/journaux.thedev.ca\/largenteuil\/?p=127828"},"modified":"2026-01-30T19:54:54","modified_gmt":"2026-01-30T18:54:54","slug":"conseillers-ou-conseilleres-en-publicite","status":"publish","type":"post","link":"https:\/\/refletnews.ca\/en\/emplois\/conseillers-ou-conseilleres-en-publicite\/","title":{"rendered":"Conseillers ou conseill\u00e8res en publicit\u00e9"},"content":{"rendered":"\n<p>La Compagnie d\u2019\u00e9dition Andr\u00e9 Paquette inc., \u00e9diteur des journaux Le Carillon et la Tribune-Express, de Hawkesbury (Ontario), Vision, de Rockland (Ontario), Re\ufb02et-News, d\u2019Embrun (Ontario), et L\u2019Argenteuil, de Lachute (Qu\u00e9bec), est \u00e0 la recherche de <strong>conseillers ou conseill\u00e8res en publicit\u00e9<\/strong>.<\/p>\n\n\n\n<p><strong>Exigences:<\/strong><\/p>\n\n\n\n<ul class=\"wp-block-list\">\n<li>Aimer relever des d\u00e9fis<\/li>\n\n\n\n<li>Poss\u00e9der de l\u2019entregent<\/li>\n\n\n\n<li>Poss\u00e9der de l\u2019exp\u00e9rience dans le domaine de la vente<\/li>\n\n\n\n<li>\u00catre bilingue\u00a0 (fran\u00e7ais, anglais), \u00e9crit et oral<\/li>\n\n\n\n<li>Faire preuve de d\u00e9termination et de cr\u00e9ativit\u00e9<\/li>\n\n\n\n<li>Respecter les heures de tomb\u00e9es<\/li>\n\n\n\n<li>\u00catre capable de travailler en \u00e9quipe et avec un minimum de supervision<\/li>\n\n\n\n<li>Poss\u00e9der une voiture et l\u2019utiliser pour le travail<\/li>\n<\/ul>\n\n\n\n<p><strong>R\u00e9mun\u00e9ration : <\/strong>Salaire de base plus commissions<\/p>\n\n\n\n<p><strong>Date d\u2019entr\u00e9e en fonction :<\/strong> Le plus t\u00f4t possible&nbsp;<\/p>\n\n\n\n<p><strong>Lieu de travail :<\/strong> \u00c0 d\u00e9terminer<\/p>\n\n\n\n<p>Envoyer votre curriculum vitae \u00e0 :<\/p>\n\n\n\n<p>La Compagnie d\u2019\u00e9dition Andr\u00e9 Paquette Inc. a\/s Yvan Joly, Directeur des ventes<\/p>\n\n\n\n<p>C.P. 1000, 1100 Aberdeen, Hawkesbury (Ontario) K6A 3H1<\/p>\n\n\n\n<p>ou par courriel: <a href=\"mailto:yvan.joly@eap.on.ca\">yvan.joly@eap.on.ca<\/a><\/p>\n\n\n\n<p><a href=\"http:\/\/www.editionap.ca\"><strong>www.editionap.ca<\/strong><\/a><\/p>\n","protected":false},"excerpt":{"rendered":"<p>Compagnie d&#8217;\u00e9dition Andr\u00e9 Paquette Inc.<\/p>\n","protected":false},"author":2,"featured_media":124478,"comment_status":"open","ping_status":"open","sticky":false,"template":"","format":"standard","meta":{"_acf_changed":false,"footnotes":""},"categories":[34],"tags":[],"class_list":["post-127828","post","type-post","status-publish","format-standard","has-post-thumbnail","hentry","category-emplois"],"acf":[],"featured_media_global":[],"yoast_head":"<!-- This site is optimized with the Yoast SEO plugin v27.4 - https:\/\/yoast.com\/product\/yoast-seo-wordpress\/ -->\n<title>Conseillers ou conseill\u00e8res en publicit\u00e9 - Le Reflet \/ The News<\/title>\n<meta name=\"robots\" content=\"index, follow, max-snippet:-1, max-image-preview:large, max-video-preview:-1\" \/>\n<link rel=\"canonical\" href=\"https:\/\/refletnews.ca\/en\/emplois\/conseillers-ou-conseilleres-en-publicite\/\" \/>\n<meta property=\"og:locale\" content=\"en_US\" \/>\n<meta property=\"og:type\" content=\"article\" \/>\n<meta property=\"og:title\" content=\"Conseillers ou conseill\u00e8res en publicit\u00e9 - Le Reflet \/ The News\" \/>\n<meta property=\"og:description\" content=\"Compagnie d&#039;\u00e9dition Andr\u00e9 Paquette Inc.\" \/>\n<meta property=\"og:url\" content=\"https:\/\/refletnews.ca\/en\/emplois\/conseillers-ou-conseilleres-en-publicite\/\" \/>\n<meta property=\"og:site_name\" content=\"Le Reflet \/ The News\" \/>\n<meta property=\"article:published_time\" content=\"2025-11-19T19:40:47+00:00\" \/>\n<meta property=\"article:modified_time\" content=\"2026-01-30T18:54:54+00:00\" \/>\n<meta property=\"og:image\" content=\"https:\/\/cdn.editionap.ca\/wp-content\/uploads\/sites\/3\/2025\/10\/logo-EAP.png\" \/>\n\t<meta property=\"og:image:width\" content=\"700\" \/>\n\t<meta property=\"og:image:height\" content=\"247\" \/>\n\t<meta property=\"og:image:type\" content=\"image\/png\" \/>\n<meta name=\"author\" content=\"olivier\" \/>\n<meta name=\"twitter:card\" content=\"summary_large_image\" \/>\n<meta name=\"twitter:label1\" content=\"Written by\" \/>\n\t<meta name=\"twitter:data1\" content=\"olivier\" \/>\n\t<meta name=\"twitter:label2\" content=\"Est. reading time\" \/>\n\t<meta name=\"twitter:data2\" content=\"1 minute\" \/>\n<script type=\"application\/ld+json\" class=\"yoast-schema-graph\">{\"@context\":\"https:\\\/\\\/schema.org\",\"@graph\":[{\"@type\":\"Article\",\"@id\":\"https:\\\/\\\/refletnews.ca\\\/en\\\/emplois\\\/conseillers-ou-conseilleres-en-publicite\\\/#article\",\"isPartOf\":{\"@id\":\"https:\\\/\\\/refletnews.ca\\\/en\\\/emplois\\\/conseillers-ou-conseilleres-en-publicite\\\/\"},\"author\":{\"name\":\"olivier\",\"@id\":\"https:\\\/\\\/refletnews.ca\\\/en\\\/#\\\/schema\\\/person\\\/7c91910a8ff94e9961b328a82dbbf2d8\"},\"headline\":\"Conseillers ou conseill\u00e8res en publicit\u00e9\",\"datePublished\":\"2025-11-19T19:40:47+00:00\",\"dateModified\":\"2026-01-30T18:54:54+00:00\",\"mainEntityOfPage\":{\"@id\":\"https:\\\/\\\/refletnews.ca\\\/en\\\/emplois\\\/conseillers-ou-conseilleres-en-publicite\\\/\"},\"wordCount\":180,\"commentCount\":0,\"image\":{\"@id\":\"https:\\\/\\\/refletnews.ca\\\/en\\\/emplois\\\/conseillers-ou-conseilleres-en-publicite\\\/#primaryimage\"},\"thumbnailUrl\":\"https:\\\/\\\/cdn.editionap.ca\\\/wp-content\\\/uploads\\\/sites\\\/3\\\/2025\\\/10\\\/logo-EAP.png\",\"articleSection\":[\"Emplois\"],\"inLanguage\":\"en-CA\",\"potentialAction\":[{\"@type\":\"CommentAction\",\"name\":\"Comment\",\"target\":[\"https:\\\/\\\/refletnews.ca\\\/en\\\/emplois\\\/conseillers-ou-conseilleres-en-publicite\\\/#respond\"]}]},{\"@type\":\"WebPage\",\"@id\":\"https:\\\/\\\/refletnews.ca\\\/en\\\/emplois\\\/conseillers-ou-conseilleres-en-publicite\\\/\",\"url\":\"https:\\\/\\\/refletnews.ca\\\/en\\\/emplois\\\/conseillers-ou-conseilleres-en-publicite\\\/\",\"name\":\"Conseillers ou conseill\u00e8res en publicit\u00e9 - Le Reflet \\\/ The News\",\"isPartOf\":{\"@id\":\"https:\\\/\\\/refletnews.ca\\\/en\\\/#website\"},\"primaryImageOfPage\":{\"@id\":\"https:\\\/\\\/refletnews.ca\\\/en\\\/emplois\\\/conseillers-ou-conseilleres-en-publicite\\\/#primaryimage\"},\"image\":{\"@id\":\"https:\\\/\\\/refletnews.ca\\\/en\\\/emplois\\\/conseillers-ou-conseilleres-en-publicite\\\/#primaryimage\"},\"thumbnailUrl\":\"https:\\\/\\\/cdn.editionap.ca\\\/wp-content\\\/uploads\\\/sites\\\/3\\\/2025\\\/10\\\/logo-EAP.png\",\"datePublished\":\"2025-11-19T19:40:47+00:00\",\"dateModified\":\"2026-01-30T18:54:54+00:00\",\"author\":{\"@id\":\"https:\\\/\\\/refletnews.ca\\\/en\\\/#\\\/schema\\\/person\\\/7c91910a8ff94e9961b328a82dbbf2d8\"},\"breadcrumb\":{\"@id\":\"https:\\\/\\\/refletnews.ca\\\/en\\\/emplois\\\/conseillers-ou-conseilleres-en-publicite\\\/#breadcrumb\"},\"inLanguage\":\"en-CA\",\"potentialAction\":[{\"@type\":\"ReadAction\",\"target\":[\"https:\\\/\\\/refletnews.ca\\\/en\\\/emplois\\\/conseillers-ou-conseilleres-en-publicite\\\/\"]}]},{\"@type\":\"ImageObject\",\"inLanguage\":\"en-CA\",\"@id\":\"https:\\\/\\\/refletnews.ca\\\/en\\\/emplois\\\/conseillers-ou-conseilleres-en-publicite\\\/#primaryimage\",\"url\":\"https:\\\/\\\/cdn.editionap.ca\\\/wp-content\\\/uploads\\\/sites\\\/3\\\/2025\\\/10\\\/logo-EAP.png\",\"contentUrl\":\"https:\\\/\\\/cdn.editionap.ca\\\/wp-content\\\/uploads\\\/sites\\\/3\\\/2025\\\/10\\\/logo-EAP.png\",\"width\":700,\"height\":247},{\"@type\":\"BreadcrumbList\",\"@id\":\"https:\\\/\\\/refletnews.ca\\\/en\\\/emplois\\\/conseillers-ou-conseilleres-en-publicite\\\/#breadcrumb\",\"itemListElement\":[{\"@type\":\"ListItem\",\"position\":1,\"name\":\"Accueil\",\"item\":\"https:\\\/\\\/refletnews.ca\\\/en\\\/\"},{\"@type\":\"ListItem\",\"position\":2,\"name\":\"Conseillers ou conseill\u00e8res en publicit\u00e9\"}]},{\"@type\":\"WebSite\",\"@id\":\"https:\\\/\\\/refletnews.ca\\\/en\\\/#website\",\"url\":\"https:\\\/\\\/refletnews.ca\\\/en\\\/\",\"name\":\"Le Reflet \\\/ The News\",\"description\":\"\",\"potentialAction\":[{\"@type\":\"SearchAction\",\"target\":{\"@type\":\"EntryPoint\",\"urlTemplate\":\"https:\\\/\\\/refletnews.ca\\\/en\\\/?s={search_term_string}\"},\"query-input\":{\"@type\":\"PropertyValueSpecification\",\"valueRequired\":true,\"valueName\":\"search_term_string\"}}],\"inLanguage\":\"en-CA\"},{\"@type\":\"Person\",\"@id\":\"https:\\\/\\\/refletnews.ca\\\/en\\\/#\\\/schema\\\/person\\\/7c91910a8ff94e9961b328a82dbbf2d8\",\"name\":\"olivier\",\"image\":{\"@type\":\"ImageObject\",\"inLanguage\":\"en-CA\",\"@id\":\"https:\\\/\\\/secure.gravatar.com\\\/avatar\\\/eb8a0bc652548545f85416548bf8470162d498cb17a8a5d713eea70db5124e61?s=96&d=mm&r=g\",\"url\":\"https:\\\/\\\/secure.gravatar.com\\\/avatar\\\/eb8a0bc652548545f85416548bf8470162d498cb17a8a5d713eea70db5124e61?s=96&d=mm&r=g\",\"contentUrl\":\"https:\\\/\\\/secure.gravatar.com\\\/avatar\\\/eb8a0bc652548545f85416548bf8470162d498cb17a8a5d713eea70db5124e61?s=96&d=mm&r=g\",\"caption\":\"olivier\"}}]}<\/script>\n<!-- \/ Yoast SEO plugin. -->","yoast_head_json":{"title":"Conseillers ou conseill\u00e8res en publicit\u00e9 - Le Reflet \/ The News","robots":{"index":"index","follow":"follow","max-snippet":"max-snippet:-1","max-image-preview":"max-image-preview:large","max-video-preview":"max-video-preview:-1"},"canonical":"https:\/\/refletnews.ca\/en\/emplois\/conseillers-ou-conseilleres-en-publicite\/","og_locale":"en_US","og_type":"article","og_title":"Conseillers ou conseill\u00e8res en publicit\u00e9 - Le Reflet \/ The News","og_description":"Compagnie d'\u00e9dition Andr\u00e9 Paquette Inc.","og_url":"https:\/\/refletnews.ca\/en\/emplois\/conseillers-ou-conseilleres-en-publicite\/","og_site_name":"Le Reflet \/ The News","article_published_time":"2025-11-19T19:40:47+00:00","article_modified_time":"2026-01-30T18:54:54+00:00","og_image":[{"width":700,"height":247,"url":"https:\/\/cdn.editionap.ca\/wp-content\/uploads\/sites\/3\/2025\/10\/logo-EAP.png","type":"image\/png"}],"author":"olivier","twitter_card":"summary_large_image","twitter_misc":{"Written by":"olivier","Est. reading time":"1 minute"},"schema":{"@context":"https:\/\/schema.org","@graph":[{"@type":"Article","@id":"https:\/\/refletnews.ca\/en\/emplois\/conseillers-ou-conseilleres-en-publicite\/#article","isPartOf":{"@id":"https:\/\/refletnews.ca\/en\/emplois\/conseillers-ou-conseilleres-en-publicite\/"},"author":{"name":"olivier","@id":"https:\/\/refletnews.ca\/en\/#\/schema\/person\/7c91910a8ff94e9961b328a82dbbf2d8"},"headline":"Conseillers ou conseill\u00e8res en publicit\u00e9","datePublished":"2025-11-19T19:40:47+00:00","dateModified":"2026-01-30T18:54:54+00:00","mainEntityOfPage":{"@id":"https:\/\/refletnews.ca\/en\/emplois\/conseillers-ou-conseilleres-en-publicite\/"},"wordCount":180,"commentCount":0,"image":{"@id":"https:\/\/refletnews.ca\/en\/emplois\/conseillers-ou-conseilleres-en-publicite\/#primaryimage"},"thumbnailUrl":"https:\/\/cdn.editionap.ca\/wp-content\/uploads\/sites\/3\/2025\/10\/logo-EAP.png","articleSection":["Emplois"],"inLanguage":"en-CA","potentialAction":[{"@type":"CommentAction","name":"Comment","target":["https:\/\/refletnews.ca\/en\/emplois\/conseillers-ou-conseilleres-en-publicite\/#respond"]}]},{"@type":"WebPage","@id":"https:\/\/refletnews.ca\/en\/emplois\/conseillers-ou-conseilleres-en-publicite\/","url":"https:\/\/refletnews.ca\/en\/emplois\/conseillers-ou-conseilleres-en-publicite\/","name":"Conseillers ou conseill\u00e8res en publicit\u00e9 - Le Reflet \/ The News","isPartOf":{"@id":"https:\/\/refletnews.ca\/en\/#website"},"primaryImageOfPage":{"@id":"https:\/\/refletnews.ca\/en\/emplois\/conseillers-ou-conseilleres-en-publicite\/#primaryimage"},"image":{"@id":"https:\/\/refletnews.ca\/en\/emplois\/conseillers-ou-conseilleres-en-publicite\/#primaryimage"},"thumbnailUrl":"https:\/\/cdn.editionap.ca\/wp-content\/uploads\/sites\/3\/2025\/10\/logo-EAP.png","datePublished":"2025-11-19T19:40:47+00:00","dateModified":"2026-01-30T18:54:54+00:00","author":{"@id":"https:\/\/refletnews.ca\/en\/#\/schema\/person\/7c91910a8ff94e9961b328a82dbbf2d8"},"breadcrumb":{"@id":"https:\/\/refletnews.ca\/en\/emplois\/conseillers-ou-conseilleres-en-publicite\/#breadcrumb"},"inLanguage":"en-CA","potentialAction":[{"@type":"ReadAction","target":["https:\/\/refletnews.ca\/en\/emplois\/conseillers-ou-conseilleres-en-publicite\/"]}]},{"@type":"ImageObject","inLanguage":"en-CA","@id":"https:\/\/refletnews.ca\/en\/emplois\/conseillers-ou-conseilleres-en-publicite\/#primaryimage","url":"https:\/\/cdn.editionap.ca\/wp-content\/uploads\/sites\/3\/2025\/10\/logo-EAP.png","contentUrl":"https:\/\/cdn.editionap.ca\/wp-content\/uploads\/sites\/3\/2025\/10\/logo-EAP.png","width":700,"height":247},{"@type":"BreadcrumbList","@id":"https:\/\/refletnews.ca\/en\/emplois\/conseillers-ou-conseilleres-en-publicite\/#breadcrumb","itemListElement":[{"@type":"ListItem","position":1,"name":"Accueil","item":"https:\/\/refletnews.ca\/en\/"},{"@type":"ListItem","position":2,"name":"Conseillers ou conseill\u00e8res en publicit\u00e9"}]},{"@type":"WebSite","@id":"https:\/\/refletnews.ca\/en\/#website","url":"https:\/\/refletnews.ca\/en\/","name":"Le Reflet \/ The News","description":"","potentialAction":[{"@type":"SearchAction","target":{"@type":"EntryPoint","urlTemplate":"https:\/\/refletnews.ca\/en\/?s={search_term_string}"},"query-input":{"@type":"PropertyValueSpecification","valueRequired":true,"valueName":"search_term_string"}}],"inLanguage":"en-CA"},{"@type":"Person","@id":"https:\/\/refletnews.ca\/en\/#\/schema\/person\/7c91910a8ff94e9961b328a82dbbf2d8","name":"olivier","image":{"@type":"ImageObject","inLanguage":"en-CA","@id":"https:\/\/secure.gravatar.com\/avatar\/eb8a0bc652548545f85416548bf8470162d498cb17a8a5d713eea70db5124e61?s=96&d=mm&r=g","url":"https:\/\/secure.gravatar.com\/avatar\/eb8a0bc652548545f85416548bf8470162d498cb17a8a5d713eea70db5124e61?s=96&d=mm&r=g","contentUrl":"https:\/\/secure.gravatar.com\/avatar\/eb8a0bc652548545f85416548bf8470162d498cb17a8a5d713eea70db5124e61?s=96&d=mm&r=g","caption":"olivier"}}]}},"_links":{"self":[{"href":"https:\/\/refletnews.ca\/en\/wp-json\/wp\/v2\/posts\/127828","targetHints":{"allow":["GET"]}}],"collection":[{"href":"https:\/\/refletnews.ca\/en\/wp-json\/wp\/v2\/posts"}],"about":[{"href":"https:\/\/refletnews.ca\/en\/wp-json\/wp\/v2\/types\/post"}],"author":[{"embeddable":true,"href":"https:\/\/refletnews.ca\/en\/wp-json\/wp\/v2\/users\/2"}],"replies":[{"embeddable":true,"href":"https:\/\/refletnews.ca\/en\/wp-json\/wp\/v2\/comments?post=127828"}],"version-history":[{"count":4,"href":"https:\/\/refletnews.ca\/en\/wp-json\/wp\/v2\/posts\/127828\/revisions"}],"predecessor-version":[{"id":127868,"href":"https:\/\/refletnews.ca\/en\/wp-json\/wp\/v2\/posts\/127828\/revisions\/127868"}],"wp:featuredmedia":[{"embeddable":true,"href":"https:\/\/refletnews.ca\/en\/wp-json\/wp\/v2\/media\/124478"}],"wp:attachment":[{"href":"https:\/\/refletnews.ca\/en\/wp-json\/wp\/v2\/media?parent=127828"}],"wp:term":[{"taxonomy":"category","embeddable":true,"href":"https:\/\/refletnews.ca\/en\/wp-json\/wp\/v2\/categories?post=127828"},{"taxonomy":"post_tag","embeddable":true,"href":"https:\/\/refletnews.ca\/en\/wp-json\/wp\/v2\/tags?post=127828"}],"curies":[{"name":"wp","href":"https:\/\/api.w.org\/{rel}","templated":true}]}}