{"id":11749,"date":"2021-05-18T20:02:26","date_gmt":"2021-05-18T20:02:26","guid":{"rendered":"https:\/\/editionap.ca\/2021\/05\/18\/nouveautes-a-la-bibliotheque-de-saint-albert\/"},"modified":"2025-12-16T04:33:05","modified_gmt":"2025-12-16T03:33:05","slug":"nouveautes-a-la-bibliotheque-de-saint-albert","status":"publish","type":"post","link":"https:\/\/refletnews.ca\/en\/culture\/nouveautes-a-la-bibliotheque-de-saint-albert\/","title":{"rendered":"Nouveaut\u00e9s \u00e0 la biblioth\u00e8que de Saint-Albert"},"content":{"rendered":"<p>Feu R\u00e9jeanne Bri\u00e8re Mahoney \u00e9tait une amoureuse de la lecture. C\u2019est pour cette raison que sa famille a d\u00e9cid\u00e9 d\u2019amasser des dons pour permettre \u00e0 la biblioth\u00e8que de Saint-Albert, lieu favori de Mme Bri\u00e8re Mahoney, de s\u2019approvisionner en nouveaux livres. Ceux-ci sont maintenant disponibles au public. Les pr\u00eats se font par cueillette en bordure de rue. &nbsp;<\/p>\n<p>La biblioth\u00e8que est aussi maintenant propri\u00e9taire d\u2019une peinture originale de l\u2019artiste locale de Bourget, Lise P\u00e9riard. Cette peinture, repr\u00e9sentant le Record Guinness 2019 des 243 moulins \u00e0 battre, est expos\u00e9 derri\u00e8re le bureau principal de la biblioth\u00e8que. Rappelons-nous qu\u2019en 2019, Fran\u00e7ois Latour et son \u00e9quipe avaient r\u00e9ussi \u00e0 faire fonctionner 243 moulins, simultan\u00e9ment, durant cinq minutes, \u00e0 Saint-Albert, un record.&nbsp;<\/p>\n","protected":false},"excerpt":{"rendered":"<p>La biblioth\u00e8que publique de La Nation, succursale Saint-Albert, est fi\u00e8re d\u2019avoir re\u00e7u un don de 950$ pour l\u2019achat de nouveaux livres, en m\u00e9moire de R\u00e9jeanne Bri\u00e8re Mahoney, r\u00e9sidente.<\/p>\n","protected":false},"author":7,"featured_media":11750,"comment_status":"closed","ping_status":"open","sticky":false,"template":"","format":"standard","meta":{"_acf_changed":false,"footnotes":""},"categories":[42],"tags":[],"class_list":["post-11749","post","type-post","status-publish","format-standard","has-post-thumbnail","hentry","category-culture"],"acf":[],"featured_media_global":[],"yoast_head":"<!-- This site is optimized with the Yoast SEO plugin v27.5 - https:\/\/yoast.com\/product\/yoast-seo-wordpress\/ -->\n<title>Nouveaut\u00e9s \u00e0 la biblioth\u00e8que de Saint-Albert - Le Reflet \/ The News<\/title>\n<meta name=\"robots\" content=\"index, follow, max-snippet:-1, max-image-preview:large, max-video-preview:-1\" \/>\n<link rel=\"canonical\" href=\"https:\/\/refletnews.ca\/en\/culture\/nouveautes-a-la-bibliotheque-de-saint-albert\/\" \/>\n<meta property=\"og:locale\" content=\"en_US\" \/>\n<meta property=\"og:type\" content=\"article\" \/>\n<meta property=\"og:title\" content=\"Nouveaut\u00e9s \u00e0 la biblioth\u00e8que de Saint-Albert - Le Reflet \/ The News\" \/>\n<meta property=\"og:description\" content=\"La biblioth\u00e8que publique de La Nation, succursale Saint-Albert, est fi\u00e8re d\u2019avoir re\u00e7u un don de 950$ pour l\u2019achat de nouveaux livres, en m\u00e9moire de R\u00e9jeanne Bri\u00e8re Mahoney, r\u00e9sidente.\" \/>\n<meta property=\"og:url\" content=\"https:\/\/refletnews.ca\/en\/culture\/nouveautes-a-la-bibliotheque-de-saint-albert\/\" \/>\n<meta property=\"og:site_name\" content=\"Le Reflet \/ The News\" \/>\n<meta property=\"article:published_time\" content=\"2021-05-18T20:02:26+00:00\" \/>\n<meta property=\"article:modified_time\" content=\"2025-12-16T03:33:05+00:00\" \/>\n<meta property=\"og:image\" content=\"https:\/\/cdn.editionap.ca\/wp-content\/uploads\/sites\/3\/2021\/05\/96bb7702-5912-409c-898c-b7a0483bf11d.jpg\" \/>\n\t<meta property=\"og:image:width\" content=\"1276\" \/>\n\t<meta property=\"og:image:height\" content=\"477\" \/>\n\t<meta property=\"og:image:type\" content=\"image\/jpeg\" \/>\n<meta name=\"author\" content=\"ezn2_spadmin\" \/>\n<meta name=\"twitter:card\" content=\"summary_large_image\" \/>\n<meta name=\"twitter:label1\" content=\"Written by\" \/>\n\t<meta name=\"twitter:data1\" content=\"ezn2_spadmin\" \/>\n\t<meta name=\"twitter:label2\" content=\"Est. reading time\" \/>\n\t<meta name=\"twitter:data2\" content=\"1 minute\" \/>\n<script type=\"application\/ld+json\" class=\"yoast-schema-graph\">{\"@context\":\"https:\\\/\\\/schema.org\",\"@graph\":[{\"@type\":\"Article\",\"@id\":\"https:\\\/\\\/refletnews.ca\\\/en\\\/culture\\\/nouveautes-a-la-bibliotheque-de-saint-albert\\\/#article\",\"isPartOf\":{\"@id\":\"https:\\\/\\\/refletnews.ca\\\/en\\\/culture\\\/nouveautes-a-la-bibliotheque-de-saint-albert\\\/\"},\"author\":{\"name\":\"ezn2_spadmin\",\"@id\":\"https:\\\/\\\/refletnews.ca\\\/en\\\/#\\\/schema\\\/person\\\/ecd8a97c76ea385f3027e987481ea16a\"},\"headline\":\"Nouveaut\u00e9s \u00e0 la biblioth\u00e8que de Saint-Albert\",\"datePublished\":\"2021-05-18T20:02:26+00:00\",\"dateModified\":\"2025-12-16T03:33:05+00:00\",\"mainEntityOfPage\":{\"@id\":\"https:\\\/\\\/refletnews.ca\\\/en\\\/culture\\\/nouveautes-a-la-bibliotheque-de-saint-albert\\\/\"},\"wordCount\":138,\"image\":{\"@id\":\"https:\\\/\\\/refletnews.ca\\\/en\\\/culture\\\/nouveautes-a-la-bibliotheque-de-saint-albert\\\/#primaryimage\"},\"thumbnailUrl\":\"https:\\\/\\\/cdn.editionap.ca\\\/wp-content\\\/uploads\\\/sites\\\/3\\\/2021\\\/05\\\/96bb7702-5912-409c-898c-b7a0483bf11d.jpg\",\"articleSection\":[\"Culture\"],\"inLanguage\":\"en-CA\"},{\"@type\":\"WebPage\",\"@id\":\"https:\\\/\\\/refletnews.ca\\\/en\\\/culture\\\/nouveautes-a-la-bibliotheque-de-saint-albert\\\/\",\"url\":\"https:\\\/\\\/refletnews.ca\\\/en\\\/culture\\\/nouveautes-a-la-bibliotheque-de-saint-albert\\\/\",\"name\":\"Nouveaut\u00e9s \u00e0 la biblioth\u00e8que de Saint-Albert - Le Reflet \\\/ The News\",\"isPartOf\":{\"@id\":\"https:\\\/\\\/refletnews.ca\\\/en\\\/#website\"},\"primaryImageOfPage\":{\"@id\":\"https:\\\/\\\/refletnews.ca\\\/en\\\/culture\\\/nouveautes-a-la-bibliotheque-de-saint-albert\\\/#primaryimage\"},\"image\":{\"@id\":\"https:\\\/\\\/refletnews.ca\\\/en\\\/culture\\\/nouveautes-a-la-bibliotheque-de-saint-albert\\\/#primaryimage\"},\"thumbnailUrl\":\"https:\\\/\\\/cdn.editionap.ca\\\/wp-content\\\/uploads\\\/sites\\\/3\\\/2021\\\/05\\\/96bb7702-5912-409c-898c-b7a0483bf11d.jpg\",\"datePublished\":\"2021-05-18T20:02:26+00:00\",\"dateModified\":\"2025-12-16T03:33:05+00:00\",\"author\":{\"@id\":\"https:\\\/\\\/refletnews.ca\\\/en\\\/#\\\/schema\\\/person\\\/ecd8a97c76ea385f3027e987481ea16a\"},\"breadcrumb\":{\"@id\":\"https:\\\/\\\/refletnews.ca\\\/en\\\/culture\\\/nouveautes-a-la-bibliotheque-de-saint-albert\\\/#breadcrumb\"},\"inLanguage\":\"en-CA\",\"potentialAction\":[{\"@type\":\"ReadAction\",\"target\":[\"https:\\\/\\\/refletnews.ca\\\/en\\\/culture\\\/nouveautes-a-la-bibliotheque-de-saint-albert\\\/\"]}]},{\"@type\":\"ImageObject\",\"inLanguage\":\"en-CA\",\"@id\":\"https:\\\/\\\/refletnews.ca\\\/en\\\/culture\\\/nouveautes-a-la-bibliotheque-de-saint-albert\\\/#primaryimage\",\"url\":\"https:\\\/\\\/cdn.editionap.ca\\\/wp-content\\\/uploads\\\/sites\\\/3\\\/2021\\\/05\\\/96bb7702-5912-409c-898c-b7a0483bf11d.jpg\",\"contentUrl\":\"https:\\\/\\\/cdn.editionap.ca\\\/wp-content\\\/uploads\\\/sites\\\/3\\\/2021\\\/05\\\/96bb7702-5912-409c-898c-b7a0483bf11d.jpg\",\"width\":1276,\"height\":477},{\"@type\":\"BreadcrumbList\",\"@id\":\"https:\\\/\\\/refletnews.ca\\\/en\\\/culture\\\/nouveautes-a-la-bibliotheque-de-saint-albert\\\/#breadcrumb\",\"itemListElement\":[{\"@type\":\"ListItem\",\"position\":1,\"name\":\"Accueil\",\"item\":\"https:\\\/\\\/refletnews.ca\\\/en\\\/\"},{\"@type\":\"ListItem\",\"position\":2,\"name\":\"Nouveaut\u00e9s \u00e0 la biblioth\u00e8que de Saint-Albert\"}]},{\"@type\":\"WebSite\",\"@id\":\"https:\\\/\\\/refletnews.ca\\\/en\\\/#website\",\"url\":\"https:\\\/\\\/refletnews.ca\\\/en\\\/\",\"name\":\"Le Reflet \\\/ The News\",\"description\":\"\",\"potentialAction\":[{\"@type\":\"SearchAction\",\"target\":{\"@type\":\"EntryPoint\",\"urlTemplate\":\"https:\\\/\\\/refletnews.ca\\\/en\\\/?s={search_term_string}\"},\"query-input\":{\"@type\":\"PropertyValueSpecification\",\"valueRequired\":true,\"valueName\":\"search_term_string\"}}],\"inLanguage\":\"en-CA\"},{\"@type\":\"Person\",\"@id\":\"https:\\\/\\\/refletnews.ca\\\/en\\\/#\\\/schema\\\/person\\\/ecd8a97c76ea385f3027e987481ea16a\",\"name\":\"ezn2_spadmin\",\"image\":{\"@type\":\"ImageObject\",\"inLanguage\":\"en-CA\",\"@id\":\"https:\\\/\\\/secure.gravatar.com\\\/avatar\\\/10a4f0f991cc37cefde2ecf3b88df276159d0bcf256623224d1025086c609a97?s=96&d=mm&r=g\",\"url\":\"https:\\\/\\\/secure.gravatar.com\\\/avatar\\\/10a4f0f991cc37cefde2ecf3b88df276159d0bcf256623224d1025086c609a97?s=96&d=mm&r=g\",\"contentUrl\":\"https:\\\/\\\/secure.gravatar.com\\\/avatar\\\/10a4f0f991cc37cefde2ecf3b88df276159d0bcf256623224d1025086c609a97?s=96&d=mm&r=g\",\"caption\":\"ezn2_spadmin\"}}]}<\/script>\n<!-- \/ Yoast SEO plugin. -->","yoast_head_json":{"title":"Nouveaut\u00e9s \u00e0 la biblioth\u00e8que de Saint-Albert - Le Reflet \/ The News","robots":{"index":"index","follow":"follow","max-snippet":"max-snippet:-1","max-image-preview":"max-image-preview:large","max-video-preview":"max-video-preview:-1"},"canonical":"https:\/\/refletnews.ca\/en\/culture\/nouveautes-a-la-bibliotheque-de-saint-albert\/","og_locale":"en_US","og_type":"article","og_title":"Nouveaut\u00e9s \u00e0 la biblioth\u00e8que de Saint-Albert - Le Reflet \/ The News","og_description":"La biblioth\u00e8que publique de La Nation, succursale Saint-Albert, est fi\u00e8re d\u2019avoir re\u00e7u un don de 950$ pour l\u2019achat de nouveaux livres, en m\u00e9moire de R\u00e9jeanne Bri\u00e8re Mahoney, r\u00e9sidente.","og_url":"https:\/\/refletnews.ca\/en\/culture\/nouveautes-a-la-bibliotheque-de-saint-albert\/","og_site_name":"Le Reflet \/ The News","article_published_time":"2021-05-18T20:02:26+00:00","article_modified_time":"2025-12-16T03:33:05+00:00","og_image":[{"width":1276,"height":477,"url":"https:\/\/cdn.editionap.ca\/wp-content\/uploads\/sites\/3\/2021\/05\/96bb7702-5912-409c-898c-b7a0483bf11d.jpg","type":"image\/jpeg"}],"author":"ezn2_spadmin","twitter_card":"summary_large_image","twitter_misc":{"Written by":"ezn2_spadmin","Est. reading time":"1 minute"},"schema":{"@context":"https:\/\/schema.org","@graph":[{"@type":"Article","@id":"https:\/\/refletnews.ca\/en\/culture\/nouveautes-a-la-bibliotheque-de-saint-albert\/#article","isPartOf":{"@id":"https:\/\/refletnews.ca\/en\/culture\/nouveautes-a-la-bibliotheque-de-saint-albert\/"},"author":{"name":"ezn2_spadmin","@id":"https:\/\/refletnews.ca\/en\/#\/schema\/person\/ecd8a97c76ea385f3027e987481ea16a"},"headline":"Nouveaut\u00e9s \u00e0 la biblioth\u00e8que de Saint-Albert","datePublished":"2021-05-18T20:02:26+00:00","dateModified":"2025-12-16T03:33:05+00:00","mainEntityOfPage":{"@id":"https:\/\/refletnews.ca\/en\/culture\/nouveautes-a-la-bibliotheque-de-saint-albert\/"},"wordCount":138,"image":{"@id":"https:\/\/refletnews.ca\/en\/culture\/nouveautes-a-la-bibliotheque-de-saint-albert\/#primaryimage"},"thumbnailUrl":"https:\/\/cdn.editionap.ca\/wp-content\/uploads\/sites\/3\/2021\/05\/96bb7702-5912-409c-898c-b7a0483bf11d.jpg","articleSection":["Culture"],"inLanguage":"en-CA"},{"@type":"WebPage","@id":"https:\/\/refletnews.ca\/en\/culture\/nouveautes-a-la-bibliotheque-de-saint-albert\/","url":"https:\/\/refletnews.ca\/en\/culture\/nouveautes-a-la-bibliotheque-de-saint-albert\/","name":"Nouveaut\u00e9s \u00e0 la biblioth\u00e8que de Saint-Albert - Le Reflet \/ The News","isPartOf":{"@id":"https:\/\/refletnews.ca\/en\/#website"},"primaryImageOfPage":{"@id":"https:\/\/refletnews.ca\/en\/culture\/nouveautes-a-la-bibliotheque-de-saint-albert\/#primaryimage"},"image":{"@id":"https:\/\/refletnews.ca\/en\/culture\/nouveautes-a-la-bibliotheque-de-saint-albert\/#primaryimage"},"thumbnailUrl":"https:\/\/cdn.editionap.ca\/wp-content\/uploads\/sites\/3\/2021\/05\/96bb7702-5912-409c-898c-b7a0483bf11d.jpg","datePublished":"2021-05-18T20:02:26+00:00","dateModified":"2025-12-16T03:33:05+00:00","author":{"@id":"https:\/\/refletnews.ca\/en\/#\/schema\/person\/ecd8a97c76ea385f3027e987481ea16a"},"breadcrumb":{"@id":"https:\/\/refletnews.ca\/en\/culture\/nouveautes-a-la-bibliotheque-de-saint-albert\/#breadcrumb"},"inLanguage":"en-CA","potentialAction":[{"@type":"ReadAction","target":["https:\/\/refletnews.ca\/en\/culture\/nouveautes-a-la-bibliotheque-de-saint-albert\/"]}]},{"@type":"ImageObject","inLanguage":"en-CA","@id":"https:\/\/refletnews.ca\/en\/culture\/nouveautes-a-la-bibliotheque-de-saint-albert\/#primaryimage","url":"https:\/\/cdn.editionap.ca\/wp-content\/uploads\/sites\/3\/2021\/05\/96bb7702-5912-409c-898c-b7a0483bf11d.jpg","contentUrl":"https:\/\/cdn.editionap.ca\/wp-content\/uploads\/sites\/3\/2021\/05\/96bb7702-5912-409c-898c-b7a0483bf11d.jpg","width":1276,"height":477},{"@type":"BreadcrumbList","@id":"https:\/\/refletnews.ca\/en\/culture\/nouveautes-a-la-bibliotheque-de-saint-albert\/#breadcrumb","itemListElement":[{"@type":"ListItem","position":1,"name":"Accueil","item":"https:\/\/refletnews.ca\/en\/"},{"@type":"ListItem","position":2,"name":"Nouveaut\u00e9s \u00e0 la biblioth\u00e8que de Saint-Albert"}]},{"@type":"WebSite","@id":"https:\/\/refletnews.ca\/en\/#website","url":"https:\/\/refletnews.ca\/en\/","name":"Le Reflet \/ The News","description":"","potentialAction":[{"@type":"SearchAction","target":{"@type":"EntryPoint","urlTemplate":"https:\/\/refletnews.ca\/en\/?s={search_term_string}"},"query-input":{"@type":"PropertyValueSpecification","valueRequired":true,"valueName":"search_term_string"}}],"inLanguage":"en-CA"},{"@type":"Person","@id":"https:\/\/refletnews.ca\/en\/#\/schema\/person\/ecd8a97c76ea385f3027e987481ea16a","name":"ezn2_spadmin","image":{"@type":"ImageObject","inLanguage":"en-CA","@id":"https:\/\/secure.gravatar.com\/avatar\/10a4f0f991cc37cefde2ecf3b88df276159d0bcf256623224d1025086c609a97?s=96&d=mm&r=g","url":"https:\/\/secure.gravatar.com\/avatar\/10a4f0f991cc37cefde2ecf3b88df276159d0bcf256623224d1025086c609a97?s=96&d=mm&r=g","contentUrl":"https:\/\/secure.gravatar.com\/avatar\/10a4f0f991cc37cefde2ecf3b88df276159d0bcf256623224d1025086c609a97?s=96&d=mm&r=g","caption":"ezn2_spadmin"}}]}},"_links":{"self":[{"href":"https:\/\/refletnews.ca\/en\/wp-json\/wp\/v2\/posts\/11749","targetHints":{"allow":["GET"]}}],"collection":[{"href":"https:\/\/refletnews.ca\/en\/wp-json\/wp\/v2\/posts"}],"about":[{"href":"https:\/\/refletnews.ca\/en\/wp-json\/wp\/v2\/types\/post"}],"author":[{"embeddable":true,"href":"https:\/\/refletnews.ca\/en\/wp-json\/wp\/v2\/users\/7"}],"replies":[{"embeddable":true,"href":"https:\/\/refletnews.ca\/en\/wp-json\/wp\/v2\/comments?post=11749"}],"version-history":[{"count":1,"href":"https:\/\/refletnews.ca\/en\/wp-json\/wp\/v2\/posts\/11749\/revisions"}],"predecessor-version":[{"id":129638,"href":"https:\/\/refletnews.ca\/en\/wp-json\/wp\/v2\/posts\/11749\/revisions\/129638"}],"wp:featuredmedia":[{"embeddable":true,"href":"https:\/\/refletnews.ca\/en\/wp-json\/wp\/v2\/media\/11750"}],"wp:attachment":[{"href":"https:\/\/refletnews.ca\/en\/wp-json\/wp\/v2\/media?parent=11749"}],"wp:term":[{"taxonomy":"category","embeddable":true,"href":"https:\/\/refletnews.ca\/en\/wp-json\/wp\/v2\/categories?post=11749"},{"taxonomy":"post_tag","embeddable":true,"href":"https:\/\/refletnews.ca\/en\/wp-json\/wp\/v2\/tags?post=11749"}],"curies":[{"name":"wp","href":"https:\/\/api.w.org\/{rel}","templated":true}]}}