{"id":107472,"date":"2025-10-09T10:12:08","date_gmt":"2025-10-09T14:12:08","guid":{"rendered":"https:\/\/editionap.ca\/?p=107472"},"modified":"2025-12-16T04:30:19","modified_gmt":"2025-12-16T03:30:19","slug":"un-nouveau-livre-pour-la-saga-de-renarde-woman","status":"publish","type":"post","link":"https:\/\/refletnews.ca\/en\/culture\/un-nouveau-livre-pour-la-saga-de-renarde-woman\/","title":{"rendered":"Un nouveau livre pour la saga de Renarde-woman"},"content":{"rendered":"<p><b><span data-contrast=\"none\">L\u2019auteur franco-ontarien Marc-Antoine Gagnier pr\u00e9sente son nouveau roman, Renard-woman : L\u2019ombre du renard, dernier titre de la saga de Renarde-woman, une s\u00e9rie jeunesse o\u00f9 l\u2019h\u00e9ro\u00efne \u00e9volue dans un univers largement f\u00e9minin.<\/span><\/b><span data-ccp-props=\"{&quot;201341983&quot;:0,&quot;335551550&quot;:6,&quot;335551620&quot;:6,&quot;335559739&quot;:0,&quot;335559740&quot;:288}\">\u00a0<\/span><\/p>\n<p><span data-contrast=\"none\">N\u00e9 en 1992 sur une ferme du petit village de Ste-Rose-de-Prescott, dans la municipalit\u00e9 de La Nation, Marc-Antoine Gagnier a d\u00e9j\u00e0 explor\u00e9 plusieurs chemins. Ancien animateur de radio communautaire et ex-candidat en politique \u00e0 trois reprises, il est aujourd\u2019hui surtout reconnu pour avoir cr\u00e9\u00e9 la saga litt\u00e9raire jeunesse Renarde-woman, une s\u00e9rie de romans qui a comme b\u00fbt de rendre hommage aux femmes.<\/span><span data-ccp-props=\"{&quot;201341983&quot;:2,&quot;335551550&quot;:6,&quot;335551620&quot;:6,&quot;335559731&quot;:240,&quot;335559739&quot;:0,&quot;335559740&quot;:240}\">\u00a0<\/span><\/p>\n<p><span data-contrast=\"none\">Dans ce nouvel ouvrage, l\u2019histoire reprend plusieurs ann\u00e9es apr\u00e8s les \u00e9v\u00e9nements du pr\u00e9c\u00e9dent roman. Un nouveau superh\u00e9ros fait son apparition : Renard-boy. Charles Carrossi\u00e8re, un adolescent de 16 ans et neveu de la commissaire de police Catherine Carrossi\u00e8re, se retrouve malgr\u00e9 lui dans le r\u00f4le de ce h\u00e9ros. Sa mission : mener une enqu\u00eate pour innocenter trois de ses amis accus\u00e9s \u00e0 tort de complot terroriste.<\/span><span data-ccp-props=\"{&quot;201341983&quot;:2,&quot;335551550&quot;:6,&quot;335551620&quot;:6,&quot;335559731&quot;:240,&quot;335559739&quot;:0,&quot;335559740&quot;:240}\">\u00a0<\/span><\/p>\n<p><span data-contrast=\"none\">L\u2019auteur pr\u00e9cise que ce roman pour enfants rend hommage aux femmes et met en valeur des personnages f\u00e9minins forts. Depuis ses d\u00e9buts, l\u2019univers de Renarde-woman se distingue par la pr\u00e9sence de nombreuses h\u00e9ro\u00efnes, oppos\u00e9es \u00e0 des adversaires f\u00e9minines redoutables, mais aussi \u00e0 des cr\u00e9atures fantastiques comme les renardes g\u00e9antes. La ville fictive de Kittyville, cadre principal de la s\u00e9rie, est elle-m\u00eame majoritairement peupl\u00e9e de femmes.\u00a0<\/span><span data-ccp-props=\"{&quot;201341983&quot;:2,&quot;335551550&quot;:6,&quot;335551620&quot;:6,&quot;335559731&quot;:240,&quot;335559739&quot;:0,&quot;335559740&quot;:240}\">\u00a0<\/span><\/p>\n<p style=\"text-align: center\"><b><span data-contrast=\"none\">Pour petits et grands lecteurs<\/span><\/b><\/p>\n<p><span data-contrast=\"none\">Les romans s\u2019adressent avant tout aux huit \u00e0 12 ans, l\u2019auteur souligne que les adultes peuvent eux aussi y trouver leur compte. Sa saga compte d\u00e9j\u00e0 plusieurs titres : le premier roman publi\u00e9 en 2011, L\u2019Histoire de No\u00ebl de Renarde-woman en 2013, puis Renarde-woman et Jolie Rose en 2019, et enfin Renard-woman : L\u2019ombre du renard en 2022. Un nouvel ouvrage r\u00e9unissant Renarde-woman, Jolie Rose et Renard-boy est actuellement en pr\u00e9paration.\u00a0<\/span><span data-ccp-props=\"{&quot;201341983&quot;:2,&quot;335551550&quot;:6,&quot;335551620&quot;:6,&quot;335559731&quot;:240,&quot;335559739&quot;:0,&quot;335559740&quot;:240}\">\u00a0<\/span><\/p>\n<p><span data-contrast=\"none\">L\u2019\u00e9crivain, qui a commenc\u00e9 \u00e0 \u00e9crire \u00e0 19 ans, s\u2019est fait conna\u00eetre en 2024 en parcourant seul le pays pendant cinq mois, du 19 avril au 23 septembre. Au volant de sa voiture, il a travers\u00e9 le Nord de l\u2019Ontario, l\u2019Ouest canadien, les territoires du Nord, le Qu\u00e9bec, et les Maritimes, \u00e9coutant les radios francophones locales et faisant d\u00e9couvrir sa saga aux quatre coins du pays.<\/span><span data-ccp-props=\"{&quot;201341983&quot;:2,&quot;335551550&quot;:6,&quot;335551620&quot;:6,&quot;335559731&quot;:240,&quot;335559739&quot;:0,&quot;335559740&quot;:240}\">\u00a0<\/span><\/p>\n<p><span data-contrast=\"none\">\u00ab Ce n&#8217;est pas pour faire influencer mon \u00e9criture mais ma popularit\u00e9 de me faire conna\u00eetre \u00e0 travers notre pays concernant que je suis devenu un grand auteur autiste unilingue francophone au Canada \u00bb, explique-t-il.<\/span><\/p>\n<p style=\"text-align: center\"><b><span data-contrast=\"none\">Des projets d\u2019avenir<\/span><\/b><\/p>\n<p><span data-contrast=\"none\">Pour la suite, Gagnier r\u00eave de nouveaux p\u00e9riples litt\u00e9raires et personnels : un tour de l\u2019Ontario au printemps 2026, un voyage \u00e0 Terre-Neuve-et-Labrador \u00e0 l\u2019automne de la m\u00eame ann\u00e9e, puis un parcours dans les Territoires du Nord-Ouest au printemps 2027. \u00c0 plus long terme, il esp\u00e8re refaire un nouveau Tour du Canada pour continuer \u00e0 promouvoir Renarde-woman.\u00a0<\/span><span data-ccp-props=\"{&quot;201341983&quot;:2,&quot;335551550&quot;:6,&quot;335551620&quot;:6,&quot;335559731&quot;:240,&quot;335559739&quot;:0,&quot;335559740&quot;:240}\">\u00a0<\/span><\/p>\n<p style=\"text-align: center\"><b><span data-contrast=\"none\">O\u00f9 trouver Renard-woman : L\u2019ombre du renard<\/span><\/b><\/p>\n<p><span data-contrast=\"none\">Les gens interesser pourra rencontrer l\u2019auteur et se procurer son livre lors de plusieurs march\u00e9s et salons locaux la fin de semaine du 25 et 26 octobre au March\u00e9 d\u2019automne de l\u2019\u00e9glise Saint-Alphonse \u00e0 Hawkesbury, le premier novembre au March\u00e9 de No\u00ebl de Crysler, le 2 novembre au March\u00e9 de No\u00ebl de la Ferme Drouin dans la Municipalit\u00e9 de La Nation, le 15 novembre au March\u00e9 de No\u00ebl de Saint-Pascal-de-Baylon, le fin de semaine du 29 et 30 novembre \u00e0 la Vente d\u2019artisanat et de No\u00ebl de Saint-Bernardin, le 6 d\u00e9cembre au Bazar de No\u00ebl de Limoge, et le 13 d\u00e9cembre au Salon de No\u00ebl de Saint-Albert.<\/span><span data-ccp-props=\"{&quot;201341983&quot;:2,&quot;335551550&quot;:6,&quot;335551620&quot;:6,&quot;335559731&quot;:240,&quot;335559739&quot;:0,&quot;335559740&quot;:240}\">\u00a0<\/span><\/p>\n<p><span data-contrast=\"none\">Avec Renard-woman : L\u2019ombre du renard, Marc-Antoine Gagnier poursuit une saga o\u00f9 l\u2019imaginaire, l\u2019hommage aux femmes, et la passion pour l\u2019\u00e9criture se rencontrent pour attirer les petits et les grands.<\/span><span data-ccp-props=\"{&quot;201341983&quot;:2,&quot;335551550&quot;:6,&quot;335551620&quot;:6,&quot;335559731&quot;:240,&quot;335559739&quot;:0,&quot;335559740&quot;:240}\">\u00a0<\/span><\/p>\n","protected":false},"excerpt":{"rendered":"<p>L\u2019auteur franco-ontarien Marc-Antoine Gagnier pr\u00e9sente son nouveau roman, Renard-woman : L\u2019ombre du renard, dernier titre de la saga de Renarde-woman, une s\u00e9rie jeunesse o\u00f9 l\u2019h\u00e9ro\u00efne \u00e9volue dans un univers largement f\u00e9minin.\u00a0 N\u00e9 en 1992 sur une ferme du petit village de Ste-Rose-de-Prescott, dans la municipalit\u00e9 de La Nation, Marc-Antoine Gagnier a d\u00e9j\u00e0 explor\u00e9 plusieurs chemins. [&hellip;]<\/p>\n","protected":false},"author":24,"featured_media":107473,"comment_status":"closed","ping_status":"open","sticky":false,"template":"","format":"standard","meta":{"_acf_changed":false,"footnotes":""},"categories":[42],"tags":[],"class_list":["post-107472","post","type-post","status-publish","format-standard","has-post-thumbnail","hentry","category-culture"],"acf":[],"featured_media_global":[],"yoast_head":"<!-- This site is optimized with the Yoast SEO plugin v27.5 - https:\/\/yoast.com\/product\/yoast-seo-wordpress\/ -->\n<title>Un nouveau livre pour la saga de Renarde-woman - Le Reflet \/ The News<\/title>\n<meta name=\"robots\" content=\"index, follow, max-snippet:-1, max-image-preview:large, max-video-preview:-1\" \/>\n<link rel=\"canonical\" href=\"https:\/\/refletnews.ca\/en\/culture\/un-nouveau-livre-pour-la-saga-de-renarde-woman\/\" \/>\n<meta property=\"og:locale\" content=\"en_US\" \/>\n<meta property=\"og:type\" content=\"article\" \/>\n<meta property=\"og:title\" content=\"Un nouveau livre pour la saga de Renarde-woman - Le Reflet \/ The News\" \/>\n<meta property=\"og:description\" content=\"L\u2019auteur franco-ontarien Marc-Antoine Gagnier pr\u00e9sente son nouveau roman, Renard-woman : L\u2019ombre du renard, dernier titre de la saga de Renarde-woman, une s\u00e9rie jeunesse o\u00f9 l\u2019h\u00e9ro\u00efne \u00e9volue dans un univers largement f\u00e9minin.\u00a0 N\u00e9 en 1992 sur une ferme du petit village de Ste-Rose-de-Prescott, dans la municipalit\u00e9 de La Nation, Marc-Antoine Gagnier a d\u00e9j\u00e0 explor\u00e9 plusieurs chemins. [&hellip;]\" \/>\n<meta property=\"og:url\" content=\"https:\/\/refletnews.ca\/en\/culture\/un-nouveau-livre-pour-la-saga-de-renarde-woman\/\" \/>\n<meta property=\"og:site_name\" content=\"Le Reflet \/ The News\" \/>\n<meta property=\"article:published_time\" content=\"2025-10-09T14:12:08+00:00\" \/>\n<meta property=\"article:modified_time\" content=\"2025-12-16T03:30:19+00:00\" \/>\n<meta property=\"og:image\" content=\"https:\/\/cdn.editionap.ca\/wp-content\/uploads\/sites\/3\/2025\/10\/1-0bfcc4c2.jpg\" \/>\n\t<meta property=\"og:image:width\" content=\"720\" \/>\n\t<meta property=\"og:image:height\" content=\"960\" \/>\n\t<meta property=\"og:image:type\" content=\"image\/jpeg\" \/>\n<meta name=\"author\" content=\"Gabrielle Vinette\" \/>\n<meta name=\"twitter:card\" content=\"summary_large_image\" \/>\n<meta name=\"twitter:label1\" content=\"Written by\" \/>\n\t<meta name=\"twitter:data1\" content=\"Gabrielle Vinette\" \/>\n\t<meta name=\"twitter:label2\" content=\"Est. reading time\" \/>\n\t<meta name=\"twitter:data2\" content=\"4 minutes\" \/>\n<script type=\"application\/ld+json\" class=\"yoast-schema-graph\">{\"@context\":\"https:\\\/\\\/schema.org\",\"@graph\":[{\"@type\":\"Article\",\"@id\":\"https:\\\/\\\/refletnews.ca\\\/en\\\/culture\\\/un-nouveau-livre-pour-la-saga-de-renarde-woman\\\/#article\",\"isPartOf\":{\"@id\":\"https:\\\/\\\/refletnews.ca\\\/en\\\/culture\\\/un-nouveau-livre-pour-la-saga-de-renarde-woman\\\/\"},\"author\":{\"name\":\"Gabrielle Vinette\",\"@id\":\"https:\\\/\\\/refletnews.ca\\\/en\\\/#\\\/schema\\\/person\\\/13779c6008921447beb2d2d257daa3f0\"},\"headline\":\"Un nouveau livre pour la saga de Renarde-woman\",\"datePublished\":\"2025-10-09T14:12:08+00:00\",\"dateModified\":\"2025-12-16T03:30:19+00:00\",\"mainEntityOfPage\":{\"@id\":\"https:\\\/\\\/refletnews.ca\\\/en\\\/culture\\\/un-nouveau-livre-pour-la-saga-de-renarde-woman\\\/\"},\"wordCount\":653,\"image\":{\"@id\":\"https:\\\/\\\/refletnews.ca\\\/en\\\/culture\\\/un-nouveau-livre-pour-la-saga-de-renarde-woman\\\/#primaryimage\"},\"thumbnailUrl\":\"https:\\\/\\\/cdn.editionap.ca\\\/wp-content\\\/uploads\\\/sites\\\/3\\\/2025\\\/10\\\/1-0bfcc4c2.jpg\",\"articleSection\":[\"Culture\"],\"inLanguage\":\"en-CA\"},{\"@type\":\"WebPage\",\"@id\":\"https:\\\/\\\/refletnews.ca\\\/en\\\/culture\\\/un-nouveau-livre-pour-la-saga-de-renarde-woman\\\/\",\"url\":\"https:\\\/\\\/refletnews.ca\\\/en\\\/culture\\\/un-nouveau-livre-pour-la-saga-de-renarde-woman\\\/\",\"name\":\"Un nouveau livre pour la saga de Renarde-woman - Le Reflet \\\/ The News\",\"isPartOf\":{\"@id\":\"https:\\\/\\\/refletnews.ca\\\/en\\\/#website\"},\"primaryImageOfPage\":{\"@id\":\"https:\\\/\\\/refletnews.ca\\\/en\\\/culture\\\/un-nouveau-livre-pour-la-saga-de-renarde-woman\\\/#primaryimage\"},\"image\":{\"@id\":\"https:\\\/\\\/refletnews.ca\\\/en\\\/culture\\\/un-nouveau-livre-pour-la-saga-de-renarde-woman\\\/#primaryimage\"},\"thumbnailUrl\":\"https:\\\/\\\/cdn.editionap.ca\\\/wp-content\\\/uploads\\\/sites\\\/3\\\/2025\\\/10\\\/1-0bfcc4c2.jpg\",\"datePublished\":\"2025-10-09T14:12:08+00:00\",\"dateModified\":\"2025-12-16T03:30:19+00:00\",\"author\":{\"@id\":\"https:\\\/\\\/refletnews.ca\\\/en\\\/#\\\/schema\\\/person\\\/13779c6008921447beb2d2d257daa3f0\"},\"breadcrumb\":{\"@id\":\"https:\\\/\\\/refletnews.ca\\\/en\\\/culture\\\/un-nouveau-livre-pour-la-saga-de-renarde-woman\\\/#breadcrumb\"},\"inLanguage\":\"en-CA\",\"potentialAction\":[{\"@type\":\"ReadAction\",\"target\":[\"https:\\\/\\\/refletnews.ca\\\/en\\\/culture\\\/un-nouveau-livre-pour-la-saga-de-renarde-woman\\\/\"]}]},{\"@type\":\"ImageObject\",\"inLanguage\":\"en-CA\",\"@id\":\"https:\\\/\\\/refletnews.ca\\\/en\\\/culture\\\/un-nouveau-livre-pour-la-saga-de-renarde-woman\\\/#primaryimage\",\"url\":\"https:\\\/\\\/cdn.editionap.ca\\\/wp-content\\\/uploads\\\/sites\\\/3\\\/2025\\\/10\\\/1-0bfcc4c2.jpg\",\"contentUrl\":\"https:\\\/\\\/cdn.editionap.ca\\\/wp-content\\\/uploads\\\/sites\\\/3\\\/2025\\\/10\\\/1-0bfcc4c2.jpg\",\"width\":720,\"height\":960,\"caption\":\"L\u2019auteur Marc-Antoine Gagnier, originaire de Ste-Rose-de-Prescott dans la municipalit\u00e9 de La Nation, pr\u00e9sente avec fiert\u00e9 son plus r\u00e9cent livre pour enfants, Renarde-woman : L\u2019ombre du renard, le nouveau tome de sa saga rendant hommage aux femmes fortes.\"},{\"@type\":\"BreadcrumbList\",\"@id\":\"https:\\\/\\\/refletnews.ca\\\/en\\\/culture\\\/un-nouveau-livre-pour-la-saga-de-renarde-woman\\\/#breadcrumb\",\"itemListElement\":[{\"@type\":\"ListItem\",\"position\":1,\"name\":\"Accueil\",\"item\":\"https:\\\/\\\/refletnews.ca\\\/en\\\/\"},{\"@type\":\"ListItem\",\"position\":2,\"name\":\"Un nouveau livre pour la saga de Renarde-woman\"}]},{\"@type\":\"WebSite\",\"@id\":\"https:\\\/\\\/refletnews.ca\\\/en\\\/#website\",\"url\":\"https:\\\/\\\/refletnews.ca\\\/en\\\/\",\"name\":\"Le Reflet \\\/ The News\",\"description\":\"\",\"potentialAction\":[{\"@type\":\"SearchAction\",\"target\":{\"@type\":\"EntryPoint\",\"urlTemplate\":\"https:\\\/\\\/refletnews.ca\\\/en\\\/?s={search_term_string}\"},\"query-input\":{\"@type\":\"PropertyValueSpecification\",\"valueRequired\":true,\"valueName\":\"search_term_string\"}}],\"inLanguage\":\"en-CA\"},{\"@type\":\"Person\",\"@id\":\"https:\\\/\\\/refletnews.ca\\\/en\\\/#\\\/schema\\\/person\\\/13779c6008921447beb2d2d257daa3f0\",\"name\":\"Gabrielle Vinette\",\"image\":{\"@type\":\"ImageObject\",\"inLanguage\":\"en-CA\",\"@id\":\"https:\\\/\\\/secure.gravatar.com\\\/avatar\\\/aad6b45732301ea45eccebd26730d0365f5ecc8faa321e59d6858a3caada1c83?s=96&d=mm&r=g\",\"url\":\"https:\\\/\\\/secure.gravatar.com\\\/avatar\\\/aad6b45732301ea45eccebd26730d0365f5ecc8faa321e59d6858a3caada1c83?s=96&d=mm&r=g\",\"contentUrl\":\"https:\\\/\\\/secure.gravatar.com\\\/avatar\\\/aad6b45732301ea45eccebd26730d0365f5ecc8faa321e59d6858a3caada1c83?s=96&d=mm&r=g\",\"caption\":\"Gabrielle Vinette\"}}]}<\/script>\n<!-- \/ Yoast SEO plugin. -->","yoast_head_json":{"title":"Un nouveau livre pour la saga de Renarde-woman - Le Reflet \/ The News","robots":{"index":"index","follow":"follow","max-snippet":"max-snippet:-1","max-image-preview":"max-image-preview:large","max-video-preview":"max-video-preview:-1"},"canonical":"https:\/\/refletnews.ca\/en\/culture\/un-nouveau-livre-pour-la-saga-de-renarde-woman\/","og_locale":"en_US","og_type":"article","og_title":"Un nouveau livre pour la saga de Renarde-woman - Le Reflet \/ The News","og_description":"L\u2019auteur franco-ontarien Marc-Antoine Gagnier pr\u00e9sente son nouveau roman, Renard-woman : L\u2019ombre du renard, dernier titre de la saga de Renarde-woman, une s\u00e9rie jeunesse o\u00f9 l\u2019h\u00e9ro\u00efne \u00e9volue dans un univers largement f\u00e9minin.\u00a0 N\u00e9 en 1992 sur une ferme du petit village de Ste-Rose-de-Prescott, dans la municipalit\u00e9 de La Nation, Marc-Antoine Gagnier a d\u00e9j\u00e0 explor\u00e9 plusieurs chemins. [&hellip;]","og_url":"https:\/\/refletnews.ca\/en\/culture\/un-nouveau-livre-pour-la-saga-de-renarde-woman\/","og_site_name":"Le Reflet \/ The News","article_published_time":"2025-10-09T14:12:08+00:00","article_modified_time":"2025-12-16T03:30:19+00:00","og_image":[{"width":720,"height":960,"url":"https:\/\/cdn.editionap.ca\/wp-content\/uploads\/sites\/3\/2025\/10\/1-0bfcc4c2.jpg","type":"image\/jpeg"}],"author":"Gabrielle Vinette","twitter_card":"summary_large_image","twitter_misc":{"Written by":"Gabrielle Vinette","Est. reading time":"4 minutes"},"schema":{"@context":"https:\/\/schema.org","@graph":[{"@type":"Article","@id":"https:\/\/refletnews.ca\/en\/culture\/un-nouveau-livre-pour-la-saga-de-renarde-woman\/#article","isPartOf":{"@id":"https:\/\/refletnews.ca\/en\/culture\/un-nouveau-livre-pour-la-saga-de-renarde-woman\/"},"author":{"name":"Gabrielle Vinette","@id":"https:\/\/refletnews.ca\/en\/#\/schema\/person\/13779c6008921447beb2d2d257daa3f0"},"headline":"Un nouveau livre pour la saga de Renarde-woman","datePublished":"2025-10-09T14:12:08+00:00","dateModified":"2025-12-16T03:30:19+00:00","mainEntityOfPage":{"@id":"https:\/\/refletnews.ca\/en\/culture\/un-nouveau-livre-pour-la-saga-de-renarde-woman\/"},"wordCount":653,"image":{"@id":"https:\/\/refletnews.ca\/en\/culture\/un-nouveau-livre-pour-la-saga-de-renarde-woman\/#primaryimage"},"thumbnailUrl":"https:\/\/cdn.editionap.ca\/wp-content\/uploads\/sites\/3\/2025\/10\/1-0bfcc4c2.jpg","articleSection":["Culture"],"inLanguage":"en-CA"},{"@type":"WebPage","@id":"https:\/\/refletnews.ca\/en\/culture\/un-nouveau-livre-pour-la-saga-de-renarde-woman\/","url":"https:\/\/refletnews.ca\/en\/culture\/un-nouveau-livre-pour-la-saga-de-renarde-woman\/","name":"Un nouveau livre pour la saga de Renarde-woman - Le Reflet \/ The News","isPartOf":{"@id":"https:\/\/refletnews.ca\/en\/#website"},"primaryImageOfPage":{"@id":"https:\/\/refletnews.ca\/en\/culture\/un-nouveau-livre-pour-la-saga-de-renarde-woman\/#primaryimage"},"image":{"@id":"https:\/\/refletnews.ca\/en\/culture\/un-nouveau-livre-pour-la-saga-de-renarde-woman\/#primaryimage"},"thumbnailUrl":"https:\/\/cdn.editionap.ca\/wp-content\/uploads\/sites\/3\/2025\/10\/1-0bfcc4c2.jpg","datePublished":"2025-10-09T14:12:08+00:00","dateModified":"2025-12-16T03:30:19+00:00","author":{"@id":"https:\/\/refletnews.ca\/en\/#\/schema\/person\/13779c6008921447beb2d2d257daa3f0"},"breadcrumb":{"@id":"https:\/\/refletnews.ca\/en\/culture\/un-nouveau-livre-pour-la-saga-de-renarde-woman\/#breadcrumb"},"inLanguage":"en-CA","potentialAction":[{"@type":"ReadAction","target":["https:\/\/refletnews.ca\/en\/culture\/un-nouveau-livre-pour-la-saga-de-renarde-woman\/"]}]},{"@type":"ImageObject","inLanguage":"en-CA","@id":"https:\/\/refletnews.ca\/en\/culture\/un-nouveau-livre-pour-la-saga-de-renarde-woman\/#primaryimage","url":"https:\/\/cdn.editionap.ca\/wp-content\/uploads\/sites\/3\/2025\/10\/1-0bfcc4c2.jpg","contentUrl":"https:\/\/cdn.editionap.ca\/wp-content\/uploads\/sites\/3\/2025\/10\/1-0bfcc4c2.jpg","width":720,"height":960,"caption":"L\u2019auteur Marc-Antoine Gagnier, originaire de Ste-Rose-de-Prescott dans la municipalit\u00e9 de La Nation, pr\u00e9sente avec fiert\u00e9 son plus r\u00e9cent livre pour enfants, Renarde-woman : L\u2019ombre du renard, le nouveau tome de sa saga rendant hommage aux femmes fortes."},{"@type":"BreadcrumbList","@id":"https:\/\/refletnews.ca\/en\/culture\/un-nouveau-livre-pour-la-saga-de-renarde-woman\/#breadcrumb","itemListElement":[{"@type":"ListItem","position":1,"name":"Accueil","item":"https:\/\/refletnews.ca\/en\/"},{"@type":"ListItem","position":2,"name":"Un nouveau livre pour la saga de Renarde-woman"}]},{"@type":"WebSite","@id":"https:\/\/refletnews.ca\/en\/#website","url":"https:\/\/refletnews.ca\/en\/","name":"Le Reflet \/ The News","description":"","potentialAction":[{"@type":"SearchAction","target":{"@type":"EntryPoint","urlTemplate":"https:\/\/refletnews.ca\/en\/?s={search_term_string}"},"query-input":{"@type":"PropertyValueSpecification","valueRequired":true,"valueName":"search_term_string"}}],"inLanguage":"en-CA"},{"@type":"Person","@id":"https:\/\/refletnews.ca\/en\/#\/schema\/person\/13779c6008921447beb2d2d257daa3f0","name":"Gabrielle Vinette","image":{"@type":"ImageObject","inLanguage":"en-CA","@id":"https:\/\/secure.gravatar.com\/avatar\/aad6b45732301ea45eccebd26730d0365f5ecc8faa321e59d6858a3caada1c83?s=96&d=mm&r=g","url":"https:\/\/secure.gravatar.com\/avatar\/aad6b45732301ea45eccebd26730d0365f5ecc8faa321e59d6858a3caada1c83?s=96&d=mm&r=g","contentUrl":"https:\/\/secure.gravatar.com\/avatar\/aad6b45732301ea45eccebd26730d0365f5ecc8faa321e59d6858a3caada1c83?s=96&d=mm&r=g","caption":"Gabrielle Vinette"}}]}},"_links":{"self":[{"href":"https:\/\/refletnews.ca\/en\/wp-json\/wp\/v2\/posts\/107472","targetHints":{"allow":["GET"]}}],"collection":[{"href":"https:\/\/refletnews.ca\/en\/wp-json\/wp\/v2\/posts"}],"about":[{"href":"https:\/\/refletnews.ca\/en\/wp-json\/wp\/v2\/types\/post"}],"author":[{"embeddable":true,"href":"https:\/\/refletnews.ca\/en\/wp-json\/wp\/v2\/users\/24"}],"replies":[{"embeddable":true,"href":"https:\/\/refletnews.ca\/en\/wp-json\/wp\/v2\/comments?post=107472"}],"version-history":[{"count":1,"href":"https:\/\/refletnews.ca\/en\/wp-json\/wp\/v2\/posts\/107472\/revisions"}],"predecessor-version":[{"id":129618,"href":"https:\/\/refletnews.ca\/en\/wp-json\/wp\/v2\/posts\/107472\/revisions\/129618"}],"wp:featuredmedia":[{"embeddable":true,"href":"https:\/\/refletnews.ca\/en\/wp-json\/wp\/v2\/media\/107473"}],"wp:attachment":[{"href":"https:\/\/refletnews.ca\/en\/wp-json\/wp\/v2\/media?parent=107472"}],"wp:term":[{"taxonomy":"category","embeddable":true,"href":"https:\/\/refletnews.ca\/en\/wp-json\/wp\/v2\/categories?post=107472"},{"taxonomy":"post_tag","embeddable":true,"href":"https:\/\/refletnews.ca\/en\/wp-json\/wp\/v2\/tags?post=107472"}],"curies":[{"name":"wp","href":"https:\/\/api.w.org\/{rel}","templated":true}]}}