{"id":107282,"date":"2025-09-17T12:34:37","date_gmt":"2025-09-17T16:34:37","guid":{"rendered":"https:\/\/editionap.ca\/?p=107282"},"modified":"2025-12-16T04:50:14","modified_gmt":"2025-12-16T03:50:14","slug":"casselman-presse-la-province-pour-des-soins-equitables","status":"publish","type":"post","link":"https:\/\/refletnews.ca\/en\/actualites\/casselman-presse-la-province-pour-des-soins-equitables\/","title":{"rendered":"Casselman presse la province pour des soins \u00e9quitables"},"content":{"rendered":"<p><b><span data-contrast=\"none\">La mairesse de Casselman, Genevi\u00e8ve Lajoie, rassure les r\u00e9sidents en disant qu\u2019elle a profit\u00e9 de la conf\u00e9rence annuelle de l\u2019Association des municipalit\u00e9s de l\u2019Ontario (AMO) pour soulever des pr\u00e9occupations urgentes quant \u00e0 la fa\u00e7on dont la formule de financement des soins de sant\u00e9 de la province d\u00e9savantage la collectivit\u00e9.<\/span><\/b><span data-ccp-props=\"{&quot;201341983&quot;:0,&quot;335551550&quot;:6,&quot;335551620&quot;:6,&quot;335559739&quot;:0,&quot;335559740&quot;:288}\">\u00a0<\/span><\/p>\n<p><span data-contrast=\"none\">Au c\u0153ur du probl\u00e8me se trouve l\u2019indice de ruralit\u00e9 de l\u2019Ontario (IRO), une formule cr\u00e9\u00e9e par l\u2019Association m\u00e9dicale de l\u2019Ontario (OMA) et l\u2019Universit\u00e9 Queen\u2019s qui mesure le caract\u00e8re \u00ab rural \u00bb d\u2019une communaut\u00e9 en fonction de facteurs tels que le nombre et la densit\u00e9 de population, le temps de d\u00e9placement jusqu\u2019\u00e0 un centre d\u2019orientation de base et le temps de d\u00e9placement jusqu\u2019\u00e0 un centre d\u2019orientation avanc\u00e9. La note de RIO d\u00e9termine l\u2019admissibilit\u00e9 \u00e0 l\u2019Initiative de recrutement et de maintien en poste dans les r\u00e9gions rurales et du Nord (IRRRN), qui offre des incitatifs financiers de 84 851 $ sur quatre ans aux m\u00e9decins qui choisissent de pratiquer dans des r\u00e9gions mal desservies.\u00a0<\/span><span data-ccp-props=\"{&quot;201341983&quot;:2,&quot;335551550&quot;:6,&quot;335551620&quot;:6,&quot;335559731&quot;:240,&quot;335559739&quot;:0,&quot;335559740&quot;:240}\">\u00a0<\/span><\/p>\n<p><span data-contrast=\"none\">Alors que l\u2019OMA a d\u00e9velopp\u00e9 la m\u00e9thodologie, le minist\u00e8re de la Sant\u00e9 fixe les r\u00e8gles d\u2019\u00e9ligibilit\u00e9. Cela signifie que le minist\u00e8re, et non l\u2019OMA, a le pouvoir de faire des exceptions ou d\u2019\u00e9tablir des programmes pilotes.\u00a0<\/span><span data-ccp-props=\"{&quot;201341983&quot;:2,&quot;335551550&quot;:6,&quot;335551620&quot;:6,&quot;335559731&quot;:240,&quot;335559739&quot;:0,&quot;335559740&quot;:240}\">\u00a0<\/span><\/p>\n<p><span data-contrast=\"none\">Selon Mme Lajoie, cela cr\u00e9e une iniquit\u00e9 qui touche directement Casselman. La municipalit\u00e9 a un score RIO de 39, ce qui la rend in\u00e9ligible aux subventions du NRRRI. Cependant, Limoges voisine dans la municipalit\u00e9 de la Nation a une note de 40, ce qui la rend admissible aux subventions.\u00a0<\/span><span data-ccp-props=\"{&quot;201341983&quot;:2,&quot;335551550&quot;:6,&quot;335551620&quot;:6,&quot;335559731&quot;:240,&quot;335559739&quot;:0,&quot;335559740&quot;:240}\">\u00a0<\/span><\/p>\n<p><span data-contrast=\"none\">\u00ab Cette diff\u00e9rence d\u2019un point signifie que Limoges est admissible \u00e0 des subventions que Casselman n\u2019est pas admissible, m\u00eame si elle est plus pr\u00e8s des services de sant\u00e9 d\u2019Ottawa \u00bb, a d\u00e9clar\u00e9 Mme Lajoie.\u00a0<\/span><span data-ccp-props=\"{&quot;201341983&quot;:2,&quot;335551550&quot;:6,&quot;335551620&quot;:6,&quot;335559731&quot;:240,&quot;335559739&quot;:0,&quot;335559740&quot;:240}\">\u00a0<\/span><\/p>\n<p><span data-contrast=\"none\">Au cours de la conf\u00e9rence, la d\u00e9l\u00e9gation de Mme Casselman a rencontr\u00e9 John Jordan, adjoint parlementaire de la ministre de la Sant\u00e9, et a pr\u00e9sent\u00e9 des cartes et des donn\u00e9es d\u00e9taill\u00e9es pour mettre en \u00e9vidence l\u2019\u00e9cart. La demande de la d\u00e9l\u00e9gation \u00e9tait simple : que Casselman soit \u00e9galement admissible au financement de l\u2019IRRRN, ou que la province mette en place un programme pilote de subventions pour les municipalit\u00e9s ayant une note RIO de 39.\u00a0<\/span><span data-ccp-props=\"{&quot;201341983&quot;:2,&quot;335551550&quot;:6,&quot;335551620&quot;:6,&quot;335559731&quot;:240,&quot;335559739&quot;:0,&quot;335559740&quot;:240}\">\u00a0<\/span><\/p>\n<p><span data-contrast=\"none\">Mme Lajoie a soutenu que le changement serait une solution peu co\u00fbteuse et \u00e0 fort impact, qui aiderait Casselman \u00e0 recruter et \u00e0 maintenir en poste des m\u00e9decins, r\u00e9duirait la pression sur les h\u00f4pitaux d\u2019Ottawa et appuierait l\u2019objectif de la province de brancher tous les Ontariens aux soins primaires d\u2019ici 2029.\u00a0<\/span><span data-ccp-props=\"{&quot;201341983&quot;:2,&quot;335551550&quot;:6,&quot;335551620&quot;:6,&quot;335559731&quot;:240,&quot;335559739&quot;:0,&quot;335559740&quot;:240}\">\u00a0<\/span><\/p>\n<p><span data-contrast=\"none\">\u00ab J\u2019ai quitt\u00e9 la r\u00e9union en me sentant bien que nous avions \u00e9t\u00e9 entendus \u00bb, a d\u00e9clar\u00e9 Mme Lajoie. \u00ab Il s\u2019agit d\u2019un cas clair o\u00f9 le syst\u00e8me a cr\u00e9\u00e9 par inadvertance une zone mal desservie, et la province a l\u2019occasion de corriger la situation. \u00bb<\/span><span data-ccp-props=\"{&quot;201341983&quot;:2,&quot;335551550&quot;:6,&quot;335551620&quot;:6,&quot;335559731&quot;:240,&quot;335559739&quot;:0,&quot;335559740&quot;:240}\">\u00a0<\/span><\/p>\n","protected":false},"excerpt":{"rendered":"<p>La mairesse de Casselman, Genevi\u00e8ve Lajoie, rassure les r\u00e9sidents en disant qu\u2019elle a profit\u00e9 de la conf\u00e9rence annuelle de l\u2019Association des municipalit\u00e9s de l\u2019Ontario (AMO) pour soulever des pr\u00e9occupations urgentes quant \u00e0 la fa\u00e7on dont la formule de financement des soins de sant\u00e9 de la province d\u00e9savantage la collectivit\u00e9.\u00a0 Au c\u0153ur du probl\u00e8me se trouve [&hellip;]<\/p>\n","protected":false},"author":24,"featured_media":102886,"comment_status":"closed","ping_status":"open","sticky":false,"template":"","format":"standard","meta":{"_acf_changed":false,"footnotes":""},"categories":[37],"tags":[],"class_list":["post-107282","post","type-post","status-publish","format-standard","has-post-thumbnail","hentry","category-actualites"],"acf":[],"featured_media_global":[],"yoast_head":"<!-- This site is optimized with the Yoast SEO plugin v27.4 - https:\/\/yoast.com\/product\/yoast-seo-wordpress\/ -->\n<title>Casselman presse la province pour des soins \u00e9quitables - Le Reflet \/ The News<\/title>\n<meta name=\"description\" content=\"La mairesse de Casselman, Genevi\u00e8ve Lajoie, rassure les r\u00e9sidents en disant qu\u2019elle a profit\u00e9 de la conf\u00e9rence annuelle de l\u2019Association des municipalit\u00e9s de l\u2019Ontario (AMO) pour soulever des pr\u00e9occupations urgentes quant \u00e0 la fa\u00e7on dont la formule de financement des soins de sant\u00e9 de la province d\u00e9savantage la collectivit\u00e9.\u00a0\" \/>\n<meta name=\"robots\" content=\"index, follow, max-snippet:-1, max-image-preview:large, max-video-preview:-1\" \/>\n<link rel=\"canonical\" href=\"https:\/\/refletnews.ca\/en\/actualites\/casselman-presse-la-province-pour-des-soins-equitables\/\" \/>\n<meta property=\"og:locale\" content=\"en_US\" \/>\n<meta property=\"og:type\" content=\"article\" \/>\n<meta property=\"og:title\" content=\"Casselman presse la province pour des soins \u00e9quitables - Le Reflet \/ The News\" \/>\n<meta property=\"og:description\" content=\"La mairesse de Casselman, Genevi\u00e8ve Lajoie, rassure les r\u00e9sidents en disant qu\u2019elle a profit\u00e9 de la conf\u00e9rence annuelle de l\u2019Association des municipalit\u00e9s de l\u2019Ontario (AMO) pour soulever des pr\u00e9occupations urgentes quant \u00e0 la fa\u00e7on dont la formule de financement des soins de sant\u00e9 de la province d\u00e9savantage la collectivit\u00e9.\u00a0\" \/>\n<meta property=\"og:url\" content=\"https:\/\/refletnews.ca\/en\/actualites\/casselman-presse-la-province-pour-des-soins-equitables\/\" \/>\n<meta property=\"og:site_name\" content=\"Le Reflet \/ The News\" \/>\n<meta property=\"article:published_time\" content=\"2025-09-17T16:34:37+00:00\" \/>\n<meta property=\"article:modified_time\" content=\"2025-12-16T03:50:14+00:00\" \/>\n<meta property=\"og:image\" content=\"https:\/\/cdn.editionap.ca\/wp-content\/uploads\/sites\/3\/2024\/08\/ACTGV_Casselmans_Civic_Engagement.jpg\" \/>\n\t<meta property=\"og:image:width\" content=\"1259\" \/>\n\t<meta property=\"og:image:height\" content=\"813\" \/>\n\t<meta property=\"og:image:type\" content=\"image\/jpeg\" \/>\n<meta name=\"author\" content=\"Gabrielle Vinette\" \/>\n<meta name=\"twitter:card\" content=\"summary_large_image\" \/>\n<meta name=\"twitter:label1\" content=\"Written by\" \/>\n\t<meta name=\"twitter:data1\" content=\"Gabrielle Vinette\" \/>\n\t<meta name=\"twitter:label2\" content=\"Est. reading time\" \/>\n\t<meta name=\"twitter:data2\" content=\"3 minutes\" \/>\n<script type=\"application\/ld+json\" class=\"yoast-schema-graph\">{\"@context\":\"https:\\\/\\\/schema.org\",\"@graph\":[{\"@type\":\"Article\",\"@id\":\"https:\\\/\\\/refletnews.ca\\\/en\\\/actualites\\\/casselman-presse-la-province-pour-des-soins-equitables\\\/#article\",\"isPartOf\":{\"@id\":\"https:\\\/\\\/refletnews.ca\\\/en\\\/actualites\\\/casselman-presse-la-province-pour-des-soins-equitables\\\/\"},\"author\":{\"name\":\"Gabrielle Vinette\",\"@id\":\"https:\\\/\\\/refletnews.ca\\\/en\\\/#\\\/schema\\\/person\\\/13779c6008921447beb2d2d257daa3f0\"},\"headline\":\"Casselman presse la province pour des soins \u00e9quitables\",\"datePublished\":\"2025-09-17T16:34:37+00:00\",\"dateModified\":\"2025-12-16T03:50:14+00:00\",\"mainEntityOfPage\":{\"@id\":\"https:\\\/\\\/refletnews.ca\\\/en\\\/actualites\\\/casselman-presse-la-province-pour-des-soins-equitables\\\/\"},\"wordCount\":513,\"image\":{\"@id\":\"https:\\\/\\\/refletnews.ca\\\/en\\\/actualites\\\/casselman-presse-la-province-pour-des-soins-equitables\\\/#primaryimage\"},\"thumbnailUrl\":\"https:\\\/\\\/cdn.editionap.ca\\\/wp-content\\\/uploads\\\/sites\\\/3\\\/2024\\\/08\\\/ACTGV_Casselmans_Civic_Engagement.jpg\",\"articleSection\":[\"Actualit\u00e9s\"],\"inLanguage\":\"en-CA\"},{\"@type\":\"WebPage\",\"@id\":\"https:\\\/\\\/refletnews.ca\\\/en\\\/actualites\\\/casselman-presse-la-province-pour-des-soins-equitables\\\/\",\"url\":\"https:\\\/\\\/refletnews.ca\\\/en\\\/actualites\\\/casselman-presse-la-province-pour-des-soins-equitables\\\/\",\"name\":\"Casselman presse la province pour des soins \u00e9quitables - Le Reflet \\\/ The News\",\"isPartOf\":{\"@id\":\"https:\\\/\\\/refletnews.ca\\\/en\\\/#website\"},\"primaryImageOfPage\":{\"@id\":\"https:\\\/\\\/refletnews.ca\\\/en\\\/actualites\\\/casselman-presse-la-province-pour-des-soins-equitables\\\/#primaryimage\"},\"image\":{\"@id\":\"https:\\\/\\\/refletnews.ca\\\/en\\\/actualites\\\/casselman-presse-la-province-pour-des-soins-equitables\\\/#primaryimage\"},\"thumbnailUrl\":\"https:\\\/\\\/cdn.editionap.ca\\\/wp-content\\\/uploads\\\/sites\\\/3\\\/2024\\\/08\\\/ACTGV_Casselmans_Civic_Engagement.jpg\",\"datePublished\":\"2025-09-17T16:34:37+00:00\",\"dateModified\":\"2025-12-16T03:50:14+00:00\",\"author\":{\"@id\":\"https:\\\/\\\/refletnews.ca\\\/en\\\/#\\\/schema\\\/person\\\/13779c6008921447beb2d2d257daa3f0\"},\"description\":\"La mairesse de Casselman, Genevi\u00e8ve Lajoie, rassure les r\u00e9sidents en disant qu\u2019elle a profit\u00e9 de la conf\u00e9rence annuelle de l\u2019Association des municipalit\u00e9s de l\u2019Ontario (AMO) pour soulever des pr\u00e9occupations urgentes quant \u00e0 la fa\u00e7on dont la formule de financement des soins de sant\u00e9 de la province d\u00e9savantage la collectivit\u00e9.\u00a0\",\"breadcrumb\":{\"@id\":\"https:\\\/\\\/refletnews.ca\\\/en\\\/actualites\\\/casselman-presse-la-province-pour-des-soins-equitables\\\/#breadcrumb\"},\"inLanguage\":\"en-CA\",\"potentialAction\":[{\"@type\":\"ReadAction\",\"target\":[\"https:\\\/\\\/refletnews.ca\\\/en\\\/actualites\\\/casselman-presse-la-province-pour-des-soins-equitables\\\/\"]}]},{\"@type\":\"ImageObject\",\"inLanguage\":\"en-CA\",\"@id\":\"https:\\\/\\\/refletnews.ca\\\/en\\\/actualites\\\/casselman-presse-la-province-pour-des-soins-equitables\\\/#primaryimage\",\"url\":\"https:\\\/\\\/cdn.editionap.ca\\\/wp-content\\\/uploads\\\/sites\\\/3\\\/2024\\\/08\\\/ACTGV_Casselmans_Civic_Engagement.jpg\",\"contentUrl\":\"https:\\\/\\\/cdn.editionap.ca\\\/wp-content\\\/uploads\\\/sites\\\/3\\\/2024\\\/08\\\/ACTGV_Casselmans_Civic_Engagement.jpg\",\"width\":1259,\"height\":813,\"caption\":\"La mairesse de Casselman, Genevi\u00e8ve Lajoie, a soulev\u00e9 des pr\u00e9occupations lors de la conf\u00e9rence de l\u2019OMA au sujet de la formule de financement des soins de sant\u00e9 de la province, qui exclut Casselman des incitatifs cl\u00e9s pour le recrutement de m\u00e9decins malgr\u00e9 des besoins similaires \u00e0 ceux de Limoges voisine. Elle a exhort\u00e9 la province \u00e0 corriger l\u2019injustice et \u00e0 aider \u00e0 attirer des m\u00e9decins sur place.\"},{\"@type\":\"BreadcrumbList\",\"@id\":\"https:\\\/\\\/refletnews.ca\\\/en\\\/actualites\\\/casselman-presse-la-province-pour-des-soins-equitables\\\/#breadcrumb\",\"itemListElement\":[{\"@type\":\"ListItem\",\"position\":1,\"name\":\"Accueil\",\"item\":\"https:\\\/\\\/refletnews.ca\\\/en\\\/\"},{\"@type\":\"ListItem\",\"position\":2,\"name\":\"Casselman presse la province pour des soins \u00e9quitables\"}]},{\"@type\":\"WebSite\",\"@id\":\"https:\\\/\\\/refletnews.ca\\\/en\\\/#website\",\"url\":\"https:\\\/\\\/refletnews.ca\\\/en\\\/\",\"name\":\"Le Reflet \\\/ The News\",\"description\":\"\",\"potentialAction\":[{\"@type\":\"SearchAction\",\"target\":{\"@type\":\"EntryPoint\",\"urlTemplate\":\"https:\\\/\\\/refletnews.ca\\\/en\\\/?s={search_term_string}\"},\"query-input\":{\"@type\":\"PropertyValueSpecification\",\"valueRequired\":true,\"valueName\":\"search_term_string\"}}],\"inLanguage\":\"en-CA\"},{\"@type\":\"Person\",\"@id\":\"https:\\\/\\\/refletnews.ca\\\/en\\\/#\\\/schema\\\/person\\\/13779c6008921447beb2d2d257daa3f0\",\"name\":\"Gabrielle Vinette\",\"image\":{\"@type\":\"ImageObject\",\"inLanguage\":\"en-CA\",\"@id\":\"https:\\\/\\\/secure.gravatar.com\\\/avatar\\\/aad6b45732301ea45eccebd26730d0365f5ecc8faa321e59d6858a3caada1c83?s=96&d=mm&r=g\",\"url\":\"https:\\\/\\\/secure.gravatar.com\\\/avatar\\\/aad6b45732301ea45eccebd26730d0365f5ecc8faa321e59d6858a3caada1c83?s=96&d=mm&r=g\",\"contentUrl\":\"https:\\\/\\\/secure.gravatar.com\\\/avatar\\\/aad6b45732301ea45eccebd26730d0365f5ecc8faa321e59d6858a3caada1c83?s=96&d=mm&r=g\",\"caption\":\"Gabrielle Vinette\"}}]}<\/script>\n<!-- \/ Yoast SEO plugin. -->","yoast_head_json":{"title":"Casselman presse la province pour des soins \u00e9quitables - Le Reflet \/ The News","description":"La mairesse de Casselman, Genevi\u00e8ve Lajoie, rassure les r\u00e9sidents en disant qu\u2019elle a profit\u00e9 de la conf\u00e9rence annuelle de l\u2019Association des municipalit\u00e9s de l\u2019Ontario (AMO) pour soulever des pr\u00e9occupations urgentes quant \u00e0 la fa\u00e7on dont la formule de financement des soins de sant\u00e9 de la province d\u00e9savantage la collectivit\u00e9.\u00a0","robots":{"index":"index","follow":"follow","max-snippet":"max-snippet:-1","max-image-preview":"max-image-preview:large","max-video-preview":"max-video-preview:-1"},"canonical":"https:\/\/refletnews.ca\/en\/actualites\/casselman-presse-la-province-pour-des-soins-equitables\/","og_locale":"en_US","og_type":"article","og_title":"Casselman presse la province pour des soins \u00e9quitables - Le Reflet \/ The News","og_description":"La mairesse de Casselman, Genevi\u00e8ve Lajoie, rassure les r\u00e9sidents en disant qu\u2019elle a profit\u00e9 de la conf\u00e9rence annuelle de l\u2019Association des municipalit\u00e9s de l\u2019Ontario (AMO) pour soulever des pr\u00e9occupations urgentes quant \u00e0 la fa\u00e7on dont la formule de financement des soins de sant\u00e9 de la province d\u00e9savantage la collectivit\u00e9.\u00a0","og_url":"https:\/\/refletnews.ca\/en\/actualites\/casselman-presse-la-province-pour-des-soins-equitables\/","og_site_name":"Le Reflet \/ The News","article_published_time":"2025-09-17T16:34:37+00:00","article_modified_time":"2025-12-16T03:50:14+00:00","og_image":[{"width":1259,"height":813,"url":"https:\/\/cdn.editionap.ca\/wp-content\/uploads\/sites\/3\/2024\/08\/ACTGV_Casselmans_Civic_Engagement.jpg","type":"image\/jpeg"}],"author":"Gabrielle Vinette","twitter_card":"summary_large_image","twitter_misc":{"Written by":"Gabrielle Vinette","Est. reading time":"3 minutes"},"schema":{"@context":"https:\/\/schema.org","@graph":[{"@type":"Article","@id":"https:\/\/refletnews.ca\/en\/actualites\/casselman-presse-la-province-pour-des-soins-equitables\/#article","isPartOf":{"@id":"https:\/\/refletnews.ca\/en\/actualites\/casselman-presse-la-province-pour-des-soins-equitables\/"},"author":{"name":"Gabrielle Vinette","@id":"https:\/\/refletnews.ca\/en\/#\/schema\/person\/13779c6008921447beb2d2d257daa3f0"},"headline":"Casselman presse la province pour des soins \u00e9quitables","datePublished":"2025-09-17T16:34:37+00:00","dateModified":"2025-12-16T03:50:14+00:00","mainEntityOfPage":{"@id":"https:\/\/refletnews.ca\/en\/actualites\/casselman-presse-la-province-pour-des-soins-equitables\/"},"wordCount":513,"image":{"@id":"https:\/\/refletnews.ca\/en\/actualites\/casselman-presse-la-province-pour-des-soins-equitables\/#primaryimage"},"thumbnailUrl":"https:\/\/cdn.editionap.ca\/wp-content\/uploads\/sites\/3\/2024\/08\/ACTGV_Casselmans_Civic_Engagement.jpg","articleSection":["Actualit\u00e9s"],"inLanguage":"en-CA"},{"@type":"WebPage","@id":"https:\/\/refletnews.ca\/en\/actualites\/casselman-presse-la-province-pour-des-soins-equitables\/","url":"https:\/\/refletnews.ca\/en\/actualites\/casselman-presse-la-province-pour-des-soins-equitables\/","name":"Casselman presse la province pour des soins \u00e9quitables - Le Reflet \/ The News","isPartOf":{"@id":"https:\/\/refletnews.ca\/en\/#website"},"primaryImageOfPage":{"@id":"https:\/\/refletnews.ca\/en\/actualites\/casselman-presse-la-province-pour-des-soins-equitables\/#primaryimage"},"image":{"@id":"https:\/\/refletnews.ca\/en\/actualites\/casselman-presse-la-province-pour-des-soins-equitables\/#primaryimage"},"thumbnailUrl":"https:\/\/cdn.editionap.ca\/wp-content\/uploads\/sites\/3\/2024\/08\/ACTGV_Casselmans_Civic_Engagement.jpg","datePublished":"2025-09-17T16:34:37+00:00","dateModified":"2025-12-16T03:50:14+00:00","author":{"@id":"https:\/\/refletnews.ca\/en\/#\/schema\/person\/13779c6008921447beb2d2d257daa3f0"},"description":"La mairesse de Casselman, Genevi\u00e8ve Lajoie, rassure les r\u00e9sidents en disant qu\u2019elle a profit\u00e9 de la conf\u00e9rence annuelle de l\u2019Association des municipalit\u00e9s de l\u2019Ontario (AMO) pour soulever des pr\u00e9occupations urgentes quant \u00e0 la fa\u00e7on dont la formule de financement des soins de sant\u00e9 de la province d\u00e9savantage la collectivit\u00e9.\u00a0","breadcrumb":{"@id":"https:\/\/refletnews.ca\/en\/actualites\/casselman-presse-la-province-pour-des-soins-equitables\/#breadcrumb"},"inLanguage":"en-CA","potentialAction":[{"@type":"ReadAction","target":["https:\/\/refletnews.ca\/en\/actualites\/casselman-presse-la-province-pour-des-soins-equitables\/"]}]},{"@type":"ImageObject","inLanguage":"en-CA","@id":"https:\/\/refletnews.ca\/en\/actualites\/casselman-presse-la-province-pour-des-soins-equitables\/#primaryimage","url":"https:\/\/cdn.editionap.ca\/wp-content\/uploads\/sites\/3\/2024\/08\/ACTGV_Casselmans_Civic_Engagement.jpg","contentUrl":"https:\/\/cdn.editionap.ca\/wp-content\/uploads\/sites\/3\/2024\/08\/ACTGV_Casselmans_Civic_Engagement.jpg","width":1259,"height":813,"caption":"La mairesse de Casselman, Genevi\u00e8ve Lajoie, a soulev\u00e9 des pr\u00e9occupations lors de la conf\u00e9rence de l\u2019OMA au sujet de la formule de financement des soins de sant\u00e9 de la province, qui exclut Casselman des incitatifs cl\u00e9s pour le recrutement de m\u00e9decins malgr\u00e9 des besoins similaires \u00e0 ceux de Limoges voisine. Elle a exhort\u00e9 la province \u00e0 corriger l\u2019injustice et \u00e0 aider \u00e0 attirer des m\u00e9decins sur place."},{"@type":"BreadcrumbList","@id":"https:\/\/refletnews.ca\/en\/actualites\/casselman-presse-la-province-pour-des-soins-equitables\/#breadcrumb","itemListElement":[{"@type":"ListItem","position":1,"name":"Accueil","item":"https:\/\/refletnews.ca\/en\/"},{"@type":"ListItem","position":2,"name":"Casselman presse la province pour des soins \u00e9quitables"}]},{"@type":"WebSite","@id":"https:\/\/refletnews.ca\/en\/#website","url":"https:\/\/refletnews.ca\/en\/","name":"Le Reflet \/ The News","description":"","potentialAction":[{"@type":"SearchAction","target":{"@type":"EntryPoint","urlTemplate":"https:\/\/refletnews.ca\/en\/?s={search_term_string}"},"query-input":{"@type":"PropertyValueSpecification","valueRequired":true,"valueName":"search_term_string"}}],"inLanguage":"en-CA"},{"@type":"Person","@id":"https:\/\/refletnews.ca\/en\/#\/schema\/person\/13779c6008921447beb2d2d257daa3f0","name":"Gabrielle Vinette","image":{"@type":"ImageObject","inLanguage":"en-CA","@id":"https:\/\/secure.gravatar.com\/avatar\/aad6b45732301ea45eccebd26730d0365f5ecc8faa321e59d6858a3caada1c83?s=96&d=mm&r=g","url":"https:\/\/secure.gravatar.com\/avatar\/aad6b45732301ea45eccebd26730d0365f5ecc8faa321e59d6858a3caada1c83?s=96&d=mm&r=g","contentUrl":"https:\/\/secure.gravatar.com\/avatar\/aad6b45732301ea45eccebd26730d0365f5ecc8faa321e59d6858a3caada1c83?s=96&d=mm&r=g","caption":"Gabrielle Vinette"}}]}},"_links":{"self":[{"href":"https:\/\/refletnews.ca\/en\/wp-json\/wp\/v2\/posts\/107282","targetHints":{"allow":["GET"]}}],"collection":[{"href":"https:\/\/refletnews.ca\/en\/wp-json\/wp\/v2\/posts"}],"about":[{"href":"https:\/\/refletnews.ca\/en\/wp-json\/wp\/v2\/types\/post"}],"author":[{"embeddable":true,"href":"https:\/\/refletnews.ca\/en\/wp-json\/wp\/v2\/users\/24"}],"replies":[{"embeddable":true,"href":"https:\/\/refletnews.ca\/en\/wp-json\/wp\/v2\/comments?post=107282"}],"version-history":[{"count":1,"href":"https:\/\/refletnews.ca\/en\/wp-json\/wp\/v2\/posts\/107282\/revisions"}],"predecessor-version":[{"id":129745,"href":"https:\/\/refletnews.ca\/en\/wp-json\/wp\/v2\/posts\/107282\/revisions\/129745"}],"wp:featuredmedia":[{"embeddable":true,"href":"https:\/\/refletnews.ca\/en\/wp-json\/wp\/v2\/media\/102886"}],"wp:attachment":[{"href":"https:\/\/refletnews.ca\/en\/wp-json\/wp\/v2\/media?parent=107282"}],"wp:term":[{"taxonomy":"category","embeddable":true,"href":"https:\/\/refletnews.ca\/en\/wp-json\/wp\/v2\/categories?post=107282"},{"taxonomy":"post_tag","embeddable":true,"href":"https:\/\/refletnews.ca\/en\/wp-json\/wp\/v2\/tags?post=107282"}],"curies":[{"name":"wp","href":"https:\/\/api.w.org\/{rel}","templated":true}]}}