{"id":106477,"date":"2025-06-23T09:08:30","date_gmt":"2025-06-23T13:08:30","guid":{"rendered":"https:\/\/editionap.ca\/?p=106477"},"modified":"2025-12-16T04:30:19","modified_gmt":"2025-12-16T03:30:19","slug":"la-bibliotheque-publique-de-la-nation-rouvre-ses-portes-au-public","status":"publish","type":"post","link":"https:\/\/refletnews.ca\/en\/culture\/la-bibliotheque-publique-de-la-nation-rouvre-ses-portes-au-public\/","title":{"rendered":"La Biblioth\u00e8que publique de La Nation rouvre ses portes au public"},"content":{"rendered":"<p><b><span data-contrast=\"none\">Apr\u00e8s plusieurs mois d\u2019incertitude et de reconstruction, la Biblioth\u00e8que publique de La Nation s\u2019appr\u00eate \u00e0 rouvrir progressivement ses portes \u00e0 compter du mardi 17 juin 2025, marquant ainsi une \u00e9tape importante dans le r\u00e9tablissement de ses services \u00e0 travers la municipalit\u00e9.<\/span><\/b><span data-ccp-props=\"{&quot;201341983&quot;:0,&quot;335551550&quot;:6,&quot;335551620&quot;:6,&quot;335559739&quot;:0,&quot;335559740&quot;:288}\">\u00a0<\/span><\/p>\n<p><span data-contrast=\"none\">En d\u00e9cembre 2024, la municipalit\u00e9 avait pris la d\u00e9cision de fermer temporairement ses trois succursales de la biblioth\u00e8que, Limoges, St-Isidore, et St-Albert \u00e0 compter du premier janvier 2025, \u00e0 la suite de la d\u00e9mission de membres cl\u00e9s du conseil d\u2019administration et du d\u00e9part \u00e0 la retraite de la directrice g\u00e9n\u00e9rale. Ne pouvant plus satisfaire aux exigences de la Loi sur les biblioth\u00e8ques publiques de l\u2019Ontario, la biblioth\u00e8que s\u2019\u00e9tait retrouv\u00e9e sans direction fonctionnelle.<\/span><span data-ccp-props=\"{&quot;201341983&quot;:2,&quot;335551550&quot;:6,&quot;335551620&quot;:6,&quot;335559731&quot;:240,&quot;335559739&quot;:0,&quot;335559740&quot;:240}\">\u00a0<\/span><\/p>\n<p><span data-contrast=\"none\">Depuis, un nouveau conseil d\u2019administration a \u00e9t\u00e9 form\u00e9, et une collaboration avec le personnel municipal a permis de poser les bases d\u2019un mod\u00e8le durable et conforme pour assurer la continuit\u00e9 des services.<\/span><span data-ccp-props=\"{&quot;201341983&quot;:2,&quot;335551550&quot;:6,&quot;335551620&quot;:6,&quot;335559731&quot;:240,&quot;335559739&quot;:0,&quot;335559740&quot;:240}\">\u00a0<\/span><\/p>\n<p><span data-contrast=\"none\">Les trois succursales de la biblioth\u00e8que accueilleront de nouveau les usagers pour les pr\u00eats de livres, les retours d\u2019ouvrages, et les demandes g\u00e9n\u00e9rales. Bien que les programmes communautaires demeurent suspendus, leur retour est pr\u00e9vu dans une phase ult\u00e9rieure.<\/span><\/p>\n<figure id=\"attachment_106479\" aria-describedby=\"caption-attachment-106479\" style=\"width: 444px\" class=\"wp-caption alignleft\"><img fetchpriority=\"high\" decoding=\"async\" class=\"size-medium wp-image-106479\" src=\"https:\/\/refletnews.ca\/wp-content\/uploads\/sites\/3\/2025\/06\/ACTGV_La-Bibliotheque-publique-de-La-Nation-rouvre-ses-portes-au-public-PHOTO-2-444x300.png\" alt=\"La biblioth\u00e8que de St-Isidore sera ouverte les mardis et vendredi de 13 h \u00e0 19 h.\" width=\"444\" height=\"300\" \/><figcaption id=\"caption-attachment-106479\" class=\"wp-caption-text\">La biblioth\u00e8que de St-Isidore sera ouverte les mardis de 13 h \u00e0 19 h et vendredi de 9 h \u00e0 12 h.<\/figcaption><\/figure>\n<p>&nbsp;<\/p>\n<p style=\"text-align: center\"><b><span data-contrast=\"none\">Horaire temporaire<\/span><\/b><span data-ccp-props=\"{&quot;201341983&quot;:2,&quot;335551550&quot;:2,&quot;335551620&quot;:2,&quot;335559731&quot;:0,&quot;335559739&quot;:0,&quot;335559740&quot;:240}\">\u00a0<\/span><\/p>\n<p><span data-contrast=\"none\">Dans le cadre de cette r\u00e9ouverture progressive, un horaire r\u00e9duit a \u00e9t\u00e9 mis en place. La biblioth\u00e8que de Limoges sera ouverte les lundis \u00e0 parti du 23 juin de 9 h \u00e0 12 h et les jeudis \u00e0 partir du 26 juin de 13 h \u00e0 19 h. La biblioth\u00e8que de St-Isidore sera ouverte les mardis de 13 h \u00e0 19 h et vendredi de 9 h \u00e0 12 h. Puis la biblioth\u00e8que de St-Albert sera ouverte les mercredis de 13 h \u00e0 19 h.<\/span><span data-ccp-props=\"{&quot;201341983&quot;:2,&quot;335551550&quot;:6,&quot;335551620&quot;:6,&quot;335559731&quot;:240,&quot;335559739&quot;:0,&quot;335559740&quot;:240}\">\u00a0<\/span><\/p>\n<p><span data-contrast=\"none\">Les r\u00e9sidents sont encourag\u00e9s \u00e0 rapporter les livres emprunt\u00e9s, rencontrer la nouvelle g\u00e9rante de la biblioth\u00e8que et remplir un court sondage disponible sur le site web de la municipalit\u00e9. Ces commentaires aideront \u00e0 orienter l\u2019avenir des services de biblioth\u00e8que dans La Nation.<\/span><\/p>\n<figure id=\"attachment_106480\" aria-describedby=\"caption-attachment-106480\" style=\"width: 444px\" class=\"wp-caption alignright\"><img decoding=\"async\" class=\"size-medium wp-image-106480\" src=\"https:\/\/refletnews.ca\/wp-content\/uploads\/sites\/3\/2025\/06\/ACTGV_La-Bibliotheque-publique-de-La-Nation-rouvre-ses-portes-au-public-PHOTO-3-444x300.png\" alt=\"La biblioth\u00e8que de St-Albert sera ouverte les mercredis de 13 h \u00e0 19 h.\" width=\"444\" height=\"300\" \/><figcaption id=\"caption-attachment-106480\" class=\"wp-caption-text\">La biblioth\u00e8que de St-Albert sera ouverte les mercredis de 13 h \u00e0 19 h.<\/figcaption><\/figure>\n<p style=\"text-align: center\"><b><span data-contrast=\"none\">Une relance bas\u00e9e sur la collaboration<\/span><\/b><span data-ccp-props=\"{&quot;201341983&quot;:2,&quot;335551550&quot;:2,&quot;335551620&quot;:2,&quot;335559731&quot;:0,&quot;335559739&quot;:0,&quot;335559740&quot;:240}\">\u00a0<\/span><\/p>\n<p><span data-contrast=\"none\">La r\u00e9ouverture est rendue possible gr\u00e2ce au travail d\u2019une petite \u00e9quipe engag\u00e9e \u00e0 reb\u00e2tir les services de biblioth\u00e8que avec soin, transparence et en collaboration avec la communaut\u00e9. Au fil des mois, la biblioth\u00e8que pr\u00e9voit d\u2019\u00e9largir son offre, embaucher du nouveau personnel, et lancer de nouvelles initiatives.<\/span><span data-ccp-props=\"{&quot;201341983&quot;:2,&quot;335551550&quot;:6,&quot;335551620&quot;:6,&quot;335559731&quot;:240,&quot;335559739&quot;:0,&quot;335559740&quot;:240}\">\u00a0<\/span><\/p>\n<p><span data-contrast=\"none\">Pendant la fermeture, la municipalit\u00e9 avait mis en place un programme de remboursement des abonnements \u00e0 d\u2019autres biblioth\u00e8ques. Ce programme a pris fin le lundi, 16 juin, et les r\u00e9sidents admissibles avait jusqu\u2019\u00e0 cette date pour soumettre leur demande.<\/span><span data-ccp-props=\"{&quot;134233117&quot;:false,&quot;134233118&quot;:false,&quot;201341983&quot;:2,&quot;335551550&quot;:6,&quot;335551620&quot;:6,&quot;335559685&quot;:0,&quot;335559731&quot;:240,&quot;335559737&quot;:0,&quot;335559738&quot;:0,&quot;335559739&quot;:0,&quot;335559740&quot;:240}\">\u00a0<\/span><\/p>\n<p><span data-contrast=\"none\">La biblioth\u00e8que a sa propre page Facebook pour ne rien manquer des nouvelles, changements d\u2019horaires, et activit\u00e9s \u00e0 venir.<\/span><span data-ccp-props=\"{&quot;201341983&quot;:2,&quot;335551550&quot;:6,&quot;335551620&quot;:6,&quot;335559731&quot;:240,&quot;335559739&quot;:0,&quot;335559740&quot;:240}\">\u00a0<\/span><\/p>\n","protected":false},"excerpt":{"rendered":"<p>Apr\u00e8s plusieurs mois d\u2019incertitude et de reconstruction, la Biblioth\u00e8que publique de La Nation s\u2019appr\u00eate \u00e0 rouvrir progressivement ses portes \u00e0 compter du mardi 17 juin 2025, marquant ainsi une \u00e9tape importante dans le r\u00e9tablissement de ses services \u00e0 travers la municipalit\u00e9.\u00a0 En d\u00e9cembre 2024, la municipalit\u00e9 avait pris la d\u00e9cision de fermer temporairement ses trois [&hellip;]<\/p>\n","protected":false},"author":24,"featured_media":106478,"comment_status":"closed","ping_status":"open","sticky":false,"template":"","format":"standard","meta":{"_acf_changed":false,"footnotes":""},"categories":[42],"tags":[],"class_list":["post-106477","post","type-post","status-publish","format-standard","has-post-thumbnail","hentry","category-culture"],"acf":[],"featured_media_global":[],"yoast_head":"<!-- This site is optimized with the Yoast SEO plugin v27.5 - https:\/\/yoast.com\/product\/yoast-seo-wordpress\/ -->\n<title>La Biblioth\u00e8que publique de La Nation rouvre ses portes au public - Le Reflet \/ The News<\/title>\n<meta name=\"description\" content=\"Apr\u00e8s plusieurs mois d\u2019incertitude et de reconstruction, la Biblioth\u00e8que publique de La Nation s\u2019appr\u00eate \u00e0 rouvrir progressivement ses portes \u00e0 compter du mardi 17 juin 2025, marquant ainsi une \u00e9tape importante dans le r\u00e9tablissement de ses services \u00e0 travers la municipalit\u00e9.\" \/>\n<meta name=\"robots\" content=\"index, follow, max-snippet:-1, max-image-preview:large, max-video-preview:-1\" \/>\n<link rel=\"canonical\" href=\"https:\/\/refletnews.ca\/en\/culture\/la-bibliotheque-publique-de-la-nation-rouvre-ses-portes-au-public\/\" \/>\n<meta property=\"og:locale\" content=\"en_US\" \/>\n<meta property=\"og:type\" content=\"article\" \/>\n<meta property=\"og:title\" content=\"La Biblioth\u00e8que publique de La Nation rouvre ses portes au public - Le Reflet \/ The News\" \/>\n<meta property=\"og:description\" content=\"Apr\u00e8s plusieurs mois d\u2019incertitude et de reconstruction, la Biblioth\u00e8que publique de La Nation s\u2019appr\u00eate \u00e0 rouvrir progressivement ses portes \u00e0 compter du mardi 17 juin 2025, marquant ainsi une \u00e9tape importante dans le r\u00e9tablissement de ses services \u00e0 travers la municipalit\u00e9.\" \/>\n<meta property=\"og:url\" content=\"https:\/\/refletnews.ca\/en\/culture\/la-bibliotheque-publique-de-la-nation-rouvre-ses-portes-au-public\/\" \/>\n<meta property=\"og:site_name\" content=\"Le Reflet \/ The News\" \/>\n<meta property=\"article:published_time\" content=\"2025-06-23T13:08:30+00:00\" \/>\n<meta property=\"article:modified_time\" content=\"2025-12-16T03:30:19+00:00\" \/>\n<meta property=\"og:image\" content=\"https:\/\/cdn.editionap.ca\/wp-content\/uploads\/sites\/3\/2025\/06\/ACTGV_La-Bibliotheque-publique-de-La-Nation-rouvre-ses-portes-au-public-PHOTO-1.png\" \/>\n\t<meta property=\"og:image:width\" content=\"1200\" \/>\n\t<meta property=\"og:image:height\" content=\"918\" \/>\n\t<meta property=\"og:image:type\" content=\"image\/png\" \/>\n<meta name=\"author\" content=\"Gabrielle Vinette\" \/>\n<meta name=\"twitter:card\" content=\"summary_large_image\" \/>\n<meta name=\"twitter:label1\" content=\"Written by\" \/>\n\t<meta name=\"twitter:data1\" content=\"Gabrielle Vinette\" \/>\n\t<meta name=\"twitter:label2\" content=\"Est. reading time\" \/>\n\t<meta name=\"twitter:data2\" content=\"3 minutes\" \/>\n<script type=\"application\/ld+json\" class=\"yoast-schema-graph\">{\"@context\":\"https:\\\/\\\/schema.org\",\"@graph\":[{\"@type\":\"Article\",\"@id\":\"https:\\\/\\\/refletnews.ca\\\/en\\\/culture\\\/la-bibliotheque-publique-de-la-nation-rouvre-ses-portes-au-public\\\/#article\",\"isPartOf\":{\"@id\":\"https:\\\/\\\/refletnews.ca\\\/en\\\/culture\\\/la-bibliotheque-publique-de-la-nation-rouvre-ses-portes-au-public\\\/\"},\"author\":{\"name\":\"Gabrielle Vinette\",\"@id\":\"https:\\\/\\\/refletnews.ca\\\/en\\\/#\\\/schema\\\/person\\\/13779c6008921447beb2d2d257daa3f0\"},\"headline\":\"La Biblioth\u00e8que publique de La Nation rouvre ses portes au public\",\"datePublished\":\"2025-06-23T13:08:30+00:00\",\"dateModified\":\"2025-12-16T03:30:19+00:00\",\"mainEntityOfPage\":{\"@id\":\"https:\\\/\\\/refletnews.ca\\\/en\\\/culture\\\/la-bibliotheque-publique-de-la-nation-rouvre-ses-portes-au-public\\\/\"},\"wordCount\":501,\"image\":{\"@id\":\"https:\\\/\\\/refletnews.ca\\\/en\\\/culture\\\/la-bibliotheque-publique-de-la-nation-rouvre-ses-portes-au-public\\\/#primaryimage\"},\"thumbnailUrl\":\"https:\\\/\\\/cdn.editionap.ca\\\/wp-content\\\/uploads\\\/sites\\\/3\\\/2025\\\/06\\\/ACTGV_La-Bibliotheque-publique-de-La-Nation-rouvre-ses-portes-au-public-PHOTO-1.png\",\"articleSection\":[\"Culture\"],\"inLanguage\":\"en-CA\"},{\"@type\":\"WebPage\",\"@id\":\"https:\\\/\\\/refletnews.ca\\\/en\\\/culture\\\/la-bibliotheque-publique-de-la-nation-rouvre-ses-portes-au-public\\\/\",\"url\":\"https:\\\/\\\/refletnews.ca\\\/en\\\/culture\\\/la-bibliotheque-publique-de-la-nation-rouvre-ses-portes-au-public\\\/\",\"name\":\"La Biblioth\u00e8que publique de La Nation rouvre ses portes au public - Le Reflet \\\/ The News\",\"isPartOf\":{\"@id\":\"https:\\\/\\\/refletnews.ca\\\/en\\\/#website\"},\"primaryImageOfPage\":{\"@id\":\"https:\\\/\\\/refletnews.ca\\\/en\\\/culture\\\/la-bibliotheque-publique-de-la-nation-rouvre-ses-portes-au-public\\\/#primaryimage\"},\"image\":{\"@id\":\"https:\\\/\\\/refletnews.ca\\\/en\\\/culture\\\/la-bibliotheque-publique-de-la-nation-rouvre-ses-portes-au-public\\\/#primaryimage\"},\"thumbnailUrl\":\"https:\\\/\\\/cdn.editionap.ca\\\/wp-content\\\/uploads\\\/sites\\\/3\\\/2025\\\/06\\\/ACTGV_La-Bibliotheque-publique-de-La-Nation-rouvre-ses-portes-au-public-PHOTO-1.png\",\"datePublished\":\"2025-06-23T13:08:30+00:00\",\"dateModified\":\"2025-12-16T03:30:19+00:00\",\"author\":{\"@id\":\"https:\\\/\\\/refletnews.ca\\\/en\\\/#\\\/schema\\\/person\\\/13779c6008921447beb2d2d257daa3f0\"},\"description\":\"Apr\u00e8s plusieurs mois d\u2019incertitude et de reconstruction, la Biblioth\u00e8que publique de La Nation s\u2019appr\u00eate \u00e0 rouvrir progressivement ses portes \u00e0 compter du mardi 17 juin 2025, marquant ainsi une \u00e9tape importante dans le r\u00e9tablissement de ses services \u00e0 travers la municipalit\u00e9.\",\"breadcrumb\":{\"@id\":\"https:\\\/\\\/refletnews.ca\\\/en\\\/culture\\\/la-bibliotheque-publique-de-la-nation-rouvre-ses-portes-au-public\\\/#breadcrumb\"},\"inLanguage\":\"en-CA\",\"potentialAction\":[{\"@type\":\"ReadAction\",\"target\":[\"https:\\\/\\\/refletnews.ca\\\/en\\\/culture\\\/la-bibliotheque-publique-de-la-nation-rouvre-ses-portes-au-public\\\/\"]}]},{\"@type\":\"ImageObject\",\"inLanguage\":\"en-CA\",\"@id\":\"https:\\\/\\\/refletnews.ca\\\/en\\\/culture\\\/la-bibliotheque-publique-de-la-nation-rouvre-ses-portes-au-public\\\/#primaryimage\",\"url\":\"https:\\\/\\\/cdn.editionap.ca\\\/wp-content\\\/uploads\\\/sites\\\/3\\\/2025\\\/06\\\/ACTGV_La-Bibliotheque-publique-de-La-Nation-rouvre-ses-portes-au-public-PHOTO-1.png\",\"contentUrl\":\"https:\\\/\\\/cdn.editionap.ca\\\/wp-content\\\/uploads\\\/sites\\\/3\\\/2025\\\/06\\\/ACTGV_La-Bibliotheque-publique-de-La-Nation-rouvre-ses-portes-au-public-PHOTO-1.png\",\"width\":1200,\"height\":918,\"caption\":\"La biblioth\u00e8que de Limoges sera ouverte les lundis \u00e0 parti du 23 juin de 9 h \u00e0 12 h et les jeudis \u00e0 partir du 26 juin de 13 h \u00e0 19 h.\"},{\"@type\":\"BreadcrumbList\",\"@id\":\"https:\\\/\\\/refletnews.ca\\\/en\\\/culture\\\/la-bibliotheque-publique-de-la-nation-rouvre-ses-portes-au-public\\\/#breadcrumb\",\"itemListElement\":[{\"@type\":\"ListItem\",\"position\":1,\"name\":\"Accueil\",\"item\":\"https:\\\/\\\/refletnews.ca\\\/en\\\/\"},{\"@type\":\"ListItem\",\"position\":2,\"name\":\"La Biblioth\u00e8que publique de La Nation rouvre ses portes au public\"}]},{\"@type\":\"WebSite\",\"@id\":\"https:\\\/\\\/refletnews.ca\\\/en\\\/#website\",\"url\":\"https:\\\/\\\/refletnews.ca\\\/en\\\/\",\"name\":\"Le Reflet \\\/ The News\",\"description\":\"\",\"potentialAction\":[{\"@type\":\"SearchAction\",\"target\":{\"@type\":\"EntryPoint\",\"urlTemplate\":\"https:\\\/\\\/refletnews.ca\\\/en\\\/?s={search_term_string}\"},\"query-input\":{\"@type\":\"PropertyValueSpecification\",\"valueRequired\":true,\"valueName\":\"search_term_string\"}}],\"inLanguage\":\"en-CA\"},{\"@type\":\"Person\",\"@id\":\"https:\\\/\\\/refletnews.ca\\\/en\\\/#\\\/schema\\\/person\\\/13779c6008921447beb2d2d257daa3f0\",\"name\":\"Gabrielle Vinette\",\"image\":{\"@type\":\"ImageObject\",\"inLanguage\":\"en-CA\",\"@id\":\"https:\\\/\\\/secure.gravatar.com\\\/avatar\\\/aad6b45732301ea45eccebd26730d0365f5ecc8faa321e59d6858a3caada1c83?s=96&d=mm&r=g\",\"url\":\"https:\\\/\\\/secure.gravatar.com\\\/avatar\\\/aad6b45732301ea45eccebd26730d0365f5ecc8faa321e59d6858a3caada1c83?s=96&d=mm&r=g\",\"contentUrl\":\"https:\\\/\\\/secure.gravatar.com\\\/avatar\\\/aad6b45732301ea45eccebd26730d0365f5ecc8faa321e59d6858a3caada1c83?s=96&d=mm&r=g\",\"caption\":\"Gabrielle Vinette\"}}]}<\/script>\n<!-- \/ Yoast SEO plugin. -->","yoast_head_json":{"title":"La Biblioth\u00e8que publique de La Nation rouvre ses portes au public - Le Reflet \/ The News","description":"Apr\u00e8s plusieurs mois d\u2019incertitude et de reconstruction, la Biblioth\u00e8que publique de La Nation s\u2019appr\u00eate \u00e0 rouvrir progressivement ses portes \u00e0 compter du mardi 17 juin 2025, marquant ainsi une \u00e9tape importante dans le r\u00e9tablissement de ses services \u00e0 travers la municipalit\u00e9.","robots":{"index":"index","follow":"follow","max-snippet":"max-snippet:-1","max-image-preview":"max-image-preview:large","max-video-preview":"max-video-preview:-1"},"canonical":"https:\/\/refletnews.ca\/en\/culture\/la-bibliotheque-publique-de-la-nation-rouvre-ses-portes-au-public\/","og_locale":"en_US","og_type":"article","og_title":"La Biblioth\u00e8que publique de La Nation rouvre ses portes au public - Le Reflet \/ The News","og_description":"Apr\u00e8s plusieurs mois d\u2019incertitude et de reconstruction, la Biblioth\u00e8que publique de La Nation s\u2019appr\u00eate \u00e0 rouvrir progressivement ses portes \u00e0 compter du mardi 17 juin 2025, marquant ainsi une \u00e9tape importante dans le r\u00e9tablissement de ses services \u00e0 travers la municipalit\u00e9.","og_url":"https:\/\/refletnews.ca\/en\/culture\/la-bibliotheque-publique-de-la-nation-rouvre-ses-portes-au-public\/","og_site_name":"Le Reflet \/ The News","article_published_time":"2025-06-23T13:08:30+00:00","article_modified_time":"2025-12-16T03:30:19+00:00","og_image":[{"width":1200,"height":918,"url":"https:\/\/cdn.editionap.ca\/wp-content\/uploads\/sites\/3\/2025\/06\/ACTGV_La-Bibliotheque-publique-de-La-Nation-rouvre-ses-portes-au-public-PHOTO-1.png","type":"image\/png"}],"author":"Gabrielle Vinette","twitter_card":"summary_large_image","twitter_misc":{"Written by":"Gabrielle Vinette","Est. reading time":"3 minutes"},"schema":{"@context":"https:\/\/schema.org","@graph":[{"@type":"Article","@id":"https:\/\/refletnews.ca\/en\/culture\/la-bibliotheque-publique-de-la-nation-rouvre-ses-portes-au-public\/#article","isPartOf":{"@id":"https:\/\/refletnews.ca\/en\/culture\/la-bibliotheque-publique-de-la-nation-rouvre-ses-portes-au-public\/"},"author":{"name":"Gabrielle Vinette","@id":"https:\/\/refletnews.ca\/en\/#\/schema\/person\/13779c6008921447beb2d2d257daa3f0"},"headline":"La Biblioth\u00e8que publique de La Nation rouvre ses portes au public","datePublished":"2025-06-23T13:08:30+00:00","dateModified":"2025-12-16T03:30:19+00:00","mainEntityOfPage":{"@id":"https:\/\/refletnews.ca\/en\/culture\/la-bibliotheque-publique-de-la-nation-rouvre-ses-portes-au-public\/"},"wordCount":501,"image":{"@id":"https:\/\/refletnews.ca\/en\/culture\/la-bibliotheque-publique-de-la-nation-rouvre-ses-portes-au-public\/#primaryimage"},"thumbnailUrl":"https:\/\/cdn.editionap.ca\/wp-content\/uploads\/sites\/3\/2025\/06\/ACTGV_La-Bibliotheque-publique-de-La-Nation-rouvre-ses-portes-au-public-PHOTO-1.png","articleSection":["Culture"],"inLanguage":"en-CA"},{"@type":"WebPage","@id":"https:\/\/refletnews.ca\/en\/culture\/la-bibliotheque-publique-de-la-nation-rouvre-ses-portes-au-public\/","url":"https:\/\/refletnews.ca\/en\/culture\/la-bibliotheque-publique-de-la-nation-rouvre-ses-portes-au-public\/","name":"La Biblioth\u00e8que publique de La Nation rouvre ses portes au public - Le Reflet \/ The News","isPartOf":{"@id":"https:\/\/refletnews.ca\/en\/#website"},"primaryImageOfPage":{"@id":"https:\/\/refletnews.ca\/en\/culture\/la-bibliotheque-publique-de-la-nation-rouvre-ses-portes-au-public\/#primaryimage"},"image":{"@id":"https:\/\/refletnews.ca\/en\/culture\/la-bibliotheque-publique-de-la-nation-rouvre-ses-portes-au-public\/#primaryimage"},"thumbnailUrl":"https:\/\/cdn.editionap.ca\/wp-content\/uploads\/sites\/3\/2025\/06\/ACTGV_La-Bibliotheque-publique-de-La-Nation-rouvre-ses-portes-au-public-PHOTO-1.png","datePublished":"2025-06-23T13:08:30+00:00","dateModified":"2025-12-16T03:30:19+00:00","author":{"@id":"https:\/\/refletnews.ca\/en\/#\/schema\/person\/13779c6008921447beb2d2d257daa3f0"},"description":"Apr\u00e8s plusieurs mois d\u2019incertitude et de reconstruction, la Biblioth\u00e8que publique de La Nation s\u2019appr\u00eate \u00e0 rouvrir progressivement ses portes \u00e0 compter du mardi 17 juin 2025, marquant ainsi une \u00e9tape importante dans le r\u00e9tablissement de ses services \u00e0 travers la municipalit\u00e9.","breadcrumb":{"@id":"https:\/\/refletnews.ca\/en\/culture\/la-bibliotheque-publique-de-la-nation-rouvre-ses-portes-au-public\/#breadcrumb"},"inLanguage":"en-CA","potentialAction":[{"@type":"ReadAction","target":["https:\/\/refletnews.ca\/en\/culture\/la-bibliotheque-publique-de-la-nation-rouvre-ses-portes-au-public\/"]}]},{"@type":"ImageObject","inLanguage":"en-CA","@id":"https:\/\/refletnews.ca\/en\/culture\/la-bibliotheque-publique-de-la-nation-rouvre-ses-portes-au-public\/#primaryimage","url":"https:\/\/cdn.editionap.ca\/wp-content\/uploads\/sites\/3\/2025\/06\/ACTGV_La-Bibliotheque-publique-de-La-Nation-rouvre-ses-portes-au-public-PHOTO-1.png","contentUrl":"https:\/\/cdn.editionap.ca\/wp-content\/uploads\/sites\/3\/2025\/06\/ACTGV_La-Bibliotheque-publique-de-La-Nation-rouvre-ses-portes-au-public-PHOTO-1.png","width":1200,"height":918,"caption":"La biblioth\u00e8que de Limoges sera ouverte les lundis \u00e0 parti du 23 juin de 9 h \u00e0 12 h et les jeudis \u00e0 partir du 26 juin de 13 h \u00e0 19 h."},{"@type":"BreadcrumbList","@id":"https:\/\/refletnews.ca\/en\/culture\/la-bibliotheque-publique-de-la-nation-rouvre-ses-portes-au-public\/#breadcrumb","itemListElement":[{"@type":"ListItem","position":1,"name":"Accueil","item":"https:\/\/refletnews.ca\/en\/"},{"@type":"ListItem","position":2,"name":"La Biblioth\u00e8que publique de La Nation rouvre ses portes au public"}]},{"@type":"WebSite","@id":"https:\/\/refletnews.ca\/en\/#website","url":"https:\/\/refletnews.ca\/en\/","name":"Le Reflet \/ The News","description":"","potentialAction":[{"@type":"SearchAction","target":{"@type":"EntryPoint","urlTemplate":"https:\/\/refletnews.ca\/en\/?s={search_term_string}"},"query-input":{"@type":"PropertyValueSpecification","valueRequired":true,"valueName":"search_term_string"}}],"inLanguage":"en-CA"},{"@type":"Person","@id":"https:\/\/refletnews.ca\/en\/#\/schema\/person\/13779c6008921447beb2d2d257daa3f0","name":"Gabrielle Vinette","image":{"@type":"ImageObject","inLanguage":"en-CA","@id":"https:\/\/secure.gravatar.com\/avatar\/aad6b45732301ea45eccebd26730d0365f5ecc8faa321e59d6858a3caada1c83?s=96&d=mm&r=g","url":"https:\/\/secure.gravatar.com\/avatar\/aad6b45732301ea45eccebd26730d0365f5ecc8faa321e59d6858a3caada1c83?s=96&d=mm&r=g","contentUrl":"https:\/\/secure.gravatar.com\/avatar\/aad6b45732301ea45eccebd26730d0365f5ecc8faa321e59d6858a3caada1c83?s=96&d=mm&r=g","caption":"Gabrielle Vinette"}}]}},"_links":{"self":[{"href":"https:\/\/refletnews.ca\/en\/wp-json\/wp\/v2\/posts\/106477","targetHints":{"allow":["GET"]}}],"collection":[{"href":"https:\/\/refletnews.ca\/en\/wp-json\/wp\/v2\/posts"}],"about":[{"href":"https:\/\/refletnews.ca\/en\/wp-json\/wp\/v2\/types\/post"}],"author":[{"embeddable":true,"href":"https:\/\/refletnews.ca\/en\/wp-json\/wp\/v2\/users\/24"}],"replies":[{"embeddable":true,"href":"https:\/\/refletnews.ca\/en\/wp-json\/wp\/v2\/comments?post=106477"}],"version-history":[{"count":1,"href":"https:\/\/refletnews.ca\/en\/wp-json\/wp\/v2\/posts\/106477\/revisions"}],"predecessor-version":[{"id":129624,"href":"https:\/\/refletnews.ca\/en\/wp-json\/wp\/v2\/posts\/106477\/revisions\/129624"}],"wp:featuredmedia":[{"embeddable":true,"href":"https:\/\/refletnews.ca\/en\/wp-json\/wp\/v2\/media\/106478"}],"wp:attachment":[{"href":"https:\/\/refletnews.ca\/en\/wp-json\/wp\/v2\/media?parent=106477"}],"wp:term":[{"taxonomy":"category","embeddable":true,"href":"https:\/\/refletnews.ca\/en\/wp-json\/wp\/v2\/categories?post=106477"},{"taxonomy":"post_tag","embeddable":true,"href":"https:\/\/refletnews.ca\/en\/wp-json\/wp\/v2\/tags?post=106477"}],"curies":[{"name":"wp","href":"https:\/\/api.w.org\/{rel}","templated":true}]}}