{"id":104774,"date":"2025-01-22T11:40:31","date_gmt":"2025-01-22T16:40:31","guid":{"rendered":"https:\/\/editionap.ca\/?p=104774"},"modified":"2025-12-16T04:17:13","modified_gmt":"2025-12-16T03:17:13","slug":"vikings-den-un-nouveau-lieu-de-rassemblement-communautaire-a-casselman","status":"publish","type":"post","link":"https:\/\/refletnews.ca\/en\/sports-loisirs\/vikings-den-un-nouveau-lieu-de-rassemblement-communautaire-a-casselman\/","title":{"rendered":"Vikings\u2019 Den : Un nouveau lieu de rassemblement communautaire \u00e0 Casselman"},"content":{"rendered":"<p><b><span data-contrast=\"none\">Un nouveau bar et restaurant, le Vikings\u2019 Den, a officiellement ouvert ses portes \u00e0 Casselman, cr\u00e9ant un lieu de rencontre dynamique pour les r\u00e9sidents.<\/span><\/b><span data-ccp-props=\"{&quot;201341983&quot;:0,&quot;335551550&quot;:6,&quot;335551620&quot;:6,&quot;335559739&quot;:0,&quot;335559740&quot;:288}\">\u00a0<\/span><\/p>\n<p><span data-contrast=\"none\">Situ\u00e9 au deuxi\u00e8me \u00e9tage du Complexe J.R. Brisson au 758, rue Br\u00e9beuf, le Vikings\u2019 Den a d\u00e9j\u00e0 un impact positif sur la communaut\u00e9.<\/span><span data-ccp-props=\"{&quot;201341983&quot;:2,&quot;335551550&quot;:6,&quot;335551620&quot;:6,&quot;335559731&quot;:240,&quot;335559739&quot;:0,&quot;335559740&quot;:240}\">\u00a0<\/span><\/p>\n<p><span data-contrast=\"none\">L\u2019ouverture officielle a c\u00e9l\u00e9br\u00e9 la fiert\u00e9 locale, avec le restaurant diffusant les matchs de hockey des Vikings de Casselman, \u00e0 domicile comme \u00e0 l\u2019ext\u00e9rieur, tout en offrant un espace accueillant aux clients. L\u2019\u00e9v\u00e9nement a \u00e9t\u00e9 marqu\u00e9 par la pr\u00e9sence de la mairesse de Casselman, Genevi\u00e8ve Lajoie. Avec un ascenseur accessible en fauteuil roulant et un service disponible pour le petit-d\u00e9jeuner, le d\u00e9jeuner et le d\u00eener, le Vikings\u2019 Den s\u2019engage \u00e0 offrir inclusivit\u00e9 et commodit\u00e9.<\/span><span data-ccp-props=\"{&quot;201341983&quot;:2,&quot;335551550&quot;:6,&quot;335551620&quot;:6,&quot;335559731&quot;:240,&quot;335559739&quot;:0,&quot;335559740&quot;:240}\">\u00a0<\/span><\/p>\n<p><span data-contrast=\"none\">La mairesse Lajoie a salu\u00e9 le nouvel \u00e9tablissement dans une publication sur les r\u00e9seaux sociaux : \u00ab Un grand merci \u00e0 Mike Seguin pour son d\u00e9vouement \u00e0 donner vie \u00e0 ce nouvel espace de rassemblement. Le Vikings\u2019 Den devient d\u00e9j\u00e0 le c\u0153ur de notre ar\u00e9na, un lieu o\u00f9 nous pouvons nous r\u00e9unir pour c\u00e9l\u00e9brer, \u00e9changer et cr\u00e9er des souvenirs durables. \u00bb<\/span><span data-ccp-props=\"{&quot;201341983&quot;:2,&quot;335551550&quot;:6,&quot;335551620&quot;:6,&quot;335559731&quot;:240,&quot;335559739&quot;:0,&quot;335559740&quot;:240}\">\u00a0<\/span><\/p>\n<p><span data-contrast=\"none\">La r\u00e9ponse de la communaut\u00e9 a \u00e9t\u00e9 extr\u00eamement positive. Le Vikings\u2019 Den a re\u00e7u huit recommandations sur Facebook et une note de 4,8 \u00e9toiles sur Google, les avis mettant en avant l\u2019atmosph\u00e8re chaleureuse et la qualit\u00e9 du service.<\/span><span data-ccp-props=\"{&quot;201341983&quot;:2,&quot;335551550&quot;:6,&quot;335551620&quot;:6,&quot;335559731&quot;:240,&quot;335559739&quot;:0,&quot;335559740&quot;:240}\">\u00a0<\/span><\/p>\n<p><span data-contrast=\"none\">\u00ab J\u2019adore cette communaut\u00e9 et l\u2019occasion de rencontrer de nouvelles personnes. Je suis s\u00fbr que ce ne sera pas la derni\u00e8re \u00bb, a d\u00e9clar\u00e9 le propri\u00e9taire Michael Seguin dans une publication en ligne pour exprimer sa gratitude.<\/span><span data-ccp-props=\"{&quot;201341983&quot;:2,&quot;335551550&quot;:6,&quot;335551620&quot;:6,&quot;335559731&quot;:240,&quot;335559739&quot;:0,&quot;335559740&quot;:240}\">\u00a0<\/span><\/p>\n<p><span data-contrast=\"none\">Le Vikings\u2019 Den est ouvert du lundi au jeudi de 17 h \u00e0 21 h, le vendredi de 17 h \u00e0 minuit et les fins de semaine de 8 h \u00e0 23 h. Sa position centrale au sein du Complexe J.R. Brisson en fait un lieu pratique pour les habitants assistant \u00e0 des matchs de hockey, des \u00e9v\u00e9nements ou cherchant simplement un endroit pour se d\u00e9tendre.<\/span><span data-ccp-props=\"{&quot;201341983&quot;:2,&quot;335551550&quot;:6,&quot;335551620&quot;:6,&quot;335559731&quot;:240,&quot;335559739&quot;:0,&quot;335559740&quot;:240}\">\u00a0<\/span><\/p>\n<p style=\"text-align: center\"><b><span data-contrast=\"none\">De l\u2019aff\u00fbtage de patins \u00e0 des entreprises florissantes<\/span><\/b><span data-ccp-props=\"{&quot;201341983&quot;:2,&quot;335551550&quot;:2,&quot;335551620&quot;:2,&quot;335559731&quot;:0,&quot;335559739&quot;:0,&quot;335559740&quot;:240}\">\u00a0<\/span><\/p>\n<p><span data-contrast=\"none\">Ce qui a commenc\u00e9 comme une solution pratique pour aff\u00fbter les patins de hockey de son fils a men\u00e9 un entrepreneur de Casselman \u00e0 transformer le Complexe J.R. Brisson en un v\u00e9ritable carrefour d\u2019activit\u00e9s. D\u2019un simple stand d\u2019aff\u00fbtage de patins \u00e0 l\u2019ouverture d\u2019un bar devenu un lieu incontournable, Michael Seguin a su transformer une opportunit\u00e9 en succ\u00e8s.<\/span><span data-ccp-props=\"{&quot;201341983&quot;:2,&quot;335551550&quot;:6,&quot;335551620&quot;:6,&quot;335559731&quot;:240,&quot;335559739&quot;:0,&quot;335559740&quot;:240}\">\u00a0<\/span><\/p>\n<p><span data-contrast=\"none\">\u00ab Tout commence souvent par une id\u00e9e, et je fonce avec. Et avant de m\u2019en rendre compte, \u00e7a devient une r\u00e9alit\u00e9. Et c\u2019est parti ! \u00bb a d\u00e9clar\u00e9 Seguin.<\/span><span data-ccp-props=\"{&quot;201341983&quot;:2,&quot;335551550&quot;:6,&quot;335551620&quot;:6,&quot;335559731&quot;:240,&quot;335559739&quot;:0,&quot;335559740&quot;:240}\">\u00a0<\/span><\/p>\n<p><span data-contrast=\"none\">L\u2019histoire a d\u00e9but\u00e9 avec la frustration de Seguin face au manque de services d\u2019aff\u00fbtage de patins \u00e0 Casselman. Apr\u00e8s avoir achet\u00e9 une machine portable pour un usage personnel, il a d\u00e9cid\u00e9 d\u2019offrir ses services \u00e0 d\u2019autres et a lou\u00e9 un petit espace dans l\u2019ar\u00e9na. Malgr\u00e9 de longues heures et des profits limit\u00e9s, cette exp\u00e9rience a suscit\u00e9 une id\u00e9e.<\/span><span data-ccp-props=\"{&quot;201341983&quot;:2,&quot;335551550&quot;:6,&quot;335551620&quot;:6,&quot;335559731&quot;:240,&quot;335559739&quot;:0,&quot;335559740&quot;:240}\">\u00a0<\/span><\/p>\n<p><span data-contrast=\"none\">Seguin a remarqu\u00e9 que la cantine et les distributeurs automatiques de l\u2019ar\u00e9na \u00e9taient inutilis\u00e9s, tandis que les visiteurs cherchaient de la nourriture et des boissons ailleurs. R\u00e9alisant le potentiel, il a propos\u00e9 de rouvrir la cantine. Apr\u00e8s avoir s\u00e9curis\u00e9 l\u2019espace, Seguin a r\u00e9introduit des repas faits maison et des horaires r\u00e9guliers. Au fil du temps, la cantine a prosp\u00e9r\u00e9, devenant une destination fiable pour les visiteurs de l\u2019ar\u00e9na.<\/span><span data-ccp-props=\"{&quot;201341983&quot;:2,&quot;335551550&quot;:6,&quot;335551620&quot;:6,&quot;335559731&quot;:240,&quot;335559739&quot;:0,&quot;335559740&quot;:240}\">\u00a0<\/span><\/p>\n<p><span data-contrast=\"none\">Fort de ce succ\u00e8s, Seguin s\u2019est int\u00e9ress\u00e9 au bar sportif inutilis\u00e9 \u00e0 l\u2019\u00e9tage. Cet espace, inoccup\u00e9 depuis une d\u00e9cennie, semblait \u00eatre le compl\u00e9ment parfait \u00e0 ses activit\u00e9s existantes. Apr\u00e8s avoir navigu\u00e9 \u00e0 travers un processus d\u2019approbation complexe avec la municipalit\u00e9 et demand\u00e9 une licence de vente d\u2019alcool, la vision de Seguin a pris forme. Les r\u00e9novations ont inclus du mobilier sur mesure, de grands \u00e9crans de t\u00e9l\u00e9vision et un design moderne.<\/span><span data-ccp-props=\"{&quot;201341983&quot;:2,&quot;335551550&quot;:6,&quot;335551620&quot;:6,&quot;335559731&quot;:240,&quot;335559739&quot;:0,&quot;335559740&quot;:240}\">\u00a0<\/span><\/p>\n<p><span data-contrast=\"none\">Le soir de No\u00ebl, Seguin a re\u00e7u la confirmation de l\u2019approbation de la licence d\u2019alcool pour le bar. Avec tout en place, le bar nouvellement r\u00e9nov\u00e9 a ouvert ses portes quelques jours plus tard. D\u00e9sormais connu sous le nom de Vikings\u2019 Den, l\u2019\u00e9tablissement est rapidement devenu populaire aupr\u00e8s des familles de hockeyeurs et des r\u00e9sidents.<\/span><span data-ccp-props=\"{&quot;201341983&quot;:2,&quot;335551550&quot;:6,&quot;335551620&quot;:6,&quot;335559731&quot;:240,&quot;335559739&quot;:0,&quot;335559740&quot;:240}\">\u00a0<\/span><\/p>\n<p><span data-contrast=\"none\">\u00ab Ce qui me distingue de beaucoup d\u2019autres endroits, c\u2019est que les gens me connaissent, ainsi que mon entreprise, la nourriture et l\u2019atmosph\u00e8re. Ils s\u2019y sentent \u00e0 l\u2019aise et aiment y passer du temps, m\u00eame lorsqu\u2019ils n\u2019assistent pas \u00e0 des \u00e9v\u00e9nements de hockey \u00bb, a d\u00e9clar\u00e9 Seguin. \u00ab J\u2019ai de bonnes amiti\u00e9s et relations avec une grande partie de la communaut\u00e9 de Casselman. \u00bb<\/span><span data-ccp-props=\"{&quot;201341983&quot;:2,&quot;335551550&quot;:6,&quot;335551620&quot;:6,&quot;335559731&quot;:240,&quot;335559739&quot;:0,&quot;335559740&quot;:240}\">\u00a0<\/span><\/p>\n<p><span data-contrast=\"none\">Seguin est fier de dire que le Vikings\u2019 Den prosp\u00e8re, attirant les clients gr\u00e2ce \u00e0 son ambiance conviviale et sa proximit\u00e9 avec les \u00e9v\u00e9nements de l\u2019ar\u00e9na. Avec son esprit entrepreneurial et son d\u00e9vouement \u00e0 la communaut\u00e9, cet espace autrefois inutilis\u00e9 est devenu un lieu vibrant de la vie sociale de Casselman.<\/span><span data-ccp-props=\"{&quot;201341983&quot;:2,&quot;335551550&quot;:6,&quot;335551620&quot;:6,&quot;335559731&quot;:240,&quot;335559739&quot;:0,&quot;335559740&quot;:240}\">\u00a0<\/span><\/p>\n","protected":false},"excerpt":{"rendered":"<p>Un nouveau bar et restaurant, le Vikings\u2019 Den, a officiellement ouvert ses portes \u00e0 Casselman, cr\u00e9ant un lieu de rencontre dynamique pour les r\u00e9sidents.\u00a0 Situ\u00e9 au deuxi\u00e8me \u00e9tage du Complexe J.R. Brisson au 758, rue Br\u00e9beuf, le Vikings\u2019 Den a d\u00e9j\u00e0 un impact positif sur la communaut\u00e9.\u00a0 L\u2019ouverture officielle a c\u00e9l\u00e9br\u00e9 la fiert\u00e9 locale, avec [&hellip;]<\/p>\n","protected":false},"author":24,"featured_media":104775,"comment_status":"closed","ping_status":"open","sticky":false,"template":"","format":"standard","meta":{"_acf_changed":false,"footnotes":""},"categories":[38],"tags":[],"class_list":["post-104774","post","type-post","status-publish","format-standard","has-post-thumbnail","hentry","category-sports-loisirs"],"acf":[],"featured_media_global":[],"yoast_head":"<!-- This site is optimized with the Yoast SEO plugin v27.4 - https:\/\/yoast.com\/product\/yoast-seo-wordpress\/ -->\n<title>Vikings\u2019 Den : Un nouveau lieu de rassemblement communautaire \u00e0 Casselman - Le Reflet \/ The News<\/title>\n<meta name=\"description\" content=\"Un nouveau bar et restaurant, le Vikings\u2019 Den, a officiellement ouvert ses portes \u00e0 Casselman, cr\u00e9ant un lieu de rencontre dynamique pour les r\u00e9sidents.\u00a0\" \/>\n<meta name=\"robots\" content=\"index, follow, max-snippet:-1, max-image-preview:large, max-video-preview:-1\" \/>\n<link rel=\"canonical\" href=\"https:\/\/refletnews.ca\/en\/sports-loisirs\/vikings-den-un-nouveau-lieu-de-rassemblement-communautaire-a-casselman\/\" \/>\n<meta property=\"og:locale\" content=\"en_US\" \/>\n<meta property=\"og:type\" content=\"article\" \/>\n<meta property=\"og:title\" content=\"Vikings\u2019 Den : Un nouveau lieu de rassemblement communautaire \u00e0 Casselman - Le Reflet \/ The News\" \/>\n<meta property=\"og:description\" content=\"Un nouveau bar et restaurant, le Vikings\u2019 Den, a officiellement ouvert ses portes \u00e0 Casselman, cr\u00e9ant un lieu de rencontre dynamique pour les r\u00e9sidents.\u00a0\" \/>\n<meta property=\"og:url\" content=\"https:\/\/refletnews.ca\/en\/sports-loisirs\/vikings-den-un-nouveau-lieu-de-rassemblement-communautaire-a-casselman\/\" \/>\n<meta property=\"og:site_name\" content=\"Le Reflet \/ The News\" \/>\n<meta property=\"article:published_time\" content=\"2025-01-22T16:40:31+00:00\" \/>\n<meta property=\"article:modified_time\" content=\"2025-12-16T03:17:13+00:00\" \/>\n<meta property=\"og:image\" content=\"https:\/\/cdn.editionap.ca\/wp-content\/uploads\/sites\/3\/2025\/01\/ACTGV_Vikings_Den_opens_in_Casselman_offering_a_new_community_hub.jpg\" \/>\n\t<meta property=\"og:image:width\" content=\"2048\" \/>\n\t<meta property=\"og:image:height\" content=\"1318\" \/>\n\t<meta property=\"og:image:type\" content=\"image\/jpeg\" \/>\n<meta name=\"author\" content=\"Gabrielle Vinette\" \/>\n<meta name=\"twitter:card\" content=\"summary_large_image\" \/>\n<meta name=\"twitter:label1\" content=\"Written by\" \/>\n\t<meta name=\"twitter:data1\" content=\"Gabrielle Vinette\" \/>\n\t<meta name=\"twitter:label2\" content=\"Est. reading time\" \/>\n\t<meta name=\"twitter:data2\" content=\"5 minutes\" \/>\n<script type=\"application\/ld+json\" class=\"yoast-schema-graph\">{\"@context\":\"https:\\\/\\\/schema.org\",\"@graph\":[{\"@type\":\"Article\",\"@id\":\"https:\\\/\\\/refletnews.ca\\\/en\\\/sports-loisirs\\\/vikings-den-un-nouveau-lieu-de-rassemblement-communautaire-a-casselman\\\/#article\",\"isPartOf\":{\"@id\":\"https:\\\/\\\/refletnews.ca\\\/en\\\/sports-loisirs\\\/vikings-den-un-nouveau-lieu-de-rassemblement-communautaire-a-casselman\\\/\"},\"author\":{\"name\":\"Gabrielle Vinette\",\"@id\":\"https:\\\/\\\/refletnews.ca\\\/en\\\/#\\\/schema\\\/person\\\/13779c6008921447beb2d2d257daa3f0\"},\"headline\":\"Vikings\u2019 Den : Un nouveau lieu de rassemblement communautaire \u00e0 Casselman\",\"datePublished\":\"2025-01-22T16:40:31+00:00\",\"dateModified\":\"2025-12-16T03:17:13+00:00\",\"mainEntityOfPage\":{\"@id\":\"https:\\\/\\\/refletnews.ca\\\/en\\\/sports-loisirs\\\/vikings-den-un-nouveau-lieu-de-rassemblement-communautaire-a-casselman\\\/\"},\"wordCount\":877,\"image\":{\"@id\":\"https:\\\/\\\/refletnews.ca\\\/en\\\/sports-loisirs\\\/vikings-den-un-nouveau-lieu-de-rassemblement-communautaire-a-casselman\\\/#primaryimage\"},\"thumbnailUrl\":\"https:\\\/\\\/cdn.editionap.ca\\\/wp-content\\\/uploads\\\/sites\\\/3\\\/2025\\\/01\\\/ACTGV_Vikings_Den_opens_in_Casselman_offering_a_new_community_hub.jpg\",\"articleSection\":[\"Sports et loisirs\"],\"inLanguage\":\"en-CA\"},{\"@type\":\"WebPage\",\"@id\":\"https:\\\/\\\/refletnews.ca\\\/en\\\/sports-loisirs\\\/vikings-den-un-nouveau-lieu-de-rassemblement-communautaire-a-casselman\\\/\",\"url\":\"https:\\\/\\\/refletnews.ca\\\/en\\\/sports-loisirs\\\/vikings-den-un-nouveau-lieu-de-rassemblement-communautaire-a-casselman\\\/\",\"name\":\"Vikings\u2019 Den : Un nouveau lieu de rassemblement communautaire \u00e0 Casselman - Le Reflet \\\/ The News\",\"isPartOf\":{\"@id\":\"https:\\\/\\\/refletnews.ca\\\/en\\\/#website\"},\"primaryImageOfPage\":{\"@id\":\"https:\\\/\\\/refletnews.ca\\\/en\\\/sports-loisirs\\\/vikings-den-un-nouveau-lieu-de-rassemblement-communautaire-a-casselman\\\/#primaryimage\"},\"image\":{\"@id\":\"https:\\\/\\\/refletnews.ca\\\/en\\\/sports-loisirs\\\/vikings-den-un-nouveau-lieu-de-rassemblement-communautaire-a-casselman\\\/#primaryimage\"},\"thumbnailUrl\":\"https:\\\/\\\/cdn.editionap.ca\\\/wp-content\\\/uploads\\\/sites\\\/3\\\/2025\\\/01\\\/ACTGV_Vikings_Den_opens_in_Casselman_offering_a_new_community_hub.jpg\",\"datePublished\":\"2025-01-22T16:40:31+00:00\",\"dateModified\":\"2025-12-16T03:17:13+00:00\",\"author\":{\"@id\":\"https:\\\/\\\/refletnews.ca\\\/en\\\/#\\\/schema\\\/person\\\/13779c6008921447beb2d2d257daa3f0\"},\"description\":\"Un nouveau bar et restaurant, le Vikings\u2019 Den, a officiellement ouvert ses portes \u00e0 Casselman, cr\u00e9ant un lieu de rencontre dynamique pour les r\u00e9sidents.\u00a0\",\"breadcrumb\":{\"@id\":\"https:\\\/\\\/refletnews.ca\\\/en\\\/sports-loisirs\\\/vikings-den-un-nouveau-lieu-de-rassemblement-communautaire-a-casselman\\\/#breadcrumb\"},\"inLanguage\":\"en-CA\",\"potentialAction\":[{\"@type\":\"ReadAction\",\"target\":[\"https:\\\/\\\/refletnews.ca\\\/en\\\/sports-loisirs\\\/vikings-den-un-nouveau-lieu-de-rassemblement-communautaire-a-casselman\\\/\"]}]},{\"@type\":\"ImageObject\",\"inLanguage\":\"en-CA\",\"@id\":\"https:\\\/\\\/refletnews.ca\\\/en\\\/sports-loisirs\\\/vikings-den-un-nouveau-lieu-de-rassemblement-communautaire-a-casselman\\\/#primaryimage\",\"url\":\"https:\\\/\\\/cdn.editionap.ca\\\/wp-content\\\/uploads\\\/sites\\\/3\\\/2025\\\/01\\\/ACTGV_Vikings_Den_opens_in_Casselman_offering_a_new_community_hub.jpg\",\"contentUrl\":\"https:\\\/\\\/cdn.editionap.ca\\\/wp-content\\\/uploads\\\/sites\\\/3\\\/2025\\\/01\\\/ACTGV_Vikings_Den_opens_in_Casselman_offering_a_new_community_hub.jpg\",\"width\":2048,\"height\":1318,\"caption\":\"Vikings' Den transforme l'ar\u00e9na de Casselman en un centre communautaire dynamique, offrant de la nourriture, des boissons et un espace accueillant pour les r\u00e9sidents et les fans de hockey.\"},{\"@type\":\"BreadcrumbList\",\"@id\":\"https:\\\/\\\/refletnews.ca\\\/en\\\/sports-loisirs\\\/vikings-den-un-nouveau-lieu-de-rassemblement-communautaire-a-casselman\\\/#breadcrumb\",\"itemListElement\":[{\"@type\":\"ListItem\",\"position\":1,\"name\":\"Accueil\",\"item\":\"https:\\\/\\\/refletnews.ca\\\/en\\\/\"},{\"@type\":\"ListItem\",\"position\":2,\"name\":\"Vikings\u2019 Den : Un nouveau lieu de rassemblement communautaire \u00e0 Casselman\"}]},{\"@type\":\"WebSite\",\"@id\":\"https:\\\/\\\/refletnews.ca\\\/en\\\/#website\",\"url\":\"https:\\\/\\\/refletnews.ca\\\/en\\\/\",\"name\":\"Le Reflet \\\/ The News\",\"description\":\"\",\"potentialAction\":[{\"@type\":\"SearchAction\",\"target\":{\"@type\":\"EntryPoint\",\"urlTemplate\":\"https:\\\/\\\/refletnews.ca\\\/en\\\/?s={search_term_string}\"},\"query-input\":{\"@type\":\"PropertyValueSpecification\",\"valueRequired\":true,\"valueName\":\"search_term_string\"}}],\"inLanguage\":\"en-CA\"},{\"@type\":\"Person\",\"@id\":\"https:\\\/\\\/refletnews.ca\\\/en\\\/#\\\/schema\\\/person\\\/13779c6008921447beb2d2d257daa3f0\",\"name\":\"Gabrielle Vinette\",\"image\":{\"@type\":\"ImageObject\",\"inLanguage\":\"en-CA\",\"@id\":\"https:\\\/\\\/secure.gravatar.com\\\/avatar\\\/aad6b45732301ea45eccebd26730d0365f5ecc8faa321e59d6858a3caada1c83?s=96&d=mm&r=g\",\"url\":\"https:\\\/\\\/secure.gravatar.com\\\/avatar\\\/aad6b45732301ea45eccebd26730d0365f5ecc8faa321e59d6858a3caada1c83?s=96&d=mm&r=g\",\"contentUrl\":\"https:\\\/\\\/secure.gravatar.com\\\/avatar\\\/aad6b45732301ea45eccebd26730d0365f5ecc8faa321e59d6858a3caada1c83?s=96&d=mm&r=g\",\"caption\":\"Gabrielle Vinette\"}}]}<\/script>\n<!-- \/ Yoast SEO plugin. -->","yoast_head_json":{"title":"Vikings\u2019 Den : Un nouveau lieu de rassemblement communautaire \u00e0 Casselman - Le Reflet \/ The News","description":"Un nouveau bar et restaurant, le Vikings\u2019 Den, a officiellement ouvert ses portes \u00e0 Casselman, cr\u00e9ant un lieu de rencontre dynamique pour les r\u00e9sidents.\u00a0","robots":{"index":"index","follow":"follow","max-snippet":"max-snippet:-1","max-image-preview":"max-image-preview:large","max-video-preview":"max-video-preview:-1"},"canonical":"https:\/\/refletnews.ca\/en\/sports-loisirs\/vikings-den-un-nouveau-lieu-de-rassemblement-communautaire-a-casselman\/","og_locale":"en_US","og_type":"article","og_title":"Vikings\u2019 Den : Un nouveau lieu de rassemblement communautaire \u00e0 Casselman - Le Reflet \/ The News","og_description":"Un nouveau bar et restaurant, le Vikings\u2019 Den, a officiellement ouvert ses portes \u00e0 Casselman, cr\u00e9ant un lieu de rencontre dynamique pour les r\u00e9sidents.\u00a0","og_url":"https:\/\/refletnews.ca\/en\/sports-loisirs\/vikings-den-un-nouveau-lieu-de-rassemblement-communautaire-a-casselman\/","og_site_name":"Le Reflet \/ The News","article_published_time":"2025-01-22T16:40:31+00:00","article_modified_time":"2025-12-16T03:17:13+00:00","og_image":[{"width":2048,"height":1318,"url":"https:\/\/cdn.editionap.ca\/wp-content\/uploads\/sites\/3\/2025\/01\/ACTGV_Vikings_Den_opens_in_Casselman_offering_a_new_community_hub.jpg","type":"image\/jpeg"}],"author":"Gabrielle Vinette","twitter_card":"summary_large_image","twitter_misc":{"Written by":"Gabrielle Vinette","Est. reading time":"5 minutes"},"schema":{"@context":"https:\/\/schema.org","@graph":[{"@type":"Article","@id":"https:\/\/refletnews.ca\/en\/sports-loisirs\/vikings-den-un-nouveau-lieu-de-rassemblement-communautaire-a-casselman\/#article","isPartOf":{"@id":"https:\/\/refletnews.ca\/en\/sports-loisirs\/vikings-den-un-nouveau-lieu-de-rassemblement-communautaire-a-casselman\/"},"author":{"name":"Gabrielle Vinette","@id":"https:\/\/refletnews.ca\/en\/#\/schema\/person\/13779c6008921447beb2d2d257daa3f0"},"headline":"Vikings\u2019 Den : Un nouveau lieu de rassemblement communautaire \u00e0 Casselman","datePublished":"2025-01-22T16:40:31+00:00","dateModified":"2025-12-16T03:17:13+00:00","mainEntityOfPage":{"@id":"https:\/\/refletnews.ca\/en\/sports-loisirs\/vikings-den-un-nouveau-lieu-de-rassemblement-communautaire-a-casselman\/"},"wordCount":877,"image":{"@id":"https:\/\/refletnews.ca\/en\/sports-loisirs\/vikings-den-un-nouveau-lieu-de-rassemblement-communautaire-a-casselman\/#primaryimage"},"thumbnailUrl":"https:\/\/cdn.editionap.ca\/wp-content\/uploads\/sites\/3\/2025\/01\/ACTGV_Vikings_Den_opens_in_Casselman_offering_a_new_community_hub.jpg","articleSection":["Sports et loisirs"],"inLanguage":"en-CA"},{"@type":"WebPage","@id":"https:\/\/refletnews.ca\/en\/sports-loisirs\/vikings-den-un-nouveau-lieu-de-rassemblement-communautaire-a-casselman\/","url":"https:\/\/refletnews.ca\/en\/sports-loisirs\/vikings-den-un-nouveau-lieu-de-rassemblement-communautaire-a-casselman\/","name":"Vikings\u2019 Den : Un nouveau lieu de rassemblement communautaire \u00e0 Casselman - Le Reflet \/ The News","isPartOf":{"@id":"https:\/\/refletnews.ca\/en\/#website"},"primaryImageOfPage":{"@id":"https:\/\/refletnews.ca\/en\/sports-loisirs\/vikings-den-un-nouveau-lieu-de-rassemblement-communautaire-a-casselman\/#primaryimage"},"image":{"@id":"https:\/\/refletnews.ca\/en\/sports-loisirs\/vikings-den-un-nouveau-lieu-de-rassemblement-communautaire-a-casselman\/#primaryimage"},"thumbnailUrl":"https:\/\/cdn.editionap.ca\/wp-content\/uploads\/sites\/3\/2025\/01\/ACTGV_Vikings_Den_opens_in_Casselman_offering_a_new_community_hub.jpg","datePublished":"2025-01-22T16:40:31+00:00","dateModified":"2025-12-16T03:17:13+00:00","author":{"@id":"https:\/\/refletnews.ca\/en\/#\/schema\/person\/13779c6008921447beb2d2d257daa3f0"},"description":"Un nouveau bar et restaurant, le Vikings\u2019 Den, a officiellement ouvert ses portes \u00e0 Casselman, cr\u00e9ant un lieu de rencontre dynamique pour les r\u00e9sidents.\u00a0","breadcrumb":{"@id":"https:\/\/refletnews.ca\/en\/sports-loisirs\/vikings-den-un-nouveau-lieu-de-rassemblement-communautaire-a-casselman\/#breadcrumb"},"inLanguage":"en-CA","potentialAction":[{"@type":"ReadAction","target":["https:\/\/refletnews.ca\/en\/sports-loisirs\/vikings-den-un-nouveau-lieu-de-rassemblement-communautaire-a-casselman\/"]}]},{"@type":"ImageObject","inLanguage":"en-CA","@id":"https:\/\/refletnews.ca\/en\/sports-loisirs\/vikings-den-un-nouveau-lieu-de-rassemblement-communautaire-a-casselman\/#primaryimage","url":"https:\/\/cdn.editionap.ca\/wp-content\/uploads\/sites\/3\/2025\/01\/ACTGV_Vikings_Den_opens_in_Casselman_offering_a_new_community_hub.jpg","contentUrl":"https:\/\/cdn.editionap.ca\/wp-content\/uploads\/sites\/3\/2025\/01\/ACTGV_Vikings_Den_opens_in_Casselman_offering_a_new_community_hub.jpg","width":2048,"height":1318,"caption":"Vikings' Den transforme l'ar\u00e9na de Casselman en un centre communautaire dynamique, offrant de la nourriture, des boissons et un espace accueillant pour les r\u00e9sidents et les fans de hockey."},{"@type":"BreadcrumbList","@id":"https:\/\/refletnews.ca\/en\/sports-loisirs\/vikings-den-un-nouveau-lieu-de-rassemblement-communautaire-a-casselman\/#breadcrumb","itemListElement":[{"@type":"ListItem","position":1,"name":"Accueil","item":"https:\/\/refletnews.ca\/en\/"},{"@type":"ListItem","position":2,"name":"Vikings\u2019 Den : Un nouveau lieu de rassemblement communautaire \u00e0 Casselman"}]},{"@type":"WebSite","@id":"https:\/\/refletnews.ca\/en\/#website","url":"https:\/\/refletnews.ca\/en\/","name":"Le Reflet \/ The News","description":"","potentialAction":[{"@type":"SearchAction","target":{"@type":"EntryPoint","urlTemplate":"https:\/\/refletnews.ca\/en\/?s={search_term_string}"},"query-input":{"@type":"PropertyValueSpecification","valueRequired":true,"valueName":"search_term_string"}}],"inLanguage":"en-CA"},{"@type":"Person","@id":"https:\/\/refletnews.ca\/en\/#\/schema\/person\/13779c6008921447beb2d2d257daa3f0","name":"Gabrielle Vinette","image":{"@type":"ImageObject","inLanguage":"en-CA","@id":"https:\/\/secure.gravatar.com\/avatar\/aad6b45732301ea45eccebd26730d0365f5ecc8faa321e59d6858a3caada1c83?s=96&d=mm&r=g","url":"https:\/\/secure.gravatar.com\/avatar\/aad6b45732301ea45eccebd26730d0365f5ecc8faa321e59d6858a3caada1c83?s=96&d=mm&r=g","contentUrl":"https:\/\/secure.gravatar.com\/avatar\/aad6b45732301ea45eccebd26730d0365f5ecc8faa321e59d6858a3caada1c83?s=96&d=mm&r=g","caption":"Gabrielle Vinette"}}]}},"_links":{"self":[{"href":"https:\/\/refletnews.ca\/en\/wp-json\/wp\/v2\/posts\/104774","targetHints":{"allow":["GET"]}}],"collection":[{"href":"https:\/\/refletnews.ca\/en\/wp-json\/wp\/v2\/posts"}],"about":[{"href":"https:\/\/refletnews.ca\/en\/wp-json\/wp\/v2\/types\/post"}],"author":[{"embeddable":true,"href":"https:\/\/refletnews.ca\/en\/wp-json\/wp\/v2\/users\/24"}],"replies":[{"embeddable":true,"href":"https:\/\/refletnews.ca\/en\/wp-json\/wp\/v2\/comments?post=104774"}],"version-history":[{"count":1,"href":"https:\/\/refletnews.ca\/en\/wp-json\/wp\/v2\/posts\/104774\/revisions"}],"predecessor-version":[{"id":129499,"href":"https:\/\/refletnews.ca\/en\/wp-json\/wp\/v2\/posts\/104774\/revisions\/129499"}],"wp:featuredmedia":[{"embeddable":true,"href":"https:\/\/refletnews.ca\/en\/wp-json\/wp\/v2\/media\/104775"}],"wp:attachment":[{"href":"https:\/\/refletnews.ca\/en\/wp-json\/wp\/v2\/media?parent=104774"}],"wp:term":[{"taxonomy":"category","embeddable":true,"href":"https:\/\/refletnews.ca\/en\/wp-json\/wp\/v2\/categories?post=104774"},{"taxonomy":"post_tag","embeddable":true,"href":"https:\/\/refletnews.ca\/en\/wp-json\/wp\/v2\/tags?post=104774"}],"curies":[{"name":"wp","href":"https:\/\/api.w.org\/{rel}","templated":true}]}}