{"id":103759,"date":"2024-10-31T14:09:19","date_gmt":"2024-10-31T18:09:19","guid":{"rendered":"https:\/\/editionap.ca\/?p=103759"},"modified":"2025-12-16T04:30:19","modified_gmt":"2025-12-16T03:30:19","slug":"une-jeune-autrice-dembrun-sinteresse-a-la-sante-mentale-dans-son-deuxieme-recueil-de-poemes","status":"publish","type":"post","link":"https:\/\/refletnews.ca\/en\/culture\/une-jeune-autrice-dembrun-sinteresse-a-la-sante-mentale-dans-son-deuxieme-recueil-de-poemes\/","title":{"rendered":"Une jeune autrice d&#8217;Embrun s&#8217;int\u00e9resse \u00e0 la sant\u00e9 mentale dans son deuxi\u00e8me recueil de po\u00e8mes"},"content":{"rendered":"<p><b><span data-contrast=\"none\">Inspir\u00e9e par sa premi\u00e8re ann\u00e9e \u00e0 l&#8217;universit\u00e9, l&#8217;autrice et \u00e9tudiante de deuxi\u00e8me ann\u00e9e Am\u00e9lie Bouthillier a commenc\u00e9 \u00e0 \u00e9crire des po\u00e8mes dans un journal sur ses exp\u00e9riences de premi\u00e8re ann\u00e9e, dans le but de les transformer en livre et de les publier.\u00a0 <\/span><\/b><span data-ccp-props=\"{&quot;201341983&quot;:0,&quot;335551550&quot;:6,&quot;335551620&quot;:6,&quot;335559739&quot;:0,&quot;335559740&quot;:288}\">\u00a0<\/span><\/p>\n<p><span data-contrast=\"none\">Le jeudi 10 octobre, l&#8217;autrice originaire d&#8217;Embrun a lanc\u00e9 son deuxi\u00e8me recueil de po\u00e8mes, Healing Poems, \u00e0 l&#8217;Universit\u00e9 d&#8217;Ottawa.\u00a0<\/span><span data-ccp-props=\"{&quot;134233117&quot;:false,&quot;134233118&quot;:false,&quot;201341983&quot;:2,&quot;335551550&quot;:6,&quot;335551620&quot;:6,&quot;335559685&quot;:0,&quot;335559731&quot;:240,&quot;335559737&quot;:0,&quot;335559738&quot;:0,&quot;335559739&quot;:0,&quot;335559740&quot;:240}\">\u00a0<\/span><\/p>\n<p><span data-contrast=\"none\">\u00ab J&#8217;ai d\u00fb apprendre \u00e0 devenir adulte, \u00e0 me faire des amis, \u00e0 entretenir des relations et \u00e0 g\u00e9rer ma vie d&#8217;adulte \u00bb, a d\u00e9clar\u00e9 Mme Bouthillier.\u00a0<\/span><span data-ccp-props=\"{&quot;134233117&quot;:false,&quot;134233118&quot;:false,&quot;201341983&quot;:2,&quot;335551550&quot;:6,&quot;335551620&quot;:6,&quot;335559685&quot;:0,&quot;335559731&quot;:240,&quot;335559737&quot;:0,&quot;335559738&quot;:0,&quot;335559739&quot;:0,&quot;335559740&quot;:240}\">\u00a0<\/span><\/p>\n<p><span data-contrast=\"none\">Son premier livre, Lost Poems, est compos\u00e9 de po\u00e8mes qu&#8217;elle a \u00e9crits au lyc\u00e9e en 2023. \u00c0 l&#8217;\u00e9poque, l&#8217;autrice traversait un \u00e9pisode d\u00e9pressif et cherchait des outils pour y faire face. Consid\u00e9r\u00e9 comme un livre plus sombre, Lost Poems traite du fait que l&#8217;autrice a lutt\u00e9 pour \u00eatre elle-m\u00eame et trouver son identit\u00e9. <\/span><span data-ccp-props=\"{&quot;134233117&quot;:false,&quot;134233118&quot;:false,&quot;201341983&quot;:2,&quot;335551550&quot;:6,&quot;335551620&quot;:6,&quot;335559685&quot;:0,&quot;335559731&quot;:240,&quot;335559737&quot;:0,&quot;335559738&quot;:0,&quot;335559739&quot;:0,&quot;335559740&quot;:240}\">\u00a0<\/span><\/p>\n<p><span data-contrast=\"none\">\u00ab J&#8217;ai d\u00e9couvert que l&#8217;\u00e9criture de po\u00e8mes m&#8217;aidait \u00e0 surmonter cette \u00e9preuve \u00bb, a-t-elle d\u00e9clar\u00e9.\u00a0<\/span><span data-ccp-props=\"{&quot;134233117&quot;:false,&quot;134233118&quot;:false,&quot;201341983&quot;:2,&quot;335551550&quot;:6,&quot;335551620&quot;:6,&quot;335559685&quot;:0,&quot;335559731&quot;:240,&quot;335559737&quot;:0,&quot;335559738&quot;:0,&quot;335559739&quot;:0,&quot;335559740&quot;:240}\">\u00a0<\/span><\/p>\n<p><span data-contrast=\"none\">Peu de temps apr\u00e8s, elle a rassembl\u00e9 ses po\u00e8mes dans un livre qu&#8217;elle a auto-publi\u00e9 en ligne.\u00a0<\/span><span data-ccp-props=\"{&quot;134233117&quot;:false,&quot;134233118&quot;:false,&quot;201341983&quot;:2,&quot;335551550&quot;:6,&quot;335551620&quot;:6,&quot;335559685&quot;:0,&quot;335559731&quot;:240,&quot;335559737&quot;:0,&quot;335559738&quot;:0,&quot;335559739&quot;:0,&quot;335559740&quot;:240}\">\u00a0<\/span><\/p>\n<p><span data-contrast=\"none\">Mme Bouthillier est actuellement en deuxi\u00e8me ann\u00e9e d&#8217;\u00e9tudes g\u00e9n\u00e9rales en arts \u00e0 l&#8217;universit\u00e9.\u00a0<\/span><span data-ccp-props=\"{&quot;134233117&quot;:false,&quot;134233118&quot;:false,&quot;201341983&quot;:2,&quot;335551550&quot;:6,&quot;335551620&quot;:6,&quot;335559685&quot;:0,&quot;335559731&quot;:240,&quot;335559737&quot;:0,&quot;335559738&quot;:0,&quot;335559739&quot;:0,&quot;335559740&quot;:240}\">\u00a0<\/span><\/p>\n<p><span data-contrast=\"none\">Avec ses deux livres, Bouthillier esp\u00e8re toucher les personnes qui traversent les m\u00eames \u00e9preuves qu&#8217;elle.\u00a0<\/span><span data-ccp-props=\"{&quot;134233117&quot;:false,&quot;134233118&quot;:false,&quot;201341983&quot;:2,&quot;335551550&quot;:6,&quot;335551620&quot;:6,&quot;335559685&quot;:0,&quot;335559731&quot;:240,&quot;335559737&quot;:0,&quot;335559738&quot;:0,&quot;335559739&quot;:0,&quot;335559740&quot;:240}\">\u00a0<\/span><\/p>\n<p><span data-contrast=\"none\">\u00ab C&#8217;est pour les gens comme moi qui sont \u00e0 l&#8217;universit\u00e9. Quand on devient adulte, c&#8217;est encore une p\u00e9riode difficile \u00bb, dit-elle. \u00ab Bien s\u00fbr, c&#8217;est pour tout le monde, mais c&#8217;est surtout pour les \u00e9tudiants. Il est parfois difficile d&#8217;\u00eatre \u00e0 l&#8217;universit\u00e9, et on se met alors beaucoup de pression sur les \u00e9paules.\u00a0 Cela nous rappelle que c&#8217;est difficile, mais que tout va bien. On commence l&#8217;universit\u00e9 jeune et on n&#8217;est pas vraiment cens\u00e9 savoir ce que l&#8217;on veut faire dans la vie.\u00a0<\/span><span data-ccp-props=\"{&quot;134233117&quot;:false,&quot;134233118&quot;:false,&quot;201341983&quot;:2,&quot;335551550&quot;:6,&quot;335551620&quot;:6,&quot;335559685&quot;:0,&quot;335559731&quot;:240,&quot;335559737&quot;:0,&quot;335559738&quot;:0,&quot;335559739&quot;:0,&quot;335559740&quot;:240}\">\u00a0<\/span><\/p>\n<p><span data-contrast=\"none\">Healing Poems est disponible en livre de poche sur Amazon.ca.<\/span><span data-ccp-props=\"{&quot;134233117&quot;:false,&quot;134233118&quot;:false,&quot;201341983&quot;:2,&quot;335551550&quot;:6,&quot;335551620&quot;:6,&quot;335559685&quot;:0,&quot;335559731&quot;:240,&quot;335559737&quot;:0,&quot;335559738&quot;:0,&quot;335559739&quot;:0,&quot;335559740&quot;:240}\">\u00a0<\/span><\/p>\n","protected":false},"excerpt":{"rendered":"<p>Inspir\u00e9e par sa premi\u00e8re ann\u00e9e \u00e0 l&#8217;universit\u00e9, l&#8217;autrice et \u00e9tudiante de deuxi\u00e8me ann\u00e9e Am\u00e9lie Bouthillier a commenc\u00e9 \u00e0 \u00e9crire des po\u00e8mes dans un journal sur ses exp\u00e9riences de premi\u00e8re ann\u00e9e, dans le but de les transformer en livre et de les publier.\u00a0 \u00a0 Le jeudi 10 octobre, l&#8217;autrice originaire d&#8217;Embrun a lanc\u00e9 son deuxi\u00e8me recueil [&hellip;]<\/p>\n","protected":false},"author":24,"featured_media":103760,"comment_status":"closed","ping_status":"open","sticky":false,"template":"","format":"standard","meta":{"_acf_changed":false,"footnotes":""},"categories":[42],"tags":[],"class_list":["post-103759","post","type-post","status-publish","format-standard","has-post-thumbnail","hentry","category-culture"],"acf":[],"featured_media_global":[],"yoast_head":"<!-- This site is optimized with the Yoast SEO plugin v27.5 - https:\/\/yoast.com\/product\/yoast-seo-wordpress\/ -->\n<title>Une jeune autrice d&#039;Embrun s&#039;int\u00e9resse \u00e0 la sant\u00e9 mentale dans son deuxi\u00e8me recueil de po\u00e8mes - Le Reflet \/ The News<\/title>\n<meta name=\"description\" content=\"Inspir\u00e9e par sa premi\u00e8re ann\u00e9e \u00e0 l&#039;universit\u00e9, l&#039;autrice et \u00e9tudiante de deuxi\u00e8me ann\u00e9e Am\u00e9lie Bouthillier a commenc\u00e9 \u00e0 \u00e9crire des po\u00e8mes dans un journal sur ses exp\u00e9riences de premi\u00e8re ann\u00e9e, dans le but de les transformer en livre et de les publier.\" \/>\n<meta name=\"robots\" content=\"index, follow, max-snippet:-1, max-image-preview:large, max-video-preview:-1\" \/>\n<link rel=\"canonical\" href=\"https:\/\/refletnews.ca\/en\/culture\/une-jeune-autrice-dembrun-sinteresse-a-la-sante-mentale-dans-son-deuxieme-recueil-de-poemes\/\" \/>\n<meta property=\"og:locale\" content=\"en_US\" \/>\n<meta property=\"og:type\" content=\"article\" \/>\n<meta property=\"og:title\" content=\"Une jeune autrice d&#039;Embrun s&#039;int\u00e9resse \u00e0 la sant\u00e9 mentale dans son deuxi\u00e8me recueil de po\u00e8mes - Le Reflet \/ The News\" \/>\n<meta property=\"og:description\" content=\"Inspir\u00e9e par sa premi\u00e8re ann\u00e9e \u00e0 l&#039;universit\u00e9, l&#039;autrice et \u00e9tudiante de deuxi\u00e8me ann\u00e9e Am\u00e9lie Bouthillier a commenc\u00e9 \u00e0 \u00e9crire des po\u00e8mes dans un journal sur ses exp\u00e9riences de premi\u00e8re ann\u00e9e, dans le but de les transformer en livre et de les publier.\" \/>\n<meta property=\"og:url\" content=\"https:\/\/refletnews.ca\/en\/culture\/une-jeune-autrice-dembrun-sinteresse-a-la-sante-mentale-dans-son-deuxieme-recueil-de-poemes\/\" \/>\n<meta property=\"og:site_name\" content=\"Le Reflet \/ The News\" \/>\n<meta property=\"article:published_time\" content=\"2024-10-31T18:09:19+00:00\" \/>\n<meta property=\"article:modified_time\" content=\"2025-12-16T03:30:19+00:00\" \/>\n<meta property=\"og:image\" content=\"https:\/\/cdn.editionap.ca\/wp-content\/uploads\/sites\/3\/2024\/10\/ACTGV_Amelie_Bouthillier_publie_la_suite_de_ses_poemes-scaled-1.jpg\" \/>\n\t<meta property=\"og:image:width\" content=\"1920\" \/>\n\t<meta property=\"og:image:height\" content=\"2560\" \/>\n\t<meta property=\"og:image:type\" content=\"image\/jpeg\" \/>\n<meta name=\"author\" content=\"Gabrielle Vinette\" \/>\n<meta name=\"twitter:card\" content=\"summary_large_image\" \/>\n<meta name=\"twitter:label1\" content=\"Written by\" \/>\n\t<meta name=\"twitter:data1\" content=\"Gabrielle Vinette\" \/>\n\t<meta name=\"twitter:label2\" content=\"Est. reading time\" \/>\n\t<meta name=\"twitter:data2\" content=\"2 minutes\" \/>\n<script type=\"application\/ld+json\" class=\"yoast-schema-graph\">{\"@context\":\"https:\\\/\\\/schema.org\",\"@graph\":[{\"@type\":\"Article\",\"@id\":\"https:\\\/\\\/refletnews.ca\\\/en\\\/culture\\\/une-jeune-autrice-dembrun-sinteresse-a-la-sante-mentale-dans-son-deuxieme-recueil-de-poemes\\\/#article\",\"isPartOf\":{\"@id\":\"https:\\\/\\\/refletnews.ca\\\/en\\\/culture\\\/une-jeune-autrice-dembrun-sinteresse-a-la-sante-mentale-dans-son-deuxieme-recueil-de-poemes\\\/\"},\"author\":{\"name\":\"Gabrielle Vinette\",\"@id\":\"https:\\\/\\\/refletnews.ca\\\/en\\\/#\\\/schema\\\/person\\\/13779c6008921447beb2d2d257daa3f0\"},\"headline\":\"Une jeune autrice d&#8217;Embrun s&#8217;int\u00e9resse \u00e0 la sant\u00e9 mentale dans son deuxi\u00e8me recueil de po\u00e8mes\",\"datePublished\":\"2024-10-31T18:09:19+00:00\",\"dateModified\":\"2025-12-16T03:30:19+00:00\",\"mainEntityOfPage\":{\"@id\":\"https:\\\/\\\/refletnews.ca\\\/en\\\/culture\\\/une-jeune-autrice-dembrun-sinteresse-a-la-sante-mentale-dans-son-deuxieme-recueil-de-poemes\\\/\"},\"wordCount\":356,\"image\":{\"@id\":\"https:\\\/\\\/refletnews.ca\\\/en\\\/culture\\\/une-jeune-autrice-dembrun-sinteresse-a-la-sante-mentale-dans-son-deuxieme-recueil-de-poemes\\\/#primaryimage\"},\"thumbnailUrl\":\"https:\\\/\\\/cdn.editionap.ca\\\/wp-content\\\/uploads\\\/sites\\\/3\\\/2024\\\/10\\\/ACTGV_Amelie_Bouthillier_publie_la_suite_de_ses_poemes-scaled-1.jpg\",\"articleSection\":[\"Culture\"],\"inLanguage\":\"en-CA\"},{\"@type\":\"WebPage\",\"@id\":\"https:\\\/\\\/refletnews.ca\\\/en\\\/culture\\\/une-jeune-autrice-dembrun-sinteresse-a-la-sante-mentale-dans-son-deuxieme-recueil-de-poemes\\\/\",\"url\":\"https:\\\/\\\/refletnews.ca\\\/en\\\/culture\\\/une-jeune-autrice-dembrun-sinteresse-a-la-sante-mentale-dans-son-deuxieme-recueil-de-poemes\\\/\",\"name\":\"Une jeune autrice d'Embrun s'int\u00e9resse \u00e0 la sant\u00e9 mentale dans son deuxi\u00e8me recueil de po\u00e8mes - Le Reflet \\\/ The News\",\"isPartOf\":{\"@id\":\"https:\\\/\\\/refletnews.ca\\\/en\\\/#website\"},\"primaryImageOfPage\":{\"@id\":\"https:\\\/\\\/refletnews.ca\\\/en\\\/culture\\\/une-jeune-autrice-dembrun-sinteresse-a-la-sante-mentale-dans-son-deuxieme-recueil-de-poemes\\\/#primaryimage\"},\"image\":{\"@id\":\"https:\\\/\\\/refletnews.ca\\\/en\\\/culture\\\/une-jeune-autrice-dembrun-sinteresse-a-la-sante-mentale-dans-son-deuxieme-recueil-de-poemes\\\/#primaryimage\"},\"thumbnailUrl\":\"https:\\\/\\\/cdn.editionap.ca\\\/wp-content\\\/uploads\\\/sites\\\/3\\\/2024\\\/10\\\/ACTGV_Amelie_Bouthillier_publie_la_suite_de_ses_poemes-scaled-1.jpg\",\"datePublished\":\"2024-10-31T18:09:19+00:00\",\"dateModified\":\"2025-12-16T03:30:19+00:00\",\"author\":{\"@id\":\"https:\\\/\\\/refletnews.ca\\\/en\\\/#\\\/schema\\\/person\\\/13779c6008921447beb2d2d257daa3f0\"},\"description\":\"Inspir\u00e9e par sa premi\u00e8re ann\u00e9e \u00e0 l'universit\u00e9, l'autrice et \u00e9tudiante de deuxi\u00e8me ann\u00e9e Am\u00e9lie Bouthillier a commenc\u00e9 \u00e0 \u00e9crire des po\u00e8mes dans un journal sur ses exp\u00e9riences de premi\u00e8re ann\u00e9e, dans le but de les transformer en livre et de les publier.\",\"breadcrumb\":{\"@id\":\"https:\\\/\\\/refletnews.ca\\\/en\\\/culture\\\/une-jeune-autrice-dembrun-sinteresse-a-la-sante-mentale-dans-son-deuxieme-recueil-de-poemes\\\/#breadcrumb\"},\"inLanguage\":\"en-CA\",\"potentialAction\":[{\"@type\":\"ReadAction\",\"target\":[\"https:\\\/\\\/refletnews.ca\\\/en\\\/culture\\\/une-jeune-autrice-dembrun-sinteresse-a-la-sante-mentale-dans-son-deuxieme-recueil-de-poemes\\\/\"]}]},{\"@type\":\"ImageObject\",\"inLanguage\":\"en-CA\",\"@id\":\"https:\\\/\\\/refletnews.ca\\\/en\\\/culture\\\/une-jeune-autrice-dembrun-sinteresse-a-la-sante-mentale-dans-son-deuxieme-recueil-de-poemes\\\/#primaryimage\",\"url\":\"https:\\\/\\\/cdn.editionap.ca\\\/wp-content\\\/uploads\\\/sites\\\/3\\\/2024\\\/10\\\/ACTGV_Amelie_Bouthillier_publie_la_suite_de_ses_poemes-scaled-1.jpg\",\"contentUrl\":\"https:\\\/\\\/cdn.editionap.ca\\\/wp-content\\\/uploads\\\/sites\\\/3\\\/2024\\\/10\\\/ACTGV_Amelie_Bouthillier_publie_la_suite_de_ses_poemes-scaled-1.jpg\",\"width\":1920,\"height\":2560,\"caption\":\"L'autrice d'Embrun, Am\u00e9lie Bouthillier, tenant ses deux livres, po\u00e8mes perdus (\u00e0 gauche) et po\u00e8mes de gu\u00e9rison (\u00e0 droite).\"},{\"@type\":\"BreadcrumbList\",\"@id\":\"https:\\\/\\\/refletnews.ca\\\/en\\\/culture\\\/une-jeune-autrice-dembrun-sinteresse-a-la-sante-mentale-dans-son-deuxieme-recueil-de-poemes\\\/#breadcrumb\",\"itemListElement\":[{\"@type\":\"ListItem\",\"position\":1,\"name\":\"Accueil\",\"item\":\"https:\\\/\\\/refletnews.ca\\\/en\\\/\"},{\"@type\":\"ListItem\",\"position\":2,\"name\":\"Une jeune autrice d&rsquo;Embrun s&rsquo;int\u00e9resse \u00e0 la sant\u00e9 mentale dans son deuxi\u00e8me recueil de po\u00e8mes\"}]},{\"@type\":\"WebSite\",\"@id\":\"https:\\\/\\\/refletnews.ca\\\/en\\\/#website\",\"url\":\"https:\\\/\\\/refletnews.ca\\\/en\\\/\",\"name\":\"Le Reflet \\\/ The News\",\"description\":\"\",\"potentialAction\":[{\"@type\":\"SearchAction\",\"target\":{\"@type\":\"EntryPoint\",\"urlTemplate\":\"https:\\\/\\\/refletnews.ca\\\/en\\\/?s={search_term_string}\"},\"query-input\":{\"@type\":\"PropertyValueSpecification\",\"valueRequired\":true,\"valueName\":\"search_term_string\"}}],\"inLanguage\":\"en-CA\"},{\"@type\":\"Person\",\"@id\":\"https:\\\/\\\/refletnews.ca\\\/en\\\/#\\\/schema\\\/person\\\/13779c6008921447beb2d2d257daa3f0\",\"name\":\"Gabrielle Vinette\",\"image\":{\"@type\":\"ImageObject\",\"inLanguage\":\"en-CA\",\"@id\":\"https:\\\/\\\/secure.gravatar.com\\\/avatar\\\/aad6b45732301ea45eccebd26730d0365f5ecc8faa321e59d6858a3caada1c83?s=96&d=mm&r=g\",\"url\":\"https:\\\/\\\/secure.gravatar.com\\\/avatar\\\/aad6b45732301ea45eccebd26730d0365f5ecc8faa321e59d6858a3caada1c83?s=96&d=mm&r=g\",\"contentUrl\":\"https:\\\/\\\/secure.gravatar.com\\\/avatar\\\/aad6b45732301ea45eccebd26730d0365f5ecc8faa321e59d6858a3caada1c83?s=96&d=mm&r=g\",\"caption\":\"Gabrielle Vinette\"}}]}<\/script>\n<!-- \/ Yoast SEO plugin. -->","yoast_head_json":{"title":"Une jeune autrice d'Embrun s'int\u00e9resse \u00e0 la sant\u00e9 mentale dans son deuxi\u00e8me recueil de po\u00e8mes - Le Reflet \/ The News","description":"Inspir\u00e9e par sa premi\u00e8re ann\u00e9e \u00e0 l'universit\u00e9, l'autrice et \u00e9tudiante de deuxi\u00e8me ann\u00e9e Am\u00e9lie Bouthillier a commenc\u00e9 \u00e0 \u00e9crire des po\u00e8mes dans un journal sur ses exp\u00e9riences de premi\u00e8re ann\u00e9e, dans le but de les transformer en livre et de les publier.","robots":{"index":"index","follow":"follow","max-snippet":"max-snippet:-1","max-image-preview":"max-image-preview:large","max-video-preview":"max-video-preview:-1"},"canonical":"https:\/\/refletnews.ca\/en\/culture\/une-jeune-autrice-dembrun-sinteresse-a-la-sante-mentale-dans-son-deuxieme-recueil-de-poemes\/","og_locale":"en_US","og_type":"article","og_title":"Une jeune autrice d'Embrun s'int\u00e9resse \u00e0 la sant\u00e9 mentale dans son deuxi\u00e8me recueil de po\u00e8mes - Le Reflet \/ The News","og_description":"Inspir\u00e9e par sa premi\u00e8re ann\u00e9e \u00e0 l'universit\u00e9, l'autrice et \u00e9tudiante de deuxi\u00e8me ann\u00e9e Am\u00e9lie Bouthillier a commenc\u00e9 \u00e0 \u00e9crire des po\u00e8mes dans un journal sur ses exp\u00e9riences de premi\u00e8re ann\u00e9e, dans le but de les transformer en livre et de les publier.","og_url":"https:\/\/refletnews.ca\/en\/culture\/une-jeune-autrice-dembrun-sinteresse-a-la-sante-mentale-dans-son-deuxieme-recueil-de-poemes\/","og_site_name":"Le Reflet \/ The News","article_published_time":"2024-10-31T18:09:19+00:00","article_modified_time":"2025-12-16T03:30:19+00:00","og_image":[{"width":1920,"height":2560,"url":"https:\/\/cdn.editionap.ca\/wp-content\/uploads\/sites\/3\/2024\/10\/ACTGV_Amelie_Bouthillier_publie_la_suite_de_ses_poemes-scaled-1.jpg","type":"image\/jpeg"}],"author":"Gabrielle Vinette","twitter_card":"summary_large_image","twitter_misc":{"Written by":"Gabrielle Vinette","Est. reading time":"2 minutes"},"schema":{"@context":"https:\/\/schema.org","@graph":[{"@type":"Article","@id":"https:\/\/refletnews.ca\/en\/culture\/une-jeune-autrice-dembrun-sinteresse-a-la-sante-mentale-dans-son-deuxieme-recueil-de-poemes\/#article","isPartOf":{"@id":"https:\/\/refletnews.ca\/en\/culture\/une-jeune-autrice-dembrun-sinteresse-a-la-sante-mentale-dans-son-deuxieme-recueil-de-poemes\/"},"author":{"name":"Gabrielle Vinette","@id":"https:\/\/refletnews.ca\/en\/#\/schema\/person\/13779c6008921447beb2d2d257daa3f0"},"headline":"Une jeune autrice d&#8217;Embrun s&#8217;int\u00e9resse \u00e0 la sant\u00e9 mentale dans son deuxi\u00e8me recueil de po\u00e8mes","datePublished":"2024-10-31T18:09:19+00:00","dateModified":"2025-12-16T03:30:19+00:00","mainEntityOfPage":{"@id":"https:\/\/refletnews.ca\/en\/culture\/une-jeune-autrice-dembrun-sinteresse-a-la-sante-mentale-dans-son-deuxieme-recueil-de-poemes\/"},"wordCount":356,"image":{"@id":"https:\/\/refletnews.ca\/en\/culture\/une-jeune-autrice-dembrun-sinteresse-a-la-sante-mentale-dans-son-deuxieme-recueil-de-poemes\/#primaryimage"},"thumbnailUrl":"https:\/\/cdn.editionap.ca\/wp-content\/uploads\/sites\/3\/2024\/10\/ACTGV_Amelie_Bouthillier_publie_la_suite_de_ses_poemes-scaled-1.jpg","articleSection":["Culture"],"inLanguage":"en-CA"},{"@type":"WebPage","@id":"https:\/\/refletnews.ca\/en\/culture\/une-jeune-autrice-dembrun-sinteresse-a-la-sante-mentale-dans-son-deuxieme-recueil-de-poemes\/","url":"https:\/\/refletnews.ca\/en\/culture\/une-jeune-autrice-dembrun-sinteresse-a-la-sante-mentale-dans-son-deuxieme-recueil-de-poemes\/","name":"Une jeune autrice d'Embrun s'int\u00e9resse \u00e0 la sant\u00e9 mentale dans son deuxi\u00e8me recueil de po\u00e8mes - Le Reflet \/ The News","isPartOf":{"@id":"https:\/\/refletnews.ca\/en\/#website"},"primaryImageOfPage":{"@id":"https:\/\/refletnews.ca\/en\/culture\/une-jeune-autrice-dembrun-sinteresse-a-la-sante-mentale-dans-son-deuxieme-recueil-de-poemes\/#primaryimage"},"image":{"@id":"https:\/\/refletnews.ca\/en\/culture\/une-jeune-autrice-dembrun-sinteresse-a-la-sante-mentale-dans-son-deuxieme-recueil-de-poemes\/#primaryimage"},"thumbnailUrl":"https:\/\/cdn.editionap.ca\/wp-content\/uploads\/sites\/3\/2024\/10\/ACTGV_Amelie_Bouthillier_publie_la_suite_de_ses_poemes-scaled-1.jpg","datePublished":"2024-10-31T18:09:19+00:00","dateModified":"2025-12-16T03:30:19+00:00","author":{"@id":"https:\/\/refletnews.ca\/en\/#\/schema\/person\/13779c6008921447beb2d2d257daa3f0"},"description":"Inspir\u00e9e par sa premi\u00e8re ann\u00e9e \u00e0 l'universit\u00e9, l'autrice et \u00e9tudiante de deuxi\u00e8me ann\u00e9e Am\u00e9lie Bouthillier a commenc\u00e9 \u00e0 \u00e9crire des po\u00e8mes dans un journal sur ses exp\u00e9riences de premi\u00e8re ann\u00e9e, dans le but de les transformer en livre et de les publier.","breadcrumb":{"@id":"https:\/\/refletnews.ca\/en\/culture\/une-jeune-autrice-dembrun-sinteresse-a-la-sante-mentale-dans-son-deuxieme-recueil-de-poemes\/#breadcrumb"},"inLanguage":"en-CA","potentialAction":[{"@type":"ReadAction","target":["https:\/\/refletnews.ca\/en\/culture\/une-jeune-autrice-dembrun-sinteresse-a-la-sante-mentale-dans-son-deuxieme-recueil-de-poemes\/"]}]},{"@type":"ImageObject","inLanguage":"en-CA","@id":"https:\/\/refletnews.ca\/en\/culture\/une-jeune-autrice-dembrun-sinteresse-a-la-sante-mentale-dans-son-deuxieme-recueil-de-poemes\/#primaryimage","url":"https:\/\/cdn.editionap.ca\/wp-content\/uploads\/sites\/3\/2024\/10\/ACTGV_Amelie_Bouthillier_publie_la_suite_de_ses_poemes-scaled-1.jpg","contentUrl":"https:\/\/cdn.editionap.ca\/wp-content\/uploads\/sites\/3\/2024\/10\/ACTGV_Amelie_Bouthillier_publie_la_suite_de_ses_poemes-scaled-1.jpg","width":1920,"height":2560,"caption":"L'autrice d'Embrun, Am\u00e9lie Bouthillier, tenant ses deux livres, po\u00e8mes perdus (\u00e0 gauche) et po\u00e8mes de gu\u00e9rison (\u00e0 droite)."},{"@type":"BreadcrumbList","@id":"https:\/\/refletnews.ca\/en\/culture\/une-jeune-autrice-dembrun-sinteresse-a-la-sante-mentale-dans-son-deuxieme-recueil-de-poemes\/#breadcrumb","itemListElement":[{"@type":"ListItem","position":1,"name":"Accueil","item":"https:\/\/refletnews.ca\/en\/"},{"@type":"ListItem","position":2,"name":"Une jeune autrice d&rsquo;Embrun s&rsquo;int\u00e9resse \u00e0 la sant\u00e9 mentale dans son deuxi\u00e8me recueil de po\u00e8mes"}]},{"@type":"WebSite","@id":"https:\/\/refletnews.ca\/en\/#website","url":"https:\/\/refletnews.ca\/en\/","name":"Le Reflet \/ The News","description":"","potentialAction":[{"@type":"SearchAction","target":{"@type":"EntryPoint","urlTemplate":"https:\/\/refletnews.ca\/en\/?s={search_term_string}"},"query-input":{"@type":"PropertyValueSpecification","valueRequired":true,"valueName":"search_term_string"}}],"inLanguage":"en-CA"},{"@type":"Person","@id":"https:\/\/refletnews.ca\/en\/#\/schema\/person\/13779c6008921447beb2d2d257daa3f0","name":"Gabrielle Vinette","image":{"@type":"ImageObject","inLanguage":"en-CA","@id":"https:\/\/secure.gravatar.com\/avatar\/aad6b45732301ea45eccebd26730d0365f5ecc8faa321e59d6858a3caada1c83?s=96&d=mm&r=g","url":"https:\/\/secure.gravatar.com\/avatar\/aad6b45732301ea45eccebd26730d0365f5ecc8faa321e59d6858a3caada1c83?s=96&d=mm&r=g","contentUrl":"https:\/\/secure.gravatar.com\/avatar\/aad6b45732301ea45eccebd26730d0365f5ecc8faa321e59d6858a3caada1c83?s=96&d=mm&r=g","caption":"Gabrielle Vinette"}}]}},"_links":{"self":[{"href":"https:\/\/refletnews.ca\/en\/wp-json\/wp\/v2\/posts\/103759","targetHints":{"allow":["GET"]}}],"collection":[{"href":"https:\/\/refletnews.ca\/en\/wp-json\/wp\/v2\/posts"}],"about":[{"href":"https:\/\/refletnews.ca\/en\/wp-json\/wp\/v2\/types\/post"}],"author":[{"embeddable":true,"href":"https:\/\/refletnews.ca\/en\/wp-json\/wp\/v2\/users\/24"}],"replies":[{"embeddable":true,"href":"https:\/\/refletnews.ca\/en\/wp-json\/wp\/v2\/comments?post=103759"}],"version-history":[{"count":1,"href":"https:\/\/refletnews.ca\/en\/wp-json\/wp\/v2\/posts\/103759\/revisions"}],"predecessor-version":[{"id":129627,"href":"https:\/\/refletnews.ca\/en\/wp-json\/wp\/v2\/posts\/103759\/revisions\/129627"}],"wp:featuredmedia":[{"embeddable":true,"href":"https:\/\/refletnews.ca\/en\/wp-json\/wp\/v2\/media\/103760"}],"wp:attachment":[{"href":"https:\/\/refletnews.ca\/en\/wp-json\/wp\/v2\/media?parent=103759"}],"wp:term":[{"taxonomy":"category","embeddable":true,"href":"https:\/\/refletnews.ca\/en\/wp-json\/wp\/v2\/categories?post=103759"},{"taxonomy":"post_tag","embeddable":true,"href":"https:\/\/refletnews.ca\/en\/wp-json\/wp\/v2\/tags?post=103759"}],"curies":[{"name":"wp","href":"https:\/\/api.w.org\/{rel}","templated":true}]}}