{"id":103070,"date":"2024-09-04T10:42:42","date_gmt":"2024-09-04T14:42:42","guid":{"rendered":"https:\/\/editionap.ca\/?p=103070"},"modified":"2025-12-16T04:33:04","modified_gmt":"2025-12-16T03:33:04","slug":"les-gagnants-du-concours-les-arts-figures-sont-annonces","status":"publish","type":"post","link":"https:\/\/refletnews.ca\/en\/culture\/les-gagnants-du-concours-les-arts-figures-sont-annonces\/","title":{"rendered":"Les gagnants du concours \u00ab\u202fLes arts figur\u00e9s\u202f\u00bb sont annonc\u00e9s"},"content":{"rendered":"<p><b><span data-contrast=\"none\">Ce jeudi 29 ao\u00fbt, les gagnants du concours \u00ab\u2009Les arts figur\u00e9s\u2009\u00bb ont \u00e9t\u00e9 annonc\u00e9s. La premi\u00e8re place a \u00e9t\u00e9 remise au mannequin \u00ab\u2009C\u0153ur d\u2019enfant\u2009\u00bb par M\u00e9lanie V\u00e9zina, deuxi\u00e8me place au mannequin \u00ab\u2009Euphie (pour Euph\u00e9mie)\u2009\u00bb par France Couillard, et la troisi\u00e8me place au mannequin \u00ab\u2009Terre-M\u00e8re\u2009\u00bb par Jo\u00ebl Drouin.\u00a0<\/span><\/b><span data-ccp-props=\"{&quot;201341983&quot;:0,&quot;335551550&quot;:6,&quot;335551620&quot;:6,&quot;335559739&quot;:0,&quot;335559740&quot;:288}\">\u00a0<\/span><\/p>\n<p><span data-contrast=\"none\">\u00a0\u00ab\u2009Je me sens choyer parce qu\u2019il y avait vraiment beaucoup de talent, a dit Mme V\u00e9zina. \u2009\u00c7a l\u2019aurait pu \u00eatre n\u2019importe quel artiste ici (qui gagne) parce que toutes les \u0153uvres \u00e9taient magnifiques, mais je suis vraiment contente. \u00bb\u00a0<\/span><span data-ccp-props=\"{&quot;134233117&quot;:false,&quot;134233118&quot;:false,&quot;201341983&quot;:2,&quot;335551550&quot;:6,&quot;335551620&quot;:6,&quot;335559685&quot;:0,&quot;335559731&quot;:240,&quot;335559737&quot;:0,&quot;335559738&quot;:0,&quot;335559739&quot;:0,&quot;335559740&quot;:240}\">\u00a0<\/span><\/p>\n<p><span data-contrast=\"none\">\u00a0Le concours devait initialement se terminer le 25 septembre pour l\u2019anniversaire du premier lever du drapeau franco-ontarien. Mais avec deux mannequins disparues et trois vandalis\u00e9s, Francine Leblanc, conseill\u00e8re de Casselman et fondatrice de la Corporation de la revitalisation du centre-ville de Casselman, et le comit\u00e9 compt\u00e9 de cinq juges ont d\u00e9cid\u00e9 d\u2019achever le concours presque un mois en avance.\u00a0<\/span><span data-ccp-props=\"{&quot;134233117&quot;:false,&quot;134233118&quot;:false,&quot;201341983&quot;:2,&quot;335551550&quot;:6,&quot;335551620&quot;:6,&quot;335559685&quot;:0,&quot;335559731&quot;:240,&quot;335559737&quot;:0,&quot;335559738&quot;:0,&quot;335559739&quot;:0,&quot;335559740&quot;:240}\">\u00a0<\/span><\/p>\n<p><span data-contrast=\"none\">\u00a0M\u00eame avec les inconv\u00e9nients avec les mannequins, l\u2019\u00e9v\u00e8nement au le gymnase SEFA comptait proche de 60 personnes pr\u00e9sentes.\u00a0<\/span><span data-ccp-props=\"{&quot;134233117&quot;:false,&quot;134233118&quot;:false,&quot;201341983&quot;:2,&quot;335551550&quot;:6,&quot;335551620&quot;:6,&quot;335559685&quot;:0,&quot;335559731&quot;:240,&quot;335559737&quot;:0,&quot;335559738&quot;:0,&quot;335559739&quot;:0,&quot;335559740&quot;:240}\">\u00a0<\/span><\/p>\n<p><span data-contrast=\"none\">\u00a0\u00ab\u2009Du talent, il y en a chez nous, et vous avez la preuve devant vous,\u2009\u00bb a dit la juge en chef, Johanne Turcotte.\u00a0<\/span><span data-ccp-props=\"{&quot;134233117&quot;:false,&quot;134233118&quot;:false,&quot;201341983&quot;:2,&quot;335551550&quot;:6,&quot;335551620&quot;:6,&quot;335559685&quot;:0,&quot;335559731&quot;:240,&quot;335559737&quot;:0,&quot;335559738&quot;:0,&quot;335559739&quot;:0,&quot;335559740&quot;:240}\">\u00a0<\/span><\/p>\n<p><span data-contrast=\"none\">\u00a0La premi\u00e8re place a re\u00e7u 800 dollars, la deuxi\u00e8me a re\u00e7u 350 dollars et la troisi\u00e8me place a re\u00e7u 300 dollars.\u00a0<\/span><span data-ccp-props=\"{&quot;134233117&quot;:false,&quot;134233118&quot;:false,&quot;201341983&quot;:2,&quot;335551550&quot;:6,&quot;335551620&quot;:6,&quot;335559685&quot;:0,&quot;335559731&quot;:240,&quot;335559737&quot;:0,&quot;335559738&quot;:0,&quot;335559739&quot;:0,&quot;335559740&quot;:240}\">\u00a0<\/span><\/p>\n<p><span data-contrast=\"none\">\u00ab\u2009On va se payer une traite,\u2009\u00bb a exclam\u00e9 Mme V\u00e9zina lorsqu&#8217;elle a \u00e9t\u00e9 demander comment elle va utiliser son prix mon\u00e9taire.\u00a0<\/span><span data-ccp-props=\"{&quot;134233117&quot;:false,&quot;134233118&quot;:false,&quot;201341983&quot;:2,&quot;335551550&quot;:6,&quot;335551620&quot;:6,&quot;335559685&quot;:0,&quot;335559731&quot;:240,&quot;335559737&quot;:0,&quot;335559738&quot;:0,&quot;335559739&quot;:0,&quot;335559740&quot;:240}\">\u00a0<\/span><\/p>\n<p><span data-contrast=\"none\">\u00a0Apr\u00e8s la fin du concours, la biblioth\u00e8que municipale de Casselman a annonc\u00e9 qu\u2019elle va accueillir les trois mannequins gagnants.\u00a0<\/span><span data-ccp-props=\"{&quot;134233117&quot;:false,&quot;134233118&quot;:false,&quot;201341983&quot;:2,&quot;335551550&quot;:6,&quot;335551620&quot;:6,&quot;335559685&quot;:0,&quot;335559731&quot;:240,&quot;335559737&quot;:0,&quot;335559738&quot;:0,&quot;335559739&quot;:0,&quot;335559740&quot;:240}\">\u00a0<\/span><\/p>\n<p><span data-contrast=\"none\">\u00a0\u00ab\u2009On ne peut pas vivre sans la culture,\u2009\u00bb a dit Mme Leblanc. \u00ab\u2009Parce qu\u2019une communaut\u00e9 sans culture, \u00e7a n\u2019a pas de vie.\u2009\u00bb\u00a0<\/span><span data-ccp-props=\"{&quot;134233117&quot;:false,&quot;134233118&quot;:false,&quot;201341983&quot;:2,&quot;335551550&quot;:6,&quot;335551620&quot;:6,&quot;335559685&quot;:0,&quot;335559731&quot;:240,&quot;335559737&quot;:0,&quot;335559738&quot;:0,&quot;335559739&quot;:0,&quot;335559740&quot;:240}\">\u00a0<\/span><\/p>\n<p><span data-contrast=\"none\">Le comit\u00e9 des juges contenant Johanne Turcotte, juge en chef, Renelle Boulerice, membre de la biblioth\u00e8que municipale de Casselman, Francine Cayouette, membre de la Ferme Racine, Caroline Parent, membre de la communaut\u00e9, et Tina Petrovicz, membre du Conseil des arts Prescott Russell Arts Council (CAPRAC).<\/span><span data-ccp-props=\"{&quot;134233117&quot;:false,&quot;134233118&quot;:false,&quot;201341983&quot;:2,&quot;335551550&quot;:6,&quot;335551620&quot;:6,&quot;335559685&quot;:0,&quot;335559731&quot;:240,&quot;335559737&quot;:0,&quot;335559738&quot;:0,&quot;335559739&quot;:0,&quot;335559740&quot;:240}\">\u00a0<\/span><\/p>\n<p style=\"text-align: center\"><b><span data-contrast=\"none\">Fin pr\u00e9matur\u00e9e du concours<\/span><\/b><span data-ccp-props=\"{&quot;201341983&quot;:2,&quot;335551550&quot;:2,&quot;335551620&quot;:2,&quot;335559731&quot;:0,&quot;335559739&quot;:0,&quot;335559740&quot;:240}\">\u00a0<\/span><\/p>\n<p><span data-contrast=\"none\">Le concours a \u00e9t\u00e9 interrompu apr\u00e8s que plusieurs mannequins ont \u00e9t\u00e9 endommag\u00e9s et que d&#8217;autres ont disparu.<\/span><span data-ccp-props=\"{&quot;134233117&quot;:false,&quot;134233118&quot;:false,&quot;201341983&quot;:2,&quot;335551550&quot;:6,&quot;335551620&quot;:6,&quot;335559685&quot;:0,&quot;335559731&quot;:240,&quot;335559737&quot;:0,&quot;335559738&quot;:0,&quot;335559739&quot;:0,&quot;335559740&quot;:240}\">\u00a0<\/span><\/p>\n<p><span data-contrast=\"none\">Le 20 ao\u00fbt, le concours a \u00e9t\u00e9 annul\u00e9.<\/span><span data-ccp-props=\"{&quot;134233117&quot;:false,&quot;134233118&quot;:false,&quot;201341983&quot;:2,&quot;335551550&quot;:6,&quot;335551620&quot;:6,&quot;335559685&quot;:0,&quot;335559731&quot;:240,&quot;335559737&quot;:0,&quot;335559738&quot;:0,&quot;335559739&quot;:0,&quot;335559740&quot;:240}\">\u00a0<\/span><\/p>\n<p><span data-contrast=\"none\">\u00ab C\u2019est tellement difficile et d\u00e9rangeant de voir un si beau projet se terminer comme \u00e7a, \u00bb a dit Francyn Leblanc, fondatrice de la Corporation de la revitalisation du centre-ville de Casselman et organisatrice du concours \u00ab\u2009Les arts figur\u00e9s\u2009\u00bb, apr\u00e8s l&#8217;annulation du projet.<\/span><span data-ccp-props=\"{&quot;134233117&quot;:false,&quot;134233118&quot;:false,&quot;201341983&quot;:2,&quot;335551550&quot;:6,&quot;335551620&quot;:6,&quot;335559685&quot;:0,&quot;335559731&quot;:240,&quot;335559737&quot;:0,&quot;335559738&quot;:0,&quot;335559739&quot;:0,&quot;335559740&quot;:240}\">\u00a0<\/span><\/p>\n<p><span data-contrast=\"none\">Mme Leblanc veut continuer d\u2019organiser les projets d\u2019arts communautaires, mais avec ce qui est arriv\u00e9 aux mannequins, elle est h\u00e9sitante.\u00a0<\/span><span data-ccp-props=\"{&quot;134233117&quot;:false,&quot;134233118&quot;:false,&quot;201341983&quot;:2,&quot;335551550&quot;:6,&quot;335551620&quot;:6,&quot;335559685&quot;:0,&quot;335559731&quot;:240,&quot;335559737&quot;:0,&quot;335559738&quot;:0,&quot;335559739&quot;:0,&quot;335559740&quot;:240}\">\u00a0<\/span><\/p>\n<p><span data-contrast=\"none\">\u00ab\u2009Je veux qu\u2019il aille une surveillance de quartier, je veux qu\u2019il aille une surveillance de voisins, je veux qu\u2019il aille une surveillance de soir\u00e9e et de nuit. Je veux qu\u2019on prenne action. C\u2019est de valeur, mais il le faut.\u2009\u00bb\u00a0<\/span><span data-ccp-props=\"{&quot;134233117&quot;:false,&quot;134233118&quot;:false,&quot;201341983&quot;:2,&quot;335551550&quot;:6,&quot;335551620&quot;:6,&quot;335559685&quot;:0,&quot;335559731&quot;:240,&quot;335559737&quot;:0,&quot;335559738&quot;:0,&quot;335559739&quot;:0,&quot;335559740&quot;:240}\">\u00a0<\/span><\/p>\n<p><span data-contrast=\"none\">La conseill\u00e8re a dit que c\u2019est son devoir comme repr\u00e9sentante \u00e9lue de \u00ab\u2009prot\u00e9ger ma communaut\u00e9.\u2009\u00bb Elle planifie d\u2019apporter ce sujet \u00e0 la r\u00e9union du conseil de Casselman prochaine.<\/span><span data-ccp-props=\"{&quot;134233117&quot;:false,&quot;134233118&quot;:false,&quot;201341983&quot;:2,&quot;335551550&quot;:6,&quot;335551620&quot;:6,&quot;335559685&quot;:0,&quot;335559731&quot;:240,&quot;335559737&quot;:0,&quot;335559738&quot;:0,&quot;335559739&quot;:0,&quot;335559740&quot;:240}\">\u00a0<\/span><\/p>\n","protected":false},"excerpt":{"rendered":"<p>Ce jeudi 29 ao\u00fbt, les gagnants du concours \u00ab\u2009Les arts figur\u00e9s\u2009\u00bb ont \u00e9t\u00e9 annonc\u00e9s. La premi\u00e8re place a \u00e9t\u00e9 remise au mannequin \u00ab\u2009C\u0153ur d\u2019enfant\u2009\u00bb par M\u00e9lanie V\u00e9zina, deuxi\u00e8me place au mannequin \u00ab\u2009Euphie (pour Euph\u00e9mie)\u2009\u00bb par France Couillard, et la troisi\u00e8me place au mannequin \u00ab\u2009Terre-M\u00e8re\u2009\u00bb par Jo\u00ebl Drouin.\u00a0\u00a0 \u00a0\u00ab\u2009Je me sens choyer parce qu\u2019il y avait [&hellip;]<\/p>\n","protected":false},"author":24,"featured_media":103071,"comment_status":"closed","ping_status":"open","sticky":false,"template":"","format":"standard","meta":{"_acf_changed":false,"footnotes":""},"categories":[42],"tags":[],"class_list":["post-103070","post","type-post","status-publish","format-standard","has-post-thumbnail","hentry","category-culture"],"acf":[],"featured_media_global":[],"yoast_head":"<!-- This site is optimized with the Yoast SEO plugin v27.5 - https:\/\/yoast.com\/product\/yoast-seo-wordpress\/ -->\n<title>Les gagnants du concours \u00ab\u202fLes arts figur\u00e9s\u202f\u00bb sont annonc\u00e9s - Le Reflet \/ The News<\/title>\n<meta name=\"description\" content=\"Ce jeudi 29 ao\u00fbt, les gagnants du concours \u00ab\u2009Les arts figur\u00e9s\u2009\u00bb ont \u00e9t\u00e9 annonc\u00e9s. La premi\u00e8re place a \u00e9t\u00e9 remise au mannequin \u00ab\u2009C\u0153ur d\u2019enfant\u2009\u00bb par M\u00e9lanie V\u00e9zina, deuxi\u00e8me place au mannequin \u00ab\u2009Euphie (pour Euph\u00e9mie)\u2009\u00bb par France Couillard, et la troisi\u00e8me place au mannequin \u00ab\u2009Terre-M\u00e8re\u2009\u00bb par Jo\u00ebl Drouin.\" \/>\n<meta name=\"robots\" content=\"index, follow, max-snippet:-1, max-image-preview:large, max-video-preview:-1\" \/>\n<link rel=\"canonical\" href=\"https:\/\/refletnews.ca\/en\/culture\/les-gagnants-du-concours-les-arts-figures-sont-annonces\/\" \/>\n<meta property=\"og:locale\" content=\"en_US\" \/>\n<meta property=\"og:type\" content=\"article\" \/>\n<meta property=\"og:title\" content=\"Les gagnants du concours \u00ab\u202fLes arts figur\u00e9s\u202f\u00bb sont annonc\u00e9s - Le Reflet \/ The News\" \/>\n<meta property=\"og:description\" content=\"Ce jeudi 29 ao\u00fbt, les gagnants du concours \u00ab\u2009Les arts figur\u00e9s\u2009\u00bb ont \u00e9t\u00e9 annonc\u00e9s. La premi\u00e8re place a \u00e9t\u00e9 remise au mannequin \u00ab\u2009C\u0153ur d\u2019enfant\u2009\u00bb par M\u00e9lanie V\u00e9zina, deuxi\u00e8me place au mannequin \u00ab\u2009Euphie (pour Euph\u00e9mie)\u2009\u00bb par France Couillard, et la troisi\u00e8me place au mannequin \u00ab\u2009Terre-M\u00e8re\u2009\u00bb par Jo\u00ebl Drouin.\" \/>\n<meta property=\"og:url\" content=\"https:\/\/refletnews.ca\/en\/culture\/les-gagnants-du-concours-les-arts-figures-sont-annonces\/\" \/>\n<meta property=\"og:site_name\" content=\"Le Reflet \/ The News\" \/>\n<meta property=\"article:published_time\" content=\"2024-09-04T14:42:42+00:00\" \/>\n<meta property=\"article:modified_time\" content=\"2025-12-16T03:33:04+00:00\" \/>\n<meta property=\"og:image\" content=\"https:\/\/cdn.editionap.ca\/wp-content\/uploads\/sites\/3\/2024\/09\/ACTGV_Gagnants_annonce_du_concours_Les_arts_figures-scaled-1.jpg\" \/>\n\t<meta property=\"og:image:width\" content=\"1707\" \/>\n\t<meta property=\"og:image:height\" content=\"2560\" \/>\n\t<meta property=\"og:image:type\" content=\"image\/jpeg\" \/>\n<meta name=\"author\" content=\"Gabrielle Vinette\" \/>\n<meta name=\"twitter:card\" content=\"summary_large_image\" \/>\n<meta name=\"twitter:label1\" content=\"Written by\" \/>\n\t<meta name=\"twitter:data1\" content=\"Gabrielle Vinette\" \/>\n\t<meta name=\"twitter:label2\" content=\"Est. reading time\" \/>\n\t<meta name=\"twitter:data2\" content=\"3 minutes\" \/>\n<script type=\"application\/ld+json\" class=\"yoast-schema-graph\">{\"@context\":\"https:\\\/\\\/schema.org\",\"@graph\":[{\"@type\":\"Article\",\"@id\":\"https:\\\/\\\/refletnews.ca\\\/en\\\/culture\\\/les-gagnants-du-concours-les-arts-figures-sont-annonces\\\/#article\",\"isPartOf\":{\"@id\":\"https:\\\/\\\/refletnews.ca\\\/en\\\/culture\\\/les-gagnants-du-concours-les-arts-figures-sont-annonces\\\/\"},\"author\":{\"name\":\"Gabrielle Vinette\",\"@id\":\"https:\\\/\\\/refletnews.ca\\\/en\\\/#\\\/schema\\\/person\\\/13779c6008921447beb2d2d257daa3f0\"},\"headline\":\"Les gagnants du concours \u00ab\u202fLes arts figur\u00e9s\u202f\u00bb sont annonc\u00e9s\",\"datePublished\":\"2024-09-04T14:42:42+00:00\",\"dateModified\":\"2025-12-16T03:33:04+00:00\",\"mainEntityOfPage\":{\"@id\":\"https:\\\/\\\/refletnews.ca\\\/en\\\/culture\\\/les-gagnants-du-concours-les-arts-figures-sont-annonces\\\/\"},\"wordCount\":541,\"image\":{\"@id\":\"https:\\\/\\\/refletnews.ca\\\/en\\\/culture\\\/les-gagnants-du-concours-les-arts-figures-sont-annonces\\\/#primaryimage\"},\"thumbnailUrl\":\"https:\\\/\\\/cdn.editionap.ca\\\/wp-content\\\/uploads\\\/sites\\\/3\\\/2024\\\/09\\\/ACTGV_Gagnants_annonce_du_concours_Les_arts_figures-scaled-1.jpg\",\"articleSection\":[\"Culture\"],\"inLanguage\":\"en-CA\"},{\"@type\":\"WebPage\",\"@id\":\"https:\\\/\\\/refletnews.ca\\\/en\\\/culture\\\/les-gagnants-du-concours-les-arts-figures-sont-annonces\\\/\",\"url\":\"https:\\\/\\\/refletnews.ca\\\/en\\\/culture\\\/les-gagnants-du-concours-les-arts-figures-sont-annonces\\\/\",\"name\":\"Les gagnants du concours \u00ab\u202fLes arts figur\u00e9s\u202f\u00bb sont annonc\u00e9s - Le Reflet \\\/ The News\",\"isPartOf\":{\"@id\":\"https:\\\/\\\/refletnews.ca\\\/en\\\/#website\"},\"primaryImageOfPage\":{\"@id\":\"https:\\\/\\\/refletnews.ca\\\/en\\\/culture\\\/les-gagnants-du-concours-les-arts-figures-sont-annonces\\\/#primaryimage\"},\"image\":{\"@id\":\"https:\\\/\\\/refletnews.ca\\\/en\\\/culture\\\/les-gagnants-du-concours-les-arts-figures-sont-annonces\\\/#primaryimage\"},\"thumbnailUrl\":\"https:\\\/\\\/cdn.editionap.ca\\\/wp-content\\\/uploads\\\/sites\\\/3\\\/2024\\\/09\\\/ACTGV_Gagnants_annonce_du_concours_Les_arts_figures-scaled-1.jpg\",\"datePublished\":\"2024-09-04T14:42:42+00:00\",\"dateModified\":\"2025-12-16T03:33:04+00:00\",\"author\":{\"@id\":\"https:\\\/\\\/refletnews.ca\\\/en\\\/#\\\/schema\\\/person\\\/13779c6008921447beb2d2d257daa3f0\"},\"description\":\"Ce jeudi 29 ao\u00fbt, les gagnants du concours \u00ab\u2009Les arts figur\u00e9s\u2009\u00bb ont \u00e9t\u00e9 annonc\u00e9s. La premi\u00e8re place a \u00e9t\u00e9 remise au mannequin \u00ab\u2009C\u0153ur d\u2019enfant\u2009\u00bb par M\u00e9lanie V\u00e9zina, deuxi\u00e8me place au mannequin \u00ab\u2009Euphie (pour Euph\u00e9mie)\u2009\u00bb par France Couillard, et la troisi\u00e8me place au mannequin \u00ab\u2009Terre-M\u00e8re\u2009\u00bb par Jo\u00ebl Drouin.\",\"breadcrumb\":{\"@id\":\"https:\\\/\\\/refletnews.ca\\\/en\\\/culture\\\/les-gagnants-du-concours-les-arts-figures-sont-annonces\\\/#breadcrumb\"},\"inLanguage\":\"en-CA\",\"potentialAction\":[{\"@type\":\"ReadAction\",\"target\":[\"https:\\\/\\\/refletnews.ca\\\/en\\\/culture\\\/les-gagnants-du-concours-les-arts-figures-sont-annonces\\\/\"]}]},{\"@type\":\"ImageObject\",\"inLanguage\":\"en-CA\",\"@id\":\"https:\\\/\\\/refletnews.ca\\\/en\\\/culture\\\/les-gagnants-du-concours-les-arts-figures-sont-annonces\\\/#primaryimage\",\"url\":\"https:\\\/\\\/cdn.editionap.ca\\\/wp-content\\\/uploads\\\/sites\\\/3\\\/2024\\\/09\\\/ACTGV_Gagnants_annonce_du_concours_Les_arts_figures-scaled-1.jpg\",\"contentUrl\":\"https:\\\/\\\/cdn.editionap.ca\\\/wp-content\\\/uploads\\\/sites\\\/3\\\/2024\\\/09\\\/ACTGV_Gagnants_annonce_du_concours_Les_arts_figures-scaled-1.jpg\",\"width\":1707,\"height\":2560,\"caption\":\"M\u00e9lanie V\u00e9zina, gagnante de la premi\u00e8re place du concours \u00ab\u202fLes arts figur\u00e9s\u202f\u00bb, avec son mannequin \u00ab\u202fC\u0153ur d\u2019enfant\u202f\u00bb. Elle a dit que \u00e7a lui a pris beaucoup de temps pour accumuler toutes les pi\u00e8ces et a fait plusieurs magasins pour trouver ce qu\u2019elle recherchait.\"},{\"@type\":\"BreadcrumbList\",\"@id\":\"https:\\\/\\\/refletnews.ca\\\/en\\\/culture\\\/les-gagnants-du-concours-les-arts-figures-sont-annonces\\\/#breadcrumb\",\"itemListElement\":[{\"@type\":\"ListItem\",\"position\":1,\"name\":\"Accueil\",\"item\":\"https:\\\/\\\/refletnews.ca\\\/en\\\/\"},{\"@type\":\"ListItem\",\"position\":2,\"name\":\"Les gagnants du concours \u00ab\u202fLes arts figur\u00e9s\u202f\u00bb sont annonc\u00e9s\"}]},{\"@type\":\"WebSite\",\"@id\":\"https:\\\/\\\/refletnews.ca\\\/en\\\/#website\",\"url\":\"https:\\\/\\\/refletnews.ca\\\/en\\\/\",\"name\":\"Le Reflet \\\/ The News\",\"description\":\"\",\"potentialAction\":[{\"@type\":\"SearchAction\",\"target\":{\"@type\":\"EntryPoint\",\"urlTemplate\":\"https:\\\/\\\/refletnews.ca\\\/en\\\/?s={search_term_string}\"},\"query-input\":{\"@type\":\"PropertyValueSpecification\",\"valueRequired\":true,\"valueName\":\"search_term_string\"}}],\"inLanguage\":\"en-CA\"},{\"@type\":\"Person\",\"@id\":\"https:\\\/\\\/refletnews.ca\\\/en\\\/#\\\/schema\\\/person\\\/13779c6008921447beb2d2d257daa3f0\",\"name\":\"Gabrielle Vinette\",\"image\":{\"@type\":\"ImageObject\",\"inLanguage\":\"en-CA\",\"@id\":\"https:\\\/\\\/secure.gravatar.com\\\/avatar\\\/aad6b45732301ea45eccebd26730d0365f5ecc8faa321e59d6858a3caada1c83?s=96&d=mm&r=g\",\"url\":\"https:\\\/\\\/secure.gravatar.com\\\/avatar\\\/aad6b45732301ea45eccebd26730d0365f5ecc8faa321e59d6858a3caada1c83?s=96&d=mm&r=g\",\"contentUrl\":\"https:\\\/\\\/secure.gravatar.com\\\/avatar\\\/aad6b45732301ea45eccebd26730d0365f5ecc8faa321e59d6858a3caada1c83?s=96&d=mm&r=g\",\"caption\":\"Gabrielle Vinette\"}}]}<\/script>\n<!-- \/ Yoast SEO plugin. -->","yoast_head_json":{"title":"Les gagnants du concours \u00ab\u202fLes arts figur\u00e9s\u202f\u00bb sont annonc\u00e9s - Le Reflet \/ The News","description":"Ce jeudi 29 ao\u00fbt, les gagnants du concours \u00ab\u2009Les arts figur\u00e9s\u2009\u00bb ont \u00e9t\u00e9 annonc\u00e9s. La premi\u00e8re place a \u00e9t\u00e9 remise au mannequin \u00ab\u2009C\u0153ur d\u2019enfant\u2009\u00bb par M\u00e9lanie V\u00e9zina, deuxi\u00e8me place au mannequin \u00ab\u2009Euphie (pour Euph\u00e9mie)\u2009\u00bb par France Couillard, et la troisi\u00e8me place au mannequin \u00ab\u2009Terre-M\u00e8re\u2009\u00bb par Jo\u00ebl Drouin.","robots":{"index":"index","follow":"follow","max-snippet":"max-snippet:-1","max-image-preview":"max-image-preview:large","max-video-preview":"max-video-preview:-1"},"canonical":"https:\/\/refletnews.ca\/en\/culture\/les-gagnants-du-concours-les-arts-figures-sont-annonces\/","og_locale":"en_US","og_type":"article","og_title":"Les gagnants du concours \u00ab\u202fLes arts figur\u00e9s\u202f\u00bb sont annonc\u00e9s - Le Reflet \/ The News","og_description":"Ce jeudi 29 ao\u00fbt, les gagnants du concours \u00ab\u2009Les arts figur\u00e9s\u2009\u00bb ont \u00e9t\u00e9 annonc\u00e9s. La premi\u00e8re place a \u00e9t\u00e9 remise au mannequin \u00ab\u2009C\u0153ur d\u2019enfant\u2009\u00bb par M\u00e9lanie V\u00e9zina, deuxi\u00e8me place au mannequin \u00ab\u2009Euphie (pour Euph\u00e9mie)\u2009\u00bb par France Couillard, et la troisi\u00e8me place au mannequin \u00ab\u2009Terre-M\u00e8re\u2009\u00bb par Jo\u00ebl Drouin.","og_url":"https:\/\/refletnews.ca\/en\/culture\/les-gagnants-du-concours-les-arts-figures-sont-annonces\/","og_site_name":"Le Reflet \/ The News","article_published_time":"2024-09-04T14:42:42+00:00","article_modified_time":"2025-12-16T03:33:04+00:00","og_image":[{"width":1707,"height":2560,"url":"https:\/\/cdn.editionap.ca\/wp-content\/uploads\/sites\/3\/2024\/09\/ACTGV_Gagnants_annonce_du_concours_Les_arts_figures-scaled-1.jpg","type":"image\/jpeg"}],"author":"Gabrielle Vinette","twitter_card":"summary_large_image","twitter_misc":{"Written by":"Gabrielle Vinette","Est. reading time":"3 minutes"},"schema":{"@context":"https:\/\/schema.org","@graph":[{"@type":"Article","@id":"https:\/\/refletnews.ca\/en\/culture\/les-gagnants-du-concours-les-arts-figures-sont-annonces\/#article","isPartOf":{"@id":"https:\/\/refletnews.ca\/en\/culture\/les-gagnants-du-concours-les-arts-figures-sont-annonces\/"},"author":{"name":"Gabrielle Vinette","@id":"https:\/\/refletnews.ca\/en\/#\/schema\/person\/13779c6008921447beb2d2d257daa3f0"},"headline":"Les gagnants du concours \u00ab\u202fLes arts figur\u00e9s\u202f\u00bb sont annonc\u00e9s","datePublished":"2024-09-04T14:42:42+00:00","dateModified":"2025-12-16T03:33:04+00:00","mainEntityOfPage":{"@id":"https:\/\/refletnews.ca\/en\/culture\/les-gagnants-du-concours-les-arts-figures-sont-annonces\/"},"wordCount":541,"image":{"@id":"https:\/\/refletnews.ca\/en\/culture\/les-gagnants-du-concours-les-arts-figures-sont-annonces\/#primaryimage"},"thumbnailUrl":"https:\/\/cdn.editionap.ca\/wp-content\/uploads\/sites\/3\/2024\/09\/ACTGV_Gagnants_annonce_du_concours_Les_arts_figures-scaled-1.jpg","articleSection":["Culture"],"inLanguage":"en-CA"},{"@type":"WebPage","@id":"https:\/\/refletnews.ca\/en\/culture\/les-gagnants-du-concours-les-arts-figures-sont-annonces\/","url":"https:\/\/refletnews.ca\/en\/culture\/les-gagnants-du-concours-les-arts-figures-sont-annonces\/","name":"Les gagnants du concours \u00ab\u202fLes arts figur\u00e9s\u202f\u00bb sont annonc\u00e9s - Le Reflet \/ The News","isPartOf":{"@id":"https:\/\/refletnews.ca\/en\/#website"},"primaryImageOfPage":{"@id":"https:\/\/refletnews.ca\/en\/culture\/les-gagnants-du-concours-les-arts-figures-sont-annonces\/#primaryimage"},"image":{"@id":"https:\/\/refletnews.ca\/en\/culture\/les-gagnants-du-concours-les-arts-figures-sont-annonces\/#primaryimage"},"thumbnailUrl":"https:\/\/cdn.editionap.ca\/wp-content\/uploads\/sites\/3\/2024\/09\/ACTGV_Gagnants_annonce_du_concours_Les_arts_figures-scaled-1.jpg","datePublished":"2024-09-04T14:42:42+00:00","dateModified":"2025-12-16T03:33:04+00:00","author":{"@id":"https:\/\/refletnews.ca\/en\/#\/schema\/person\/13779c6008921447beb2d2d257daa3f0"},"description":"Ce jeudi 29 ao\u00fbt, les gagnants du concours \u00ab\u2009Les arts figur\u00e9s\u2009\u00bb ont \u00e9t\u00e9 annonc\u00e9s. La premi\u00e8re place a \u00e9t\u00e9 remise au mannequin \u00ab\u2009C\u0153ur d\u2019enfant\u2009\u00bb par M\u00e9lanie V\u00e9zina, deuxi\u00e8me place au mannequin \u00ab\u2009Euphie (pour Euph\u00e9mie)\u2009\u00bb par France Couillard, et la troisi\u00e8me place au mannequin \u00ab\u2009Terre-M\u00e8re\u2009\u00bb par Jo\u00ebl Drouin.","breadcrumb":{"@id":"https:\/\/refletnews.ca\/en\/culture\/les-gagnants-du-concours-les-arts-figures-sont-annonces\/#breadcrumb"},"inLanguage":"en-CA","potentialAction":[{"@type":"ReadAction","target":["https:\/\/refletnews.ca\/en\/culture\/les-gagnants-du-concours-les-arts-figures-sont-annonces\/"]}]},{"@type":"ImageObject","inLanguage":"en-CA","@id":"https:\/\/refletnews.ca\/en\/culture\/les-gagnants-du-concours-les-arts-figures-sont-annonces\/#primaryimage","url":"https:\/\/cdn.editionap.ca\/wp-content\/uploads\/sites\/3\/2024\/09\/ACTGV_Gagnants_annonce_du_concours_Les_arts_figures-scaled-1.jpg","contentUrl":"https:\/\/cdn.editionap.ca\/wp-content\/uploads\/sites\/3\/2024\/09\/ACTGV_Gagnants_annonce_du_concours_Les_arts_figures-scaled-1.jpg","width":1707,"height":2560,"caption":"M\u00e9lanie V\u00e9zina, gagnante de la premi\u00e8re place du concours \u00ab\u202fLes arts figur\u00e9s\u202f\u00bb, avec son mannequin \u00ab\u202fC\u0153ur d\u2019enfant\u202f\u00bb. Elle a dit que \u00e7a lui a pris beaucoup de temps pour accumuler toutes les pi\u00e8ces et a fait plusieurs magasins pour trouver ce qu\u2019elle recherchait."},{"@type":"BreadcrumbList","@id":"https:\/\/refletnews.ca\/en\/culture\/les-gagnants-du-concours-les-arts-figures-sont-annonces\/#breadcrumb","itemListElement":[{"@type":"ListItem","position":1,"name":"Accueil","item":"https:\/\/refletnews.ca\/en\/"},{"@type":"ListItem","position":2,"name":"Les gagnants du concours \u00ab\u202fLes arts figur\u00e9s\u202f\u00bb sont annonc\u00e9s"}]},{"@type":"WebSite","@id":"https:\/\/refletnews.ca\/en\/#website","url":"https:\/\/refletnews.ca\/en\/","name":"Le Reflet \/ The News","description":"","potentialAction":[{"@type":"SearchAction","target":{"@type":"EntryPoint","urlTemplate":"https:\/\/refletnews.ca\/en\/?s={search_term_string}"},"query-input":{"@type":"PropertyValueSpecification","valueRequired":true,"valueName":"search_term_string"}}],"inLanguage":"en-CA"},{"@type":"Person","@id":"https:\/\/refletnews.ca\/en\/#\/schema\/person\/13779c6008921447beb2d2d257daa3f0","name":"Gabrielle Vinette","image":{"@type":"ImageObject","inLanguage":"en-CA","@id":"https:\/\/secure.gravatar.com\/avatar\/aad6b45732301ea45eccebd26730d0365f5ecc8faa321e59d6858a3caada1c83?s=96&d=mm&r=g","url":"https:\/\/secure.gravatar.com\/avatar\/aad6b45732301ea45eccebd26730d0365f5ecc8faa321e59d6858a3caada1c83?s=96&d=mm&r=g","contentUrl":"https:\/\/secure.gravatar.com\/avatar\/aad6b45732301ea45eccebd26730d0365f5ecc8faa321e59d6858a3caada1c83?s=96&d=mm&r=g","caption":"Gabrielle Vinette"}}]}},"_links":{"self":[{"href":"https:\/\/refletnews.ca\/en\/wp-json\/wp\/v2\/posts\/103070","targetHints":{"allow":["GET"]}}],"collection":[{"href":"https:\/\/refletnews.ca\/en\/wp-json\/wp\/v2\/posts"}],"about":[{"href":"https:\/\/refletnews.ca\/en\/wp-json\/wp\/v2\/types\/post"}],"author":[{"embeddable":true,"href":"https:\/\/refletnews.ca\/en\/wp-json\/wp\/v2\/users\/24"}],"replies":[{"embeddable":true,"href":"https:\/\/refletnews.ca\/en\/wp-json\/wp\/v2\/comments?post=103070"}],"version-history":[{"count":1,"href":"https:\/\/refletnews.ca\/en\/wp-json\/wp\/v2\/posts\/103070\/revisions"}],"predecessor-version":[{"id":129646,"href":"https:\/\/refletnews.ca\/en\/wp-json\/wp\/v2\/posts\/103070\/revisions\/129646"}],"wp:featuredmedia":[{"embeddable":true,"href":"https:\/\/refletnews.ca\/en\/wp-json\/wp\/v2\/media\/103071"}],"wp:attachment":[{"href":"https:\/\/refletnews.ca\/en\/wp-json\/wp\/v2\/media?parent=103070"}],"wp:term":[{"taxonomy":"category","embeddable":true,"href":"https:\/\/refletnews.ca\/en\/wp-json\/wp\/v2\/categories?post=103070"},{"taxonomy":"post_tag","embeddable":true,"href":"https:\/\/refletnews.ca\/en\/wp-json\/wp\/v2\/tags?post=103070"}],"curies":[{"name":"wp","href":"https:\/\/api.w.org\/{rel}","templated":true}]}}