{"id":102965,"date":"2024-08-28T10:43:27","date_gmt":"2024-08-28T14:43:27","guid":{"rendered":"https:\/\/editionap.ca\/?p=102965"},"modified":"2025-12-16T04:33:04","modified_gmt":"2025-12-16T03:33:04","slug":"les-arts-figures-annule-comme-deux-mannequins-disparait","status":"publish","type":"post","link":"https:\/\/refletnews.ca\/en\/culture\/les-arts-figures-annule-comme-deux-mannequins-disparait\/","title":{"rendered":"\u00ab\u202fLes arts figur\u00e9s\u202f\u00bb annul\u00e9 comme deux mannequins dispara\u00eet"},"content":{"rendered":"<p><b><span data-contrast=\"none\">Un autre mannequin a \u00e9t\u00e9 vandalis\u00e9 puis deux mannequins ont \u00e9t\u00e9 vol\u00e9s, for\u00e7ant la Corporation de la revitalisation du centre-ville de Casselman d\u2019annuler le concours \u00ab\u2009Les arts figur\u00e9s\u2009\u00bb.<\/span><\/b><span data-ccp-props=\"{&quot;134233117&quot;:false,&quot;134233118&quot;:false,&quot;201341983&quot;:0,&quot;335551550&quot;:6,&quot;335551620&quot;:6,&quot;335559685&quot;:0,&quot;335559737&quot;:0,&quot;335559738&quot;:0,&quot;335559739&quot;:0,&quot;335559740&quot;:276}\">\u00a0<\/span><\/p>\n<p><span data-contrast=\"none\">Le mercredi 7 ao\u00fbt, le mannequin \u00ab Mademoiselle \u00bb de Christine Lenoir Godin, qui \u00e9tait chez Jean Coutu, est disparu.\u00a0<\/span><span data-ccp-props=\"{&quot;134233117&quot;:false,&quot;134233118&quot;:false,&quot;201341983&quot;:2,&quot;335551550&quot;:6,&quot;335551620&quot;:6,&quot;335559685&quot;:0,&quot;335559731&quot;:240,&quot;335559737&quot;:0,&quot;335559738&quot;:0,&quot;335559739&quot;:0,&quot;335559740&quot;:240}\">\u00a0<\/span><\/p>\n<p><span data-contrast=\"none\">Le vendredi 16 ao\u00fbt, le mannequin \u00ab Connexion \u00bb d\u2019Elise Lafl\u00e8che, qui \u00e9tait \u00e0 l\u2019\u00c9difice National, a aussi disparu.<\/span><span data-ccp-props=\"{&quot;134233117&quot;:false,&quot;134233118&quot;:false,&quot;201341983&quot;:2,&quot;335551550&quot;:6,&quot;335551620&quot;:6,&quot;335559685&quot;:0,&quot;335559731&quot;:240,&quot;335559737&quot;:0,&quot;335559738&quot;:0,&quot;335559739&quot;:0,&quot;335559740&quot;:240}\">\u00a0<\/span><\/p>\n<p><span data-contrast=\"none\">Deux jours plus tard, les deux bras du mannequin \u00ab Une communaut\u00e9 grandissante \u00bb de Anne-Marie Villemaire, qui \u00e9tait \u00e0 la biblioth\u00e8que de Casselman, ont \u00e9t\u00e9 bris\u00e9s.<\/span><span data-ccp-props=\"{&quot;134233117&quot;:false,&quot;134233118&quot;:false,&quot;201341983&quot;:2,&quot;335551550&quot;:6,&quot;335551620&quot;:6,&quot;335559685&quot;:0,&quot;335559731&quot;:240,&quot;335559737&quot;:0,&quot;335559738&quot;:0,&quot;335559739&quot;:0,&quot;335559740&quot;:240}\">\u00a0<\/span><\/p>\n<p><span data-contrast=\"none\">\u00ab C&#8217;est tellement difficile et d\u00e9rangeant de voir un si beau projet se terminer comme \u00e7a, \u00bb a dit Francyn Leblanc, fondatrice de la Corporation de la revitalisation du centre-ville de Casselman et organisatrice du concours \u00ab\u2009Les arts figur\u00e9s\u2009\u00bb.<\/span><span data-ccp-props=\"{&quot;134233117&quot;:false,&quot;134233118&quot;:false,&quot;201341983&quot;:2,&quot;335551550&quot;:6,&quot;335551620&quot;:6,&quot;335559685&quot;:0,&quot;335559731&quot;:240,&quot;335559737&quot;:0,&quot;335559738&quot;:0,&quot;335559739&quot;:0,&quot;335559740&quot;:240}\">\u00a0<\/span><\/p>\n<p><span data-contrast=\"none\">Ce n\u2019est pas la premi\u00e8re fois que les mannequins ont \u00e9t\u00e9 vandalis\u00e9s. En juillet, trois mois apr\u00e8s le d\u00e9but du concours, le mannequin \u00ab Euphie (pour Euph\u00e9mie) \u00bb de France Couillard, plac\u00e9 aux Cr\u00e9ations Mesmoizelle, a vu des d\u00e9tails de sa conception arrach\u00e9s, le chapeau de \u00ab Connexion \u00bb a \u00e9t\u00e9 vol\u00e9, puis \u00ab Mademoiselle \u00bb a perdu son bras et un sein.\u00a0<\/span><span data-ccp-props=\"{&quot;134233117&quot;:false,&quot;134233118&quot;:false,&quot;201341983&quot;:2,&quot;335551550&quot;:6,&quot;335551620&quot;:6,&quot;335559685&quot;:0,&quot;335559731&quot;:240,&quot;335559737&quot;:0,&quot;335559738&quot;:0,&quot;335559739&quot;:0,&quot;335559740&quot;:240}\">\u00a0<\/span><\/p>\n<p><span data-contrast=\"none\">Ce mardi 20 ao\u00fbt, la Corporation a arr\u00eat\u00e9 le vote public. Le mercredi, tous les mannequins ont \u00e9t\u00e9 enlev\u00e9s et plac\u00e9s dans un endroit s\u00e9curis\u00e9.<\/span><span data-ccp-props=\"{&quot;134233117&quot;:false,&quot;134233118&quot;:false,&quot;201341983&quot;:2,&quot;335551550&quot;:6,&quot;335551620&quot;:6,&quot;335559685&quot;:0,&quot;335559731&quot;:240,&quot;335559737&quot;:0,&quot;335559738&quot;:0,&quot;335559739&quot;:0,&quot;335559740&quot;:240}\">\u00a0<\/span><\/p>\n<p><span data-contrast=\"none\">\u00ab Tout a \u00e9t\u00e9 bouscul\u00e9, \u00bb a dit Mme Leblanc.<\/span><span data-ccp-props=\"{&quot;134233117&quot;:false,&quot;134233118&quot;:false,&quot;201341983&quot;:2,&quot;335551550&quot;:6,&quot;335551620&quot;:6,&quot;335559685&quot;:0,&quot;335559731&quot;:240,&quot;335559737&quot;:0,&quot;335559738&quot;:0,&quot;335559739&quot;:0,&quot;335559740&quot;:240}\">\u00a0<\/span><\/p>\n<p><span data-contrast=\"none\">Les r\u00e9sultats du concours seront d\u00e9voil\u00e9s le jeudi, 29 ao\u00fbt \u00e0 18h30 au SEFA.<\/span><span data-ccp-props=\"{&quot;134233117&quot;:false,&quot;134233118&quot;:false,&quot;201341983&quot;:2,&quot;335551550&quot;:6,&quot;335551620&quot;:6,&quot;335559685&quot;:0,&quot;335559731&quot;:240,&quot;335559737&quot;:0,&quot;335559738&quot;:0,&quot;335559739&quot;:0,&quot;335559740&quot;:240}\">\u00a0<\/span><\/p>\n<p><span data-contrast=\"none\">\u00ab Cela touche toute une communaut\u00e9. Cela ne touche pas seulement les artistes puis les gens qui ont organis\u00e9 le projet. C\u2019est tr\u00e8s d\u00e9rangeant. C\u2019est pour cela qu\u2019il faut esp\u00e9rer qu\u2019on en tire le son puis qu\u2019il va y avoir des actions prisent pour s\u2019assurer que \u00e7a ne se reproduise pas c\u2019est vandalisme. \u00bb<\/span><span data-ccp-props=\"{&quot;134233117&quot;:false,&quot;134233118&quot;:false,&quot;201341983&quot;:2,&quot;335551550&quot;:6,&quot;335551620&quot;:6,&quot;335559685&quot;:0,&quot;335559731&quot;:240,&quot;335559737&quot;:0,&quot;335559738&quot;:0,&quot;335559739&quot;:0,&quot;335559740&quot;:240}\">\u00a0<\/span><\/p>\n","protected":false},"excerpt":{"rendered":"<p>Un autre mannequin a \u00e9t\u00e9 vandalis\u00e9 puis deux mannequins ont \u00e9t\u00e9 vol\u00e9s, for\u00e7ant la Corporation de la revitalisation du centre-ville de Casselman d\u2019annuler le concours \u00ab\u2009Les arts figur\u00e9s\u2009\u00bb.\u00a0 Le mercredi 7 ao\u00fbt, le mannequin \u00ab Mademoiselle \u00bb de Christine Lenoir Godin, qui \u00e9tait chez Jean Coutu, est disparu.\u00a0\u00a0 Le vendredi 16 ao\u00fbt, le mannequin \u00ab [&hellip;]<\/p>\n","protected":false},"author":24,"featured_media":102969,"comment_status":"closed","ping_status":"open","sticky":false,"template":"","format":"standard","meta":{"_acf_changed":false,"footnotes":""},"categories":[42],"tags":[],"class_list":["post-102965","post","type-post","status-publish","format-standard","has-post-thumbnail","hentry","category-culture"],"acf":[],"featured_media_global":[],"yoast_head":"<!-- This site is optimized with the Yoast SEO plugin v27.5 - https:\/\/yoast.com\/product\/yoast-seo-wordpress\/ -->\n<title>\u00ab\u202fLes arts figur\u00e9s\u202f\u00bb annul\u00e9 comme deux mannequins dispara\u00eet - Le Reflet \/ The News<\/title>\n<meta name=\"description\" content=\"Un autre mannequin a \u00e9t\u00e9 vandalis\u00e9 puis deux mannequins ont \u00e9t\u00e9 vol\u00e9s, for\u00e7ant la Corporation de la revitalisation du centre-ville de Casselman d\u2019annuler le concours \u00ab\u2009Les arts figur\u00e9s\u2009\u00bb.\u00a0\" \/>\n<meta name=\"robots\" content=\"index, follow, max-snippet:-1, max-image-preview:large, max-video-preview:-1\" \/>\n<link rel=\"canonical\" href=\"https:\/\/refletnews.ca\/en\/culture\/les-arts-figures-annule-comme-deux-mannequins-disparait\/\" \/>\n<meta property=\"og:locale\" content=\"en_US\" \/>\n<meta property=\"og:type\" content=\"article\" \/>\n<meta property=\"og:title\" content=\"\u00ab\u202fLes arts figur\u00e9s\u202f\u00bb annul\u00e9 comme deux mannequins dispara\u00eet - Le Reflet \/ The News\" \/>\n<meta property=\"og:description\" content=\"Un autre mannequin a \u00e9t\u00e9 vandalis\u00e9 puis deux mannequins ont \u00e9t\u00e9 vol\u00e9s, for\u00e7ant la Corporation de la revitalisation du centre-ville de Casselman d\u2019annuler le concours \u00ab\u2009Les arts figur\u00e9s\u2009\u00bb.\u00a0\" \/>\n<meta property=\"og:url\" content=\"https:\/\/refletnews.ca\/en\/culture\/les-arts-figures-annule-comme-deux-mannequins-disparait\/\" \/>\n<meta property=\"og:site_name\" content=\"Le Reflet \/ The News\" \/>\n<meta property=\"article:published_time\" content=\"2024-08-28T14:43:27+00:00\" \/>\n<meta property=\"article:modified_time\" content=\"2025-12-16T03:33:04+00:00\" \/>\n<meta property=\"og:image\" content=\"https:\/\/cdn.editionap.ca\/wp-content\/uploads\/sites\/3\/2024\/08\/ACTGV_Councours_-Les_arts_figures-_annule.jpg\" \/>\n\t<meta property=\"og:image:width\" content=\"2000\" \/>\n\t<meta property=\"og:image:height\" content=\"1529\" \/>\n\t<meta property=\"og:image:type\" content=\"image\/jpeg\" \/>\n<meta name=\"author\" content=\"Gabrielle Vinette\" \/>\n<meta name=\"twitter:card\" content=\"summary_large_image\" \/>\n<meta name=\"twitter:label1\" content=\"Written by\" \/>\n\t<meta name=\"twitter:data1\" content=\"Gabrielle Vinette\" \/>\n\t<meta name=\"twitter:label2\" content=\"Est. reading time\" \/>\n\t<meta name=\"twitter:data2\" content=\"2 minutes\" \/>\n<script type=\"application\/ld+json\" class=\"yoast-schema-graph\">{\"@context\":\"https:\\\/\\\/schema.org\",\"@graph\":[{\"@type\":\"Article\",\"@id\":\"https:\\\/\\\/refletnews.ca\\\/en\\\/culture\\\/les-arts-figures-annule-comme-deux-mannequins-disparait\\\/#article\",\"isPartOf\":{\"@id\":\"https:\\\/\\\/refletnews.ca\\\/en\\\/culture\\\/les-arts-figures-annule-comme-deux-mannequins-disparait\\\/\"},\"author\":{\"name\":\"Gabrielle Vinette\",\"@id\":\"https:\\\/\\\/refletnews.ca\\\/en\\\/#\\\/schema\\\/person\\\/13779c6008921447beb2d2d257daa3f0\"},\"headline\":\"\u00ab\u202fLes arts figur\u00e9s\u202f\u00bb annul\u00e9 comme deux mannequins dispara\u00eet\",\"datePublished\":\"2024-08-28T14:43:27+00:00\",\"dateModified\":\"2025-12-16T03:33:04+00:00\",\"mainEntityOfPage\":{\"@id\":\"https:\\\/\\\/refletnews.ca\\\/en\\\/culture\\\/les-arts-figures-annule-comme-deux-mannequins-disparait\\\/\"},\"wordCount\":326,\"image\":{\"@id\":\"https:\\\/\\\/refletnews.ca\\\/en\\\/culture\\\/les-arts-figures-annule-comme-deux-mannequins-disparait\\\/#primaryimage\"},\"thumbnailUrl\":\"https:\\\/\\\/cdn.editionap.ca\\\/wp-content\\\/uploads\\\/sites\\\/3\\\/2024\\\/08\\\/ACTGV_Councours_-Les_arts_figures-_annule.jpg\",\"articleSection\":[\"Culture\"],\"inLanguage\":\"en-CA\"},{\"@type\":\"WebPage\",\"@id\":\"https:\\\/\\\/refletnews.ca\\\/en\\\/culture\\\/les-arts-figures-annule-comme-deux-mannequins-disparait\\\/\",\"url\":\"https:\\\/\\\/refletnews.ca\\\/en\\\/culture\\\/les-arts-figures-annule-comme-deux-mannequins-disparait\\\/\",\"name\":\"\u00ab\u202fLes arts figur\u00e9s\u202f\u00bb annul\u00e9 comme deux mannequins dispara\u00eet - Le Reflet \\\/ The News\",\"isPartOf\":{\"@id\":\"https:\\\/\\\/refletnews.ca\\\/en\\\/#website\"},\"primaryImageOfPage\":{\"@id\":\"https:\\\/\\\/refletnews.ca\\\/en\\\/culture\\\/les-arts-figures-annule-comme-deux-mannequins-disparait\\\/#primaryimage\"},\"image\":{\"@id\":\"https:\\\/\\\/refletnews.ca\\\/en\\\/culture\\\/les-arts-figures-annule-comme-deux-mannequins-disparait\\\/#primaryimage\"},\"thumbnailUrl\":\"https:\\\/\\\/cdn.editionap.ca\\\/wp-content\\\/uploads\\\/sites\\\/3\\\/2024\\\/08\\\/ACTGV_Councours_-Les_arts_figures-_annule.jpg\",\"datePublished\":\"2024-08-28T14:43:27+00:00\",\"dateModified\":\"2025-12-16T03:33:04+00:00\",\"author\":{\"@id\":\"https:\\\/\\\/refletnews.ca\\\/en\\\/#\\\/schema\\\/person\\\/13779c6008921447beb2d2d257daa3f0\"},\"description\":\"Un autre mannequin a \u00e9t\u00e9 vandalis\u00e9 puis deux mannequins ont \u00e9t\u00e9 vol\u00e9s, for\u00e7ant la Corporation de la revitalisation du centre-ville de Casselman d\u2019annuler le concours \u00ab\u2009Les arts figur\u00e9s\u2009\u00bb.\u00a0\",\"breadcrumb\":{\"@id\":\"https:\\\/\\\/refletnews.ca\\\/en\\\/culture\\\/les-arts-figures-annule-comme-deux-mannequins-disparait\\\/#breadcrumb\"},\"inLanguage\":\"en-CA\",\"potentialAction\":[{\"@type\":\"ReadAction\",\"target\":[\"https:\\\/\\\/refletnews.ca\\\/en\\\/culture\\\/les-arts-figures-annule-comme-deux-mannequins-disparait\\\/\"]}]},{\"@type\":\"ImageObject\",\"inLanguage\":\"en-CA\",\"@id\":\"https:\\\/\\\/refletnews.ca\\\/en\\\/culture\\\/les-arts-figures-annule-comme-deux-mannequins-disparait\\\/#primaryimage\",\"url\":\"https:\\\/\\\/cdn.editionap.ca\\\/wp-content\\\/uploads\\\/sites\\\/3\\\/2024\\\/08\\\/ACTGV_Councours_-Les_arts_figures-_annule.jpg\",\"contentUrl\":\"https:\\\/\\\/cdn.editionap.ca\\\/wp-content\\\/uploads\\\/sites\\\/3\\\/2024\\\/08\\\/ACTGV_Councours_-Les_arts_figures-_annule.jpg\",\"width\":2000,\"height\":1529,\"caption\":\"Apr\u00e8s un autre mannequin vandalis\u00e9 puis deux disparue, le concours \u00ab\u202fLes arts figur\u00e9s\u202f\u00bb a \u00e9t\u00e9 annul\u00e9. Les gagnants du concours seront d\u00e9voil\u00e9s le jeudi, 29 ao\u00fbt \u00e0 18h30 au SEFA.\"},{\"@type\":\"BreadcrumbList\",\"@id\":\"https:\\\/\\\/refletnews.ca\\\/en\\\/culture\\\/les-arts-figures-annule-comme-deux-mannequins-disparait\\\/#breadcrumb\",\"itemListElement\":[{\"@type\":\"ListItem\",\"position\":1,\"name\":\"Accueil\",\"item\":\"https:\\\/\\\/refletnews.ca\\\/en\\\/\"},{\"@type\":\"ListItem\",\"position\":2,\"name\":\"\u00ab\u202fLes arts figur\u00e9s\u202f\u00bb annul\u00e9 comme deux mannequins dispara\u00eet\"}]},{\"@type\":\"WebSite\",\"@id\":\"https:\\\/\\\/refletnews.ca\\\/en\\\/#website\",\"url\":\"https:\\\/\\\/refletnews.ca\\\/en\\\/\",\"name\":\"Le Reflet \\\/ The News\",\"description\":\"\",\"potentialAction\":[{\"@type\":\"SearchAction\",\"target\":{\"@type\":\"EntryPoint\",\"urlTemplate\":\"https:\\\/\\\/refletnews.ca\\\/en\\\/?s={search_term_string}\"},\"query-input\":{\"@type\":\"PropertyValueSpecification\",\"valueRequired\":true,\"valueName\":\"search_term_string\"}}],\"inLanguage\":\"en-CA\"},{\"@type\":\"Person\",\"@id\":\"https:\\\/\\\/refletnews.ca\\\/en\\\/#\\\/schema\\\/person\\\/13779c6008921447beb2d2d257daa3f0\",\"name\":\"Gabrielle Vinette\",\"image\":{\"@type\":\"ImageObject\",\"inLanguage\":\"en-CA\",\"@id\":\"https:\\\/\\\/secure.gravatar.com\\\/avatar\\\/aad6b45732301ea45eccebd26730d0365f5ecc8faa321e59d6858a3caada1c83?s=96&d=mm&r=g\",\"url\":\"https:\\\/\\\/secure.gravatar.com\\\/avatar\\\/aad6b45732301ea45eccebd26730d0365f5ecc8faa321e59d6858a3caada1c83?s=96&d=mm&r=g\",\"contentUrl\":\"https:\\\/\\\/secure.gravatar.com\\\/avatar\\\/aad6b45732301ea45eccebd26730d0365f5ecc8faa321e59d6858a3caada1c83?s=96&d=mm&r=g\",\"caption\":\"Gabrielle Vinette\"}}]}<\/script>\n<!-- \/ Yoast SEO plugin. -->","yoast_head_json":{"title":"\u00ab\u202fLes arts figur\u00e9s\u202f\u00bb annul\u00e9 comme deux mannequins dispara\u00eet - Le Reflet \/ The News","description":"Un autre mannequin a \u00e9t\u00e9 vandalis\u00e9 puis deux mannequins ont \u00e9t\u00e9 vol\u00e9s, for\u00e7ant la Corporation de la revitalisation du centre-ville de Casselman d\u2019annuler le concours \u00ab\u2009Les arts figur\u00e9s\u2009\u00bb.\u00a0","robots":{"index":"index","follow":"follow","max-snippet":"max-snippet:-1","max-image-preview":"max-image-preview:large","max-video-preview":"max-video-preview:-1"},"canonical":"https:\/\/refletnews.ca\/en\/culture\/les-arts-figures-annule-comme-deux-mannequins-disparait\/","og_locale":"en_US","og_type":"article","og_title":"\u00ab\u202fLes arts figur\u00e9s\u202f\u00bb annul\u00e9 comme deux mannequins dispara\u00eet - Le Reflet \/ The News","og_description":"Un autre mannequin a \u00e9t\u00e9 vandalis\u00e9 puis deux mannequins ont \u00e9t\u00e9 vol\u00e9s, for\u00e7ant la Corporation de la revitalisation du centre-ville de Casselman d\u2019annuler le concours \u00ab\u2009Les arts figur\u00e9s\u2009\u00bb.\u00a0","og_url":"https:\/\/refletnews.ca\/en\/culture\/les-arts-figures-annule-comme-deux-mannequins-disparait\/","og_site_name":"Le Reflet \/ The News","article_published_time":"2024-08-28T14:43:27+00:00","article_modified_time":"2025-12-16T03:33:04+00:00","og_image":[{"width":2000,"height":1529,"url":"https:\/\/cdn.editionap.ca\/wp-content\/uploads\/sites\/3\/2024\/08\/ACTGV_Councours_-Les_arts_figures-_annule.jpg","type":"image\/jpeg"}],"author":"Gabrielle Vinette","twitter_card":"summary_large_image","twitter_misc":{"Written by":"Gabrielle Vinette","Est. reading time":"2 minutes"},"schema":{"@context":"https:\/\/schema.org","@graph":[{"@type":"Article","@id":"https:\/\/refletnews.ca\/en\/culture\/les-arts-figures-annule-comme-deux-mannequins-disparait\/#article","isPartOf":{"@id":"https:\/\/refletnews.ca\/en\/culture\/les-arts-figures-annule-comme-deux-mannequins-disparait\/"},"author":{"name":"Gabrielle Vinette","@id":"https:\/\/refletnews.ca\/en\/#\/schema\/person\/13779c6008921447beb2d2d257daa3f0"},"headline":"\u00ab\u202fLes arts figur\u00e9s\u202f\u00bb annul\u00e9 comme deux mannequins dispara\u00eet","datePublished":"2024-08-28T14:43:27+00:00","dateModified":"2025-12-16T03:33:04+00:00","mainEntityOfPage":{"@id":"https:\/\/refletnews.ca\/en\/culture\/les-arts-figures-annule-comme-deux-mannequins-disparait\/"},"wordCount":326,"image":{"@id":"https:\/\/refletnews.ca\/en\/culture\/les-arts-figures-annule-comme-deux-mannequins-disparait\/#primaryimage"},"thumbnailUrl":"https:\/\/cdn.editionap.ca\/wp-content\/uploads\/sites\/3\/2024\/08\/ACTGV_Councours_-Les_arts_figures-_annule.jpg","articleSection":["Culture"],"inLanguage":"en-CA"},{"@type":"WebPage","@id":"https:\/\/refletnews.ca\/en\/culture\/les-arts-figures-annule-comme-deux-mannequins-disparait\/","url":"https:\/\/refletnews.ca\/en\/culture\/les-arts-figures-annule-comme-deux-mannequins-disparait\/","name":"\u00ab\u202fLes arts figur\u00e9s\u202f\u00bb annul\u00e9 comme deux mannequins dispara\u00eet - Le Reflet \/ The News","isPartOf":{"@id":"https:\/\/refletnews.ca\/en\/#website"},"primaryImageOfPage":{"@id":"https:\/\/refletnews.ca\/en\/culture\/les-arts-figures-annule-comme-deux-mannequins-disparait\/#primaryimage"},"image":{"@id":"https:\/\/refletnews.ca\/en\/culture\/les-arts-figures-annule-comme-deux-mannequins-disparait\/#primaryimage"},"thumbnailUrl":"https:\/\/cdn.editionap.ca\/wp-content\/uploads\/sites\/3\/2024\/08\/ACTGV_Councours_-Les_arts_figures-_annule.jpg","datePublished":"2024-08-28T14:43:27+00:00","dateModified":"2025-12-16T03:33:04+00:00","author":{"@id":"https:\/\/refletnews.ca\/en\/#\/schema\/person\/13779c6008921447beb2d2d257daa3f0"},"description":"Un autre mannequin a \u00e9t\u00e9 vandalis\u00e9 puis deux mannequins ont \u00e9t\u00e9 vol\u00e9s, for\u00e7ant la Corporation de la revitalisation du centre-ville de Casselman d\u2019annuler le concours \u00ab\u2009Les arts figur\u00e9s\u2009\u00bb.\u00a0","breadcrumb":{"@id":"https:\/\/refletnews.ca\/en\/culture\/les-arts-figures-annule-comme-deux-mannequins-disparait\/#breadcrumb"},"inLanguage":"en-CA","potentialAction":[{"@type":"ReadAction","target":["https:\/\/refletnews.ca\/en\/culture\/les-arts-figures-annule-comme-deux-mannequins-disparait\/"]}]},{"@type":"ImageObject","inLanguage":"en-CA","@id":"https:\/\/refletnews.ca\/en\/culture\/les-arts-figures-annule-comme-deux-mannequins-disparait\/#primaryimage","url":"https:\/\/cdn.editionap.ca\/wp-content\/uploads\/sites\/3\/2024\/08\/ACTGV_Councours_-Les_arts_figures-_annule.jpg","contentUrl":"https:\/\/cdn.editionap.ca\/wp-content\/uploads\/sites\/3\/2024\/08\/ACTGV_Councours_-Les_arts_figures-_annule.jpg","width":2000,"height":1529,"caption":"Apr\u00e8s un autre mannequin vandalis\u00e9 puis deux disparue, le concours \u00ab\u202fLes arts figur\u00e9s\u202f\u00bb a \u00e9t\u00e9 annul\u00e9. Les gagnants du concours seront d\u00e9voil\u00e9s le jeudi, 29 ao\u00fbt \u00e0 18h30 au SEFA."},{"@type":"BreadcrumbList","@id":"https:\/\/refletnews.ca\/en\/culture\/les-arts-figures-annule-comme-deux-mannequins-disparait\/#breadcrumb","itemListElement":[{"@type":"ListItem","position":1,"name":"Accueil","item":"https:\/\/refletnews.ca\/en\/"},{"@type":"ListItem","position":2,"name":"\u00ab\u202fLes arts figur\u00e9s\u202f\u00bb annul\u00e9 comme deux mannequins dispara\u00eet"}]},{"@type":"WebSite","@id":"https:\/\/refletnews.ca\/en\/#website","url":"https:\/\/refletnews.ca\/en\/","name":"Le Reflet \/ The News","description":"","potentialAction":[{"@type":"SearchAction","target":{"@type":"EntryPoint","urlTemplate":"https:\/\/refletnews.ca\/en\/?s={search_term_string}"},"query-input":{"@type":"PropertyValueSpecification","valueRequired":true,"valueName":"search_term_string"}}],"inLanguage":"en-CA"},{"@type":"Person","@id":"https:\/\/refletnews.ca\/en\/#\/schema\/person\/13779c6008921447beb2d2d257daa3f0","name":"Gabrielle Vinette","image":{"@type":"ImageObject","inLanguage":"en-CA","@id":"https:\/\/secure.gravatar.com\/avatar\/aad6b45732301ea45eccebd26730d0365f5ecc8faa321e59d6858a3caada1c83?s=96&d=mm&r=g","url":"https:\/\/secure.gravatar.com\/avatar\/aad6b45732301ea45eccebd26730d0365f5ecc8faa321e59d6858a3caada1c83?s=96&d=mm&r=g","contentUrl":"https:\/\/secure.gravatar.com\/avatar\/aad6b45732301ea45eccebd26730d0365f5ecc8faa321e59d6858a3caada1c83?s=96&d=mm&r=g","caption":"Gabrielle Vinette"}}]}},"_links":{"self":[{"href":"https:\/\/refletnews.ca\/en\/wp-json\/wp\/v2\/posts\/102965","targetHints":{"allow":["GET"]}}],"collection":[{"href":"https:\/\/refletnews.ca\/en\/wp-json\/wp\/v2\/posts"}],"about":[{"href":"https:\/\/refletnews.ca\/en\/wp-json\/wp\/v2\/types\/post"}],"author":[{"embeddable":true,"href":"https:\/\/refletnews.ca\/en\/wp-json\/wp\/v2\/users\/24"}],"replies":[{"embeddable":true,"href":"https:\/\/refletnews.ca\/en\/wp-json\/wp\/v2\/comments?post=102965"}],"version-history":[{"count":1,"href":"https:\/\/refletnews.ca\/en\/wp-json\/wp\/v2\/posts\/102965\/revisions"}],"predecessor-version":[{"id":129647,"href":"https:\/\/refletnews.ca\/en\/wp-json\/wp\/v2\/posts\/102965\/revisions\/129647"}],"wp:featuredmedia":[{"embeddable":true,"href":"https:\/\/refletnews.ca\/en\/wp-json\/wp\/v2\/media\/102969"}],"wp:attachment":[{"href":"https:\/\/refletnews.ca\/en\/wp-json\/wp\/v2\/media?parent=102965"}],"wp:term":[{"taxonomy":"category","embeddable":true,"href":"https:\/\/refletnews.ca\/en\/wp-json\/wp\/v2\/categories?post=102965"},{"taxonomy":"post_tag","embeddable":true,"href":"https:\/\/refletnews.ca\/en\/wp-json\/wp\/v2\/tags?post=102965"}],"curies":[{"name":"wp","href":"https:\/\/api.w.org\/{rel}","templated":true}]}}