{"id":102771,"date":"2024-08-07T12:00:42","date_gmt":"2024-08-07T16:00:42","guid":{"rendered":"https:\/\/editionap.ca\/?p=102771"},"modified":"2025-12-16T04:33:05","modified_gmt":"2025-12-16T03:33:05","slug":"trois-mannequins-du-concours-les-arts-figures-retrouve-vandalise","status":"publish","type":"post","link":"https:\/\/refletnews.ca\/en\/culture\/trois-mannequins-du-concours-les-arts-figures-retrouve-vandalise\/","title":{"rendered":"Trois mannequins du concours \u00ab\u202fLes arts figur\u00e9s\u202f\u00bb retrouv\u00e9 vandalis\u00e9"},"content":{"rendered":"<p><b><span data-contrast=\"none\">Lundi 22 juillet, trois mois seulement apr\u00e8s le lancement du concours \u00ab Les arts figur\u00e9s \u00bb, trois mannequins participants ont \u00e9t\u00e9 vandalis\u00e9s.<\/span><\/b><span data-ccp-props=\"{&quot;201341983&quot;:0,&quot;335551550&quot;:6,&quot;335551620&quot;:6,&quot;335559739&quot;:0,&quot;335559740&quot;:288}\">\u00a0<\/span><\/p>\n<p><span data-contrast=\"none\">Euphie (pour Euph\u00e9mie) de France Couillard, plac\u00e9 aux Cr\u00e9ations Mesmoizelle, a vu des d\u00e9tails de sa conception arrach\u00e9s. Le chapeau de \u00ab Connexion \u00bb d&#8217;Elise Lafl\u00e8che \u00e0 l&#8217;\u00c9difice National a \u00e9t\u00e9 vol\u00e9. Puis &#8216;Mademoiselle&#8217; de Christine Lenoir Godin, qui \u00e9tait chez Jean Coutu, a perdu son bras et un sein.\u00a0<\/span><span data-ccp-props=\"{&quot;201341983&quot;:2,&quot;335551550&quot;:6,&quot;335551620&quot;:6,&quot;335559731&quot;:240,&quot;335559739&quot;:0,&quot;335559740&quot;:240}\">\u00a0<\/span><\/p>\n<p><span data-contrast=\"none\">Francyn Leblanc, fondateur de la Corporation de la revitalisation du centre-ville de Casselman, qui organise le concours, confirme que le mannequin \u00ab Mademoiselle \u00bb devra \u00eatre enti\u00e8rement refait et que l&#8217;artiste s&#8217;en chargera.\u00a0<\/span><span data-ccp-props=\"{&quot;201341983&quot;:2,&quot;335551550&quot;:6,&quot;335551620&quot;:6,&quot;335559731&quot;:240,&quot;335559739&quot;:0,&quot;335559740&quot;:240}\">\u00a0<\/span><\/p>\n<p><span data-contrast=\"none\">Leblanc explique que la premi\u00e8re fois que le mannequin est tomb\u00e9, la Corporation a cru que c&#8217;\u00e9tait le vent qui l&#8217;avait fait basculer.\u00a0<\/span><span data-ccp-props=\"{&quot;201341983&quot;:2,&quot;335551550&quot;:6,&quot;335551620&quot;:6,&quot;335559731&quot;:240,&quot;335559739&quot;:0,&quot;335559740&quot;:240}\">\u00a0<\/span><\/p>\n<p><span data-contrast=\"none\">Apr\u00e8s avoir soulev\u00e9 le mannequin \u00ab Mademoiselle \u00bb et l&#8217;avoir attach\u00e9 \u00e0 un banc, on l&#8217;a retrouv\u00e9 sur le gazon avec un bras cass\u00e9 et une poitrine perfor\u00e9e.\u00a0<\/span><span data-ccp-props=\"{&quot;201341983&quot;:2,&quot;335551550&quot;:6,&quot;335551620&quot;:6,&quot;335559731&quot;:240,&quot;335559739&quot;:0,&quot;335559740&quot;:240}\">\u00a0<\/span><\/p>\n<p><span data-contrast=\"none\">\u00ab C&#8217;\u00e9tait vraiment d\u00e9lib\u00e9r\u00e9 \u00bb, confirme Mme Leblanc.<\/span><span data-ccp-props=\"{&quot;201341983&quot;:2,&quot;335551550&quot;:6,&quot;335551620&quot;:6,&quot;335559731&quot;:240,&quot;335559739&quot;:0,&quot;335559740&quot;:240}\">\u00a0<\/span><\/p>\n<p><span data-contrast=\"none\">\u00ab Nous ne pouvons pas mettre en place une surveillance citoyenne ou quoi que ce soit de ce genre. Je ne sais pas comment je pourrais assurer la s\u00e9curit\u00e9 de tous les mannequins. Ce que nous demandons \u00e0 la communaut\u00e9, c&#8217;est d&#8217;\u00eatre attentive \u00e0 ce qui se passe.<\/span><span data-ccp-props=\"{&quot;201341983&quot;:2,&quot;335551550&quot;:6,&quot;335551620&quot;:6,&quot;335559731&quot;:240,&quot;335559739&quot;:0,&quot;335559740&quot;:240}\">\u00a0<\/span><\/p>\n<p><span data-contrast=\"none\">Elle explique qu&#8217;il n&#8217;y a aucun moyen de retrouver la ou les personnes qui pourraient \u00eatre responsables. Mais la communaut\u00e9 garde d\u00e9j\u00e0 un \u0153il sur les mannequins. Des citoyens ont contact\u00e9 la Corporation pour signaler que les mannequins avaient \u00e9t\u00e9 vandalis\u00e9s.\u00a0<\/span><span data-ccp-props=\"{&quot;201341983&quot;:2,&quot;335551550&quot;:6,&quot;335551620&quot;:6,&quot;335559731&quot;:240,&quot;335559739&quot;:0,&quot;335559740&quot;:240}\">\u00a0<\/span><\/p>\n<p><span data-contrast=\"none\">\u00ab Les citoyens sont \u00e9galement \u00e9branl\u00e9s par cette situation. Ce ne sont pas les habitants de Casselman qui veulent cela. Ce n&#8217;est pas du tout ce que veulent les gens de Casselman.\u00a0<\/span><span data-ccp-props=\"{&quot;201341983&quot;:2,&quot;335551550&quot;:6,&quot;335551620&quot;:6,&quot;335559731&quot;:240,&quot;335559739&quot;:0,&quot;335559740&quot;:240}\">\u00a0<\/span><\/p>\n<p><span data-contrast=\"none\">Mme Leblanc encourage les r\u00e9sidents qui ont \u00e9t\u00e9 t\u00e9moins du vandalisme d&#8217;un des trois mannequins \u00e0 communiquer avec la Corporation de revitalisation du centre-ville de Casselman.\u00a0<\/span><span data-ccp-props=\"{&quot;201341983&quot;:2,&quot;335551550&quot;:6,&quot;335551620&quot;:6,&quot;335559731&quot;:240,&quot;335559739&quot;:0,&quot;335559740&quot;:240}\">\u00a0<\/span><\/p>\n<p><span data-contrast=\"none\">Le concours se poursuit. Les r\u00e9sidents peuvent encore voter, soit en personne \u00e0 l&#8217;h\u00f4tel de ville, soit en ligne sur le site Web de la Soci\u00e9t\u00e9 de revitalisation du centre-ville de Casselman, et ce, jusqu&#8217;au 25 septembre.\u00a0<\/span><span data-ccp-props=\"{&quot;201341983&quot;:2,&quot;335551550&quot;:6,&quot;335551620&quot;:6,&quot;335559731&quot;:240,&quot;335559739&quot;:0,&quot;335559740&quot;:240}\">\u00a0<\/span><\/p>\n","protected":false},"excerpt":{"rendered":"<p>Lundi 22 juillet, trois mois seulement apr\u00e8s le lancement du concours \u00ab Les arts figur\u00e9s \u00bb, trois mannequins participants ont \u00e9t\u00e9 vandalis\u00e9s.\u00a0 Euphie (pour Euph\u00e9mie) de France Couillard, plac\u00e9 aux Cr\u00e9ations Mesmoizelle, a vu des d\u00e9tails de sa conception arrach\u00e9s. Le chapeau de \u00ab Connexion \u00bb d&#8217;Elise Lafl\u00e8che \u00e0 l&#8217;\u00c9difice National a \u00e9t\u00e9 vol\u00e9. Puis [&hellip;]<\/p>\n","protected":false},"author":24,"featured_media":102772,"comment_status":"closed","ping_status":"open","sticky":false,"template":"","format":"standard","meta":{"_acf_changed":false,"footnotes":""},"categories":[42],"tags":[],"class_list":["post-102771","post","type-post","status-publish","format-standard","has-post-thumbnail","hentry","category-culture"],"acf":[],"featured_media_global":[],"yoast_head":"<!-- This site is optimized with the Yoast SEO plugin v27.5 - https:\/\/yoast.com\/product\/yoast-seo-wordpress\/ -->\n<title>Trois mannequins du concours \u00ab\u202fLes arts figur\u00e9s\u202f\u00bb retrouv\u00e9 vandalis\u00e9 - Le Reflet \/ The News<\/title>\n<meta name=\"description\" content=\"Lundi 22 juillet, trois mois seulement apr\u00e8s le lancement du concours \u00ab Les arts figur\u00e9s \u00bb, trois mannequins participants ont \u00e9t\u00e9 vandalis\u00e9s.\" \/>\n<meta name=\"robots\" content=\"index, follow, max-snippet:-1, max-image-preview:large, max-video-preview:-1\" \/>\n<link rel=\"canonical\" href=\"https:\/\/refletnews.ca\/en\/culture\/trois-mannequins-du-concours-les-arts-figures-retrouve-vandalise\/\" \/>\n<meta property=\"og:locale\" content=\"en_US\" \/>\n<meta property=\"og:type\" content=\"article\" \/>\n<meta property=\"og:title\" content=\"Trois mannequins du concours \u00ab\u202fLes arts figur\u00e9s\u202f\u00bb retrouv\u00e9 vandalis\u00e9 - Le Reflet \/ The News\" \/>\n<meta property=\"og:description\" content=\"Lundi 22 juillet, trois mois seulement apr\u00e8s le lancement du concours \u00ab Les arts figur\u00e9s \u00bb, trois mannequins participants ont \u00e9t\u00e9 vandalis\u00e9s.\" \/>\n<meta property=\"og:url\" content=\"https:\/\/refletnews.ca\/en\/culture\/trois-mannequins-du-concours-les-arts-figures-retrouve-vandalise\/\" \/>\n<meta property=\"og:site_name\" content=\"Le Reflet \/ The News\" \/>\n<meta property=\"article:published_time\" content=\"2024-08-07T16:00:42+00:00\" \/>\n<meta property=\"article:modified_time\" content=\"2025-12-16T03:33:05+00:00\" \/>\n<meta property=\"og:image\" content=\"https:\/\/cdn.editionap.ca\/wp-content\/uploads\/sites\/3\/2024\/08\/Mannequin-Mademoiselle-par-Christine-Lenoir-Godin.jpg\" \/>\n\t<meta property=\"og:image:width\" content=\"1536\" \/>\n\t<meta property=\"og:image:height\" content=\"2048\" \/>\n\t<meta property=\"og:image:type\" content=\"image\/jpeg\" \/>\n<meta name=\"author\" content=\"Gabrielle Vinette\" \/>\n<meta name=\"twitter:card\" content=\"summary_large_image\" \/>\n<meta name=\"twitter:label1\" content=\"Written by\" \/>\n\t<meta name=\"twitter:data1\" content=\"Gabrielle Vinette\" \/>\n\t<meta name=\"twitter:label2\" content=\"Est. reading time\" \/>\n\t<meta name=\"twitter:data2\" content=\"2 minutes\" \/>\n<script type=\"application\/ld+json\" class=\"yoast-schema-graph\">{\"@context\":\"https:\\\/\\\/schema.org\",\"@graph\":[{\"@type\":\"Article\",\"@id\":\"https:\\\/\\\/refletnews.ca\\\/en\\\/culture\\\/trois-mannequins-du-concours-les-arts-figures-retrouve-vandalise\\\/#article\",\"isPartOf\":{\"@id\":\"https:\\\/\\\/refletnews.ca\\\/en\\\/culture\\\/trois-mannequins-du-concours-les-arts-figures-retrouve-vandalise\\\/\"},\"author\":{\"name\":\"Gabrielle Vinette\",\"@id\":\"https:\\\/\\\/refletnews.ca\\\/en\\\/#\\\/schema\\\/person\\\/13779c6008921447beb2d2d257daa3f0\"},\"headline\":\"Trois mannequins du concours \u00ab\u202fLes arts figur\u00e9s\u202f\u00bb retrouv\u00e9 vandalis\u00e9\",\"datePublished\":\"2024-08-07T16:00:42+00:00\",\"dateModified\":\"2025-12-16T03:33:05+00:00\",\"mainEntityOfPage\":{\"@id\":\"https:\\\/\\\/refletnews.ca\\\/en\\\/culture\\\/trois-mannequins-du-concours-les-arts-figures-retrouve-vandalise\\\/\"},\"wordCount\":378,\"image\":{\"@id\":\"https:\\\/\\\/refletnews.ca\\\/en\\\/culture\\\/trois-mannequins-du-concours-les-arts-figures-retrouve-vandalise\\\/#primaryimage\"},\"thumbnailUrl\":\"https:\\\/\\\/cdn.editionap.ca\\\/wp-content\\\/uploads\\\/sites\\\/3\\\/2024\\\/08\\\/Mannequin-Mademoiselle-par-Christine-Lenoir-Godin.jpg\",\"articleSection\":[\"Culture\"],\"inLanguage\":\"en-CA\"},{\"@type\":\"WebPage\",\"@id\":\"https:\\\/\\\/refletnews.ca\\\/en\\\/culture\\\/trois-mannequins-du-concours-les-arts-figures-retrouve-vandalise\\\/\",\"url\":\"https:\\\/\\\/refletnews.ca\\\/en\\\/culture\\\/trois-mannequins-du-concours-les-arts-figures-retrouve-vandalise\\\/\",\"name\":\"Trois mannequins du concours \u00ab\u202fLes arts figur\u00e9s\u202f\u00bb retrouv\u00e9 vandalis\u00e9 - Le Reflet \\\/ The News\",\"isPartOf\":{\"@id\":\"https:\\\/\\\/refletnews.ca\\\/en\\\/#website\"},\"primaryImageOfPage\":{\"@id\":\"https:\\\/\\\/refletnews.ca\\\/en\\\/culture\\\/trois-mannequins-du-concours-les-arts-figures-retrouve-vandalise\\\/#primaryimage\"},\"image\":{\"@id\":\"https:\\\/\\\/refletnews.ca\\\/en\\\/culture\\\/trois-mannequins-du-concours-les-arts-figures-retrouve-vandalise\\\/#primaryimage\"},\"thumbnailUrl\":\"https:\\\/\\\/cdn.editionap.ca\\\/wp-content\\\/uploads\\\/sites\\\/3\\\/2024\\\/08\\\/Mannequin-Mademoiselle-par-Christine-Lenoir-Godin.jpg\",\"datePublished\":\"2024-08-07T16:00:42+00:00\",\"dateModified\":\"2025-12-16T03:33:05+00:00\",\"author\":{\"@id\":\"https:\\\/\\\/refletnews.ca\\\/en\\\/#\\\/schema\\\/person\\\/13779c6008921447beb2d2d257daa3f0\"},\"description\":\"Lundi 22 juillet, trois mois seulement apr\u00e8s le lancement du concours \u00ab Les arts figur\u00e9s \u00bb, trois mannequins participants ont \u00e9t\u00e9 vandalis\u00e9s.\",\"breadcrumb\":{\"@id\":\"https:\\\/\\\/refletnews.ca\\\/en\\\/culture\\\/trois-mannequins-du-concours-les-arts-figures-retrouve-vandalise\\\/#breadcrumb\"},\"inLanguage\":\"en-CA\",\"potentialAction\":[{\"@type\":\"ReadAction\",\"target\":[\"https:\\\/\\\/refletnews.ca\\\/en\\\/culture\\\/trois-mannequins-du-concours-les-arts-figures-retrouve-vandalise\\\/\"]}]},{\"@type\":\"ImageObject\",\"inLanguage\":\"en-CA\",\"@id\":\"https:\\\/\\\/refletnews.ca\\\/en\\\/culture\\\/trois-mannequins-du-concours-les-arts-figures-retrouve-vandalise\\\/#primaryimage\",\"url\":\"https:\\\/\\\/cdn.editionap.ca\\\/wp-content\\\/uploads\\\/sites\\\/3\\\/2024\\\/08\\\/Mannequin-Mademoiselle-par-Christine-Lenoir-Godin.jpg\",\"contentUrl\":\"https:\\\/\\\/cdn.editionap.ca\\\/wp-content\\\/uploads\\\/sites\\\/3\\\/2024\\\/08\\\/Mannequin-Mademoiselle-par-Christine-Lenoir-Godin.jpg\",\"width\":1536,\"height\":2048,\"caption\":\"Trois mannequins participants ont \u00e9t\u00e9 vandalis\u00e9s pendant la nuit laissant la conseill\u00e8re Francyn Leblanc, les artistes, et les citoyens \u00ab\u202f\u00e9branler \u00bb.\"},{\"@type\":\"BreadcrumbList\",\"@id\":\"https:\\\/\\\/refletnews.ca\\\/en\\\/culture\\\/trois-mannequins-du-concours-les-arts-figures-retrouve-vandalise\\\/#breadcrumb\",\"itemListElement\":[{\"@type\":\"ListItem\",\"position\":1,\"name\":\"Accueil\",\"item\":\"https:\\\/\\\/refletnews.ca\\\/en\\\/\"},{\"@type\":\"ListItem\",\"position\":2,\"name\":\"Trois mannequins du concours \u00ab\u202fLes arts figur\u00e9s\u202f\u00bb retrouv\u00e9 vandalis\u00e9\"}]},{\"@type\":\"WebSite\",\"@id\":\"https:\\\/\\\/refletnews.ca\\\/en\\\/#website\",\"url\":\"https:\\\/\\\/refletnews.ca\\\/en\\\/\",\"name\":\"Le Reflet \\\/ The News\",\"description\":\"\",\"potentialAction\":[{\"@type\":\"SearchAction\",\"target\":{\"@type\":\"EntryPoint\",\"urlTemplate\":\"https:\\\/\\\/refletnews.ca\\\/en\\\/?s={search_term_string}\"},\"query-input\":{\"@type\":\"PropertyValueSpecification\",\"valueRequired\":true,\"valueName\":\"search_term_string\"}}],\"inLanguage\":\"en-CA\"},{\"@type\":\"Person\",\"@id\":\"https:\\\/\\\/refletnews.ca\\\/en\\\/#\\\/schema\\\/person\\\/13779c6008921447beb2d2d257daa3f0\",\"name\":\"Gabrielle Vinette\",\"image\":{\"@type\":\"ImageObject\",\"inLanguage\":\"en-CA\",\"@id\":\"https:\\\/\\\/secure.gravatar.com\\\/avatar\\\/aad6b45732301ea45eccebd26730d0365f5ecc8faa321e59d6858a3caada1c83?s=96&d=mm&r=g\",\"url\":\"https:\\\/\\\/secure.gravatar.com\\\/avatar\\\/aad6b45732301ea45eccebd26730d0365f5ecc8faa321e59d6858a3caada1c83?s=96&d=mm&r=g\",\"contentUrl\":\"https:\\\/\\\/secure.gravatar.com\\\/avatar\\\/aad6b45732301ea45eccebd26730d0365f5ecc8faa321e59d6858a3caada1c83?s=96&d=mm&r=g\",\"caption\":\"Gabrielle Vinette\"}}]}<\/script>\n<!-- \/ Yoast SEO plugin. -->","yoast_head_json":{"title":"Trois mannequins du concours \u00ab\u202fLes arts figur\u00e9s\u202f\u00bb retrouv\u00e9 vandalis\u00e9 - Le Reflet \/ The News","description":"Lundi 22 juillet, trois mois seulement apr\u00e8s le lancement du concours \u00ab Les arts figur\u00e9s \u00bb, trois mannequins participants ont \u00e9t\u00e9 vandalis\u00e9s.","robots":{"index":"index","follow":"follow","max-snippet":"max-snippet:-1","max-image-preview":"max-image-preview:large","max-video-preview":"max-video-preview:-1"},"canonical":"https:\/\/refletnews.ca\/en\/culture\/trois-mannequins-du-concours-les-arts-figures-retrouve-vandalise\/","og_locale":"en_US","og_type":"article","og_title":"Trois mannequins du concours \u00ab\u202fLes arts figur\u00e9s\u202f\u00bb retrouv\u00e9 vandalis\u00e9 - Le Reflet \/ The News","og_description":"Lundi 22 juillet, trois mois seulement apr\u00e8s le lancement du concours \u00ab Les arts figur\u00e9s \u00bb, trois mannequins participants ont \u00e9t\u00e9 vandalis\u00e9s.","og_url":"https:\/\/refletnews.ca\/en\/culture\/trois-mannequins-du-concours-les-arts-figures-retrouve-vandalise\/","og_site_name":"Le Reflet \/ The News","article_published_time":"2024-08-07T16:00:42+00:00","article_modified_time":"2025-12-16T03:33:05+00:00","og_image":[{"width":1536,"height":2048,"url":"https:\/\/cdn.editionap.ca\/wp-content\/uploads\/sites\/3\/2024\/08\/Mannequin-Mademoiselle-par-Christine-Lenoir-Godin.jpg","type":"image\/jpeg"}],"author":"Gabrielle Vinette","twitter_card":"summary_large_image","twitter_misc":{"Written by":"Gabrielle Vinette","Est. reading time":"2 minutes"},"schema":{"@context":"https:\/\/schema.org","@graph":[{"@type":"Article","@id":"https:\/\/refletnews.ca\/en\/culture\/trois-mannequins-du-concours-les-arts-figures-retrouve-vandalise\/#article","isPartOf":{"@id":"https:\/\/refletnews.ca\/en\/culture\/trois-mannequins-du-concours-les-arts-figures-retrouve-vandalise\/"},"author":{"name":"Gabrielle Vinette","@id":"https:\/\/refletnews.ca\/en\/#\/schema\/person\/13779c6008921447beb2d2d257daa3f0"},"headline":"Trois mannequins du concours \u00ab\u202fLes arts figur\u00e9s\u202f\u00bb retrouv\u00e9 vandalis\u00e9","datePublished":"2024-08-07T16:00:42+00:00","dateModified":"2025-12-16T03:33:05+00:00","mainEntityOfPage":{"@id":"https:\/\/refletnews.ca\/en\/culture\/trois-mannequins-du-concours-les-arts-figures-retrouve-vandalise\/"},"wordCount":378,"image":{"@id":"https:\/\/refletnews.ca\/en\/culture\/trois-mannequins-du-concours-les-arts-figures-retrouve-vandalise\/#primaryimage"},"thumbnailUrl":"https:\/\/cdn.editionap.ca\/wp-content\/uploads\/sites\/3\/2024\/08\/Mannequin-Mademoiselle-par-Christine-Lenoir-Godin.jpg","articleSection":["Culture"],"inLanguage":"en-CA"},{"@type":"WebPage","@id":"https:\/\/refletnews.ca\/en\/culture\/trois-mannequins-du-concours-les-arts-figures-retrouve-vandalise\/","url":"https:\/\/refletnews.ca\/en\/culture\/trois-mannequins-du-concours-les-arts-figures-retrouve-vandalise\/","name":"Trois mannequins du concours \u00ab\u202fLes arts figur\u00e9s\u202f\u00bb retrouv\u00e9 vandalis\u00e9 - Le Reflet \/ The News","isPartOf":{"@id":"https:\/\/refletnews.ca\/en\/#website"},"primaryImageOfPage":{"@id":"https:\/\/refletnews.ca\/en\/culture\/trois-mannequins-du-concours-les-arts-figures-retrouve-vandalise\/#primaryimage"},"image":{"@id":"https:\/\/refletnews.ca\/en\/culture\/trois-mannequins-du-concours-les-arts-figures-retrouve-vandalise\/#primaryimage"},"thumbnailUrl":"https:\/\/cdn.editionap.ca\/wp-content\/uploads\/sites\/3\/2024\/08\/Mannequin-Mademoiselle-par-Christine-Lenoir-Godin.jpg","datePublished":"2024-08-07T16:00:42+00:00","dateModified":"2025-12-16T03:33:05+00:00","author":{"@id":"https:\/\/refletnews.ca\/en\/#\/schema\/person\/13779c6008921447beb2d2d257daa3f0"},"description":"Lundi 22 juillet, trois mois seulement apr\u00e8s le lancement du concours \u00ab Les arts figur\u00e9s \u00bb, trois mannequins participants ont \u00e9t\u00e9 vandalis\u00e9s.","breadcrumb":{"@id":"https:\/\/refletnews.ca\/en\/culture\/trois-mannequins-du-concours-les-arts-figures-retrouve-vandalise\/#breadcrumb"},"inLanguage":"en-CA","potentialAction":[{"@type":"ReadAction","target":["https:\/\/refletnews.ca\/en\/culture\/trois-mannequins-du-concours-les-arts-figures-retrouve-vandalise\/"]}]},{"@type":"ImageObject","inLanguage":"en-CA","@id":"https:\/\/refletnews.ca\/en\/culture\/trois-mannequins-du-concours-les-arts-figures-retrouve-vandalise\/#primaryimage","url":"https:\/\/cdn.editionap.ca\/wp-content\/uploads\/sites\/3\/2024\/08\/Mannequin-Mademoiselle-par-Christine-Lenoir-Godin.jpg","contentUrl":"https:\/\/cdn.editionap.ca\/wp-content\/uploads\/sites\/3\/2024\/08\/Mannequin-Mademoiselle-par-Christine-Lenoir-Godin.jpg","width":1536,"height":2048,"caption":"Trois mannequins participants ont \u00e9t\u00e9 vandalis\u00e9s pendant la nuit laissant la conseill\u00e8re Francyn Leblanc, les artistes, et les citoyens \u00ab\u202f\u00e9branler \u00bb."},{"@type":"BreadcrumbList","@id":"https:\/\/refletnews.ca\/en\/culture\/trois-mannequins-du-concours-les-arts-figures-retrouve-vandalise\/#breadcrumb","itemListElement":[{"@type":"ListItem","position":1,"name":"Accueil","item":"https:\/\/refletnews.ca\/en\/"},{"@type":"ListItem","position":2,"name":"Trois mannequins du concours \u00ab\u202fLes arts figur\u00e9s\u202f\u00bb retrouv\u00e9 vandalis\u00e9"}]},{"@type":"WebSite","@id":"https:\/\/refletnews.ca\/en\/#website","url":"https:\/\/refletnews.ca\/en\/","name":"Le Reflet \/ The News","description":"","potentialAction":[{"@type":"SearchAction","target":{"@type":"EntryPoint","urlTemplate":"https:\/\/refletnews.ca\/en\/?s={search_term_string}"},"query-input":{"@type":"PropertyValueSpecification","valueRequired":true,"valueName":"search_term_string"}}],"inLanguage":"en-CA"},{"@type":"Person","@id":"https:\/\/refletnews.ca\/en\/#\/schema\/person\/13779c6008921447beb2d2d257daa3f0","name":"Gabrielle Vinette","image":{"@type":"ImageObject","inLanguage":"en-CA","@id":"https:\/\/secure.gravatar.com\/avatar\/aad6b45732301ea45eccebd26730d0365f5ecc8faa321e59d6858a3caada1c83?s=96&d=mm&r=g","url":"https:\/\/secure.gravatar.com\/avatar\/aad6b45732301ea45eccebd26730d0365f5ecc8faa321e59d6858a3caada1c83?s=96&d=mm&r=g","contentUrl":"https:\/\/secure.gravatar.com\/avatar\/aad6b45732301ea45eccebd26730d0365f5ecc8faa321e59d6858a3caada1c83?s=96&d=mm&r=g","caption":"Gabrielle Vinette"}}]}},"_links":{"self":[{"href":"https:\/\/refletnews.ca\/en\/wp-json\/wp\/v2\/posts\/102771","targetHints":{"allow":["GET"]}}],"collection":[{"href":"https:\/\/refletnews.ca\/en\/wp-json\/wp\/v2\/posts"}],"about":[{"href":"https:\/\/refletnews.ca\/en\/wp-json\/wp\/v2\/types\/post"}],"author":[{"embeddable":true,"href":"https:\/\/refletnews.ca\/en\/wp-json\/wp\/v2\/users\/24"}],"replies":[{"embeddable":true,"href":"https:\/\/refletnews.ca\/en\/wp-json\/wp\/v2\/comments?post=102771"}],"version-history":[{"count":1,"href":"https:\/\/refletnews.ca\/en\/wp-json\/wp\/v2\/posts\/102771\/revisions"}],"predecessor-version":[{"id":129648,"href":"https:\/\/refletnews.ca\/en\/wp-json\/wp\/v2\/posts\/102771\/revisions\/129648"}],"wp:featuredmedia":[{"embeddable":true,"href":"https:\/\/refletnews.ca\/en\/wp-json\/wp\/v2\/media\/102772"}],"wp:attachment":[{"href":"https:\/\/refletnews.ca\/en\/wp-json\/wp\/v2\/media?parent=102771"}],"wp:term":[{"taxonomy":"category","embeddable":true,"href":"https:\/\/refletnews.ca\/en\/wp-json\/wp\/v2\/categories?post=102771"},{"taxonomy":"post_tag","embeddable":true,"href":"https:\/\/refletnews.ca\/en\/wp-json\/wp\/v2\/tags?post=102771"}],"curies":[{"name":"wp","href":"https:\/\/api.w.org\/{rel}","templated":true}]}}