{"id":102540,"date":"2024-07-05T15:56:27","date_gmt":"2024-07-05T19:56:27","guid":{"rendered":"https:\/\/editionap.ca\/?p=102540"},"modified":"2025-12-16T04:33:05","modified_gmt":"2025-12-16T03:33:05","slug":"casselman-organise-un-concours-dart-de-mannequins","status":"publish","type":"post","link":"https:\/\/refletnews.ca\/en\/culture\/casselman-organise-un-concours-dart-de-mannequins\/","title":{"rendered":"Casselman organise un concours d\u2019art de mannequins"},"content":{"rendered":"<p><b><span data-contrast=\"none\">La Corporation de la revitalisation du centre-ville de Casselman \u00e0 mis en place le concours \u00ab\u202fLes arts figur\u00e9s\u202f\u00bb.<\/span><\/b><span data-ccp-props=\"{&quot;201341983&quot;:0,&quot;335551550&quot;:6,&quot;335551620&quot;:6,&quot;335559739&quot;:0,&quot;335559740&quot;:276}\">\u00a0<\/span><\/p>\n<p><span data-contrast=\"none\">L\u2019objectif du concours est de mettre en valeur le talent des artistes de la municipalit\u00e9 de Casselman et des r\u00e9gions voisines.<\/span><span data-ccp-props=\"{&quot;201341983&quot;:2,&quot;335551550&quot;:6,&quot;335551620&quot;:6,&quot;335559731&quot;:240,&quot;335559739&quot;:0,&quot;335559740&quot;:240}\">\u00a0<\/span><\/p>\n<p><span data-contrast=\"none\">D\u00e8s le 15 avril 2024, le concours demandait aux 15 artistes de Casselman et des r\u00e9gions voisines de couvrir enti\u00e8rement un mannequin de peinture, tissus ou objets pendant les prochains deux mois. Les mannequins devaient \u00eatre r\u00e9sistants aux intemp\u00e9ries puisqu\u2019ils devaient \u00eatre expos\u00e9s aux \u00e9l\u00e9ments pendant l\u2019\u00e9t\u00e9, jusqu\u2019en septembre.<\/span><span data-ccp-props=\"{&quot;201341983&quot;:2,&quot;335551550&quot;:6,&quot;335551620&quot;:6,&quot;335559731&quot;:240,&quot;335559739&quot;:0,&quot;335559740&quot;:240}\">\u00a0<\/span><\/p>\n<p><span data-contrast=\"none\">Les r\u00e9sidents de Casselman peuvent voter. Le gagnant sera d\u00e9voil\u00e9 le 25 septembre pour l\u2019anniversaire du premier lever du drapeau franco-ontarien, qui avait eu lieu en 1975 \u00e0 l\u2019Universit\u00e9 Laurentienne de Sudbury.<\/span><span data-ccp-props=\"{&quot;201341983&quot;:2,&quot;335551550&quot;:6,&quot;335551620&quot;:6,&quot;335559731&quot;:240,&quot;335559739&quot;:0,&quot;335559740&quot;:240}\">\u00a0<\/span><\/p>\n<p><span data-contrast=\"none\">\u00ab\u202fCe qui m\u2019a inspir\u00e9 c\u2019est la culture qui peut exister dans les petites municipalit\u00e9s comme la n\u00f4tre, a dit Francine Leblanc, conseill\u00e8re de Casselman et fondatrice de la Corporation de la revitalisation du centre-ville de Casselman. Knowlton a la m\u00eame population, la m\u00eame grandeur de petits village (alentour) et ils ont quatre galeries d\u2019arts. Et ce n\u2019est pas \u00e7a qui est venu me chercher, c\u2019est plut\u00f4t le fait qu&#8217;il y avait autant d\u2019artistes dans une r\u00e9gion.\u202f\u00bb<\/span><span data-ccp-props=\"{&quot;201341983&quot;:2,&quot;335551550&quot;:6,&quot;335551620&quot;:6,&quot;335559731&quot;:240,&quot;335559739&quot;:0,&quot;335559740&quot;:240}\">\u00a0<\/span><\/p>\n<p><span data-contrast=\"none\">Le concours les Articul\u00e9s pour les artistes du Lac Brome et ses environs pendant l\u2019\u00e9t\u00e9 2023.<\/span><span data-ccp-props=\"{&quot;201341983&quot;:2,&quot;335551550&quot;:6,&quot;335551620&quot;:6,&quot;335559731&quot;:240,&quot;335559739&quot;:0,&quot;335559740&quot;:240}\">\u00a0<\/span><\/p>\n<p><span data-contrast=\"none\">Mme Leblanc s\u2019est donc dit qu\u2019elle voudrait voir ce m\u00eame concours \u00e0 Casselman.\u00a0<\/span><span data-ccp-props=\"{&quot;201341983&quot;:2,&quot;335551550&quot;:6,&quot;335551620&quot;:6,&quot;335559731&quot;:240,&quot;335559739&quot;:0,&quot;335559740&quot;:240}\">\u00a0<\/span><\/p>\n<p><span data-contrast=\"none\">La premi\u00e8re place va recevoir 800 dollars, la deuxi\u00e8me va recevoir 350 dollars et la troisi\u00e8me place va recevoir un prix du public de 300 dollars.<\/span><span data-ccp-props=\"{&quot;201341983&quot;:2,&quot;335551550&quot;:6,&quot;335551620&quot;:6,&quot;335559731&quot;:240,&quot;335559739&quot;:0,&quot;335559740&quot;:240}\">\u00a0<\/span><\/p>\n<p><span data-contrast=\"none\">Les 15 mannequins seront plac\u00e9s \u00e0 diff\u00e9rents endroits dans Casselman.<\/span><span data-ccp-props=\"{&quot;201341983&quot;:2,&quot;335551550&quot;:6,&quot;335551620&quot;:6,&quot;335559731&quot;:240,&quot;335559739&quot;:0,&quot;335559740&quot;:240}\">\u00a0<\/span><\/p>\n<p><span data-contrast=\"none\">\u00c0 la biblioth\u00e8que de Casselman sera le mannequin d\u2019Anne-Marie Villemaire \u00ab\u202fUne communaut\u00e9 grandissante\u202f\u00bb. Plac\u00e9 \u00e0 l\u2019\u00c9cole secondaire catholique de Casselman sera le mannequin de M\u00e9lanie V\u00e9zina \u00ab\u202fC\u0153ur d\u2019enfant\u202f\u00bb. \u00c0 Aquatria, on verra \u00ab\u202fRacines en croissance\u202f\u00bb par Chlo\u00eb Benoit et \u00e0 l\u2019h\u00f4tel de ville, \u00ab\u202fL\u2019histoire de Casselman\u202f\u00bb par M\u00e9lanie Lafrance. \u00ab\u202fMiss B\u00e9casse Greffiti\u202f\u00bb, par Mireille Groleau et Angeline Lalibert\u00e9 Groleau, et \u00ab\u202fLes tournesols d\u2019aujourd\u2019hui\u202f\u00bb, par Sophie Miron, seront pr\u00e9sent\u00e9s au SEFA. Au Cr\u00e9ations Mesmoizelle, \u00ab\u202fEuphie (pour Euph\u00e9mie)\u202f\u00bb par France Couillard. \u00ab\u202fArtrec Fabarole \u00bb par Carole Desjardins et \u00ab\u202fConformity\u202f\u00bb par Gabrielle East seront pr\u00e9sent\u00e9s au NoFrills. \u00c0 la Place publique on verra le mannequin \u00ab\u202fTerre-M\u00e8re\u202f\u00bb par Jo\u00ebl Drouin. La Gare gardera le mannequin \u00ab\u202fComme en haut, ainsi en bas et \u00e0 tout jamais&#8230;\u202f\u00bb par Shanna Steals. Le mannequin \u00ab\u202fConnexion\u202f\u00bb par Elise Lafl\u00e8che sera pr\u00e9sent\u00e9 \u00e0 l\u2019\u00c9difice National. \u00ab\u202fGa\u00efa, la Terre\u202f\u00bb par R\u00e9jean Aubut sera plac\u00e9e au Comptoir Populaire Deguire. Chez Desjardins sera install\u00e9 le mannequin \u00ab\u202fFresh out the Ocean<\/span><i><span data-contrast=\"none\">\u202f<\/span><\/i><span data-contrast=\"none\">\u00bb par Amy Brown. Finalement, \u00ab\u202fMademoiselle\u202f\u00bb par Christine Lenoir Godin sera plac\u00e9 au Jean Coutu.<\/span><span data-ccp-props=\"{&quot;201341983&quot;:2,&quot;335551550&quot;:6,&quot;335551620&quot;:6,&quot;335559731&quot;:240,&quot;335559739&quot;:0,&quot;335559740&quot;:240}\">\u00a0<\/span><\/p>\n<p><span data-contrast=\"none\">Shanna Steal, une des participantes du concours explique que son mannequin est un \u00ab hommage \u00e0 m\u00e8re Nature, qui continue \u00e0 persister malgr\u00e9 tout ce qu\u2019on lui a fait subir. Elle est quand m\u00eame l\u00e0 et elle va quand m\u00eame s\u2019\u00e9blouir.\u202f<\/span><span data-ccp-props=\"{&quot;201341983&quot;:2,&quot;335551550&quot;:6,&quot;335551620&quot;:6,&quot;335559731&quot;:240,&quot;335559739&quot;:0,&quot;335559740&quot;:240}\">\u00a0<\/span><\/p>\n<p><span data-contrast=\"none\">\u00ab\u202fTu te dis, Ben voyons donc! Ils (les mannequins) sont tous tellement uniques, tellement magnifiques \u00bb, a ajout\u00e9 Johanne Turcotte, juge en chef pour le concours. Elle explique que m\u00eame avec les crit\u00e8res qu\u2019elle s\u2019est donn\u00e9s pour juger les mannequins, elle dit que c\u2019est s\u00fbr que la d\u00e9cision finale va \u00eatre extr\u00eamement difficile.<\/span><span data-ccp-props=\"{&quot;201341983&quot;:2,&quot;335551550&quot;:6,&quot;335551620&quot;:6,&quot;335559731&quot;:240,&quot;335559739&quot;:0,&quot;335559740&quot;:240}\">\u00a0<\/span><\/p>\n<p><span data-contrast=\"none\">Les r\u00e9sidents ont jusqu\u2019au 25 septembre pour voter, soit en personne \u00e0 l\u2019h\u00f4tel de ville ou en ligne sur le site web de la Corporation de la revitalisation du centre-ville de Casselman.<\/span><span data-ccp-props=\"{&quot;201341983&quot;:2,&quot;335551550&quot;:6,&quot;335551620&quot;:6,&quot;335559731&quot;:240,&quot;335559739&quot;:0,&quot;335559740&quot;:240}\">\u00a0<\/span><\/p>\n","protected":false},"excerpt":{"rendered":"<p>La Corporation de la revitalisation du centre-ville de Casselman \u00e0 mis en place le concours \u00ab\u202fLes arts figur\u00e9s\u202f\u00bb.\u00a0 L\u2019objectif du concours est de mettre en valeur le talent des artistes de la municipalit\u00e9 de Casselman et des r\u00e9gions voisines.\u00a0 D\u00e8s le 15 avril 2024, le concours demandait aux 15 artistes de Casselman et des r\u00e9gions [&hellip;]<\/p>\n","protected":false},"author":24,"featured_media":102541,"comment_status":"closed","ping_status":"open","sticky":false,"template":"","format":"standard","meta":{"_acf_changed":false,"footnotes":""},"categories":[42],"tags":[],"class_list":["post-102540","post","type-post","status-publish","format-standard","has-post-thumbnail","hentry","category-culture"],"acf":[],"featured_media_global":[],"yoast_head":"<!-- This site is optimized with the Yoast SEO plugin v27.4 - https:\/\/yoast.com\/product\/yoast-seo-wordpress\/ -->\n<title>Casselman organise un concours d\u2019art de mannequins - Le Reflet \/ The News<\/title>\n<meta name=\"description\" content=\"La Corporation de la revitalisation du centre-ville de Casselman \u00e0 mis en place le concours \u00ab\u202fLes arts figur\u00e9s\u202f\u00bb.\" \/>\n<meta name=\"robots\" content=\"index, follow, max-snippet:-1, max-image-preview:large, max-video-preview:-1\" \/>\n<link rel=\"canonical\" href=\"https:\/\/refletnews.ca\/en\/culture\/casselman-organise-un-concours-dart-de-mannequins\/\" \/>\n<meta property=\"og:locale\" content=\"en_US\" \/>\n<meta property=\"og:type\" content=\"article\" \/>\n<meta property=\"og:title\" content=\"Casselman organise un concours d\u2019art de mannequins - Le Reflet \/ The News\" \/>\n<meta property=\"og:description\" content=\"La Corporation de la revitalisation du centre-ville de Casselman \u00e0 mis en place le concours \u00ab\u202fLes arts figur\u00e9s\u202f\u00bb.\" \/>\n<meta property=\"og:url\" content=\"https:\/\/refletnews.ca\/en\/culture\/casselman-organise-un-concours-dart-de-mannequins\/\" \/>\n<meta property=\"og:site_name\" content=\"Le Reflet \/ The News\" \/>\n<meta property=\"article:published_time\" content=\"2024-07-05T19:56:27+00:00\" \/>\n<meta property=\"article:modified_time\" content=\"2025-12-16T03:33:05+00:00\" \/>\n<meta property=\"og:image\" content=\"https:\/\/cdn.editionap.ca\/wp-content\/uploads\/sites\/3\/2024\/07\/concours-dart-de-mannequins-scaled-1.jpg\" \/>\n\t<meta property=\"og:image:width\" content=\"2560\" \/>\n\t<meta property=\"og:image:height\" content=\"1707\" \/>\n\t<meta property=\"og:image:type\" content=\"image\/jpeg\" \/>\n<meta name=\"author\" content=\"Gabrielle Vinette\" \/>\n<meta name=\"twitter:card\" content=\"summary_large_image\" \/>\n<meta name=\"twitter:label1\" content=\"Written by\" \/>\n\t<meta name=\"twitter:data1\" content=\"Gabrielle Vinette\" \/>\n\t<meta name=\"twitter:label2\" content=\"Est. reading time\" \/>\n\t<meta name=\"twitter:data2\" content=\"4 minutes\" \/>\n<script type=\"application\/ld+json\" class=\"yoast-schema-graph\">{\"@context\":\"https:\\\/\\\/schema.org\",\"@graph\":[{\"@type\":\"Article\",\"@id\":\"https:\\\/\\\/refletnews.ca\\\/en\\\/culture\\\/casselman-organise-un-concours-dart-de-mannequins\\\/#article\",\"isPartOf\":{\"@id\":\"https:\\\/\\\/refletnews.ca\\\/en\\\/culture\\\/casselman-organise-un-concours-dart-de-mannequins\\\/\"},\"author\":{\"name\":\"Gabrielle Vinette\",\"@id\":\"https:\\\/\\\/refletnews.ca\\\/en\\\/#\\\/schema\\\/person\\\/13779c6008921447beb2d2d257daa3f0\"},\"headline\":\"Casselman organise un concours d\u2019art de mannequins\",\"datePublished\":\"2024-07-05T19:56:27+00:00\",\"dateModified\":\"2025-12-16T03:33:05+00:00\",\"mainEntityOfPage\":{\"@id\":\"https:\\\/\\\/refletnews.ca\\\/en\\\/culture\\\/casselman-organise-un-concours-dart-de-mannequins\\\/\"},\"wordCount\":625,\"image\":{\"@id\":\"https:\\\/\\\/refletnews.ca\\\/en\\\/culture\\\/casselman-organise-un-concours-dart-de-mannequins\\\/#primaryimage\"},\"thumbnailUrl\":\"https:\\\/\\\/cdn.editionap.ca\\\/wp-content\\\/uploads\\\/sites\\\/3\\\/2024\\\/07\\\/concours-dart-de-mannequins-scaled-1.jpg\",\"articleSection\":[\"Culture\"],\"inLanguage\":\"en-CA\"},{\"@type\":\"WebPage\",\"@id\":\"https:\\\/\\\/refletnews.ca\\\/en\\\/culture\\\/casselman-organise-un-concours-dart-de-mannequins\\\/\",\"url\":\"https:\\\/\\\/refletnews.ca\\\/en\\\/culture\\\/casselman-organise-un-concours-dart-de-mannequins\\\/\",\"name\":\"Casselman organise un concours d\u2019art de mannequins - Le Reflet \\\/ The News\",\"isPartOf\":{\"@id\":\"https:\\\/\\\/refletnews.ca\\\/en\\\/#website\"},\"primaryImageOfPage\":{\"@id\":\"https:\\\/\\\/refletnews.ca\\\/en\\\/culture\\\/casselman-organise-un-concours-dart-de-mannequins\\\/#primaryimage\"},\"image\":{\"@id\":\"https:\\\/\\\/refletnews.ca\\\/en\\\/culture\\\/casselman-organise-un-concours-dart-de-mannequins\\\/#primaryimage\"},\"thumbnailUrl\":\"https:\\\/\\\/cdn.editionap.ca\\\/wp-content\\\/uploads\\\/sites\\\/3\\\/2024\\\/07\\\/concours-dart-de-mannequins-scaled-1.jpg\",\"datePublished\":\"2024-07-05T19:56:27+00:00\",\"dateModified\":\"2025-12-16T03:33:05+00:00\",\"author\":{\"@id\":\"https:\\\/\\\/refletnews.ca\\\/en\\\/#\\\/schema\\\/person\\\/13779c6008921447beb2d2d257daa3f0\"},\"description\":\"La Corporation de la revitalisation du centre-ville de Casselman \u00e0 mis en place le concours \u00ab\u202fLes arts figur\u00e9s\u202f\u00bb.\",\"breadcrumb\":{\"@id\":\"https:\\\/\\\/refletnews.ca\\\/en\\\/culture\\\/casselman-organise-un-concours-dart-de-mannequins\\\/#breadcrumb\"},\"inLanguage\":\"en-CA\",\"potentialAction\":[{\"@type\":\"ReadAction\",\"target\":[\"https:\\\/\\\/refletnews.ca\\\/en\\\/culture\\\/casselman-organise-un-concours-dart-de-mannequins\\\/\"]}]},{\"@type\":\"ImageObject\",\"inLanguage\":\"en-CA\",\"@id\":\"https:\\\/\\\/refletnews.ca\\\/en\\\/culture\\\/casselman-organise-un-concours-dart-de-mannequins\\\/#primaryimage\",\"url\":\"https:\\\/\\\/cdn.editionap.ca\\\/wp-content\\\/uploads\\\/sites\\\/3\\\/2024\\\/07\\\/concours-dart-de-mannequins-scaled-1.jpg\",\"contentUrl\":\"https:\\\/\\\/cdn.editionap.ca\\\/wp-content\\\/uploads\\\/sites\\\/3\\\/2024\\\/07\\\/concours-dart-de-mannequins-scaled-1.jpg\",\"width\":2560,\"height\":1707,\"caption\":\"La Corporation de la revitalisation du centre-ville de Casselman \u00e0 mis en place un concours, \u00ab\u202fLes arts figur\u00e9s\u202f\u00bb, pour tous les artistes de Casselman et des r\u00e9gions voisines avec l\u2019objectif de mettre en valeur le talent et la cr\u00e9ativit\u00e9 des artistes.\"},{\"@type\":\"BreadcrumbList\",\"@id\":\"https:\\\/\\\/refletnews.ca\\\/en\\\/culture\\\/casselman-organise-un-concours-dart-de-mannequins\\\/#breadcrumb\",\"itemListElement\":[{\"@type\":\"ListItem\",\"position\":1,\"name\":\"Accueil\",\"item\":\"https:\\\/\\\/refletnews.ca\\\/en\\\/\"},{\"@type\":\"ListItem\",\"position\":2,\"name\":\"Casselman organise un concours d\u2019art de mannequins\"}]},{\"@type\":\"WebSite\",\"@id\":\"https:\\\/\\\/refletnews.ca\\\/en\\\/#website\",\"url\":\"https:\\\/\\\/refletnews.ca\\\/en\\\/\",\"name\":\"Le Reflet \\\/ The News\",\"description\":\"\",\"potentialAction\":[{\"@type\":\"SearchAction\",\"target\":{\"@type\":\"EntryPoint\",\"urlTemplate\":\"https:\\\/\\\/refletnews.ca\\\/en\\\/?s={search_term_string}\"},\"query-input\":{\"@type\":\"PropertyValueSpecification\",\"valueRequired\":true,\"valueName\":\"search_term_string\"}}],\"inLanguage\":\"en-CA\"},{\"@type\":\"Person\",\"@id\":\"https:\\\/\\\/refletnews.ca\\\/en\\\/#\\\/schema\\\/person\\\/13779c6008921447beb2d2d257daa3f0\",\"name\":\"Gabrielle Vinette\",\"image\":{\"@type\":\"ImageObject\",\"inLanguage\":\"en-CA\",\"@id\":\"https:\\\/\\\/secure.gravatar.com\\\/avatar\\\/aad6b45732301ea45eccebd26730d0365f5ecc8faa321e59d6858a3caada1c83?s=96&d=mm&r=g\",\"url\":\"https:\\\/\\\/secure.gravatar.com\\\/avatar\\\/aad6b45732301ea45eccebd26730d0365f5ecc8faa321e59d6858a3caada1c83?s=96&d=mm&r=g\",\"contentUrl\":\"https:\\\/\\\/secure.gravatar.com\\\/avatar\\\/aad6b45732301ea45eccebd26730d0365f5ecc8faa321e59d6858a3caada1c83?s=96&d=mm&r=g\",\"caption\":\"Gabrielle Vinette\"}}]}<\/script>\n<!-- \/ Yoast SEO plugin. -->","yoast_head_json":{"title":"Casselman organise un concours d\u2019art de mannequins - Le Reflet \/ The News","description":"La Corporation de la revitalisation du centre-ville de Casselman \u00e0 mis en place le concours \u00ab\u202fLes arts figur\u00e9s\u202f\u00bb.","robots":{"index":"index","follow":"follow","max-snippet":"max-snippet:-1","max-image-preview":"max-image-preview:large","max-video-preview":"max-video-preview:-1"},"canonical":"https:\/\/refletnews.ca\/en\/culture\/casselman-organise-un-concours-dart-de-mannequins\/","og_locale":"en_US","og_type":"article","og_title":"Casselman organise un concours d\u2019art de mannequins - Le Reflet \/ The News","og_description":"La Corporation de la revitalisation du centre-ville de Casselman \u00e0 mis en place le concours \u00ab\u202fLes arts figur\u00e9s\u202f\u00bb.","og_url":"https:\/\/refletnews.ca\/en\/culture\/casselman-organise-un-concours-dart-de-mannequins\/","og_site_name":"Le Reflet \/ The News","article_published_time":"2024-07-05T19:56:27+00:00","article_modified_time":"2025-12-16T03:33:05+00:00","og_image":[{"width":2560,"height":1707,"url":"https:\/\/cdn.editionap.ca\/wp-content\/uploads\/sites\/3\/2024\/07\/concours-dart-de-mannequins-scaled-1.jpg","type":"image\/jpeg"}],"author":"Gabrielle Vinette","twitter_card":"summary_large_image","twitter_misc":{"Written by":"Gabrielle Vinette","Est. reading time":"4 minutes"},"schema":{"@context":"https:\/\/schema.org","@graph":[{"@type":"Article","@id":"https:\/\/refletnews.ca\/en\/culture\/casselman-organise-un-concours-dart-de-mannequins\/#article","isPartOf":{"@id":"https:\/\/refletnews.ca\/en\/culture\/casselman-organise-un-concours-dart-de-mannequins\/"},"author":{"name":"Gabrielle Vinette","@id":"https:\/\/refletnews.ca\/en\/#\/schema\/person\/13779c6008921447beb2d2d257daa3f0"},"headline":"Casselman organise un concours d\u2019art de mannequins","datePublished":"2024-07-05T19:56:27+00:00","dateModified":"2025-12-16T03:33:05+00:00","mainEntityOfPage":{"@id":"https:\/\/refletnews.ca\/en\/culture\/casselman-organise-un-concours-dart-de-mannequins\/"},"wordCount":625,"image":{"@id":"https:\/\/refletnews.ca\/en\/culture\/casselman-organise-un-concours-dart-de-mannequins\/#primaryimage"},"thumbnailUrl":"https:\/\/cdn.editionap.ca\/wp-content\/uploads\/sites\/3\/2024\/07\/concours-dart-de-mannequins-scaled-1.jpg","articleSection":["Culture"],"inLanguage":"en-CA"},{"@type":"WebPage","@id":"https:\/\/refletnews.ca\/en\/culture\/casselman-organise-un-concours-dart-de-mannequins\/","url":"https:\/\/refletnews.ca\/en\/culture\/casselman-organise-un-concours-dart-de-mannequins\/","name":"Casselman organise un concours d\u2019art de mannequins - Le Reflet \/ The News","isPartOf":{"@id":"https:\/\/refletnews.ca\/en\/#website"},"primaryImageOfPage":{"@id":"https:\/\/refletnews.ca\/en\/culture\/casselman-organise-un-concours-dart-de-mannequins\/#primaryimage"},"image":{"@id":"https:\/\/refletnews.ca\/en\/culture\/casselman-organise-un-concours-dart-de-mannequins\/#primaryimage"},"thumbnailUrl":"https:\/\/cdn.editionap.ca\/wp-content\/uploads\/sites\/3\/2024\/07\/concours-dart-de-mannequins-scaled-1.jpg","datePublished":"2024-07-05T19:56:27+00:00","dateModified":"2025-12-16T03:33:05+00:00","author":{"@id":"https:\/\/refletnews.ca\/en\/#\/schema\/person\/13779c6008921447beb2d2d257daa3f0"},"description":"La Corporation de la revitalisation du centre-ville de Casselman \u00e0 mis en place le concours \u00ab\u202fLes arts figur\u00e9s\u202f\u00bb.","breadcrumb":{"@id":"https:\/\/refletnews.ca\/en\/culture\/casselman-organise-un-concours-dart-de-mannequins\/#breadcrumb"},"inLanguage":"en-CA","potentialAction":[{"@type":"ReadAction","target":["https:\/\/refletnews.ca\/en\/culture\/casselman-organise-un-concours-dart-de-mannequins\/"]}]},{"@type":"ImageObject","inLanguage":"en-CA","@id":"https:\/\/refletnews.ca\/en\/culture\/casselman-organise-un-concours-dart-de-mannequins\/#primaryimage","url":"https:\/\/cdn.editionap.ca\/wp-content\/uploads\/sites\/3\/2024\/07\/concours-dart-de-mannequins-scaled-1.jpg","contentUrl":"https:\/\/cdn.editionap.ca\/wp-content\/uploads\/sites\/3\/2024\/07\/concours-dart-de-mannequins-scaled-1.jpg","width":2560,"height":1707,"caption":"La Corporation de la revitalisation du centre-ville de Casselman \u00e0 mis en place un concours, \u00ab\u202fLes arts figur\u00e9s\u202f\u00bb, pour tous les artistes de Casselman et des r\u00e9gions voisines avec l\u2019objectif de mettre en valeur le talent et la cr\u00e9ativit\u00e9 des artistes."},{"@type":"BreadcrumbList","@id":"https:\/\/refletnews.ca\/en\/culture\/casselman-organise-un-concours-dart-de-mannequins\/#breadcrumb","itemListElement":[{"@type":"ListItem","position":1,"name":"Accueil","item":"https:\/\/refletnews.ca\/en\/"},{"@type":"ListItem","position":2,"name":"Casselman organise un concours d\u2019art de mannequins"}]},{"@type":"WebSite","@id":"https:\/\/refletnews.ca\/en\/#website","url":"https:\/\/refletnews.ca\/en\/","name":"Le Reflet \/ The News","description":"","potentialAction":[{"@type":"SearchAction","target":{"@type":"EntryPoint","urlTemplate":"https:\/\/refletnews.ca\/en\/?s={search_term_string}"},"query-input":{"@type":"PropertyValueSpecification","valueRequired":true,"valueName":"search_term_string"}}],"inLanguage":"en-CA"},{"@type":"Person","@id":"https:\/\/refletnews.ca\/en\/#\/schema\/person\/13779c6008921447beb2d2d257daa3f0","name":"Gabrielle Vinette","image":{"@type":"ImageObject","inLanguage":"en-CA","@id":"https:\/\/secure.gravatar.com\/avatar\/aad6b45732301ea45eccebd26730d0365f5ecc8faa321e59d6858a3caada1c83?s=96&d=mm&r=g","url":"https:\/\/secure.gravatar.com\/avatar\/aad6b45732301ea45eccebd26730d0365f5ecc8faa321e59d6858a3caada1c83?s=96&d=mm&r=g","contentUrl":"https:\/\/secure.gravatar.com\/avatar\/aad6b45732301ea45eccebd26730d0365f5ecc8faa321e59d6858a3caada1c83?s=96&d=mm&r=g","caption":"Gabrielle Vinette"}}]}},"_links":{"self":[{"href":"https:\/\/refletnews.ca\/en\/wp-json\/wp\/v2\/posts\/102540","targetHints":{"allow":["GET"]}}],"collection":[{"href":"https:\/\/refletnews.ca\/en\/wp-json\/wp\/v2\/posts"}],"about":[{"href":"https:\/\/refletnews.ca\/en\/wp-json\/wp\/v2\/types\/post"}],"author":[{"embeddable":true,"href":"https:\/\/refletnews.ca\/en\/wp-json\/wp\/v2\/users\/24"}],"replies":[{"embeddable":true,"href":"https:\/\/refletnews.ca\/en\/wp-json\/wp\/v2\/comments?post=102540"}],"version-history":[{"count":1,"href":"https:\/\/refletnews.ca\/en\/wp-json\/wp\/v2\/posts\/102540\/revisions"}],"predecessor-version":[{"id":129649,"href":"https:\/\/refletnews.ca\/en\/wp-json\/wp\/v2\/posts\/102540\/revisions\/129649"}],"wp:featuredmedia":[{"embeddable":true,"href":"https:\/\/refletnews.ca\/en\/wp-json\/wp\/v2\/media\/102541"}],"wp:attachment":[{"href":"https:\/\/refletnews.ca\/en\/wp-json\/wp\/v2\/media?parent=102540"}],"wp:term":[{"taxonomy":"category","embeddable":true,"href":"https:\/\/refletnews.ca\/en\/wp-json\/wp\/v2\/categories?post=102540"},{"taxonomy":"post_tag","embeddable":true,"href":"https:\/\/refletnews.ca\/en\/wp-json\/wp\/v2\/tags?post=102540"}],"curies":[{"name":"wp","href":"https:\/\/api.w.org\/{rel}","templated":true}]}}