{"id":100182,"date":"2024-05-24T11:35:32","date_gmt":"2024-05-24T15:35:32","guid":{"rendered":"https:\/\/editionap.ca\/?p=100182"},"modified":"2025-12-16T04:30:19","modified_gmt":"2025-12-16T03:30:19","slug":"rejean-aubut-resident-de-casselman-lance-son-premier-livre","status":"publish","type":"post","link":"https:\/\/refletnews.ca\/en\/culture\/rejean-aubut-resident-de-casselman-lance-son-premier-livre\/","title":{"rendered":"R\u00e9jean Aubut : r\u00e9sident de Casselman lance son premier livre"},"content":{"rendered":"<p><b><span data-contrast=\"none\">Le lancement du livre <\/span><\/b><b><i><span data-contrast=\"none\">Toujours\u2026<\/span><\/i><\/b><b><span data-contrast=\"none\"> de R\u00e9jean Aubut a eu lieu \u00e0 la biblioth\u00e8que publique de Casselman le 25 avril, en pr\u00e9sence de centaines de personnes venues t\u00e9moigner leur soutien \u00e0 l&#8217;\u00e9crivain local.<\/span><\/b><span data-ccp-props=\"{&quot;201341983&quot;:2,&quot;335551550&quot;:6,&quot;335551620&quot;:6,&quot;335559731&quot;:240,&quot;335559739&quot;:0,&quot;335559740&quot;:240}\">\u00a0<\/span><\/p>\n<p><span data-contrast=\"none\">C\u2019est le premier roman du natif d\u2019Edmundston, au Nouveau-Brunswick, qui vit maintenant \u00e0 Casselman.<\/span><span data-ccp-props=\"{&quot;201341983&quot;:2,&quot;335551550&quot;:6,&quot;335551620&quot;:6,&quot;335559731&quot;:240,&quot;335559739&quot;:0,&quot;335559740&quot;:240}\">\u00a0<\/span><\/p>\n<p><span data-contrast=\"none\">\u00ab\u202fC\u2019est comme une passion pour moi, que j\u2019avais en dedans de moi depuis tr\u00e8s longtemps, depuis que je suis au coll\u00e8ge, a dit l\u2019auteur du livre aux gens pr\u00e9sents dans la salle. Puis l\u00e0, avec la retraite, cela \u00e0 commencer \u00e0 s\u2019\u00e9panouir.\u202f\u00bb<\/span><span data-ccp-props=\"{&quot;201341983&quot;:2,&quot;335551550&quot;:6,&quot;335551620&quot;:6,&quot;335559731&quot;:240,&quot;335559739&quot;:0,&quot;335559740&quot;:240}\">\u00a0<\/span><\/p>\n<p><span data-contrast=\"none\">Plus de 100 membres de sa famille, ses amis, des coll\u00e8gues et des r\u00e9sidents de la communaut\u00e9 de Casselman se sont pr\u00e9sent\u00e9s en soutien et ont achet\u00e9 une copie du livre.<\/span><span data-ccp-props=\"{&quot;201341983&quot;:2,&quot;335551550&quot;:6,&quot;335551620&quot;:6,&quot;335559731&quot;:240,&quot;335559739&quot;:0,&quot;335559740&quot;:240}\">\u00a0<\/span><\/p>\n<p><span data-contrast=\"none\">Le roman raconte l\u2019histoire d\u2019\u00c9lise et de GJ qui sont \u00ab\u202f\u00e0 la recherche de r\u00e9ponses dans une qu\u00eate d\u2019identit\u00e9 qui les m\u00e8ne \u00e0 travers les m\u00e9andres tortueux des secrets de leur famille respective.\u202f\u00bb<\/span><span data-ccp-props=\"{&quot;201341983&quot;:2,&quot;335551550&quot;:6,&quot;335551620&quot;:6,&quot;335559731&quot;:240,&quot;335559739&quot;:0,&quot;335559740&quot;:240}\">\u00a0<\/span><\/p>\n<p><span data-contrast=\"none\">\u00ab\u202fPour moi, pour \u00e9crire, \u00e7a prenait une intention profonde. Ce n\u2019est m\u00eame pas l\u2019histoire. L\u2019histoire est venue par elle-m\u00eame, a-t-il dit. Je voulais, \u00e0 travers l\u2019histoire, d\u00e9montrer la question et la qu\u00eate de l\u2019identit\u00e9.\u202f\u00bb<\/span><span data-ccp-props=\"{&quot;201341983&quot;:2,&quot;335551550&quot;:6,&quot;335551620&quot;:6,&quot;335559731&quot;:240,&quot;335559739&quot;:0,&quot;335559740&quot;:240}\">\u00a0<\/span><\/p>\n<p><span data-contrast=\"none\">Pendant la publication de son livre, M. Aubut a rencontr\u00e9 des gens et fait de nouvelles connaissances. \u00ab\u202fPour dire que c\u2019est la magie de la litt\u00e9rature, \u00e9crire un livre \u00e7a produit des rencontres m\u00eame si \u00e7a commence en solitaire.\u202f\u00bb<\/span><span data-ccp-props=\"{&quot;201341983&quot;:2,&quot;335551550&quot;:6,&quot;335551620&quot;:6,&quot;335559731&quot;:240,&quot;335559739&quot;:0,&quot;335559740&quot;:240}\">\u00a0<\/span><\/p>\n<p><span data-contrast=\"none\">La conseill\u00e8re Francine Leblanc a aussi fait une apparition.<\/span><span data-ccp-props=\"{&quot;201341983&quot;:2,&quot;335551550&quot;:6,&quot;335551620&quot;:6,&quot;335559731&quot;:240,&quot;335559739&quot;:0,&quot;335559740&quot;:240}\">\u00a0<\/span><\/p>\n<p><span data-contrast=\"none\">\u00ab C\u2019est un honneur pour nous \u00e0 Casselman et la r\u00e9gion, a d\u00e9clar\u00e9 la conseill\u00e8re, de te donner autant pour ta culture que pour ton b\u00e9n\u00e9volat, ton implication, ton d\u00e9vouement, ton engagement envers nous tous et notre communaut\u00e9.\u202f\u00bb<\/span><span data-ccp-props=\"{&quot;201341983&quot;:2,&quot;335551550&quot;:6,&quot;335551620&quot;:6,&quot;335559731&quot;:240,&quot;335559739&quot;:0,&quot;335559740&quot;:240}\">\u00a0<\/span><\/p>\n<p><span data-contrast=\"none\">\u00c0 la fin de la soir\u00e9e, environ 100 copies du livre ont \u00e9t\u00e9 vendues. M. Aubut \u00e0 mentionn\u00e9 qu\u2019il devait aller chercher d\u2019autres copies chez lui.<\/span><span data-ccp-props=\"{&quot;201341983&quot;:2,&quot;335551550&quot;:6,&quot;335551620&quot;:6,&quot;335559731&quot;:240,&quot;335559739&quot;:0,&quot;335559740&quot;:240}\">\u00a0<\/span><\/p>\n<p><span data-contrast=\"none\">Le livre est disponible \u00e0 l&#8217;achat en ligne au prix de 34,95 $ sur le site web des \u00c9ditions de la Francophonie.<\/span><span data-ccp-props=\"{&quot;201341983&quot;:2,&quot;335551550&quot;:6,&quot;335551620&quot;:6,&quot;335559731&quot;:240,&quot;335559739&quot;:0,&quot;335559740&quot;:240}\">\u00a0<\/span><\/p>\n","protected":false},"excerpt":{"rendered":"<p>Le lancement du livre Toujours\u2026 de R\u00e9jean Aubut a eu lieu \u00e0 la biblioth\u00e8que publique de Casselman le 25 avril, en pr\u00e9sence de centaines de personnes venues t\u00e9moigner leur soutien \u00e0 l&#8217;\u00e9crivain local.\u00a0 C\u2019est le premier roman du natif d\u2019Edmundston, au Nouveau-Brunswick, qui vit maintenant \u00e0 Casselman.\u00a0 \u00ab\u202fC\u2019est comme une passion pour moi, que j\u2019avais [&hellip;]<\/p>\n","protected":false},"author":24,"featured_media":100183,"comment_status":"closed","ping_status":"open","sticky":false,"template":"","format":"standard","meta":{"_acf_changed":false,"footnotes":""},"categories":[42],"tags":[],"class_list":["post-100182","post","type-post","status-publish","format-standard","has-post-thumbnail","hentry","category-culture"],"acf":[],"featured_media_global":[],"yoast_head":"<!-- This site is optimized with the Yoast SEO plugin v27.5 - https:\/\/yoast.com\/product\/yoast-seo-wordpress\/ -->\n<title>R\u00e9jean Aubut : r\u00e9sident de Casselman lance son premier livre - Le Reflet \/ The News<\/title>\n<meta name=\"description\" content=\"Le lancement du livre Toujours\u2026 de R\u00e9jean Aubut a eu lieu \u00e0 la biblioth\u00e8que publique de Casselman le 25 avril, en pr\u00e9sence de centaines de personnes venues t\u00e9moigner leur soutien \u00e0 l&#039;\u00e9crivain local.\" \/>\n<meta name=\"robots\" content=\"index, follow, max-snippet:-1, max-image-preview:large, max-video-preview:-1\" \/>\n<link rel=\"canonical\" href=\"https:\/\/refletnews.ca\/en\/culture\/rejean-aubut-resident-de-casselman-lance-son-premier-livre\/\" \/>\n<meta property=\"og:locale\" content=\"en_US\" \/>\n<meta property=\"og:type\" content=\"article\" \/>\n<meta property=\"og:title\" content=\"R\u00e9jean Aubut : r\u00e9sident de Casselman lance son premier livre - Le Reflet \/ The News\" \/>\n<meta property=\"og:description\" content=\"Le lancement du livre Toujours\u2026 de R\u00e9jean Aubut a eu lieu \u00e0 la biblioth\u00e8que publique de Casselman le 25 avril, en pr\u00e9sence de centaines de personnes venues t\u00e9moigner leur soutien \u00e0 l&#039;\u00e9crivain local.\" \/>\n<meta property=\"og:url\" content=\"https:\/\/refletnews.ca\/en\/culture\/rejean-aubut-resident-de-casselman-lance-son-premier-livre\/\" \/>\n<meta property=\"og:site_name\" content=\"Le Reflet \/ The News\" \/>\n<meta property=\"article:published_time\" content=\"2024-05-24T15:35:32+00:00\" \/>\n<meta property=\"article:modified_time\" content=\"2025-12-16T03:30:19+00:00\" \/>\n<meta property=\"og:image\" content=\"https:\/\/cdn.editionap.ca\/wp-content\/uploads\/sites\/3\/2024\/05\/Book-Launch-scaled-1.jpg\" \/>\n\t<meta property=\"og:image:width\" content=\"2560\" \/>\n\t<meta property=\"og:image:height\" content=\"1707\" \/>\n\t<meta property=\"og:image:type\" content=\"image\/jpeg\" \/>\n<meta name=\"author\" content=\"Gabrielle Vinette\" \/>\n<meta name=\"twitter:card\" content=\"summary_large_image\" \/>\n<meta name=\"twitter:label1\" content=\"Written by\" \/>\n\t<meta name=\"twitter:data1\" content=\"Gabrielle Vinette\" \/>\n\t<meta name=\"twitter:label2\" content=\"Est. reading time\" \/>\n\t<meta name=\"twitter:data2\" content=\"2 minutes\" \/>\n<script type=\"application\/ld+json\" class=\"yoast-schema-graph\">{\"@context\":\"https:\\\/\\\/schema.org\",\"@graph\":[{\"@type\":\"Article\",\"@id\":\"https:\\\/\\\/refletnews.ca\\\/en\\\/culture\\\/rejean-aubut-resident-de-casselman-lance-son-premier-livre\\\/#article\",\"isPartOf\":{\"@id\":\"https:\\\/\\\/refletnews.ca\\\/en\\\/culture\\\/rejean-aubut-resident-de-casselman-lance-son-premier-livre\\\/\"},\"author\":{\"name\":\"Gabrielle Vinette\",\"@id\":\"https:\\\/\\\/refletnews.ca\\\/en\\\/#\\\/schema\\\/person\\\/13779c6008921447beb2d2d257daa3f0\"},\"headline\":\"R\u00e9jean Aubut : r\u00e9sident de Casselman lance son premier livre\",\"datePublished\":\"2024-05-24T15:35:32+00:00\",\"dateModified\":\"2025-12-16T03:30:19+00:00\",\"mainEntityOfPage\":{\"@id\":\"https:\\\/\\\/refletnews.ca\\\/en\\\/culture\\\/rejean-aubut-resident-de-casselman-lance-son-premier-livre\\\/\"},\"wordCount\":363,\"image\":{\"@id\":\"https:\\\/\\\/refletnews.ca\\\/en\\\/culture\\\/rejean-aubut-resident-de-casselman-lance-son-premier-livre\\\/#primaryimage\"},\"thumbnailUrl\":\"https:\\\/\\\/cdn.editionap.ca\\\/wp-content\\\/uploads\\\/sites\\\/3\\\/2024\\\/05\\\/Book-Launch-scaled-1.jpg\",\"articleSection\":[\"Culture\"],\"inLanguage\":\"en-CA\"},{\"@type\":\"WebPage\",\"@id\":\"https:\\\/\\\/refletnews.ca\\\/en\\\/culture\\\/rejean-aubut-resident-de-casselman-lance-son-premier-livre\\\/\",\"url\":\"https:\\\/\\\/refletnews.ca\\\/en\\\/culture\\\/rejean-aubut-resident-de-casselman-lance-son-premier-livre\\\/\",\"name\":\"R\u00e9jean Aubut : r\u00e9sident de Casselman lance son premier livre - Le Reflet \\\/ The News\",\"isPartOf\":{\"@id\":\"https:\\\/\\\/refletnews.ca\\\/en\\\/#website\"},\"primaryImageOfPage\":{\"@id\":\"https:\\\/\\\/refletnews.ca\\\/en\\\/culture\\\/rejean-aubut-resident-de-casselman-lance-son-premier-livre\\\/#primaryimage\"},\"image\":{\"@id\":\"https:\\\/\\\/refletnews.ca\\\/en\\\/culture\\\/rejean-aubut-resident-de-casselman-lance-son-premier-livre\\\/#primaryimage\"},\"thumbnailUrl\":\"https:\\\/\\\/cdn.editionap.ca\\\/wp-content\\\/uploads\\\/sites\\\/3\\\/2024\\\/05\\\/Book-Launch-scaled-1.jpg\",\"datePublished\":\"2024-05-24T15:35:32+00:00\",\"dateModified\":\"2025-12-16T03:30:19+00:00\",\"author\":{\"@id\":\"https:\\\/\\\/refletnews.ca\\\/en\\\/#\\\/schema\\\/person\\\/13779c6008921447beb2d2d257daa3f0\"},\"description\":\"Le lancement du livre Toujours\u2026 de R\u00e9jean Aubut a eu lieu \u00e0 la biblioth\u00e8que publique de Casselman le 25 avril, en pr\u00e9sence de centaines de personnes venues t\u00e9moigner leur soutien \u00e0 l'\u00e9crivain local.\",\"breadcrumb\":{\"@id\":\"https:\\\/\\\/refletnews.ca\\\/en\\\/culture\\\/rejean-aubut-resident-de-casselman-lance-son-premier-livre\\\/#breadcrumb\"},\"inLanguage\":\"en-CA\",\"potentialAction\":[{\"@type\":\"ReadAction\",\"target\":[\"https:\\\/\\\/refletnews.ca\\\/en\\\/culture\\\/rejean-aubut-resident-de-casselman-lance-son-premier-livre\\\/\"]}]},{\"@type\":\"ImageObject\",\"inLanguage\":\"en-CA\",\"@id\":\"https:\\\/\\\/refletnews.ca\\\/en\\\/culture\\\/rejean-aubut-resident-de-casselman-lance-son-premier-livre\\\/#primaryimage\",\"url\":\"https:\\\/\\\/cdn.editionap.ca\\\/wp-content\\\/uploads\\\/sites\\\/3\\\/2024\\\/05\\\/Book-Launch-scaled-1.jpg\",\"contentUrl\":\"https:\\\/\\\/cdn.editionap.ca\\\/wp-content\\\/uploads\\\/sites\\\/3\\\/2024\\\/05\\\/Book-Launch-scaled-1.jpg\",\"width\":2560,\"height\":1707,\"caption\":\"R\u00e9jean Aubut lance son premier roman, Toujours\u2026, \u00e0 la biblioth\u00e8que publique de Casselman, entour\u00e9 de membres de sa famille, d\u2019amis, de coll\u00e8gues et de r\u00e9sidents de la communaut\u00e9 de Casselman.\"},{\"@type\":\"BreadcrumbList\",\"@id\":\"https:\\\/\\\/refletnews.ca\\\/en\\\/culture\\\/rejean-aubut-resident-de-casselman-lance-son-premier-livre\\\/#breadcrumb\",\"itemListElement\":[{\"@type\":\"ListItem\",\"position\":1,\"name\":\"Accueil\",\"item\":\"https:\\\/\\\/refletnews.ca\\\/en\\\/\"},{\"@type\":\"ListItem\",\"position\":2,\"name\":\"R\u00e9jean Aubut : r\u00e9sident de Casselman lance son premier livre\"}]},{\"@type\":\"WebSite\",\"@id\":\"https:\\\/\\\/refletnews.ca\\\/en\\\/#website\",\"url\":\"https:\\\/\\\/refletnews.ca\\\/en\\\/\",\"name\":\"Le Reflet \\\/ The News\",\"description\":\"\",\"potentialAction\":[{\"@type\":\"SearchAction\",\"target\":{\"@type\":\"EntryPoint\",\"urlTemplate\":\"https:\\\/\\\/refletnews.ca\\\/en\\\/?s={search_term_string}\"},\"query-input\":{\"@type\":\"PropertyValueSpecification\",\"valueRequired\":true,\"valueName\":\"search_term_string\"}}],\"inLanguage\":\"en-CA\"},{\"@type\":\"Person\",\"@id\":\"https:\\\/\\\/refletnews.ca\\\/en\\\/#\\\/schema\\\/person\\\/13779c6008921447beb2d2d257daa3f0\",\"name\":\"Gabrielle Vinette\",\"image\":{\"@type\":\"ImageObject\",\"inLanguage\":\"en-CA\",\"@id\":\"https:\\\/\\\/secure.gravatar.com\\\/avatar\\\/aad6b45732301ea45eccebd26730d0365f5ecc8faa321e59d6858a3caada1c83?s=96&d=mm&r=g\",\"url\":\"https:\\\/\\\/secure.gravatar.com\\\/avatar\\\/aad6b45732301ea45eccebd26730d0365f5ecc8faa321e59d6858a3caada1c83?s=96&d=mm&r=g\",\"contentUrl\":\"https:\\\/\\\/secure.gravatar.com\\\/avatar\\\/aad6b45732301ea45eccebd26730d0365f5ecc8faa321e59d6858a3caada1c83?s=96&d=mm&r=g\",\"caption\":\"Gabrielle Vinette\"}}]}<\/script>\n<!-- \/ Yoast SEO plugin. -->","yoast_head_json":{"title":"R\u00e9jean Aubut : r\u00e9sident de Casselman lance son premier livre - Le Reflet \/ The News","description":"Le lancement du livre Toujours\u2026 de R\u00e9jean Aubut a eu lieu \u00e0 la biblioth\u00e8que publique de Casselman le 25 avril, en pr\u00e9sence de centaines de personnes venues t\u00e9moigner leur soutien \u00e0 l'\u00e9crivain local.","robots":{"index":"index","follow":"follow","max-snippet":"max-snippet:-1","max-image-preview":"max-image-preview:large","max-video-preview":"max-video-preview:-1"},"canonical":"https:\/\/refletnews.ca\/en\/culture\/rejean-aubut-resident-de-casselman-lance-son-premier-livre\/","og_locale":"en_US","og_type":"article","og_title":"R\u00e9jean Aubut : r\u00e9sident de Casselman lance son premier livre - Le Reflet \/ The News","og_description":"Le lancement du livre Toujours\u2026 de R\u00e9jean Aubut a eu lieu \u00e0 la biblioth\u00e8que publique de Casselman le 25 avril, en pr\u00e9sence de centaines de personnes venues t\u00e9moigner leur soutien \u00e0 l'\u00e9crivain local.","og_url":"https:\/\/refletnews.ca\/en\/culture\/rejean-aubut-resident-de-casselman-lance-son-premier-livre\/","og_site_name":"Le Reflet \/ The News","article_published_time":"2024-05-24T15:35:32+00:00","article_modified_time":"2025-12-16T03:30:19+00:00","og_image":[{"width":2560,"height":1707,"url":"https:\/\/cdn.editionap.ca\/wp-content\/uploads\/sites\/3\/2024\/05\/Book-Launch-scaled-1.jpg","type":"image\/jpeg"}],"author":"Gabrielle Vinette","twitter_card":"summary_large_image","twitter_misc":{"Written by":"Gabrielle Vinette","Est. reading time":"2 minutes"},"schema":{"@context":"https:\/\/schema.org","@graph":[{"@type":"Article","@id":"https:\/\/refletnews.ca\/en\/culture\/rejean-aubut-resident-de-casselman-lance-son-premier-livre\/#article","isPartOf":{"@id":"https:\/\/refletnews.ca\/en\/culture\/rejean-aubut-resident-de-casselman-lance-son-premier-livre\/"},"author":{"name":"Gabrielle Vinette","@id":"https:\/\/refletnews.ca\/en\/#\/schema\/person\/13779c6008921447beb2d2d257daa3f0"},"headline":"R\u00e9jean Aubut : r\u00e9sident de Casselman lance son premier livre","datePublished":"2024-05-24T15:35:32+00:00","dateModified":"2025-12-16T03:30:19+00:00","mainEntityOfPage":{"@id":"https:\/\/refletnews.ca\/en\/culture\/rejean-aubut-resident-de-casselman-lance-son-premier-livre\/"},"wordCount":363,"image":{"@id":"https:\/\/refletnews.ca\/en\/culture\/rejean-aubut-resident-de-casselman-lance-son-premier-livre\/#primaryimage"},"thumbnailUrl":"https:\/\/cdn.editionap.ca\/wp-content\/uploads\/sites\/3\/2024\/05\/Book-Launch-scaled-1.jpg","articleSection":["Culture"],"inLanguage":"en-CA"},{"@type":"WebPage","@id":"https:\/\/refletnews.ca\/en\/culture\/rejean-aubut-resident-de-casselman-lance-son-premier-livre\/","url":"https:\/\/refletnews.ca\/en\/culture\/rejean-aubut-resident-de-casselman-lance-son-premier-livre\/","name":"R\u00e9jean Aubut : r\u00e9sident de Casselman lance son premier livre - Le Reflet \/ The News","isPartOf":{"@id":"https:\/\/refletnews.ca\/en\/#website"},"primaryImageOfPage":{"@id":"https:\/\/refletnews.ca\/en\/culture\/rejean-aubut-resident-de-casselman-lance-son-premier-livre\/#primaryimage"},"image":{"@id":"https:\/\/refletnews.ca\/en\/culture\/rejean-aubut-resident-de-casselman-lance-son-premier-livre\/#primaryimage"},"thumbnailUrl":"https:\/\/cdn.editionap.ca\/wp-content\/uploads\/sites\/3\/2024\/05\/Book-Launch-scaled-1.jpg","datePublished":"2024-05-24T15:35:32+00:00","dateModified":"2025-12-16T03:30:19+00:00","author":{"@id":"https:\/\/refletnews.ca\/en\/#\/schema\/person\/13779c6008921447beb2d2d257daa3f0"},"description":"Le lancement du livre Toujours\u2026 de R\u00e9jean Aubut a eu lieu \u00e0 la biblioth\u00e8que publique de Casselman le 25 avril, en pr\u00e9sence de centaines de personnes venues t\u00e9moigner leur soutien \u00e0 l'\u00e9crivain local.","breadcrumb":{"@id":"https:\/\/refletnews.ca\/en\/culture\/rejean-aubut-resident-de-casselman-lance-son-premier-livre\/#breadcrumb"},"inLanguage":"en-CA","potentialAction":[{"@type":"ReadAction","target":["https:\/\/refletnews.ca\/en\/culture\/rejean-aubut-resident-de-casselman-lance-son-premier-livre\/"]}]},{"@type":"ImageObject","inLanguage":"en-CA","@id":"https:\/\/refletnews.ca\/en\/culture\/rejean-aubut-resident-de-casselman-lance-son-premier-livre\/#primaryimage","url":"https:\/\/cdn.editionap.ca\/wp-content\/uploads\/sites\/3\/2024\/05\/Book-Launch-scaled-1.jpg","contentUrl":"https:\/\/cdn.editionap.ca\/wp-content\/uploads\/sites\/3\/2024\/05\/Book-Launch-scaled-1.jpg","width":2560,"height":1707,"caption":"R\u00e9jean Aubut lance son premier roman, Toujours\u2026, \u00e0 la biblioth\u00e8que publique de Casselman, entour\u00e9 de membres de sa famille, d\u2019amis, de coll\u00e8gues et de r\u00e9sidents de la communaut\u00e9 de Casselman."},{"@type":"BreadcrumbList","@id":"https:\/\/refletnews.ca\/en\/culture\/rejean-aubut-resident-de-casselman-lance-son-premier-livre\/#breadcrumb","itemListElement":[{"@type":"ListItem","position":1,"name":"Accueil","item":"https:\/\/refletnews.ca\/en\/"},{"@type":"ListItem","position":2,"name":"R\u00e9jean Aubut : r\u00e9sident de Casselman lance son premier livre"}]},{"@type":"WebSite","@id":"https:\/\/refletnews.ca\/en\/#website","url":"https:\/\/refletnews.ca\/en\/","name":"Le Reflet \/ The News","description":"","potentialAction":[{"@type":"SearchAction","target":{"@type":"EntryPoint","urlTemplate":"https:\/\/refletnews.ca\/en\/?s={search_term_string}"},"query-input":{"@type":"PropertyValueSpecification","valueRequired":true,"valueName":"search_term_string"}}],"inLanguage":"en-CA"},{"@type":"Person","@id":"https:\/\/refletnews.ca\/en\/#\/schema\/person\/13779c6008921447beb2d2d257daa3f0","name":"Gabrielle Vinette","image":{"@type":"ImageObject","inLanguage":"en-CA","@id":"https:\/\/secure.gravatar.com\/avatar\/aad6b45732301ea45eccebd26730d0365f5ecc8faa321e59d6858a3caada1c83?s=96&d=mm&r=g","url":"https:\/\/secure.gravatar.com\/avatar\/aad6b45732301ea45eccebd26730d0365f5ecc8faa321e59d6858a3caada1c83?s=96&d=mm&r=g","contentUrl":"https:\/\/secure.gravatar.com\/avatar\/aad6b45732301ea45eccebd26730d0365f5ecc8faa321e59d6858a3caada1c83?s=96&d=mm&r=g","caption":"Gabrielle Vinette"}}]}},"_links":{"self":[{"href":"https:\/\/refletnews.ca\/en\/wp-json\/wp\/v2\/posts\/100182","targetHints":{"allow":["GET"]}}],"collection":[{"href":"https:\/\/refletnews.ca\/en\/wp-json\/wp\/v2\/posts"}],"about":[{"href":"https:\/\/refletnews.ca\/en\/wp-json\/wp\/v2\/types\/post"}],"author":[{"embeddable":true,"href":"https:\/\/refletnews.ca\/en\/wp-json\/wp\/v2\/users\/24"}],"replies":[{"embeddable":true,"href":"https:\/\/refletnews.ca\/en\/wp-json\/wp\/v2\/comments?post=100182"}],"version-history":[{"count":1,"href":"https:\/\/refletnews.ca\/en\/wp-json\/wp\/v2\/posts\/100182\/revisions"}],"predecessor-version":[{"id":129620,"href":"https:\/\/refletnews.ca\/en\/wp-json\/wp\/v2\/posts\/100182\/revisions\/129620"}],"wp:featuredmedia":[{"embeddable":true,"href":"https:\/\/refletnews.ca\/en\/wp-json\/wp\/v2\/media\/100183"}],"wp:attachment":[{"href":"https:\/\/refletnews.ca\/en\/wp-json\/wp\/v2\/media?parent=100182"}],"wp:term":[{"taxonomy":"category","embeddable":true,"href":"https:\/\/refletnews.ca\/en\/wp-json\/wp\/v2\/categories?post=100182"},{"taxonomy":"post_tag","embeddable":true,"href":"https:\/\/refletnews.ca\/en\/wp-json\/wp\/v2\/tags?post=100182"}],"curies":[{"name":"wp","href":"https:\/\/api.w.org\/{rel}","templated":true}]}}